{"id":56722,"date":"2022-04-08T11:20:37","date_gmt":"2022-04-08T17:20:37","guid":{"rendered":"https:\/\/canal7slp.tv\/2022\/?p=56722"},"modified":"2022-04-08T11:20:37","modified_gmt":"2022-04-08T17:20:37","slug":"de-mal-gusto-califica-gallardo-confrontacion-entre-politicos-del-altiplano","status":"publish","type":"post","link":"https:\/\/canal7slp.tv\/2022\/de-mal-gusto-califica-gallardo-confrontacion-entre-politicos-del-altiplano\/","title":{"rendered":"\u00abDe mal gusto\u00bb califica Gallardo confrontaci\u00f3n entre pol\u00edticos del Altiplano."},"content":{"rendered":"<p style=\"text-align: justify;\">Matehuala.- Durante su visita en el municipio de Matehuala, el Gobernador del Estado, Ricardo Gallardo, reprob\u00f3 las confrontaciones que se han dado entre el diputado Alejandro Segovia Hern\u00e1ndez y el Presidente Municipal, Iv\u00e1n Estrada.<\/p>\n<p style=\"text-align: justify;\">\u201cDe muy mal gusto, es algo que no puede suceder, los diputados est\u00e1n para ayudar a los presidentes y los presidentes para ayudar a la gente, a m\u00ed no me gustan ese tipo de cosas, deber\u00edan hablarlo entre ellos, dicen que los trapos sucios se lavan en casa y no estarlo demostrando ante medios de comunicaci\u00f3n y mucho menos denost\u00e1ndose unos con otros\u201d, dijo.<\/p>\n<p style=\"text-align: justify;\">Al ser cuestionado sobre la crisis de agua en el altiplano, coment\u00f3 al respecto, \u201cten\u00edamos el c\u00f3mo haber terminado la presa La Maroma, pero lo \u00fanico que hicieron fue robarse el dinero, ya est\u00e1n investigados los funcionarios, muy posible van a tener que enfrentar la justicia tarde o temprano, nosotros tenemos que hacerlo para que la gente no tenga escasez de agua, hoy fue un mes, pero ma\u00f1ana puede ser dos o tres y la gente no puede vivir un solo d\u00eda sin agua\u201d.<\/p>\n<p style=\"text-align: justify;\">Tras la problem\u00e1tica que atraviesa el municipio de Matehuala con respecto a la falta de unidades de vigilancia, Gallardo pidi\u00f3 al Presidente Municipal que invierta en m\u00e1s patrullas, \u201ctiene elementos suficientes, pero no tiene patrullas, de nada sirve tener elementos parados si no vamos a atender el tema de la inseguridad con movilidad, ver de qu\u00e9 manera les podemos equipar, la Guardia Civil va a adquirir 120 unidades y les van a quedar algunas para poder fortalecer a los municipios\u201d.<\/p>\n<p style=\"text-align: justify;\">Por: Jes\u00fas Valencia<\/p>\n","protected":false},"excerpt":{"rendered":"<p>Matehuala.- Durante su visita en el municipio de Matehuala, el Gobernador del Estado, Ricardo Gallardo, reprob\u00f3 las confrontaciones que se han dado entre el diputado Alejandro Segovia Hern\u00e1ndez y el Presidente Municipal, Iv\u00e1n Estrada. \u201cDe muy mal gusto, es algo que no puede suceder, los diputados est\u00e1n para ayudar a los presidentes y los presidentes para ayudar a la gente, a m\u00ed no me gustan ese tipo de cosas, deber\u00edan hablarlo entre ellos, dicen que los trapos sucios se lavan en casa y no estarlo demostrando ante medios de comunicaci\u00f3n y mucho menos denost\u00e1ndose unos con otros\u201d, dijo. Al ser [&hellip;]<\/p>\n","protected":false},"author":2,"featured_media":56723,"comment_status":"closed","ping_status":"closed","sticky":false,"template":"","format":"video","meta":{"footnotes":""},"categories":[5,43],"tags":[],"class_list":["post-56722","post","type-post","status-publish","format-video","has-post-thumbnail","hentry","category-destacadas","category-interior","post_format-post-format-video","post--single"],"yoast_head":"<!-- This site is optimized with the Yoast SEO plugin v27.4 - https:\/\/yoast.com\/product\/yoast-seo-wordpress\/ -->\n<title>&quot;De mal gusto&quot; califica Gallardo confrontaci\u00f3n entre pol\u00edticos del Altiplano. - Canal 7 SLP - 2022<\/title>\n<meta name=\"robots\" content=\"index, follow, max-snippet:-1, max-image-preview:large, max-video-preview:-1\" \/>\n<link rel=\"canonical\" href=\"https:\/\/canal7slp.tv\/2022\/de-mal-gusto-califica-gallardo-confrontacion-entre-politicos-del-altiplano\/\" \/>\n<meta property=\"og:locale\" content=\"es_ES\" \/>\n<meta property=\"og:type\" content=\"article\" \/>\n<meta property=\"og:title\" content=\"&quot;De mal gusto&quot; califica Gallardo confrontaci\u00f3n entre pol\u00edticos del Altiplano. - Canal 7 SLP - 2022\" \/>\n<meta property=\"og:description\" content=\"Matehuala.- Durante su visita en el municipio de Matehuala, el Gobernador del Estado, Ricardo Gallardo, reprob\u00f3 las confrontaciones que se han dado entre el diputado Alejandro Segovia Hern\u00e1ndez y el Presidente Municipal, Iv\u00e1n Estrada. \u201cDe muy mal gusto, es algo que no puede suceder, los diputados est\u00e1n para ayudar a los presidentes y los presidentes para ayudar a la gente, a m\u00ed no me gustan ese tipo de cosas, deber\u00edan hablarlo entre ellos, dicen que los trapos sucios se lavan en casa y no estarlo demostrando ante medios de comunicaci\u00f3n y mucho menos denost\u00e1ndose unos con otros\u201d, dijo. Al ser [&hellip;]\" \/>\n<meta property=\"og:url\" content=\"https:\/\/canal7slp.tv\/2022\/de-mal-gusto-califica-gallardo-confrontacion-entre-politicos-del-altiplano\/\" \/>\n<meta property=\"og:site_name\" content=\"Canal 7 SLP - 2022\" \/>\n<meta property=\"article:publisher\" content=\"https:\/\/www.facebook.com\/noticieroscanalsiete\" \/>\n<meta property=\"article:published_time\" content=\"2022-04-08T17:20:37+00:00\" \/>\n<meta property=\"og:image\" content=\"https:\/\/canal7slp.tv\/2022\/wp-content\/uploads\/2022\/04\/Valencia03.jpg\" \/>\n\t<meta property=\"og:image:width\" content=\"909\" \/>\n\t<meta property=\"og:image:height\" content=\"500\" \/>\n\t<meta property=\"og:image:type\" content=\"image\/jpeg\" \/>\n<meta name=\"author\" content=\"Edici\u00f3n Web\" \/>\n<meta name=\"twitter:card\" content=\"summary_large_image\" \/>\n<meta name=\"twitter:creator\" content=\"@NOTICIEROS7\" \/>\n<meta name=\"twitter:site\" content=\"@NOTICIEROS7\" \/>\n<meta name=\"twitter:label1\" content=\"Escrito por\" \/>\n\t<meta name=\"twitter:data1\" content=\"Edici\u00f3n Web\" \/>\n\t<meta name=\"twitter:label2\" content=\"Tiempo de lectura\" \/>\n\t<meta name=\"twitter:data2\" content=\"1 minuto\" \/>\n<script type=\"application\/ld+json\" class=\"yoast-schema-graph\">{\"@context\":\"https:\\\/\\\/schema.org\",\"@graph\":[{\"@type\":\"Article\",\"@id\":\"https:\\\/\\\/canal7slp.tv\\\/2022\\\/de-mal-gusto-califica-gallardo-confrontacion-entre-politicos-del-altiplano\\\/#article\",\"isPartOf\":{\"@id\":\"https:\\\/\\\/canal7slp.tv\\\/2022\\\/de-mal-gusto-califica-gallardo-confrontacion-entre-politicos-del-altiplano\\\/\"},\"author\":{\"name\":\"Edici\u00f3n Web\",\"@id\":\"https:\\\/\\\/canal7slp.tv\\\/2022\\\/#\\\/schema\\\/person\\\/429704152a21f5f856ce29aa69a238da\"},\"headline\":\"\u00abDe mal gusto\u00bb califica Gallardo confrontaci\u00f3n entre pol\u00edticos del Altiplano.\",\"datePublished\":\"2022-04-08T17:20:37+00:00\",\"mainEntityOfPage\":{\"@id\":\"https:\\\/\\\/canal7slp.tv\\\/2022\\\/de-mal-gusto-califica-gallardo-confrontacion-entre-politicos-del-altiplano\\\/\"},\"wordCount\":291,\"publisher\":{\"@id\":\"https:\\\/\\\/canal7slp.tv\\\/2022\\\/#organization\"},\"image\":{\"@id\":\"https:\\\/\\\/canal7slp.tv\\\/2022\\\/de-mal-gusto-califica-gallardo-confrontacion-entre-politicos-del-altiplano\\\/#primaryimage\"},\"thumbnailUrl\":\"https:\\\/\\\/canal7slp.tv\\\/2022\\\/wp-content\\\/uploads\\\/2022\\\/04\\\/Valencia03.jpg\",\"articleSection\":[\"DESTACADAS\",\"INTERIOR DEL ESTADO\"],\"inLanguage\":\"es\"},{\"@type\":\"WebPage\",\"@id\":\"https:\\\/\\\/canal7slp.tv\\\/2022\\\/de-mal-gusto-califica-gallardo-confrontacion-entre-politicos-del-altiplano\\\/\",\"url\":\"https:\\\/\\\/canal7slp.tv\\\/2022\\\/de-mal-gusto-califica-gallardo-confrontacion-entre-politicos-del-altiplano\\\/\",\"name\":\"\\\"De mal gusto\\\" califica Gallardo confrontaci\u00f3n entre pol\u00edticos del Altiplano. - Canal 7 SLP - 2022\",\"isPartOf\":{\"@id\":\"https:\\\/\\\/canal7slp.tv\\\/2022\\\/#website\"},\"primaryImageOfPage\":{\"@id\":\"https:\\\/\\\/canal7slp.tv\\\/2022\\\/de-mal-gusto-califica-gallardo-confrontacion-entre-politicos-del-altiplano\\\/#primaryimage\"},\"image\":{\"@id\":\"https:\\\/\\\/canal7slp.tv\\\/2022\\\/de-mal-gusto-califica-gallardo-confrontacion-entre-politicos-del-altiplano\\\/#primaryimage\"},\"thumbnailUrl\":\"https:\\\/\\\/canal7slp.tv\\\/2022\\\/wp-content\\\/uploads\\\/2022\\\/04\\\/Valencia03.jpg\",\"datePublished\":\"2022-04-08T17:20:37+00:00\",\"breadcrumb\":{\"@id\":\"https:\\\/\\\/canal7slp.tv\\\/2022\\\/de-mal-gusto-califica-gallardo-confrontacion-entre-politicos-del-altiplano\\\/#breadcrumb\"},\"inLanguage\":\"es\",\"potentialAction\":[{\"@type\":\"ReadAction\",\"target\":[\"https:\\\/\\\/canal7slp.tv\\\/2022\\\/de-mal-gusto-califica-gallardo-confrontacion-entre-politicos-del-altiplano\\\/\"]}]},{\"@type\":\"ImageObject\",\"inLanguage\":\"es\",\"@id\":\"https:\\\/\\\/canal7slp.tv\\\/2022\\\/de-mal-gusto-califica-gallardo-confrontacion-entre-politicos-del-altiplano\\\/#primaryimage\",\"url\":\"https:\\\/\\\/canal7slp.tv\\\/2022\\\/wp-content\\\/uploads\\\/2022\\\/04\\\/Valencia03.jpg\",\"contentUrl\":\"https:\\\/\\\/canal7slp.tv\\\/2022\\\/wp-content\\\/uploads\\\/2022\\\/04\\\/Valencia03.jpg\",\"width\":909,\"height\":500},{\"@type\":\"BreadcrumbList\",\"@id\":\"https:\\\/\\\/canal7slp.tv\\\/2022\\\/de-mal-gusto-califica-gallardo-confrontacion-entre-politicos-del-altiplano\\\/#breadcrumb\",\"itemListElement\":[{\"@type\":\"ListItem\",\"position\":1,\"name\":\"Portada\",\"item\":\"https:\\\/\\\/canal7slp.tv\\\/2022\\\/\"},{\"@type\":\"ListItem\",\"position\":2,\"name\":\"&#8220;De mal gusto&#8221; califica Gallardo confrontaci\u00f3n entre pol\u00edticos del Altiplano.\"}]},{\"@type\":\"WebSite\",\"@id\":\"https:\\\/\\\/canal7slp.tv\\\/2022\\\/#website\",\"url\":\"https:\\\/\\\/canal7slp.tv\\\/2022\\\/\",\"name\":\"N7 - Noticieros Canal 7\",\"description\":\"Somos Televisi\u00f3n\",\"publisher\":{\"@id\":\"https:\\\/\\\/canal7slp.tv\\\/2022\\\/#organization\"},\"potentialAction\":[{\"@type\":\"SearchAction\",\"target\":{\"@type\":\"EntryPoint\",\"urlTemplate\":\"https:\\\/\\\/canal7slp.tv\\\/2022\\\/?s={search_term_string}\"},\"query-input\":{\"@type\":\"PropertyValueSpecification\",\"valueRequired\":true,\"valueName\":\"search_term_string\"}}],\"inLanguage\":\"es\"},{\"@type\":\"Organization\",\"@id\":\"https:\\\/\\\/canal7slp.tv\\\/2022\\\/#organization\",\"name\":\"Noticieros Canal 7\",\"url\":\"https:\\\/\\\/canal7slp.tv\\\/2022\\\/\",\"logo\":{\"@type\":\"ImageObject\",\"inLanguage\":\"es\",\"@id\":\"https:\\\/\\\/canal7slp.tv\\\/2022\\\/#\\\/schema\\\/logo\\\/image\\\/\",\"url\":\"https:\\\/\\\/canal7slp.tv\\\/2022\\\/wp-content\\\/uploads\\\/2021\\\/01\\\/logo-noticieros@2x.png\",\"contentUrl\":\"https:\\\/\\\/canal7slp.tv\\\/2022\\\/wp-content\\\/uploads\\\/2021\\\/01\\\/logo-noticieros@2x.png\",\"width\":1017,\"height\":268,\"caption\":\"Noticieros Canal 7\"},\"image\":{\"@id\":\"https:\\\/\\\/canal7slp.tv\\\/2022\\\/#\\\/schema\\\/logo\\\/image\\\/\"},\"sameAs\":[\"https:\\\/\\\/www.facebook.com\\\/noticieroscanalsiete\",\"https:\\\/\\\/x.com\\\/NOTICIEROS7\",\"https:\\\/\\\/www.instagram.com\\\/canal7_slp\",\"https:\\\/\\\/www.youtube.com\\\/channel\\\/UCliiYs-gP3JfJeqdPrNdd5A\"]},{\"@type\":\"Person\",\"@id\":\"https:\\\/\\\/canal7slp.tv\\\/2022\\\/#\\\/schema\\\/person\\\/429704152a21f5f856ce29aa69a238da\",\"name\":\"Edici\u00f3n Web\",\"image\":{\"@type\":\"ImageObject\",\"inLanguage\":\"es\",\"@id\":\"https:\\\/\\\/secure.gravatar.com\\\/avatar\\\/eee448fc3f7164808013b816ba91ac7e43bbe82a70bebac296f8bc6f0addaa1a?s=96&d=mm&r=g\",\"url\":\"https:\\\/\\\/secure.gravatar.com\\\/avatar\\\/eee448fc3f7164808013b816ba91ac7e43bbe82a70bebac296f8bc6f0addaa1a?s=96&d=mm&r=g\",\"contentUrl\":\"https:\\\/\\\/secure.gravatar.com\\\/avatar\\\/eee448fc3f7164808013b816ba91ac7e43bbe82a70bebac296f8bc6f0addaa1a?s=96&d=mm&r=g\",\"caption\":\"Edici\u00f3n Web\"},\"url\":\"https:\\\/\\\/canal7slp.tv\\\/2022\\\/author\\\/edicionweb\\\/\"}]}<\/script>\n<!-- \/ Yoast SEO plugin. -->","yoast_head_json":{"title":"\"De mal gusto\" califica Gallardo confrontaci\u00f3n entre pol\u00edticos del Altiplano. - Canal 7 SLP - 2022","robots":{"index":"index","follow":"follow","max-snippet":"max-snippet:-1","max-image-preview":"max-image-preview:large","max-video-preview":"max-video-preview:-1"},"canonical":"https:\/\/canal7slp.tv\/2022\/de-mal-gusto-califica-gallardo-confrontacion-entre-politicos-del-altiplano\/","og_locale":"es_ES","og_type":"article","og_title":"\"De mal gusto\" califica Gallardo confrontaci\u00f3n entre pol\u00edticos del Altiplano. - Canal 7 SLP - 2022","og_description":"Matehuala.- Durante su visita en el municipio de Matehuala, el Gobernador del Estado, Ricardo Gallardo, reprob\u00f3 las confrontaciones que se han dado entre el diputado Alejandro Segovia Hern\u00e1ndez y el Presidente Municipal, Iv\u00e1n Estrada. \u201cDe muy mal gusto, es algo que no puede suceder, los diputados est\u00e1n para ayudar a los presidentes y los presidentes para ayudar a la gente, a m\u00ed no me gustan ese tipo de cosas, deber\u00edan hablarlo entre ellos, dicen que los trapos sucios se lavan en casa y no estarlo demostrando ante medios de comunicaci\u00f3n y mucho menos denost\u00e1ndose unos con otros\u201d, dijo. Al ser [&hellip;]","og_url":"https:\/\/canal7slp.tv\/2022\/de-mal-gusto-califica-gallardo-confrontacion-entre-politicos-del-altiplano\/","og_site_name":"Canal 7 SLP - 2022","article_publisher":"https:\/\/www.facebook.com\/noticieroscanalsiete","article_published_time":"2022-04-08T17:20:37+00:00","og_image":[{"width":909,"height":500,"url":"https:\/\/canal7slp.tv\/2022\/wp-content\/uploads\/2022\/04\/Valencia03.jpg","type":"image\/jpeg"}],"author":"Edici\u00f3n Web","twitter_card":"summary_large_image","twitter_creator":"@NOTICIEROS7","twitter_site":"@NOTICIEROS7","twitter_misc":{"Escrito por":"Edici\u00f3n Web","Tiempo de lectura":"1 minuto"},"schema":{"@context":"https:\/\/schema.org","@graph":[{"@type":"Article","@id":"https:\/\/canal7slp.tv\/2022\/de-mal-gusto-califica-gallardo-confrontacion-entre-politicos-del-altiplano\/#article","isPartOf":{"@id":"https:\/\/canal7slp.tv\/2022\/de-mal-gusto-califica-gallardo-confrontacion-entre-politicos-del-altiplano\/"},"author":{"name":"Edici\u00f3n Web","@id":"https:\/\/canal7slp.tv\/2022\/#\/schema\/person\/429704152a21f5f856ce29aa69a238da"},"headline":"\u00abDe mal gusto\u00bb califica Gallardo confrontaci\u00f3n entre pol\u00edticos del Altiplano.","datePublished":"2022-04-08T17:20:37+00:00","mainEntityOfPage":{"@id":"https:\/\/canal7slp.tv\/2022\/de-mal-gusto-califica-gallardo-confrontacion-entre-politicos-del-altiplano\/"},"wordCount":291,"publisher":{"@id":"https:\/\/canal7slp.tv\/2022\/#organization"},"image":{"@id":"https:\/\/canal7slp.tv\/2022\/de-mal-gusto-califica-gallardo-confrontacion-entre-politicos-del-altiplano\/#primaryimage"},"thumbnailUrl":"https:\/\/canal7slp.tv\/2022\/wp-content\/uploads\/2022\/04\/Valencia03.jpg","articleSection":["DESTACADAS","INTERIOR DEL ESTADO"],"inLanguage":"es"},{"@type":"WebPage","@id":"https:\/\/canal7slp.tv\/2022\/de-mal-gusto-califica-gallardo-confrontacion-entre-politicos-del-altiplano\/","url":"https:\/\/canal7slp.tv\/2022\/de-mal-gusto-califica-gallardo-confrontacion-entre-politicos-del-altiplano\/","name":"\"De mal gusto\" califica Gallardo confrontaci\u00f3n entre pol\u00edticos del Altiplano. - Canal 7 SLP - 2022","isPartOf":{"@id":"https:\/\/canal7slp.tv\/2022\/#website"},"primaryImageOfPage":{"@id":"https:\/\/canal7slp.tv\/2022\/de-mal-gusto-califica-gallardo-confrontacion-entre-politicos-del-altiplano\/#primaryimage"},"image":{"@id":"https:\/\/canal7slp.tv\/2022\/de-mal-gusto-califica-gallardo-confrontacion-entre-politicos-del-altiplano\/#primaryimage"},"thumbnailUrl":"https:\/\/canal7slp.tv\/2022\/wp-content\/uploads\/2022\/04\/Valencia03.jpg","datePublished":"2022-04-08T17:20:37+00:00","breadcrumb":{"@id":"https:\/\/canal7slp.tv\/2022\/de-mal-gusto-califica-gallardo-confrontacion-entre-politicos-del-altiplano\/#breadcrumb"},"inLanguage":"es","potentialAction":[{"@type":"ReadAction","target":["https:\/\/canal7slp.tv\/2022\/de-mal-gusto-califica-gallardo-confrontacion-entre-politicos-del-altiplano\/"]}]},{"@type":"ImageObject","inLanguage":"es","@id":"https:\/\/canal7slp.tv\/2022\/de-mal-gusto-califica-gallardo-confrontacion-entre-politicos-del-altiplano\/#primaryimage","url":"https:\/\/canal7slp.tv\/2022\/wp-content\/uploads\/2022\/04\/Valencia03.jpg","contentUrl":"https:\/\/canal7slp.tv\/2022\/wp-content\/uploads\/2022\/04\/Valencia03.jpg","width":909,"height":500},{"@type":"BreadcrumbList","@id":"https:\/\/canal7slp.tv\/2022\/de-mal-gusto-califica-gallardo-confrontacion-entre-politicos-del-altiplano\/#breadcrumb","itemListElement":[{"@type":"ListItem","position":1,"name":"Portada","item":"https:\/\/canal7slp.tv\/2022\/"},{"@type":"ListItem","position":2,"name":"&#8220;De mal gusto&#8221; califica Gallardo confrontaci\u00f3n entre pol\u00edticos del Altiplano."}]},{"@type":"WebSite","@id":"https:\/\/canal7slp.tv\/2022\/#website","url":"https:\/\/canal7slp.tv\/2022\/","name":"N7 - Noticieros Canal 7","description":"Somos Televisi\u00f3n","publisher":{"@id":"https:\/\/canal7slp.tv\/2022\/#organization"},"potentialAction":[{"@type":"SearchAction","target":{"@type":"EntryPoint","urlTemplate":"https:\/\/canal7slp.tv\/2022\/?s={search_term_string}"},"query-input":{"@type":"PropertyValueSpecification","valueRequired":true,"valueName":"search_term_string"}}],"inLanguage":"es"},{"@type":"Organization","@id":"https:\/\/canal7slp.tv\/2022\/#organization","name":"Noticieros Canal 7","url":"https:\/\/canal7slp.tv\/2022\/","logo":{"@type":"ImageObject","inLanguage":"es","@id":"https:\/\/canal7slp.tv\/2022\/#\/schema\/logo\/image\/","url":"https:\/\/canal7slp.tv\/2022\/wp-content\/uploads\/2021\/01\/logo-noticieros@2x.png","contentUrl":"https:\/\/canal7slp.tv\/2022\/wp-content\/uploads\/2021\/01\/logo-noticieros@2x.png","width":1017,"height":268,"caption":"Noticieros Canal 7"},"image":{"@id":"https:\/\/canal7slp.tv\/2022\/#\/schema\/logo\/image\/"},"sameAs":["https:\/\/www.facebook.com\/noticieroscanalsiete","https:\/\/x.com\/NOTICIEROS7","https:\/\/www.instagram.com\/canal7_slp","https:\/\/www.youtube.com\/channel\/UCliiYs-gP3JfJeqdPrNdd5A"]},{"@type":"Person","@id":"https:\/\/canal7slp.tv\/2022\/#\/schema\/person\/429704152a21f5f856ce29aa69a238da","name":"Edici\u00f3n Web","image":{"@type":"ImageObject","inLanguage":"es","@id":"https:\/\/secure.gravatar.com\/avatar\/eee448fc3f7164808013b816ba91ac7e43bbe82a70bebac296f8bc6f0addaa1a?s=96&d=mm&r=g","url":"https:\/\/secure.gravatar.com\/avatar\/eee448fc3f7164808013b816ba91ac7e43bbe82a70bebac296f8bc6f0addaa1a?s=96&d=mm&r=g","contentUrl":"https:\/\/secure.gravatar.com\/avatar\/eee448fc3f7164808013b816ba91ac7e43bbe82a70bebac296f8bc6f0addaa1a?s=96&d=mm&r=g","caption":"Edici\u00f3n Web"},"url":"https:\/\/canal7slp.tv\/2022\/author\/edicionweb\/"}]}},"amp_enabled":true,"_links":{"self":[{"href":"https:\/\/canal7slp.tv\/2022\/wp-json\/wp\/v2\/posts\/56722","targetHints":{"allow":["GET"]}}],"collection":[{"href":"https:\/\/canal7slp.tv\/2022\/wp-json\/wp\/v2\/posts"}],"about":[{"href":"https:\/\/canal7slp.tv\/2022\/wp-json\/wp\/v2\/types\/post"}],"author":[{"embeddable":true,"href":"https:\/\/canal7slp.tv\/2022\/wp-json\/wp\/v2\/users\/2"}],"replies":[{"embeddable":true,"href":"https:\/\/canal7slp.tv\/2022\/wp-json\/wp\/v2\/comments?post=56722"}],"version-history":[{"count":1,"href":"https:\/\/canal7slp.tv\/2022\/wp-json\/wp\/v2\/posts\/56722\/revisions"}],"predecessor-version":[{"id":56724,"href":"https:\/\/canal7slp.tv\/2022\/wp-json\/wp\/v2\/posts\/56722\/revisions\/56724"}],"wp:featuredmedia":[{"embeddable":true,"href":"https:\/\/canal7slp.tv\/2022\/wp-json\/wp\/v2\/media\/56723"}],"wp:attachment":[{"href":"https:\/\/canal7slp.tv\/2022\/wp-json\/wp\/v2\/media?parent=56722"}],"wp:term":[{"taxonomy":"category","embeddable":true,"href":"https:\/\/canal7slp.tv\/2022\/wp-json\/wp\/v2\/categories?post=56722"},{"taxonomy":"post_tag","embeddable":true,"href":"https:\/\/canal7slp.tv\/2022\/wp-json\/wp\/v2\/tags?post=56722"}],"curies":[{"name":"wp","href":"https:\/\/api.w.org\/{rel}","templated":true}]}}