{"id":56719,"date":"2022-04-08T11:17:58","date_gmt":"2022-04-08T17:17:58","guid":{"rendered":"https:\/\/canal7slp.tv\/2022\/?p=56719"},"modified":"2022-04-08T11:17:58","modified_gmt":"2022-04-08T17:17:58","slug":"niega-jano-segovia-senalamientos-de-que-no-hizo-entrega-de-la-policia-municipal","status":"publish","type":"post","link":"https:\/\/canal7slp.tv\/2022\/niega-jano-segovia-senalamientos-de-que-no-hizo-entrega-de-la-policia-municipal\/","title":{"rendered":"Niega Jano Segovia se\u00f1alamientos de que no hizo entrega de la Polic\u00eda Municipal."},"content":{"rendered":"<p style=\"text-align: justify;\">Matehuala.-\u00a0 Luego de que el Presidente Municipal de Matehuala, Iv\u00e1n Estrada, acusara al ex edil Alejandro Segovia, de no haber entregado el departamento de la polic\u00eda municipal tras finalizar su gesti\u00f3n, el ahora diputado federal lo desminti\u00f3.<\/p>\n<p style=\"text-align: justify;\">\u201cCu\u00e1ntos meses lleva la presidencia ya, se la pasa quejando, lleva seis meses ya entregada la polic\u00eda, todos los departamentos, lleva ya seis meses de Presidente Municipal\u201d, dijo.<\/p>\n<p style=\"text-align: justify;\">Segovia Hern\u00e1ndez asegur\u00f3 que las patrullas fueron entregadas en buen estado, \u201cqui\u00e9n recibi\u00f3 las patrullas, primero que pregunte a su contralora, a su oficial mayor, qui\u00e9n las recibi\u00f3 en condiciones, ustedes fueron testigos de la entrega de patrullas hace dos a\u00f1os, se le entregaron al municipio\u201d.<\/p>\n<p style=\"text-align: justify;\">Para el diputado, el actual gobierno municipal no les ha dado mantenimiento a las unidades de vigilancia, \u201chace un mes les dijo, lleva cinco meses, no les cambia ni el aceite, hoy no tienes m\u00e1s que cuatro patrullas trabajando, yo les entregu\u00e9 17 patrullas jalando\u201d, finaliz\u00f3.<\/p>\n<p style=\"text-align: justify;\">Por: Jes\u00fas Valencia<\/p>\n","protected":false},"excerpt":{"rendered":"<p>Matehuala.-\u00a0 Luego de que el Presidente Municipal de Matehuala, Iv\u00e1n Estrada, acusara al ex edil Alejandro Segovia, de no haber entregado el departamento de la polic\u00eda municipal tras finalizar su gesti\u00f3n, el ahora diputado federal lo desminti\u00f3. \u201cCu\u00e1ntos meses lleva la presidencia ya, se la pasa quejando, lleva seis meses ya entregada la polic\u00eda, todos los departamentos, lleva ya seis meses de Presidente Municipal\u201d, dijo. Segovia Hern\u00e1ndez asegur\u00f3 que las patrullas fueron entregadas en buen estado, \u201cqui\u00e9n recibi\u00f3 las patrullas, primero que pregunte a su contralora, a su oficial mayor, qui\u00e9n las recibi\u00f3 en condiciones, ustedes fueron testigos de la [&hellip;]<\/p>\n","protected":false},"author":2,"featured_media":56720,"comment_status":"closed","ping_status":"closed","sticky":false,"template":"","format":"video","meta":{"footnotes":""},"categories":[5,43],"tags":[],"class_list":["post-56719","post","type-post","status-publish","format-video","has-post-thumbnail","hentry","category-destacadas","category-interior","post_format-post-format-video","post--single"],"yoast_head":"<!-- This site is optimized with the Yoast SEO plugin v27.4 - https:\/\/yoast.com\/product\/yoast-seo-wordpress\/ -->\n<title>Niega Jano Segovia se\u00f1alamientos de que no hizo entrega de la Polic\u00eda Municipal. - Canal 7 SLP - 2022<\/title>\n<meta name=\"robots\" content=\"index, follow, max-snippet:-1, max-image-preview:large, max-video-preview:-1\" \/>\n<link rel=\"canonical\" href=\"https:\/\/canal7slp.tv\/2022\/niega-jano-segovia-senalamientos-de-que-no-hizo-entrega-de-la-policia-municipal\/\" \/>\n<meta property=\"og:locale\" content=\"es_ES\" \/>\n<meta property=\"og:type\" content=\"article\" \/>\n<meta property=\"og:title\" content=\"Niega Jano Segovia se\u00f1alamientos de que no hizo entrega de la Polic\u00eda Municipal. - Canal 7 SLP - 2022\" \/>\n<meta property=\"og:description\" content=\"Matehuala.-\u00a0 Luego de que el Presidente Municipal de Matehuala, Iv\u00e1n Estrada, acusara al ex edil Alejandro Segovia, de no haber entregado el departamento de la polic\u00eda municipal tras finalizar su gesti\u00f3n, el ahora diputado federal lo desminti\u00f3. \u201cCu\u00e1ntos meses lleva la presidencia ya, se la pasa quejando, lleva seis meses ya entregada la polic\u00eda, todos los departamentos, lleva ya seis meses de Presidente Municipal\u201d, dijo. Segovia Hern\u00e1ndez asegur\u00f3 que las patrullas fueron entregadas en buen estado, \u201cqui\u00e9n recibi\u00f3 las patrullas, primero que pregunte a su contralora, a su oficial mayor, qui\u00e9n las recibi\u00f3 en condiciones, ustedes fueron testigos de la [&hellip;]\" \/>\n<meta property=\"og:url\" content=\"https:\/\/canal7slp.tv\/2022\/niega-jano-segovia-senalamientos-de-que-no-hizo-entrega-de-la-policia-municipal\/\" \/>\n<meta property=\"og:site_name\" content=\"Canal 7 SLP - 2022\" \/>\n<meta property=\"article:publisher\" content=\"https:\/\/www.facebook.com\/noticieroscanalsiete\" \/>\n<meta property=\"article:published_time\" content=\"2022-04-08T17:17:58+00:00\" \/>\n<meta property=\"og:image\" content=\"https:\/\/canal7slp.tv\/2022\/wp-content\/uploads\/2022\/04\/Valencia02.jpg\" \/>\n\t<meta property=\"og:image:width\" content=\"909\" \/>\n\t<meta property=\"og:image:height\" content=\"500\" \/>\n\t<meta property=\"og:image:type\" content=\"image\/jpeg\" \/>\n<meta name=\"author\" content=\"Edici\u00f3n Web\" \/>\n<meta name=\"twitter:card\" content=\"summary_large_image\" \/>\n<meta name=\"twitter:creator\" content=\"@NOTICIEROS7\" \/>\n<meta name=\"twitter:site\" content=\"@NOTICIEROS7\" \/>\n<meta name=\"twitter:label1\" content=\"Escrito por\" \/>\n\t<meta name=\"twitter:data1\" content=\"Edici\u00f3n Web\" \/>\n\t<meta name=\"twitter:label2\" content=\"Tiempo de lectura\" \/>\n\t<meta name=\"twitter:data2\" content=\"1 minuto\" \/>\n<script type=\"application\/ld+json\" class=\"yoast-schema-graph\">{\"@context\":\"https:\\\/\\\/schema.org\",\"@graph\":[{\"@type\":\"Article\",\"@id\":\"https:\\\/\\\/canal7slp.tv\\\/2022\\\/niega-jano-segovia-senalamientos-de-que-no-hizo-entrega-de-la-policia-municipal\\\/#article\",\"isPartOf\":{\"@id\":\"https:\\\/\\\/canal7slp.tv\\\/2022\\\/niega-jano-segovia-senalamientos-de-que-no-hizo-entrega-de-la-policia-municipal\\\/\"},\"author\":{\"name\":\"Edici\u00f3n Web\",\"@id\":\"https:\\\/\\\/canal7slp.tv\\\/2022\\\/#\\\/schema\\\/person\\\/429704152a21f5f856ce29aa69a238da\"},\"headline\":\"Niega Jano Segovia se\u00f1alamientos de que no hizo entrega de la Polic\u00eda Municipal.\",\"datePublished\":\"2022-04-08T17:17:58+00:00\",\"mainEntityOfPage\":{\"@id\":\"https:\\\/\\\/canal7slp.tv\\\/2022\\\/niega-jano-segovia-senalamientos-de-que-no-hizo-entrega-de-la-policia-municipal\\\/\"},\"wordCount\":186,\"publisher\":{\"@id\":\"https:\\\/\\\/canal7slp.tv\\\/2022\\\/#organization\"},\"image\":{\"@id\":\"https:\\\/\\\/canal7slp.tv\\\/2022\\\/niega-jano-segovia-senalamientos-de-que-no-hizo-entrega-de-la-policia-municipal\\\/#primaryimage\"},\"thumbnailUrl\":\"https:\\\/\\\/canal7slp.tv\\\/2022\\\/wp-content\\\/uploads\\\/2022\\\/04\\\/Valencia02.jpg\",\"articleSection\":[\"DESTACADAS\",\"INTERIOR DEL ESTADO\"],\"inLanguage\":\"es\"},{\"@type\":\"WebPage\",\"@id\":\"https:\\\/\\\/canal7slp.tv\\\/2022\\\/niega-jano-segovia-senalamientos-de-que-no-hizo-entrega-de-la-policia-municipal\\\/\",\"url\":\"https:\\\/\\\/canal7slp.tv\\\/2022\\\/niega-jano-segovia-senalamientos-de-que-no-hizo-entrega-de-la-policia-municipal\\\/\",\"name\":\"Niega Jano Segovia se\u00f1alamientos de que no hizo entrega de la Polic\u00eda Municipal. - Canal 7 SLP - 2022\",\"isPartOf\":{\"@id\":\"https:\\\/\\\/canal7slp.tv\\\/2022\\\/#website\"},\"primaryImageOfPage\":{\"@id\":\"https:\\\/\\\/canal7slp.tv\\\/2022\\\/niega-jano-segovia-senalamientos-de-que-no-hizo-entrega-de-la-policia-municipal\\\/#primaryimage\"},\"image\":{\"@id\":\"https:\\\/\\\/canal7slp.tv\\\/2022\\\/niega-jano-segovia-senalamientos-de-que-no-hizo-entrega-de-la-policia-municipal\\\/#primaryimage\"},\"thumbnailUrl\":\"https:\\\/\\\/canal7slp.tv\\\/2022\\\/wp-content\\\/uploads\\\/2022\\\/04\\\/Valencia02.jpg\",\"datePublished\":\"2022-04-08T17:17:58+00:00\",\"breadcrumb\":{\"@id\":\"https:\\\/\\\/canal7slp.tv\\\/2022\\\/niega-jano-segovia-senalamientos-de-que-no-hizo-entrega-de-la-policia-municipal\\\/#breadcrumb\"},\"inLanguage\":\"es\",\"potentialAction\":[{\"@type\":\"ReadAction\",\"target\":[\"https:\\\/\\\/canal7slp.tv\\\/2022\\\/niega-jano-segovia-senalamientos-de-que-no-hizo-entrega-de-la-policia-municipal\\\/\"]}]},{\"@type\":\"ImageObject\",\"inLanguage\":\"es\",\"@id\":\"https:\\\/\\\/canal7slp.tv\\\/2022\\\/niega-jano-segovia-senalamientos-de-que-no-hizo-entrega-de-la-policia-municipal\\\/#primaryimage\",\"url\":\"https:\\\/\\\/canal7slp.tv\\\/2022\\\/wp-content\\\/uploads\\\/2022\\\/04\\\/Valencia02.jpg\",\"contentUrl\":\"https:\\\/\\\/canal7slp.tv\\\/2022\\\/wp-content\\\/uploads\\\/2022\\\/04\\\/Valencia02.jpg\",\"width\":909,\"height\":500},{\"@type\":\"BreadcrumbList\",\"@id\":\"https:\\\/\\\/canal7slp.tv\\\/2022\\\/niega-jano-segovia-senalamientos-de-que-no-hizo-entrega-de-la-policia-municipal\\\/#breadcrumb\",\"itemListElement\":[{\"@type\":\"ListItem\",\"position\":1,\"name\":\"Portada\",\"item\":\"https:\\\/\\\/canal7slp.tv\\\/2022\\\/\"},{\"@type\":\"ListItem\",\"position\":2,\"name\":\"Niega Jano Segovia se\u00f1alamientos de que no hizo entrega de la Polic\u00eda Municipal.\"}]},{\"@type\":\"WebSite\",\"@id\":\"https:\\\/\\\/canal7slp.tv\\\/2022\\\/#website\",\"url\":\"https:\\\/\\\/canal7slp.tv\\\/2022\\\/\",\"name\":\"N7 - Noticieros Canal 7\",\"description\":\"Somos Televisi\u00f3n\",\"publisher\":{\"@id\":\"https:\\\/\\\/canal7slp.tv\\\/2022\\\/#organization\"},\"potentialAction\":[{\"@type\":\"SearchAction\",\"target\":{\"@type\":\"EntryPoint\",\"urlTemplate\":\"https:\\\/\\\/canal7slp.tv\\\/2022\\\/?s={search_term_string}\"},\"query-input\":{\"@type\":\"PropertyValueSpecification\",\"valueRequired\":true,\"valueName\":\"search_term_string\"}}],\"inLanguage\":\"es\"},{\"@type\":\"Organization\",\"@id\":\"https:\\\/\\\/canal7slp.tv\\\/2022\\\/#organization\",\"name\":\"Noticieros Canal 7\",\"url\":\"https:\\\/\\\/canal7slp.tv\\\/2022\\\/\",\"logo\":{\"@type\":\"ImageObject\",\"inLanguage\":\"es\",\"@id\":\"https:\\\/\\\/canal7slp.tv\\\/2022\\\/#\\\/schema\\\/logo\\\/image\\\/\",\"url\":\"https:\\\/\\\/canal7slp.tv\\\/2022\\\/wp-content\\\/uploads\\\/2021\\\/01\\\/logo-noticieros@2x.png\",\"contentUrl\":\"https:\\\/\\\/canal7slp.tv\\\/2022\\\/wp-content\\\/uploads\\\/2021\\\/01\\\/logo-noticieros@2x.png\",\"width\":1017,\"height\":268,\"caption\":\"Noticieros Canal 7\"},\"image\":{\"@id\":\"https:\\\/\\\/canal7slp.tv\\\/2022\\\/#\\\/schema\\\/logo\\\/image\\\/\"},\"sameAs\":[\"https:\\\/\\\/www.facebook.com\\\/noticieroscanalsiete\",\"https:\\\/\\\/x.com\\\/NOTICIEROS7\",\"https:\\\/\\\/www.instagram.com\\\/canal7_slp\",\"https:\\\/\\\/www.youtube.com\\\/channel\\\/UCliiYs-gP3JfJeqdPrNdd5A\"]},{\"@type\":\"Person\",\"@id\":\"https:\\\/\\\/canal7slp.tv\\\/2022\\\/#\\\/schema\\\/person\\\/429704152a21f5f856ce29aa69a238da\",\"name\":\"Edici\u00f3n Web\",\"image\":{\"@type\":\"ImageObject\",\"inLanguage\":\"es\",\"@id\":\"https:\\\/\\\/secure.gravatar.com\\\/avatar\\\/eee448fc3f7164808013b816ba91ac7e43bbe82a70bebac296f8bc6f0addaa1a?s=96&d=mm&r=g\",\"url\":\"https:\\\/\\\/secure.gravatar.com\\\/avatar\\\/eee448fc3f7164808013b816ba91ac7e43bbe82a70bebac296f8bc6f0addaa1a?s=96&d=mm&r=g\",\"contentUrl\":\"https:\\\/\\\/secure.gravatar.com\\\/avatar\\\/eee448fc3f7164808013b816ba91ac7e43bbe82a70bebac296f8bc6f0addaa1a?s=96&d=mm&r=g\",\"caption\":\"Edici\u00f3n Web\"},\"url\":\"https:\\\/\\\/canal7slp.tv\\\/2022\\\/author\\\/edicionweb\\\/\"}]}<\/script>\n<!-- \/ Yoast SEO plugin. -->","yoast_head_json":{"title":"Niega Jano Segovia se\u00f1alamientos de que no hizo entrega de la Polic\u00eda Municipal. - Canal 7 SLP - 2022","robots":{"index":"index","follow":"follow","max-snippet":"max-snippet:-1","max-image-preview":"max-image-preview:large","max-video-preview":"max-video-preview:-1"},"canonical":"https:\/\/canal7slp.tv\/2022\/niega-jano-segovia-senalamientos-de-que-no-hizo-entrega-de-la-policia-municipal\/","og_locale":"es_ES","og_type":"article","og_title":"Niega Jano Segovia se\u00f1alamientos de que no hizo entrega de la Polic\u00eda Municipal. - Canal 7 SLP - 2022","og_description":"Matehuala.-\u00a0 Luego de que el Presidente Municipal de Matehuala, Iv\u00e1n Estrada, acusara al ex edil Alejandro Segovia, de no haber entregado el departamento de la polic\u00eda municipal tras finalizar su gesti\u00f3n, el ahora diputado federal lo desminti\u00f3. \u201cCu\u00e1ntos meses lleva la presidencia ya, se la pasa quejando, lleva seis meses ya entregada la polic\u00eda, todos los departamentos, lleva ya seis meses de Presidente Municipal\u201d, dijo. Segovia Hern\u00e1ndez asegur\u00f3 que las patrullas fueron entregadas en buen estado, \u201cqui\u00e9n recibi\u00f3 las patrullas, primero que pregunte a su contralora, a su oficial mayor, qui\u00e9n las recibi\u00f3 en condiciones, ustedes fueron testigos de la [&hellip;]","og_url":"https:\/\/canal7slp.tv\/2022\/niega-jano-segovia-senalamientos-de-que-no-hizo-entrega-de-la-policia-municipal\/","og_site_name":"Canal 7 SLP - 2022","article_publisher":"https:\/\/www.facebook.com\/noticieroscanalsiete","article_published_time":"2022-04-08T17:17:58+00:00","og_image":[{"width":909,"height":500,"url":"https:\/\/canal7slp.tv\/2022\/wp-content\/uploads\/2022\/04\/Valencia02.jpg","type":"image\/jpeg"}],"author":"Edici\u00f3n Web","twitter_card":"summary_large_image","twitter_creator":"@NOTICIEROS7","twitter_site":"@NOTICIEROS7","twitter_misc":{"Escrito por":"Edici\u00f3n Web","Tiempo de lectura":"1 minuto"},"schema":{"@context":"https:\/\/schema.org","@graph":[{"@type":"Article","@id":"https:\/\/canal7slp.tv\/2022\/niega-jano-segovia-senalamientos-de-que-no-hizo-entrega-de-la-policia-municipal\/#article","isPartOf":{"@id":"https:\/\/canal7slp.tv\/2022\/niega-jano-segovia-senalamientos-de-que-no-hizo-entrega-de-la-policia-municipal\/"},"author":{"name":"Edici\u00f3n Web","@id":"https:\/\/canal7slp.tv\/2022\/#\/schema\/person\/429704152a21f5f856ce29aa69a238da"},"headline":"Niega Jano Segovia se\u00f1alamientos de que no hizo entrega de la Polic\u00eda Municipal.","datePublished":"2022-04-08T17:17:58+00:00","mainEntityOfPage":{"@id":"https:\/\/canal7slp.tv\/2022\/niega-jano-segovia-senalamientos-de-que-no-hizo-entrega-de-la-policia-municipal\/"},"wordCount":186,"publisher":{"@id":"https:\/\/canal7slp.tv\/2022\/#organization"},"image":{"@id":"https:\/\/canal7slp.tv\/2022\/niega-jano-segovia-senalamientos-de-que-no-hizo-entrega-de-la-policia-municipal\/#primaryimage"},"thumbnailUrl":"https:\/\/canal7slp.tv\/2022\/wp-content\/uploads\/2022\/04\/Valencia02.jpg","articleSection":["DESTACADAS","INTERIOR DEL ESTADO"],"inLanguage":"es"},{"@type":"WebPage","@id":"https:\/\/canal7slp.tv\/2022\/niega-jano-segovia-senalamientos-de-que-no-hizo-entrega-de-la-policia-municipal\/","url":"https:\/\/canal7slp.tv\/2022\/niega-jano-segovia-senalamientos-de-que-no-hizo-entrega-de-la-policia-municipal\/","name":"Niega Jano Segovia se\u00f1alamientos de que no hizo entrega de la Polic\u00eda Municipal. - Canal 7 SLP - 2022","isPartOf":{"@id":"https:\/\/canal7slp.tv\/2022\/#website"},"primaryImageOfPage":{"@id":"https:\/\/canal7slp.tv\/2022\/niega-jano-segovia-senalamientos-de-que-no-hizo-entrega-de-la-policia-municipal\/#primaryimage"},"image":{"@id":"https:\/\/canal7slp.tv\/2022\/niega-jano-segovia-senalamientos-de-que-no-hizo-entrega-de-la-policia-municipal\/#primaryimage"},"thumbnailUrl":"https:\/\/canal7slp.tv\/2022\/wp-content\/uploads\/2022\/04\/Valencia02.jpg","datePublished":"2022-04-08T17:17:58+00:00","breadcrumb":{"@id":"https:\/\/canal7slp.tv\/2022\/niega-jano-segovia-senalamientos-de-que-no-hizo-entrega-de-la-policia-municipal\/#breadcrumb"},"inLanguage":"es","potentialAction":[{"@type":"ReadAction","target":["https:\/\/canal7slp.tv\/2022\/niega-jano-segovia-senalamientos-de-que-no-hizo-entrega-de-la-policia-municipal\/"]}]},{"@type":"ImageObject","inLanguage":"es","@id":"https:\/\/canal7slp.tv\/2022\/niega-jano-segovia-senalamientos-de-que-no-hizo-entrega-de-la-policia-municipal\/#primaryimage","url":"https:\/\/canal7slp.tv\/2022\/wp-content\/uploads\/2022\/04\/Valencia02.jpg","contentUrl":"https:\/\/canal7slp.tv\/2022\/wp-content\/uploads\/2022\/04\/Valencia02.jpg","width":909,"height":500},{"@type":"BreadcrumbList","@id":"https:\/\/canal7slp.tv\/2022\/niega-jano-segovia-senalamientos-de-que-no-hizo-entrega-de-la-policia-municipal\/#breadcrumb","itemListElement":[{"@type":"ListItem","position":1,"name":"Portada","item":"https:\/\/canal7slp.tv\/2022\/"},{"@type":"ListItem","position":2,"name":"Niega Jano Segovia se\u00f1alamientos de que no hizo entrega de la Polic\u00eda Municipal."}]},{"@type":"WebSite","@id":"https:\/\/canal7slp.tv\/2022\/#website","url":"https:\/\/canal7slp.tv\/2022\/","name":"N7 - Noticieros Canal 7","description":"Somos Televisi\u00f3n","publisher":{"@id":"https:\/\/canal7slp.tv\/2022\/#organization"},"potentialAction":[{"@type":"SearchAction","target":{"@type":"EntryPoint","urlTemplate":"https:\/\/canal7slp.tv\/2022\/?s={search_term_string}"},"query-input":{"@type":"PropertyValueSpecification","valueRequired":true,"valueName":"search_term_string"}}],"inLanguage":"es"},{"@type":"Organization","@id":"https:\/\/canal7slp.tv\/2022\/#organization","name":"Noticieros Canal 7","url":"https:\/\/canal7slp.tv\/2022\/","logo":{"@type":"ImageObject","inLanguage":"es","@id":"https:\/\/canal7slp.tv\/2022\/#\/schema\/logo\/image\/","url":"https:\/\/canal7slp.tv\/2022\/wp-content\/uploads\/2021\/01\/logo-noticieros@2x.png","contentUrl":"https:\/\/canal7slp.tv\/2022\/wp-content\/uploads\/2021\/01\/logo-noticieros@2x.png","width":1017,"height":268,"caption":"Noticieros Canal 7"},"image":{"@id":"https:\/\/canal7slp.tv\/2022\/#\/schema\/logo\/image\/"},"sameAs":["https:\/\/www.facebook.com\/noticieroscanalsiete","https:\/\/x.com\/NOTICIEROS7","https:\/\/www.instagram.com\/canal7_slp","https:\/\/www.youtube.com\/channel\/UCliiYs-gP3JfJeqdPrNdd5A"]},{"@type":"Person","@id":"https:\/\/canal7slp.tv\/2022\/#\/schema\/person\/429704152a21f5f856ce29aa69a238da","name":"Edici\u00f3n Web","image":{"@type":"ImageObject","inLanguage":"es","@id":"https:\/\/secure.gravatar.com\/avatar\/eee448fc3f7164808013b816ba91ac7e43bbe82a70bebac296f8bc6f0addaa1a?s=96&d=mm&r=g","url":"https:\/\/secure.gravatar.com\/avatar\/eee448fc3f7164808013b816ba91ac7e43bbe82a70bebac296f8bc6f0addaa1a?s=96&d=mm&r=g","contentUrl":"https:\/\/secure.gravatar.com\/avatar\/eee448fc3f7164808013b816ba91ac7e43bbe82a70bebac296f8bc6f0addaa1a?s=96&d=mm&r=g","caption":"Edici\u00f3n Web"},"url":"https:\/\/canal7slp.tv\/2022\/author\/edicionweb\/"}]}},"amp_enabled":true,"_links":{"self":[{"href":"https:\/\/canal7slp.tv\/2022\/wp-json\/wp\/v2\/posts\/56719","targetHints":{"allow":["GET"]}}],"collection":[{"href":"https:\/\/canal7slp.tv\/2022\/wp-json\/wp\/v2\/posts"}],"about":[{"href":"https:\/\/canal7slp.tv\/2022\/wp-json\/wp\/v2\/types\/post"}],"author":[{"embeddable":true,"href":"https:\/\/canal7slp.tv\/2022\/wp-json\/wp\/v2\/users\/2"}],"replies":[{"embeddable":true,"href":"https:\/\/canal7slp.tv\/2022\/wp-json\/wp\/v2\/comments?post=56719"}],"version-history":[{"count":1,"href":"https:\/\/canal7slp.tv\/2022\/wp-json\/wp\/v2\/posts\/56719\/revisions"}],"predecessor-version":[{"id":56721,"href":"https:\/\/canal7slp.tv\/2022\/wp-json\/wp\/v2\/posts\/56719\/revisions\/56721"}],"wp:featuredmedia":[{"embeddable":true,"href":"https:\/\/canal7slp.tv\/2022\/wp-json\/wp\/v2\/media\/56720"}],"wp:attachment":[{"href":"https:\/\/canal7slp.tv\/2022\/wp-json\/wp\/v2\/media?parent=56719"}],"wp:term":[{"taxonomy":"category","embeddable":true,"href":"https:\/\/canal7slp.tv\/2022\/wp-json\/wp\/v2\/categories?post=56719"},{"taxonomy":"post_tag","embeddable":true,"href":"https:\/\/canal7slp.tv\/2022\/wp-json\/wp\/v2\/tags?post=56719"}],"curies":[{"name":"wp","href":"https:\/\/api.w.org\/{rel}","templated":true}]}}