{"id":56677,"date":"2022-04-07T20:39:20","date_gmt":"2022-04-08T02:39:20","guid":{"rendered":"https:\/\/canal7slp.tv\/2022\/?p=56677"},"modified":"2022-04-07T20:39:20","modified_gmt":"2022-04-08T02:39:20","slug":"protestan-padres-de-familia-por-violento-desalojo-de-profesor-en-preparatoria","status":"publish","type":"post","link":"https:\/\/canal7slp.tv\/2022\/protestan-padres-de-familia-por-violento-desalojo-de-profesor-en-preparatoria\/","title":{"rendered":"Protestan padres de familia por violento desalojo de profesor en preparatoria."},"content":{"rendered":"<p style=\"text-align: justify;\">SLP.- Padres de familia de la Escuela Preparatoria \u201cProfesor Jos\u00e9 C\u00e9sar Cruz Sandoval\u201d denunciaron la manera violenta en la que fue sacado del plantel el profesor Rosendo L\u00f3pez, subdirector de esta instituci\u00f3n, por parte de elementos de la Polic\u00eda Municipal.<\/p>\n<p style=\"text-align: justify;\">Se\u00f1alan que presuntamente el profesor fue sacado del plantel por faltas administrativas pero reprobaron la manera en que procedieron, al decir que al plantel acudieron elementos de la Guardia Nacional y que al verlos armados y el despliegue operativo que hicieron para llevarse al profesor, caus\u00f3 temor entre el alumnado.<\/p>\n<p style=\"text-align: justify;\">En un video subido a redes sociales se capta el momento en que los elementos policiacos, sin ning\u00fan tipo de protocolo en materia de derechos humanos y con visible violencia, sacan al profesor del plantel.<\/p>\n<p style=\"text-align: justify;\">En los videos que grabaron los estudiantes se ven varios veh\u00edculos que arriban a esta preparatoria y una unidad de la Guardia Nacional, mientras que otro grupo de personas se introducen al plantel.<\/p>\n<p style=\"text-align: justify;\">Los padres de familia afirman que un profesor de la misma preparatoria les orden\u00f3 a los alumnos a trav\u00e9s de un grupo de WhatsApp, que borraran estos videos lo que consideraron como una amenaza para los alumnos.<\/p>\n<p style=\"text-align: justify;\">Afirman que la orden de sacar al profesor Rosendo del plantel vino de las oficinas del Sistema Educativo Estatal Regular.<\/p>\n<p style=\"text-align: justify;\">Adem\u00e1s, los padres de familia aseguran que el fondo del asunto es que la profesora Elide Laura Trejo Guerrero, directora de esta preparatoria, pretende quedarse con la plaza del profesor Rosendo L\u00f3pez en favor de un familiar.<\/p>\n<p style=\"text-align: justify;\">En relaci\u00f3n a este caso la Secci\u00f3n 52 del Sindicato Nacional de Trabajadores de la Educaci\u00f3n emiti\u00f3 un posicionamiento en donde exige a las autoridades educativas un informe sobre esta situaci\u00f3n, pues si bien se habla de que el profesor tiene una sanci\u00f3n administrativa, la manera en que lo desalojaron fue como si fuera un delincuente, sin ning\u00fan tipo de protocolo y violentando sus derechos humanos.<\/p>\n<p style=\"text-align: justify;\">Por: Claudio Ibarra<\/p>\n","protected":false},"excerpt":{"rendered":"<p>SLP.- Padres de familia de la Escuela Preparatoria \u201cProfesor Jos\u00e9 C\u00e9sar Cruz Sandoval\u201d denunciaron la manera violenta en la que fue sacado del plantel el profesor Rosendo L\u00f3pez, subdirector de esta instituci\u00f3n, por parte de elementos de la Polic\u00eda Municipal. Se\u00f1alan que presuntamente el profesor fue sacado del plantel por faltas administrativas pero reprobaron la manera en que procedieron, al decir que al plantel acudieron elementos de la Guardia Nacional y que al verlos armados y el despliegue operativo que hicieron para llevarse al profesor, caus\u00f3 temor entre el alumnado. En un video subido a redes sociales se capta el [&hellip;]<\/p>\n","protected":false},"author":2,"featured_media":56704,"comment_status":"closed","ping_status":"closed","sticky":false,"template":"","format":"video","meta":{"footnotes":""},"categories":[5,45],"tags":[],"class_list":["post-56677","post","type-post","status-publish","format-video","has-post-thumbnail","hentry","category-destacadas","category-localesyregionales","post_format-post-format-video","post--single"],"yoast_head":"<!-- This site is optimized with the Yoast SEO plugin v27.4 - https:\/\/yoast.com\/product\/yoast-seo-wordpress\/ -->\n<title>Protestan padres de familia por violento desalojo de profesor en preparatoria. - Canal 7 SLP - 2022<\/title>\n<meta name=\"robots\" content=\"index, follow, max-snippet:-1, max-image-preview:large, max-video-preview:-1\" \/>\n<link rel=\"canonical\" href=\"https:\/\/canal7slp.tv\/2022\/protestan-padres-de-familia-por-violento-desalojo-de-profesor-en-preparatoria\/\" \/>\n<meta property=\"og:locale\" content=\"es_ES\" \/>\n<meta property=\"og:type\" content=\"article\" \/>\n<meta property=\"og:title\" content=\"Protestan padres de familia por violento desalojo de profesor en preparatoria. - Canal 7 SLP - 2022\" \/>\n<meta property=\"og:description\" content=\"SLP.- Padres de familia de la Escuela Preparatoria \u201cProfesor Jos\u00e9 C\u00e9sar Cruz Sandoval\u201d denunciaron la manera violenta en la que fue sacado del plantel el profesor Rosendo L\u00f3pez, subdirector de esta instituci\u00f3n, por parte de elementos de la Polic\u00eda Municipal. Se\u00f1alan que presuntamente el profesor fue sacado del plantel por faltas administrativas pero reprobaron la manera en que procedieron, al decir que al plantel acudieron elementos de la Guardia Nacional y que al verlos armados y el despliegue operativo que hicieron para llevarse al profesor, caus\u00f3 temor entre el alumnado. En un video subido a redes sociales se capta el [&hellip;]\" \/>\n<meta property=\"og:url\" content=\"https:\/\/canal7slp.tv\/2022\/protestan-padres-de-familia-por-violento-desalojo-de-profesor-en-preparatoria\/\" \/>\n<meta property=\"og:site_name\" content=\"Canal 7 SLP - 2022\" \/>\n<meta property=\"article:publisher\" content=\"https:\/\/www.facebook.com\/noticieroscanalsiete\" \/>\n<meta property=\"article:published_time\" content=\"2022-04-08T02:39:20+00:00\" \/>\n<meta property=\"og:image\" content=\"https:\/\/canal7slp.tv\/2022\/wp-content\/uploads\/2022\/04\/Claudio01Preparatoria.jpg\" \/>\n\t<meta property=\"og:image:width\" content=\"1280\" \/>\n\t<meta property=\"og:image:height\" content=\"720\" \/>\n\t<meta property=\"og:image:type\" content=\"image\/jpeg\" \/>\n<meta name=\"author\" content=\"Edici\u00f3n Web\" \/>\n<meta name=\"twitter:card\" content=\"summary_large_image\" \/>\n<meta name=\"twitter:creator\" content=\"@NOTICIEROS7\" \/>\n<meta name=\"twitter:site\" content=\"@NOTICIEROS7\" \/>\n<meta name=\"twitter:label1\" content=\"Escrito por\" \/>\n\t<meta name=\"twitter:data1\" content=\"Edici\u00f3n Web\" \/>\n\t<meta name=\"twitter:label2\" content=\"Tiempo de lectura\" \/>\n\t<meta name=\"twitter:data2\" content=\"2 minutos\" \/>\n<script type=\"application\/ld+json\" class=\"yoast-schema-graph\">{\"@context\":\"https:\\\/\\\/schema.org\",\"@graph\":[{\"@type\":\"Article\",\"@id\":\"https:\\\/\\\/canal7slp.tv\\\/2022\\\/protestan-padres-de-familia-por-violento-desalojo-de-profesor-en-preparatoria\\\/#article\",\"isPartOf\":{\"@id\":\"https:\\\/\\\/canal7slp.tv\\\/2022\\\/protestan-padres-de-familia-por-violento-desalojo-de-profesor-en-preparatoria\\\/\"},\"author\":{\"name\":\"Edici\u00f3n Web\",\"@id\":\"https:\\\/\\\/canal7slp.tv\\\/2022\\\/#\\\/schema\\\/person\\\/429704152a21f5f856ce29aa69a238da\"},\"headline\":\"Protestan padres de familia por violento desalojo de profesor en preparatoria.\",\"datePublished\":\"2022-04-08T02:39:20+00:00\",\"mainEntityOfPage\":{\"@id\":\"https:\\\/\\\/canal7slp.tv\\\/2022\\\/protestan-padres-de-familia-por-violento-desalojo-de-profesor-en-preparatoria\\\/\"},\"wordCount\":348,\"publisher\":{\"@id\":\"https:\\\/\\\/canal7slp.tv\\\/2022\\\/#organization\"},\"image\":{\"@id\":\"https:\\\/\\\/canal7slp.tv\\\/2022\\\/protestan-padres-de-familia-por-violento-desalojo-de-profesor-en-preparatoria\\\/#primaryimage\"},\"thumbnailUrl\":\"https:\\\/\\\/canal7slp.tv\\\/2022\\\/wp-content\\\/uploads\\\/2022\\\/04\\\/Claudio01Preparatoria.jpg\",\"articleSection\":[\"DESTACADAS\",\"LOCALES Y REGIONALES\"],\"inLanguage\":\"es\"},{\"@type\":\"WebPage\",\"@id\":\"https:\\\/\\\/canal7slp.tv\\\/2022\\\/protestan-padres-de-familia-por-violento-desalojo-de-profesor-en-preparatoria\\\/\",\"url\":\"https:\\\/\\\/canal7slp.tv\\\/2022\\\/protestan-padres-de-familia-por-violento-desalojo-de-profesor-en-preparatoria\\\/\",\"name\":\"Protestan padres de familia por violento desalojo de profesor en preparatoria. - Canal 7 SLP - 2022\",\"isPartOf\":{\"@id\":\"https:\\\/\\\/canal7slp.tv\\\/2022\\\/#website\"},\"primaryImageOfPage\":{\"@id\":\"https:\\\/\\\/canal7slp.tv\\\/2022\\\/protestan-padres-de-familia-por-violento-desalojo-de-profesor-en-preparatoria\\\/#primaryimage\"},\"image\":{\"@id\":\"https:\\\/\\\/canal7slp.tv\\\/2022\\\/protestan-padres-de-familia-por-violento-desalojo-de-profesor-en-preparatoria\\\/#primaryimage\"},\"thumbnailUrl\":\"https:\\\/\\\/canal7slp.tv\\\/2022\\\/wp-content\\\/uploads\\\/2022\\\/04\\\/Claudio01Preparatoria.jpg\",\"datePublished\":\"2022-04-08T02:39:20+00:00\",\"breadcrumb\":{\"@id\":\"https:\\\/\\\/canal7slp.tv\\\/2022\\\/protestan-padres-de-familia-por-violento-desalojo-de-profesor-en-preparatoria\\\/#breadcrumb\"},\"inLanguage\":\"es\",\"potentialAction\":[{\"@type\":\"ReadAction\",\"target\":[\"https:\\\/\\\/canal7slp.tv\\\/2022\\\/protestan-padres-de-familia-por-violento-desalojo-de-profesor-en-preparatoria\\\/\"]}]},{\"@type\":\"ImageObject\",\"inLanguage\":\"es\",\"@id\":\"https:\\\/\\\/canal7slp.tv\\\/2022\\\/protestan-padres-de-familia-por-violento-desalojo-de-profesor-en-preparatoria\\\/#primaryimage\",\"url\":\"https:\\\/\\\/canal7slp.tv\\\/2022\\\/wp-content\\\/uploads\\\/2022\\\/04\\\/Claudio01Preparatoria.jpg\",\"contentUrl\":\"https:\\\/\\\/canal7slp.tv\\\/2022\\\/wp-content\\\/uploads\\\/2022\\\/04\\\/Claudio01Preparatoria.jpg\",\"width\":1280,\"height\":720},{\"@type\":\"BreadcrumbList\",\"@id\":\"https:\\\/\\\/canal7slp.tv\\\/2022\\\/protestan-padres-de-familia-por-violento-desalojo-de-profesor-en-preparatoria\\\/#breadcrumb\",\"itemListElement\":[{\"@type\":\"ListItem\",\"position\":1,\"name\":\"Portada\",\"item\":\"https:\\\/\\\/canal7slp.tv\\\/2022\\\/\"},{\"@type\":\"ListItem\",\"position\":2,\"name\":\"Protestan padres de familia por violento desalojo de profesor en preparatoria.\"}]},{\"@type\":\"WebSite\",\"@id\":\"https:\\\/\\\/canal7slp.tv\\\/2022\\\/#website\",\"url\":\"https:\\\/\\\/canal7slp.tv\\\/2022\\\/\",\"name\":\"N7 - Noticieros Canal 7\",\"description\":\"Somos Televisi\u00f3n\",\"publisher\":{\"@id\":\"https:\\\/\\\/canal7slp.tv\\\/2022\\\/#organization\"},\"potentialAction\":[{\"@type\":\"SearchAction\",\"target\":{\"@type\":\"EntryPoint\",\"urlTemplate\":\"https:\\\/\\\/canal7slp.tv\\\/2022\\\/?s={search_term_string}\"},\"query-input\":{\"@type\":\"PropertyValueSpecification\",\"valueRequired\":true,\"valueName\":\"search_term_string\"}}],\"inLanguage\":\"es\"},{\"@type\":\"Organization\",\"@id\":\"https:\\\/\\\/canal7slp.tv\\\/2022\\\/#organization\",\"name\":\"Noticieros Canal 7\",\"url\":\"https:\\\/\\\/canal7slp.tv\\\/2022\\\/\",\"logo\":{\"@type\":\"ImageObject\",\"inLanguage\":\"es\",\"@id\":\"https:\\\/\\\/canal7slp.tv\\\/2022\\\/#\\\/schema\\\/logo\\\/image\\\/\",\"url\":\"https:\\\/\\\/canal7slp.tv\\\/2022\\\/wp-content\\\/uploads\\\/2021\\\/01\\\/logo-noticieros@2x.png\",\"contentUrl\":\"https:\\\/\\\/canal7slp.tv\\\/2022\\\/wp-content\\\/uploads\\\/2021\\\/01\\\/logo-noticieros@2x.png\",\"width\":1017,\"height\":268,\"caption\":\"Noticieros Canal 7\"},\"image\":{\"@id\":\"https:\\\/\\\/canal7slp.tv\\\/2022\\\/#\\\/schema\\\/logo\\\/image\\\/\"},\"sameAs\":[\"https:\\\/\\\/www.facebook.com\\\/noticieroscanalsiete\",\"https:\\\/\\\/x.com\\\/NOTICIEROS7\",\"https:\\\/\\\/www.instagram.com\\\/canal7_slp\",\"https:\\\/\\\/www.youtube.com\\\/channel\\\/UCliiYs-gP3JfJeqdPrNdd5A\"]},{\"@type\":\"Person\",\"@id\":\"https:\\\/\\\/canal7slp.tv\\\/2022\\\/#\\\/schema\\\/person\\\/429704152a21f5f856ce29aa69a238da\",\"name\":\"Edici\u00f3n Web\",\"image\":{\"@type\":\"ImageObject\",\"inLanguage\":\"es\",\"@id\":\"https:\\\/\\\/secure.gravatar.com\\\/avatar\\\/eee448fc3f7164808013b816ba91ac7e43bbe82a70bebac296f8bc6f0addaa1a?s=96&d=mm&r=g\",\"url\":\"https:\\\/\\\/secure.gravatar.com\\\/avatar\\\/eee448fc3f7164808013b816ba91ac7e43bbe82a70bebac296f8bc6f0addaa1a?s=96&d=mm&r=g\",\"contentUrl\":\"https:\\\/\\\/secure.gravatar.com\\\/avatar\\\/eee448fc3f7164808013b816ba91ac7e43bbe82a70bebac296f8bc6f0addaa1a?s=96&d=mm&r=g\",\"caption\":\"Edici\u00f3n Web\"},\"url\":\"https:\\\/\\\/canal7slp.tv\\\/2022\\\/author\\\/edicionweb\\\/\"}]}<\/script>\n<!-- \/ Yoast SEO plugin. -->","yoast_head_json":{"title":"Protestan padres de familia por violento desalojo de profesor en preparatoria. - Canal 7 SLP - 2022","robots":{"index":"index","follow":"follow","max-snippet":"max-snippet:-1","max-image-preview":"max-image-preview:large","max-video-preview":"max-video-preview:-1"},"canonical":"https:\/\/canal7slp.tv\/2022\/protestan-padres-de-familia-por-violento-desalojo-de-profesor-en-preparatoria\/","og_locale":"es_ES","og_type":"article","og_title":"Protestan padres de familia por violento desalojo de profesor en preparatoria. - Canal 7 SLP - 2022","og_description":"SLP.- Padres de familia de la Escuela Preparatoria \u201cProfesor Jos\u00e9 C\u00e9sar Cruz Sandoval\u201d denunciaron la manera violenta en la que fue sacado del plantel el profesor Rosendo L\u00f3pez, subdirector de esta instituci\u00f3n, por parte de elementos de la Polic\u00eda Municipal. Se\u00f1alan que presuntamente el profesor fue sacado del plantel por faltas administrativas pero reprobaron la manera en que procedieron, al decir que al plantel acudieron elementos de la Guardia Nacional y que al verlos armados y el despliegue operativo que hicieron para llevarse al profesor, caus\u00f3 temor entre el alumnado. En un video subido a redes sociales se capta el [&hellip;]","og_url":"https:\/\/canal7slp.tv\/2022\/protestan-padres-de-familia-por-violento-desalojo-de-profesor-en-preparatoria\/","og_site_name":"Canal 7 SLP - 2022","article_publisher":"https:\/\/www.facebook.com\/noticieroscanalsiete","article_published_time":"2022-04-08T02:39:20+00:00","og_image":[{"width":1280,"height":720,"url":"https:\/\/canal7slp.tv\/2022\/wp-content\/uploads\/2022\/04\/Claudio01Preparatoria.jpg","type":"image\/jpeg"}],"author":"Edici\u00f3n Web","twitter_card":"summary_large_image","twitter_creator":"@NOTICIEROS7","twitter_site":"@NOTICIEROS7","twitter_misc":{"Escrito por":"Edici\u00f3n Web","Tiempo de lectura":"2 minutos"},"schema":{"@context":"https:\/\/schema.org","@graph":[{"@type":"Article","@id":"https:\/\/canal7slp.tv\/2022\/protestan-padres-de-familia-por-violento-desalojo-de-profesor-en-preparatoria\/#article","isPartOf":{"@id":"https:\/\/canal7slp.tv\/2022\/protestan-padres-de-familia-por-violento-desalojo-de-profesor-en-preparatoria\/"},"author":{"name":"Edici\u00f3n Web","@id":"https:\/\/canal7slp.tv\/2022\/#\/schema\/person\/429704152a21f5f856ce29aa69a238da"},"headline":"Protestan padres de familia por violento desalojo de profesor en preparatoria.","datePublished":"2022-04-08T02:39:20+00:00","mainEntityOfPage":{"@id":"https:\/\/canal7slp.tv\/2022\/protestan-padres-de-familia-por-violento-desalojo-de-profesor-en-preparatoria\/"},"wordCount":348,"publisher":{"@id":"https:\/\/canal7slp.tv\/2022\/#organization"},"image":{"@id":"https:\/\/canal7slp.tv\/2022\/protestan-padres-de-familia-por-violento-desalojo-de-profesor-en-preparatoria\/#primaryimage"},"thumbnailUrl":"https:\/\/canal7slp.tv\/2022\/wp-content\/uploads\/2022\/04\/Claudio01Preparatoria.jpg","articleSection":["DESTACADAS","LOCALES Y REGIONALES"],"inLanguage":"es"},{"@type":"WebPage","@id":"https:\/\/canal7slp.tv\/2022\/protestan-padres-de-familia-por-violento-desalojo-de-profesor-en-preparatoria\/","url":"https:\/\/canal7slp.tv\/2022\/protestan-padres-de-familia-por-violento-desalojo-de-profesor-en-preparatoria\/","name":"Protestan padres de familia por violento desalojo de profesor en preparatoria. - Canal 7 SLP - 2022","isPartOf":{"@id":"https:\/\/canal7slp.tv\/2022\/#website"},"primaryImageOfPage":{"@id":"https:\/\/canal7slp.tv\/2022\/protestan-padres-de-familia-por-violento-desalojo-de-profesor-en-preparatoria\/#primaryimage"},"image":{"@id":"https:\/\/canal7slp.tv\/2022\/protestan-padres-de-familia-por-violento-desalojo-de-profesor-en-preparatoria\/#primaryimage"},"thumbnailUrl":"https:\/\/canal7slp.tv\/2022\/wp-content\/uploads\/2022\/04\/Claudio01Preparatoria.jpg","datePublished":"2022-04-08T02:39:20+00:00","breadcrumb":{"@id":"https:\/\/canal7slp.tv\/2022\/protestan-padres-de-familia-por-violento-desalojo-de-profesor-en-preparatoria\/#breadcrumb"},"inLanguage":"es","potentialAction":[{"@type":"ReadAction","target":["https:\/\/canal7slp.tv\/2022\/protestan-padres-de-familia-por-violento-desalojo-de-profesor-en-preparatoria\/"]}]},{"@type":"ImageObject","inLanguage":"es","@id":"https:\/\/canal7slp.tv\/2022\/protestan-padres-de-familia-por-violento-desalojo-de-profesor-en-preparatoria\/#primaryimage","url":"https:\/\/canal7slp.tv\/2022\/wp-content\/uploads\/2022\/04\/Claudio01Preparatoria.jpg","contentUrl":"https:\/\/canal7slp.tv\/2022\/wp-content\/uploads\/2022\/04\/Claudio01Preparatoria.jpg","width":1280,"height":720},{"@type":"BreadcrumbList","@id":"https:\/\/canal7slp.tv\/2022\/protestan-padres-de-familia-por-violento-desalojo-de-profesor-en-preparatoria\/#breadcrumb","itemListElement":[{"@type":"ListItem","position":1,"name":"Portada","item":"https:\/\/canal7slp.tv\/2022\/"},{"@type":"ListItem","position":2,"name":"Protestan padres de familia por violento desalojo de profesor en preparatoria."}]},{"@type":"WebSite","@id":"https:\/\/canal7slp.tv\/2022\/#website","url":"https:\/\/canal7slp.tv\/2022\/","name":"N7 - Noticieros Canal 7","description":"Somos Televisi\u00f3n","publisher":{"@id":"https:\/\/canal7slp.tv\/2022\/#organization"},"potentialAction":[{"@type":"SearchAction","target":{"@type":"EntryPoint","urlTemplate":"https:\/\/canal7slp.tv\/2022\/?s={search_term_string}"},"query-input":{"@type":"PropertyValueSpecification","valueRequired":true,"valueName":"search_term_string"}}],"inLanguage":"es"},{"@type":"Organization","@id":"https:\/\/canal7slp.tv\/2022\/#organization","name":"Noticieros Canal 7","url":"https:\/\/canal7slp.tv\/2022\/","logo":{"@type":"ImageObject","inLanguage":"es","@id":"https:\/\/canal7slp.tv\/2022\/#\/schema\/logo\/image\/","url":"https:\/\/canal7slp.tv\/2022\/wp-content\/uploads\/2021\/01\/logo-noticieros@2x.png","contentUrl":"https:\/\/canal7slp.tv\/2022\/wp-content\/uploads\/2021\/01\/logo-noticieros@2x.png","width":1017,"height":268,"caption":"Noticieros Canal 7"},"image":{"@id":"https:\/\/canal7slp.tv\/2022\/#\/schema\/logo\/image\/"},"sameAs":["https:\/\/www.facebook.com\/noticieroscanalsiete","https:\/\/x.com\/NOTICIEROS7","https:\/\/www.instagram.com\/canal7_slp","https:\/\/www.youtube.com\/channel\/UCliiYs-gP3JfJeqdPrNdd5A"]},{"@type":"Person","@id":"https:\/\/canal7slp.tv\/2022\/#\/schema\/person\/429704152a21f5f856ce29aa69a238da","name":"Edici\u00f3n Web","image":{"@type":"ImageObject","inLanguage":"es","@id":"https:\/\/secure.gravatar.com\/avatar\/eee448fc3f7164808013b816ba91ac7e43bbe82a70bebac296f8bc6f0addaa1a?s=96&d=mm&r=g","url":"https:\/\/secure.gravatar.com\/avatar\/eee448fc3f7164808013b816ba91ac7e43bbe82a70bebac296f8bc6f0addaa1a?s=96&d=mm&r=g","contentUrl":"https:\/\/secure.gravatar.com\/avatar\/eee448fc3f7164808013b816ba91ac7e43bbe82a70bebac296f8bc6f0addaa1a?s=96&d=mm&r=g","caption":"Edici\u00f3n Web"},"url":"https:\/\/canal7slp.tv\/2022\/author\/edicionweb\/"}]}},"amp_enabled":true,"_links":{"self":[{"href":"https:\/\/canal7slp.tv\/2022\/wp-json\/wp\/v2\/posts\/56677","targetHints":{"allow":["GET"]}}],"collection":[{"href":"https:\/\/canal7slp.tv\/2022\/wp-json\/wp\/v2\/posts"}],"about":[{"href":"https:\/\/canal7slp.tv\/2022\/wp-json\/wp\/v2\/types\/post"}],"author":[{"embeddable":true,"href":"https:\/\/canal7slp.tv\/2022\/wp-json\/wp\/v2\/users\/2"}],"replies":[{"embeddable":true,"href":"https:\/\/canal7slp.tv\/2022\/wp-json\/wp\/v2\/comments?post=56677"}],"version-history":[{"count":2,"href":"https:\/\/canal7slp.tv\/2022\/wp-json\/wp\/v2\/posts\/56677\/revisions"}],"predecessor-version":[{"id":56703,"href":"https:\/\/canal7slp.tv\/2022\/wp-json\/wp\/v2\/posts\/56677\/revisions\/56703"}],"wp:featuredmedia":[{"embeddable":true,"href":"https:\/\/canal7slp.tv\/2022\/wp-json\/wp\/v2\/media\/56704"}],"wp:attachment":[{"href":"https:\/\/canal7slp.tv\/2022\/wp-json\/wp\/v2\/media?parent=56677"}],"wp:term":[{"taxonomy":"category","embeddable":true,"href":"https:\/\/canal7slp.tv\/2022\/wp-json\/wp\/v2\/categories?post=56677"},{"taxonomy":"post_tag","embeddable":true,"href":"https:\/\/canal7slp.tv\/2022\/wp-json\/wp\/v2\/tags?post=56677"}],"curies":[{"name":"wp","href":"https:\/\/api.w.org\/{rel}","templated":true}]}}