{"id":56644,"date":"2022-04-07T17:40:21","date_gmt":"2022-04-07T23:40:21","guid":{"rendered":"https:\/\/canal7slp.tv\/2022\/?p=56644"},"modified":"2022-04-07T17:40:21","modified_gmt":"2022-04-07T23:40:21","slug":"inflacion-eleva-a-su-mayor-nivel-en-21-anos","status":"publish","type":"post","link":"https:\/\/canal7slp.tv\/2022\/inflacion-eleva-a-su-mayor-nivel-en-21-anos\/","title":{"rendered":"Inflaci\u00f3n eleva a su mayor nivel en 21 a\u00f1os."},"content":{"rendered":"<p style=\"text-align: justify;\">SLP.- La inflaci\u00f3n de marzo se ubic\u00f3 en 7.45% con lo cual es la cifra m\u00e1s alta para el tercer mes del a\u00f1o desde 2001 cuando se registr\u00f3 7.17 por ciento. En comparaci\u00f3n mensual con febrero se aceler\u00f3 0.99%, de acuerdo con el Instituto Nacional de Estad\u00edstica y Geograf\u00eda (Inegi).<\/p>\n<p style=\"text-align: justify;\">El \u00cdndice Nacional de Precios al Consumidor (INPC) estuvo por encima de las expectativas del mercado. La Encuesta de Citibanamex estim\u00f3 7.34%, mientras que el sondeo de Reuters proyect\u00f3 7.36 por ciento.<\/p>\n<p style=\"text-align: justify;\">El dato represent\u00f3 el segundo incremento consecutivo en la inflaci\u00f3n mensual dado que en enero y febrero se registraron tasas de 7.07 y 7.28%, respectivamente.<\/p>\n<p style=\"text-align: justify;\">El Banco de M\u00e9xico elev\u00f3 el mes pasado en 50 puntos base la tasa interbancaria de referencia para dejarla en 6.50%, fue su s\u00e9ptima alza consecutiva. El banco central destac\u00f3 mayores riesgos para la inflaci\u00f3n debido al conflicto entre Rusia y Ucrania.<\/p>\n<p style=\"text-align: justify;\">Cabe recordar que la inflaci\u00f3n se ha ubicado 13 meses consecutivos por encima del rango objetivo fijado por el Banco de M\u00e9xico (3%, +\/- un punto porcentual). Adem\u00e1s, es la sexta vez, de manera consecutiva, que la inflaci\u00f3n se ubica por arriba del techo de 7 por ciento.<\/p>\n<p style=\"text-align: justify;\">El Inegi tambi\u00e9n revel\u00f3 que la inflaci\u00f3n subyacente, que elimina del c\u00e1lculo los bienes y servicios con precios m\u00e1s vol\u00e1tiles, se ubic\u00f3 en 6.78%, la cifra m\u00e1s alta para un mes de marzo desde el 2001 cuando se registr\u00f3 6.84 por ciento. Este dato estuvo arriba de lo proyectado por Reuters 6.70 por ciento.<\/p>\n<p style=\"text-align: justify;\">Los precios de las mercanc\u00edas aumentaron 8.69% en su comparaci\u00f3n anual, mientras que los servicios mostraron un alza de 4.62% en comparaci\u00f3n con el mismo periodo del a\u00f1o pasado.<\/p>\n<p style=\"text-align: justify;\">Mientras que la inflaci\u00f3n no subyacente se aceler\u00f3 1.79% en comparaci\u00f3n con febrero, el dato anual fue de 9.45 por ciento. Al interior, los agropecuarios fueron la mayor presi\u00f3n, con un alza de precios de 16.12 por ciento.<\/p>\n<p style=\"text-align: justify;\">En tanto, los energ\u00e9ticos y las tarifas autorizadas por el gobierno mostraron una tasa anual de 4.73 por ciento.<\/p>\n<p style=\"text-align: justify;\">Por: Luis de Regil<\/p>\n","protected":false},"excerpt":{"rendered":"<p>SLP.- La inflaci\u00f3n de marzo se ubic\u00f3 en 7.45% con lo cual es la cifra m\u00e1s alta para el tercer mes del a\u00f1o desde 2001 cuando se registr\u00f3 7.17 por ciento. En comparaci\u00f3n mensual con febrero se aceler\u00f3 0.99%, de acuerdo con el Instituto Nacional de Estad\u00edstica y Geograf\u00eda (Inegi). El \u00cdndice Nacional de Precios al Consumidor (INPC) estuvo por encima de las expectativas del mercado. La Encuesta de Citibanamex estim\u00f3 7.34%, mientras que el sondeo de Reuters proyect\u00f3 7.36 por ciento. El dato represent\u00f3 el segundo incremento consecutivo en la inflaci\u00f3n mensual dado que en enero y febrero se [&hellip;]<\/p>\n","protected":false},"author":2,"featured_media":56686,"comment_status":"closed","ping_status":"closed","sticky":false,"template":"","format":"video","meta":{"footnotes":""},"categories":[5,45],"tags":[],"class_list":["post-56644","post","type-post","status-publish","format-video","has-post-thumbnail","hentry","category-destacadas","category-localesyregionales","post_format-post-format-video","post--single"],"yoast_head":"<!-- This site is optimized with the Yoast SEO plugin v27.4 - https:\/\/yoast.com\/product\/yoast-seo-wordpress\/ -->\n<title>Inflaci\u00f3n eleva a su mayor nivel en 21 a\u00f1os. - Canal 7 SLP - 2022<\/title>\n<meta name=\"robots\" content=\"index, follow, max-snippet:-1, max-image-preview:large, max-video-preview:-1\" \/>\n<link rel=\"canonical\" href=\"https:\/\/canal7slp.tv\/2022\/inflacion-eleva-a-su-mayor-nivel-en-21-anos\/\" \/>\n<meta property=\"og:locale\" content=\"es_ES\" \/>\n<meta property=\"og:type\" content=\"article\" \/>\n<meta property=\"og:title\" content=\"Inflaci\u00f3n eleva a su mayor nivel en 21 a\u00f1os. - Canal 7 SLP - 2022\" \/>\n<meta property=\"og:description\" content=\"SLP.- La inflaci\u00f3n de marzo se ubic\u00f3 en 7.45% con lo cual es la cifra m\u00e1s alta para el tercer mes del a\u00f1o desde 2001 cuando se registr\u00f3 7.17 por ciento. En comparaci\u00f3n mensual con febrero se aceler\u00f3 0.99%, de acuerdo con el Instituto Nacional de Estad\u00edstica y Geograf\u00eda (Inegi). El \u00cdndice Nacional de Precios al Consumidor (INPC) estuvo por encima de las expectativas del mercado. La Encuesta de Citibanamex estim\u00f3 7.34%, mientras que el sondeo de Reuters proyect\u00f3 7.36 por ciento. El dato represent\u00f3 el segundo incremento consecutivo en la inflaci\u00f3n mensual dado que en enero y febrero se [&hellip;]\" \/>\n<meta property=\"og:url\" content=\"https:\/\/canal7slp.tv\/2022\/inflacion-eleva-a-su-mayor-nivel-en-21-anos\/\" \/>\n<meta property=\"og:site_name\" content=\"Canal 7 SLP - 2022\" \/>\n<meta property=\"article:publisher\" content=\"https:\/\/www.facebook.com\/noticieroscanalsiete\" \/>\n<meta property=\"article:published_time\" content=\"2022-04-07T23:40:21+00:00\" \/>\n<meta property=\"og:image\" content=\"https:\/\/canal7slp.tv\/2022\/wp-content\/uploads\/2022\/04\/Claudio02Inflacion.jpg\" \/>\n\t<meta property=\"og:image:width\" content=\"888\" \/>\n\t<meta property=\"og:image:height\" content=\"500\" \/>\n\t<meta property=\"og:image:type\" content=\"image\/jpeg\" \/>\n<meta name=\"author\" content=\"Edici\u00f3n Web\" \/>\n<meta name=\"twitter:card\" content=\"summary_large_image\" \/>\n<meta name=\"twitter:creator\" content=\"@NOTICIEROS7\" \/>\n<meta name=\"twitter:site\" content=\"@NOTICIEROS7\" \/>\n<meta name=\"twitter:label1\" content=\"Escrito por\" \/>\n\t<meta name=\"twitter:data1\" content=\"Edici\u00f3n Web\" \/>\n\t<meta name=\"twitter:label2\" content=\"Tiempo de lectura\" \/>\n\t<meta name=\"twitter:data2\" content=\"2 minutos\" \/>\n<script type=\"application\/ld+json\" class=\"yoast-schema-graph\">{\"@context\":\"https:\\\/\\\/schema.org\",\"@graph\":[{\"@type\":\"Article\",\"@id\":\"https:\\\/\\\/canal7slp.tv\\\/2022\\\/inflacion-eleva-a-su-mayor-nivel-en-21-anos\\\/#article\",\"isPartOf\":{\"@id\":\"https:\\\/\\\/canal7slp.tv\\\/2022\\\/inflacion-eleva-a-su-mayor-nivel-en-21-anos\\\/\"},\"author\":{\"name\":\"Edici\u00f3n Web\",\"@id\":\"https:\\\/\\\/canal7slp.tv\\\/2022\\\/#\\\/schema\\\/person\\\/429704152a21f5f856ce29aa69a238da\"},\"headline\":\"Inflaci\u00f3n eleva a su mayor nivel en 21 a\u00f1os.\",\"datePublished\":\"2022-04-07T23:40:21+00:00\",\"mainEntityOfPage\":{\"@id\":\"https:\\\/\\\/canal7slp.tv\\\/2022\\\/inflacion-eleva-a-su-mayor-nivel-en-21-anos\\\/\"},\"wordCount\":357,\"publisher\":{\"@id\":\"https:\\\/\\\/canal7slp.tv\\\/2022\\\/#organization\"},\"image\":{\"@id\":\"https:\\\/\\\/canal7slp.tv\\\/2022\\\/inflacion-eleva-a-su-mayor-nivel-en-21-anos\\\/#primaryimage\"},\"thumbnailUrl\":\"https:\\\/\\\/canal7slp.tv\\\/2022\\\/wp-content\\\/uploads\\\/2022\\\/04\\\/Claudio02Inflacion.jpg\",\"articleSection\":[\"DESTACADAS\",\"LOCALES Y REGIONALES\"],\"inLanguage\":\"es\"},{\"@type\":\"WebPage\",\"@id\":\"https:\\\/\\\/canal7slp.tv\\\/2022\\\/inflacion-eleva-a-su-mayor-nivel-en-21-anos\\\/\",\"url\":\"https:\\\/\\\/canal7slp.tv\\\/2022\\\/inflacion-eleva-a-su-mayor-nivel-en-21-anos\\\/\",\"name\":\"Inflaci\u00f3n eleva a su mayor nivel en 21 a\u00f1os. - Canal 7 SLP - 2022\",\"isPartOf\":{\"@id\":\"https:\\\/\\\/canal7slp.tv\\\/2022\\\/#website\"},\"primaryImageOfPage\":{\"@id\":\"https:\\\/\\\/canal7slp.tv\\\/2022\\\/inflacion-eleva-a-su-mayor-nivel-en-21-anos\\\/#primaryimage\"},\"image\":{\"@id\":\"https:\\\/\\\/canal7slp.tv\\\/2022\\\/inflacion-eleva-a-su-mayor-nivel-en-21-anos\\\/#primaryimage\"},\"thumbnailUrl\":\"https:\\\/\\\/canal7slp.tv\\\/2022\\\/wp-content\\\/uploads\\\/2022\\\/04\\\/Claudio02Inflacion.jpg\",\"datePublished\":\"2022-04-07T23:40:21+00:00\",\"breadcrumb\":{\"@id\":\"https:\\\/\\\/canal7slp.tv\\\/2022\\\/inflacion-eleva-a-su-mayor-nivel-en-21-anos\\\/#breadcrumb\"},\"inLanguage\":\"es\",\"potentialAction\":[{\"@type\":\"ReadAction\",\"target\":[\"https:\\\/\\\/canal7slp.tv\\\/2022\\\/inflacion-eleva-a-su-mayor-nivel-en-21-anos\\\/\"]}]},{\"@type\":\"ImageObject\",\"inLanguage\":\"es\",\"@id\":\"https:\\\/\\\/canal7slp.tv\\\/2022\\\/inflacion-eleva-a-su-mayor-nivel-en-21-anos\\\/#primaryimage\",\"url\":\"https:\\\/\\\/canal7slp.tv\\\/2022\\\/wp-content\\\/uploads\\\/2022\\\/04\\\/Claudio02Inflacion.jpg\",\"contentUrl\":\"https:\\\/\\\/canal7slp.tv\\\/2022\\\/wp-content\\\/uploads\\\/2022\\\/04\\\/Claudio02Inflacion.jpg\",\"width\":888,\"height\":500},{\"@type\":\"BreadcrumbList\",\"@id\":\"https:\\\/\\\/canal7slp.tv\\\/2022\\\/inflacion-eleva-a-su-mayor-nivel-en-21-anos\\\/#breadcrumb\",\"itemListElement\":[{\"@type\":\"ListItem\",\"position\":1,\"name\":\"Portada\",\"item\":\"https:\\\/\\\/canal7slp.tv\\\/2022\\\/\"},{\"@type\":\"ListItem\",\"position\":2,\"name\":\"Inflaci\u00f3n eleva a su mayor nivel en 21 a\u00f1os.\"}]},{\"@type\":\"WebSite\",\"@id\":\"https:\\\/\\\/canal7slp.tv\\\/2022\\\/#website\",\"url\":\"https:\\\/\\\/canal7slp.tv\\\/2022\\\/\",\"name\":\"N7 - Noticieros Canal 7\",\"description\":\"Somos Televisi\u00f3n\",\"publisher\":{\"@id\":\"https:\\\/\\\/canal7slp.tv\\\/2022\\\/#organization\"},\"potentialAction\":[{\"@type\":\"SearchAction\",\"target\":{\"@type\":\"EntryPoint\",\"urlTemplate\":\"https:\\\/\\\/canal7slp.tv\\\/2022\\\/?s={search_term_string}\"},\"query-input\":{\"@type\":\"PropertyValueSpecification\",\"valueRequired\":true,\"valueName\":\"search_term_string\"}}],\"inLanguage\":\"es\"},{\"@type\":\"Organization\",\"@id\":\"https:\\\/\\\/canal7slp.tv\\\/2022\\\/#organization\",\"name\":\"Noticieros Canal 7\",\"url\":\"https:\\\/\\\/canal7slp.tv\\\/2022\\\/\",\"logo\":{\"@type\":\"ImageObject\",\"inLanguage\":\"es\",\"@id\":\"https:\\\/\\\/canal7slp.tv\\\/2022\\\/#\\\/schema\\\/logo\\\/image\\\/\",\"url\":\"https:\\\/\\\/canal7slp.tv\\\/2022\\\/wp-content\\\/uploads\\\/2021\\\/01\\\/logo-noticieros@2x.png\",\"contentUrl\":\"https:\\\/\\\/canal7slp.tv\\\/2022\\\/wp-content\\\/uploads\\\/2021\\\/01\\\/logo-noticieros@2x.png\",\"width\":1017,\"height\":268,\"caption\":\"Noticieros Canal 7\"},\"image\":{\"@id\":\"https:\\\/\\\/canal7slp.tv\\\/2022\\\/#\\\/schema\\\/logo\\\/image\\\/\"},\"sameAs\":[\"https:\\\/\\\/www.facebook.com\\\/noticieroscanalsiete\",\"https:\\\/\\\/x.com\\\/NOTICIEROS7\",\"https:\\\/\\\/www.instagram.com\\\/canal7_slp\",\"https:\\\/\\\/www.youtube.com\\\/channel\\\/UCliiYs-gP3JfJeqdPrNdd5A\"]},{\"@type\":\"Person\",\"@id\":\"https:\\\/\\\/canal7slp.tv\\\/2022\\\/#\\\/schema\\\/person\\\/429704152a21f5f856ce29aa69a238da\",\"name\":\"Edici\u00f3n Web\",\"image\":{\"@type\":\"ImageObject\",\"inLanguage\":\"es\",\"@id\":\"https:\\\/\\\/secure.gravatar.com\\\/avatar\\\/eee448fc3f7164808013b816ba91ac7e43bbe82a70bebac296f8bc6f0addaa1a?s=96&d=mm&r=g\",\"url\":\"https:\\\/\\\/secure.gravatar.com\\\/avatar\\\/eee448fc3f7164808013b816ba91ac7e43bbe82a70bebac296f8bc6f0addaa1a?s=96&d=mm&r=g\",\"contentUrl\":\"https:\\\/\\\/secure.gravatar.com\\\/avatar\\\/eee448fc3f7164808013b816ba91ac7e43bbe82a70bebac296f8bc6f0addaa1a?s=96&d=mm&r=g\",\"caption\":\"Edici\u00f3n Web\"},\"url\":\"https:\\\/\\\/canal7slp.tv\\\/2022\\\/author\\\/edicionweb\\\/\"}]}<\/script>\n<!-- \/ Yoast SEO plugin. -->","yoast_head_json":{"title":"Inflaci\u00f3n eleva a su mayor nivel en 21 a\u00f1os. - Canal 7 SLP - 2022","robots":{"index":"index","follow":"follow","max-snippet":"max-snippet:-1","max-image-preview":"max-image-preview:large","max-video-preview":"max-video-preview:-1"},"canonical":"https:\/\/canal7slp.tv\/2022\/inflacion-eleva-a-su-mayor-nivel-en-21-anos\/","og_locale":"es_ES","og_type":"article","og_title":"Inflaci\u00f3n eleva a su mayor nivel en 21 a\u00f1os. - Canal 7 SLP - 2022","og_description":"SLP.- La inflaci\u00f3n de marzo se ubic\u00f3 en 7.45% con lo cual es la cifra m\u00e1s alta para el tercer mes del a\u00f1o desde 2001 cuando se registr\u00f3 7.17 por ciento. En comparaci\u00f3n mensual con febrero se aceler\u00f3 0.99%, de acuerdo con el Instituto Nacional de Estad\u00edstica y Geograf\u00eda (Inegi). El \u00cdndice Nacional de Precios al Consumidor (INPC) estuvo por encima de las expectativas del mercado. La Encuesta de Citibanamex estim\u00f3 7.34%, mientras que el sondeo de Reuters proyect\u00f3 7.36 por ciento. El dato represent\u00f3 el segundo incremento consecutivo en la inflaci\u00f3n mensual dado que en enero y febrero se [&hellip;]","og_url":"https:\/\/canal7slp.tv\/2022\/inflacion-eleva-a-su-mayor-nivel-en-21-anos\/","og_site_name":"Canal 7 SLP - 2022","article_publisher":"https:\/\/www.facebook.com\/noticieroscanalsiete","article_published_time":"2022-04-07T23:40:21+00:00","og_image":[{"width":888,"height":500,"url":"https:\/\/canal7slp.tv\/2022\/wp-content\/uploads\/2022\/04\/Claudio02Inflacion.jpg","type":"image\/jpeg"}],"author":"Edici\u00f3n Web","twitter_card":"summary_large_image","twitter_creator":"@NOTICIEROS7","twitter_site":"@NOTICIEROS7","twitter_misc":{"Escrito por":"Edici\u00f3n Web","Tiempo de lectura":"2 minutos"},"schema":{"@context":"https:\/\/schema.org","@graph":[{"@type":"Article","@id":"https:\/\/canal7slp.tv\/2022\/inflacion-eleva-a-su-mayor-nivel-en-21-anos\/#article","isPartOf":{"@id":"https:\/\/canal7slp.tv\/2022\/inflacion-eleva-a-su-mayor-nivel-en-21-anos\/"},"author":{"name":"Edici\u00f3n Web","@id":"https:\/\/canal7slp.tv\/2022\/#\/schema\/person\/429704152a21f5f856ce29aa69a238da"},"headline":"Inflaci\u00f3n eleva a su mayor nivel en 21 a\u00f1os.","datePublished":"2022-04-07T23:40:21+00:00","mainEntityOfPage":{"@id":"https:\/\/canal7slp.tv\/2022\/inflacion-eleva-a-su-mayor-nivel-en-21-anos\/"},"wordCount":357,"publisher":{"@id":"https:\/\/canal7slp.tv\/2022\/#organization"},"image":{"@id":"https:\/\/canal7slp.tv\/2022\/inflacion-eleva-a-su-mayor-nivel-en-21-anos\/#primaryimage"},"thumbnailUrl":"https:\/\/canal7slp.tv\/2022\/wp-content\/uploads\/2022\/04\/Claudio02Inflacion.jpg","articleSection":["DESTACADAS","LOCALES Y REGIONALES"],"inLanguage":"es"},{"@type":"WebPage","@id":"https:\/\/canal7slp.tv\/2022\/inflacion-eleva-a-su-mayor-nivel-en-21-anos\/","url":"https:\/\/canal7slp.tv\/2022\/inflacion-eleva-a-su-mayor-nivel-en-21-anos\/","name":"Inflaci\u00f3n eleva a su mayor nivel en 21 a\u00f1os. - Canal 7 SLP - 2022","isPartOf":{"@id":"https:\/\/canal7slp.tv\/2022\/#website"},"primaryImageOfPage":{"@id":"https:\/\/canal7slp.tv\/2022\/inflacion-eleva-a-su-mayor-nivel-en-21-anos\/#primaryimage"},"image":{"@id":"https:\/\/canal7slp.tv\/2022\/inflacion-eleva-a-su-mayor-nivel-en-21-anos\/#primaryimage"},"thumbnailUrl":"https:\/\/canal7slp.tv\/2022\/wp-content\/uploads\/2022\/04\/Claudio02Inflacion.jpg","datePublished":"2022-04-07T23:40:21+00:00","breadcrumb":{"@id":"https:\/\/canal7slp.tv\/2022\/inflacion-eleva-a-su-mayor-nivel-en-21-anos\/#breadcrumb"},"inLanguage":"es","potentialAction":[{"@type":"ReadAction","target":["https:\/\/canal7slp.tv\/2022\/inflacion-eleva-a-su-mayor-nivel-en-21-anos\/"]}]},{"@type":"ImageObject","inLanguage":"es","@id":"https:\/\/canal7slp.tv\/2022\/inflacion-eleva-a-su-mayor-nivel-en-21-anos\/#primaryimage","url":"https:\/\/canal7slp.tv\/2022\/wp-content\/uploads\/2022\/04\/Claudio02Inflacion.jpg","contentUrl":"https:\/\/canal7slp.tv\/2022\/wp-content\/uploads\/2022\/04\/Claudio02Inflacion.jpg","width":888,"height":500},{"@type":"BreadcrumbList","@id":"https:\/\/canal7slp.tv\/2022\/inflacion-eleva-a-su-mayor-nivel-en-21-anos\/#breadcrumb","itemListElement":[{"@type":"ListItem","position":1,"name":"Portada","item":"https:\/\/canal7slp.tv\/2022\/"},{"@type":"ListItem","position":2,"name":"Inflaci\u00f3n eleva a su mayor nivel en 21 a\u00f1os."}]},{"@type":"WebSite","@id":"https:\/\/canal7slp.tv\/2022\/#website","url":"https:\/\/canal7slp.tv\/2022\/","name":"N7 - Noticieros Canal 7","description":"Somos Televisi\u00f3n","publisher":{"@id":"https:\/\/canal7slp.tv\/2022\/#organization"},"potentialAction":[{"@type":"SearchAction","target":{"@type":"EntryPoint","urlTemplate":"https:\/\/canal7slp.tv\/2022\/?s={search_term_string}"},"query-input":{"@type":"PropertyValueSpecification","valueRequired":true,"valueName":"search_term_string"}}],"inLanguage":"es"},{"@type":"Organization","@id":"https:\/\/canal7slp.tv\/2022\/#organization","name":"Noticieros Canal 7","url":"https:\/\/canal7slp.tv\/2022\/","logo":{"@type":"ImageObject","inLanguage":"es","@id":"https:\/\/canal7slp.tv\/2022\/#\/schema\/logo\/image\/","url":"https:\/\/canal7slp.tv\/2022\/wp-content\/uploads\/2021\/01\/logo-noticieros@2x.png","contentUrl":"https:\/\/canal7slp.tv\/2022\/wp-content\/uploads\/2021\/01\/logo-noticieros@2x.png","width":1017,"height":268,"caption":"Noticieros Canal 7"},"image":{"@id":"https:\/\/canal7slp.tv\/2022\/#\/schema\/logo\/image\/"},"sameAs":["https:\/\/www.facebook.com\/noticieroscanalsiete","https:\/\/x.com\/NOTICIEROS7","https:\/\/www.instagram.com\/canal7_slp","https:\/\/www.youtube.com\/channel\/UCliiYs-gP3JfJeqdPrNdd5A"]},{"@type":"Person","@id":"https:\/\/canal7slp.tv\/2022\/#\/schema\/person\/429704152a21f5f856ce29aa69a238da","name":"Edici\u00f3n Web","image":{"@type":"ImageObject","inLanguage":"es","@id":"https:\/\/secure.gravatar.com\/avatar\/eee448fc3f7164808013b816ba91ac7e43bbe82a70bebac296f8bc6f0addaa1a?s=96&d=mm&r=g","url":"https:\/\/secure.gravatar.com\/avatar\/eee448fc3f7164808013b816ba91ac7e43bbe82a70bebac296f8bc6f0addaa1a?s=96&d=mm&r=g","contentUrl":"https:\/\/secure.gravatar.com\/avatar\/eee448fc3f7164808013b816ba91ac7e43bbe82a70bebac296f8bc6f0addaa1a?s=96&d=mm&r=g","caption":"Edici\u00f3n Web"},"url":"https:\/\/canal7slp.tv\/2022\/author\/edicionweb\/"}]}},"amp_enabled":true,"_links":{"self":[{"href":"https:\/\/canal7slp.tv\/2022\/wp-json\/wp\/v2\/posts\/56644","targetHints":{"allow":["GET"]}}],"collection":[{"href":"https:\/\/canal7slp.tv\/2022\/wp-json\/wp\/v2\/posts"}],"about":[{"href":"https:\/\/canal7slp.tv\/2022\/wp-json\/wp\/v2\/types\/post"}],"author":[{"embeddable":true,"href":"https:\/\/canal7slp.tv\/2022\/wp-json\/wp\/v2\/users\/2"}],"replies":[{"embeddable":true,"href":"https:\/\/canal7slp.tv\/2022\/wp-json\/wp\/v2\/comments?post=56644"}],"version-history":[{"count":2,"href":"https:\/\/canal7slp.tv\/2022\/wp-json\/wp\/v2\/posts\/56644\/revisions"}],"predecessor-version":[{"id":56687,"href":"https:\/\/canal7slp.tv\/2022\/wp-json\/wp\/v2\/posts\/56644\/revisions\/56687"}],"wp:featuredmedia":[{"embeddable":true,"href":"https:\/\/canal7slp.tv\/2022\/wp-json\/wp\/v2\/media\/56686"}],"wp:attachment":[{"href":"https:\/\/canal7slp.tv\/2022\/wp-json\/wp\/v2\/media?parent=56644"}],"wp:term":[{"taxonomy":"category","embeddable":true,"href":"https:\/\/canal7slp.tv\/2022\/wp-json\/wp\/v2\/categories?post=56644"},{"taxonomy":"post_tag","embeddable":true,"href":"https:\/\/canal7slp.tv\/2022\/wp-json\/wp\/v2\/tags?post=56644"}],"curies":[{"name":"wp","href":"https:\/\/api.w.org\/{rel}","templated":true}]}}