{"id":56633,"date":"2022-04-07T17:00:59","date_gmt":"2022-04-07T23:00:59","guid":{"rendered":"https:\/\/canal7slp.tv\/2022\/?p=56633"},"modified":"2022-04-07T17:00:59","modified_gmt":"2022-04-07T23:00:59","slug":"presentacion-de-coros-danza-la-procesion-del-silencio-y-la-quema-de-judas-parte-del-menu-cultural-para-los-potosinos","status":"publish","type":"post","link":"https:\/\/canal7slp.tv\/2022\/presentacion-de-coros-danza-la-procesion-del-silencio-y-la-quema-de-judas-parte-del-menu-cultural-para-los-potosinos\/","title":{"rendered":"Presentaci\u00f3n de coros, danza, la Procesi\u00f3n del Silencio y la Quema de Judas&#8230; parte del men\u00fa cultural para los potosinos."},"content":{"rendered":"<ul>\n<li>Diversas actividades se desarrollar\u00e1n en la entidad desde este viernes ocho de abril.<\/li>\n<\/ul>\n<p style=\"text-align: justify;\">SLP.- En rueda de prensa, la Secretar\u00eda de Cultura del Gobierno del Estado de San Luis Potos\u00ed present\u00f3 las actividades que se tienen agendadas para esta pr\u00f3xima Semana Santa y que denominaron como \u00abMen\u00fa Cultural\u00bb.<\/p>\n<p style=\"text-align: justify;\">El programa como tal inicia este viernes 8 de abril y culmina el d\u00eda 24 del mismo mes, incluye diversos eventos art\u00edsticos como coros, sones, danza, la tradicional Procesi\u00f3n del Silencio y la quema de judas.<\/p>\n<p style=\"text-align: justify;\">En el Men\u00fa Cultural destaca el Coro Vuela Alto en tres presentaciones para los d\u00edas 8, 11 y 22 de abril en los templos de San Francisco, Santuario de Guadalupe y Templo del Carmen, respectivamente.<\/p>\n<p style=\"text-align: justify;\">Tambi\u00e9n se presentar\u00e1 la Camerata de San Luis, as\u00ed como el Coro de la Escuela Estatal de Iniciaci\u00f3n Musical \u00abJuli\u00e1n Carrillo\u00bb durante los d\u00edas 11, 12 y 13 de abril en los Templos de Soledad, San Juan de Dios y la Catedral Metropolitana.<\/p>\n<p style=\"text-align: justify;\">Adem\u00e1s, se realizar\u00e1 una presentaci\u00f3n de la Compa\u00f1\u00eda N\u00facleo-danza Esc\u00e9nica con un proyecto abierto a t\u00e9cnicas, tendencias, estilos y m\u00e9todos coreogr\u00e1ficos que permitir\u00e1n la b\u00fasqueda de un lenguaje original a presentarse el 13, 14 y 16 de abril.<\/p>\n<p style=\"text-align: justify;\">La 69\u00b0 Procesi\u00f3n del Silencio destaca para el viernes 15 de abril en punto de las 20:00 horas, una de las tradiciones potosinas con mayor impacto a nivel nacional e internacional.<\/p>\n<p style=\"text-align: justify;\">Durante el s\u00e1bado 16 de abril se contempla la edici\u00f3n 21 de Danzas Aztecas, un encuentro que conjunta grupos de danza ritual que tiene sus ra\u00edces mexicanas tanto prehisp\u00e1nicas como cristianas.<\/p>\n<p style=\"text-align: justify;\">En ese mismo d\u00eda pero a las 20:00 horas, se llevar\u00e1 la elaboraci\u00f3n y quema de Judas en la Plaza del Carmen donde se celebra el triunfo del bien sobre el mal; la quema del Judas surgi\u00f3 en M\u00e9xico hace cientos de a\u00f1os en la \u00e9poca de la colonia para evangelizar a los Ind\u00edgenas.<\/p>\n<p style=\"text-align: justify;\">Para el domingo 17 de abril se tendr\u00e1 la presentaci\u00f3n de 25 Festival del Son en las escalinatas del Teatro de la Paz donde se presentar\u00e1 Chessani, evento con el que se pretende preservar la tradici\u00f3n de la m\u00fasica mexicana con temas sociales, la libertad de expresi\u00f3n, el amor y los sue\u00f1os.<\/p>\n<p style=\"text-align: justify;\">Por: Jos\u00e9 Luis V\u00e1zquez<\/p>\n","protected":false},"excerpt":{"rendered":"<p>Diversas actividades se desarrollar\u00e1n en la entidad desde este viernes ocho de abril. SLP.- En rueda de prensa, la Secretar\u00eda de Cultura del Gobierno del Estado de San Luis Potos\u00ed present\u00f3 las actividades que se tienen agendadas para esta pr\u00f3xima Semana Santa y que denominaron como \u00abMen\u00fa Cultural\u00bb. El programa como tal inicia este viernes 8 de abril y culmina el d\u00eda 24 del mismo mes, incluye diversos eventos art\u00edsticos como coros, sones, danza, la tradicional Procesi\u00f3n del Silencio y la quema de judas. En el Men\u00fa Cultural destaca el Coro Vuela Alto en tres presentaciones para los d\u00edas 8, [&hellip;]<\/p>\n","protected":false},"author":2,"featured_media":56670,"comment_status":"closed","ping_status":"closed","sticky":false,"template":"","format":"video","meta":{"footnotes":""},"categories":[5,510,45],"tags":[],"class_list":["post-56633","post","type-post","status-publish","format-video","has-post-thumbnail","hentry","category-destacadas","category-gobedoslp","category-localesyregionales","post_format-post-format-video","post--single"],"yoast_head":"<!-- This site is optimized with the Yoast SEO plugin v27.4 - https:\/\/yoast.com\/product\/yoast-seo-wordpress\/ -->\n<title>Presentaci\u00f3n de coros, danza, la Procesi\u00f3n del Silencio y la Quema de Judas... parte del men\u00fa cultural para los potosinos. - Canal 7 SLP - 2022<\/title>\n<meta name=\"robots\" content=\"index, follow, max-snippet:-1, max-image-preview:large, max-video-preview:-1\" \/>\n<link rel=\"canonical\" href=\"https:\/\/canal7slp.tv\/2022\/presentacion-de-coros-danza-la-procesion-del-silencio-y-la-quema-de-judas-parte-del-menu-cultural-para-los-potosinos\/\" \/>\n<meta property=\"og:locale\" content=\"es_ES\" \/>\n<meta property=\"og:type\" content=\"article\" \/>\n<meta property=\"og:title\" content=\"Presentaci\u00f3n de coros, danza, la Procesi\u00f3n del Silencio y la Quema de Judas... parte del men\u00fa cultural para los potosinos. - Canal 7 SLP - 2022\" \/>\n<meta property=\"og:description\" content=\"Diversas actividades se desarrollar\u00e1n en la entidad desde este viernes ocho de abril. SLP.- En rueda de prensa, la Secretar\u00eda de Cultura del Gobierno del Estado de San Luis Potos\u00ed present\u00f3 las actividades que se tienen agendadas para esta pr\u00f3xima Semana Santa y que denominaron como \u00abMen\u00fa Cultural\u00bb. El programa como tal inicia este viernes 8 de abril y culmina el d\u00eda 24 del mismo mes, incluye diversos eventos art\u00edsticos como coros, sones, danza, la tradicional Procesi\u00f3n del Silencio y la quema de judas. En el Men\u00fa Cultural destaca el Coro Vuela Alto en tres presentaciones para los d\u00edas 8, [&hellip;]\" \/>\n<meta property=\"og:url\" content=\"https:\/\/canal7slp.tv\/2022\/presentacion-de-coros-danza-la-procesion-del-silencio-y-la-quema-de-judas-parte-del-menu-cultural-para-los-potosinos\/\" \/>\n<meta property=\"og:site_name\" content=\"Canal 7 SLP - 2022\" \/>\n<meta property=\"article:publisher\" content=\"https:\/\/www.facebook.com\/noticieroscanalsiete\" \/>\n<meta property=\"article:published_time\" content=\"2022-04-07T23:00:59+00:00\" \/>\n<meta property=\"og:image\" content=\"https:\/\/canal7slp.tv\/2022\/wp-content\/uploads\/2022\/04\/Vazquez03MenuCultural.jpg\" \/>\n\t<meta property=\"og:image:width\" content=\"888\" \/>\n\t<meta property=\"og:image:height\" content=\"500\" \/>\n\t<meta property=\"og:image:type\" content=\"image\/jpeg\" \/>\n<meta name=\"author\" content=\"Edici\u00f3n Web\" \/>\n<meta name=\"twitter:card\" content=\"summary_large_image\" \/>\n<meta name=\"twitter:creator\" content=\"@NOTICIEROS7\" \/>\n<meta name=\"twitter:site\" content=\"@NOTICIEROS7\" \/>\n<meta name=\"twitter:label1\" content=\"Escrito por\" \/>\n\t<meta name=\"twitter:data1\" content=\"Edici\u00f3n Web\" \/>\n\t<meta name=\"twitter:label2\" content=\"Tiempo de lectura\" \/>\n\t<meta name=\"twitter:data2\" content=\"2 minutos\" \/>\n<script type=\"application\/ld+json\" class=\"yoast-schema-graph\">{\"@context\":\"https:\\\/\\\/schema.org\",\"@graph\":[{\"@type\":\"Article\",\"@id\":\"https:\\\/\\\/canal7slp.tv\\\/2022\\\/presentacion-de-coros-danza-la-procesion-del-silencio-y-la-quema-de-judas-parte-del-menu-cultural-para-los-potosinos\\\/#article\",\"isPartOf\":{\"@id\":\"https:\\\/\\\/canal7slp.tv\\\/2022\\\/presentacion-de-coros-danza-la-procesion-del-silencio-y-la-quema-de-judas-parte-del-menu-cultural-para-los-potosinos\\\/\"},\"author\":{\"name\":\"Edici\u00f3n Web\",\"@id\":\"https:\\\/\\\/canal7slp.tv\\\/2022\\\/#\\\/schema\\\/person\\\/429704152a21f5f856ce29aa69a238da\"},\"headline\":\"Presentaci\u00f3n de coros, danza, la Procesi\u00f3n del Silencio y la Quema de Judas&#8230; parte del men\u00fa cultural para los potosinos.\",\"datePublished\":\"2022-04-07T23:00:59+00:00\",\"mainEntityOfPage\":{\"@id\":\"https:\\\/\\\/canal7slp.tv\\\/2022\\\/presentacion-de-coros-danza-la-procesion-del-silencio-y-la-quema-de-judas-parte-del-menu-cultural-para-los-potosinos\\\/\"},\"wordCount\":413,\"publisher\":{\"@id\":\"https:\\\/\\\/canal7slp.tv\\\/2022\\\/#organization\"},\"image\":{\"@id\":\"https:\\\/\\\/canal7slp.tv\\\/2022\\\/presentacion-de-coros-danza-la-procesion-del-silencio-y-la-quema-de-judas-parte-del-menu-cultural-para-los-potosinos\\\/#primaryimage\"},\"thumbnailUrl\":\"https:\\\/\\\/canal7slp.tv\\\/2022\\\/wp-content\\\/uploads\\\/2022\\\/04\\\/Vazquez03MenuCultural.jpg\",\"articleSection\":[\"DESTACADAS\",\"GOBEDOSLP\",\"LOCALES Y REGIONALES\"],\"inLanguage\":\"es\"},{\"@type\":\"WebPage\",\"@id\":\"https:\\\/\\\/canal7slp.tv\\\/2022\\\/presentacion-de-coros-danza-la-procesion-del-silencio-y-la-quema-de-judas-parte-del-menu-cultural-para-los-potosinos\\\/\",\"url\":\"https:\\\/\\\/canal7slp.tv\\\/2022\\\/presentacion-de-coros-danza-la-procesion-del-silencio-y-la-quema-de-judas-parte-del-menu-cultural-para-los-potosinos\\\/\",\"name\":\"Presentaci\u00f3n de coros, danza, la Procesi\u00f3n del Silencio y la Quema de Judas... parte del men\u00fa cultural para los potosinos. - Canal 7 SLP - 2022\",\"isPartOf\":{\"@id\":\"https:\\\/\\\/canal7slp.tv\\\/2022\\\/#website\"},\"primaryImageOfPage\":{\"@id\":\"https:\\\/\\\/canal7slp.tv\\\/2022\\\/presentacion-de-coros-danza-la-procesion-del-silencio-y-la-quema-de-judas-parte-del-menu-cultural-para-los-potosinos\\\/#primaryimage\"},\"image\":{\"@id\":\"https:\\\/\\\/canal7slp.tv\\\/2022\\\/presentacion-de-coros-danza-la-procesion-del-silencio-y-la-quema-de-judas-parte-del-menu-cultural-para-los-potosinos\\\/#primaryimage\"},\"thumbnailUrl\":\"https:\\\/\\\/canal7slp.tv\\\/2022\\\/wp-content\\\/uploads\\\/2022\\\/04\\\/Vazquez03MenuCultural.jpg\",\"datePublished\":\"2022-04-07T23:00:59+00:00\",\"breadcrumb\":{\"@id\":\"https:\\\/\\\/canal7slp.tv\\\/2022\\\/presentacion-de-coros-danza-la-procesion-del-silencio-y-la-quema-de-judas-parte-del-menu-cultural-para-los-potosinos\\\/#breadcrumb\"},\"inLanguage\":\"es\",\"potentialAction\":[{\"@type\":\"ReadAction\",\"target\":[\"https:\\\/\\\/canal7slp.tv\\\/2022\\\/presentacion-de-coros-danza-la-procesion-del-silencio-y-la-quema-de-judas-parte-del-menu-cultural-para-los-potosinos\\\/\"]}]},{\"@type\":\"ImageObject\",\"inLanguage\":\"es\",\"@id\":\"https:\\\/\\\/canal7slp.tv\\\/2022\\\/presentacion-de-coros-danza-la-procesion-del-silencio-y-la-quema-de-judas-parte-del-menu-cultural-para-los-potosinos\\\/#primaryimage\",\"url\":\"https:\\\/\\\/canal7slp.tv\\\/2022\\\/wp-content\\\/uploads\\\/2022\\\/04\\\/Vazquez03MenuCultural.jpg\",\"contentUrl\":\"https:\\\/\\\/canal7slp.tv\\\/2022\\\/wp-content\\\/uploads\\\/2022\\\/04\\\/Vazquez03MenuCultural.jpg\",\"width\":888,\"height\":500},{\"@type\":\"BreadcrumbList\",\"@id\":\"https:\\\/\\\/canal7slp.tv\\\/2022\\\/presentacion-de-coros-danza-la-procesion-del-silencio-y-la-quema-de-judas-parte-del-menu-cultural-para-los-potosinos\\\/#breadcrumb\",\"itemListElement\":[{\"@type\":\"ListItem\",\"position\":1,\"name\":\"Portada\",\"item\":\"https:\\\/\\\/canal7slp.tv\\\/2022\\\/\"},{\"@type\":\"ListItem\",\"position\":2,\"name\":\"Presentaci\u00f3n de coros, danza, la Procesi\u00f3n del Silencio y la Quema de Judas&#8230; parte del men\u00fa cultural para los potosinos.\"}]},{\"@type\":\"WebSite\",\"@id\":\"https:\\\/\\\/canal7slp.tv\\\/2022\\\/#website\",\"url\":\"https:\\\/\\\/canal7slp.tv\\\/2022\\\/\",\"name\":\"N7 - Noticieros Canal 7\",\"description\":\"Somos Televisi\u00f3n\",\"publisher\":{\"@id\":\"https:\\\/\\\/canal7slp.tv\\\/2022\\\/#organization\"},\"potentialAction\":[{\"@type\":\"SearchAction\",\"target\":{\"@type\":\"EntryPoint\",\"urlTemplate\":\"https:\\\/\\\/canal7slp.tv\\\/2022\\\/?s={search_term_string}\"},\"query-input\":{\"@type\":\"PropertyValueSpecification\",\"valueRequired\":true,\"valueName\":\"search_term_string\"}}],\"inLanguage\":\"es\"},{\"@type\":\"Organization\",\"@id\":\"https:\\\/\\\/canal7slp.tv\\\/2022\\\/#organization\",\"name\":\"Noticieros Canal 7\",\"url\":\"https:\\\/\\\/canal7slp.tv\\\/2022\\\/\",\"logo\":{\"@type\":\"ImageObject\",\"inLanguage\":\"es\",\"@id\":\"https:\\\/\\\/canal7slp.tv\\\/2022\\\/#\\\/schema\\\/logo\\\/image\\\/\",\"url\":\"https:\\\/\\\/canal7slp.tv\\\/2022\\\/wp-content\\\/uploads\\\/2021\\\/01\\\/logo-noticieros@2x.png\",\"contentUrl\":\"https:\\\/\\\/canal7slp.tv\\\/2022\\\/wp-content\\\/uploads\\\/2021\\\/01\\\/logo-noticieros@2x.png\",\"width\":1017,\"height\":268,\"caption\":\"Noticieros Canal 7\"},\"image\":{\"@id\":\"https:\\\/\\\/canal7slp.tv\\\/2022\\\/#\\\/schema\\\/logo\\\/image\\\/\"},\"sameAs\":[\"https:\\\/\\\/www.facebook.com\\\/noticieroscanalsiete\",\"https:\\\/\\\/x.com\\\/NOTICIEROS7\",\"https:\\\/\\\/www.instagram.com\\\/canal7_slp\",\"https:\\\/\\\/www.youtube.com\\\/channel\\\/UCliiYs-gP3JfJeqdPrNdd5A\"]},{\"@type\":\"Person\",\"@id\":\"https:\\\/\\\/canal7slp.tv\\\/2022\\\/#\\\/schema\\\/person\\\/429704152a21f5f856ce29aa69a238da\",\"name\":\"Edici\u00f3n Web\",\"image\":{\"@type\":\"ImageObject\",\"inLanguage\":\"es\",\"@id\":\"https:\\\/\\\/secure.gravatar.com\\\/avatar\\\/eee448fc3f7164808013b816ba91ac7e43bbe82a70bebac296f8bc6f0addaa1a?s=96&d=mm&r=g\",\"url\":\"https:\\\/\\\/secure.gravatar.com\\\/avatar\\\/eee448fc3f7164808013b816ba91ac7e43bbe82a70bebac296f8bc6f0addaa1a?s=96&d=mm&r=g\",\"contentUrl\":\"https:\\\/\\\/secure.gravatar.com\\\/avatar\\\/eee448fc3f7164808013b816ba91ac7e43bbe82a70bebac296f8bc6f0addaa1a?s=96&d=mm&r=g\",\"caption\":\"Edici\u00f3n Web\"},\"url\":\"https:\\\/\\\/canal7slp.tv\\\/2022\\\/author\\\/edicionweb\\\/\"}]}<\/script>\n<!-- \/ Yoast SEO plugin. -->","yoast_head_json":{"title":"Presentaci\u00f3n de coros, danza, la Procesi\u00f3n del Silencio y la Quema de Judas... parte del men\u00fa cultural para los potosinos. - Canal 7 SLP - 2022","robots":{"index":"index","follow":"follow","max-snippet":"max-snippet:-1","max-image-preview":"max-image-preview:large","max-video-preview":"max-video-preview:-1"},"canonical":"https:\/\/canal7slp.tv\/2022\/presentacion-de-coros-danza-la-procesion-del-silencio-y-la-quema-de-judas-parte-del-menu-cultural-para-los-potosinos\/","og_locale":"es_ES","og_type":"article","og_title":"Presentaci\u00f3n de coros, danza, la Procesi\u00f3n del Silencio y la Quema de Judas... parte del men\u00fa cultural para los potosinos. - Canal 7 SLP - 2022","og_description":"Diversas actividades se desarrollar\u00e1n en la entidad desde este viernes ocho de abril. SLP.- En rueda de prensa, la Secretar\u00eda de Cultura del Gobierno del Estado de San Luis Potos\u00ed present\u00f3 las actividades que se tienen agendadas para esta pr\u00f3xima Semana Santa y que denominaron como \u00abMen\u00fa Cultural\u00bb. El programa como tal inicia este viernes 8 de abril y culmina el d\u00eda 24 del mismo mes, incluye diversos eventos art\u00edsticos como coros, sones, danza, la tradicional Procesi\u00f3n del Silencio y la quema de judas. En el Men\u00fa Cultural destaca el Coro Vuela Alto en tres presentaciones para los d\u00edas 8, [&hellip;]","og_url":"https:\/\/canal7slp.tv\/2022\/presentacion-de-coros-danza-la-procesion-del-silencio-y-la-quema-de-judas-parte-del-menu-cultural-para-los-potosinos\/","og_site_name":"Canal 7 SLP - 2022","article_publisher":"https:\/\/www.facebook.com\/noticieroscanalsiete","article_published_time":"2022-04-07T23:00:59+00:00","og_image":[{"width":888,"height":500,"url":"https:\/\/canal7slp.tv\/2022\/wp-content\/uploads\/2022\/04\/Vazquez03MenuCultural.jpg","type":"image\/jpeg"}],"author":"Edici\u00f3n Web","twitter_card":"summary_large_image","twitter_creator":"@NOTICIEROS7","twitter_site":"@NOTICIEROS7","twitter_misc":{"Escrito por":"Edici\u00f3n Web","Tiempo de lectura":"2 minutos"},"schema":{"@context":"https:\/\/schema.org","@graph":[{"@type":"Article","@id":"https:\/\/canal7slp.tv\/2022\/presentacion-de-coros-danza-la-procesion-del-silencio-y-la-quema-de-judas-parte-del-menu-cultural-para-los-potosinos\/#article","isPartOf":{"@id":"https:\/\/canal7slp.tv\/2022\/presentacion-de-coros-danza-la-procesion-del-silencio-y-la-quema-de-judas-parte-del-menu-cultural-para-los-potosinos\/"},"author":{"name":"Edici\u00f3n Web","@id":"https:\/\/canal7slp.tv\/2022\/#\/schema\/person\/429704152a21f5f856ce29aa69a238da"},"headline":"Presentaci\u00f3n de coros, danza, la Procesi\u00f3n del Silencio y la Quema de Judas&#8230; parte del men\u00fa cultural para los potosinos.","datePublished":"2022-04-07T23:00:59+00:00","mainEntityOfPage":{"@id":"https:\/\/canal7slp.tv\/2022\/presentacion-de-coros-danza-la-procesion-del-silencio-y-la-quema-de-judas-parte-del-menu-cultural-para-los-potosinos\/"},"wordCount":413,"publisher":{"@id":"https:\/\/canal7slp.tv\/2022\/#organization"},"image":{"@id":"https:\/\/canal7slp.tv\/2022\/presentacion-de-coros-danza-la-procesion-del-silencio-y-la-quema-de-judas-parte-del-menu-cultural-para-los-potosinos\/#primaryimage"},"thumbnailUrl":"https:\/\/canal7slp.tv\/2022\/wp-content\/uploads\/2022\/04\/Vazquez03MenuCultural.jpg","articleSection":["DESTACADAS","GOBEDOSLP","LOCALES Y REGIONALES"],"inLanguage":"es"},{"@type":"WebPage","@id":"https:\/\/canal7slp.tv\/2022\/presentacion-de-coros-danza-la-procesion-del-silencio-y-la-quema-de-judas-parte-del-menu-cultural-para-los-potosinos\/","url":"https:\/\/canal7slp.tv\/2022\/presentacion-de-coros-danza-la-procesion-del-silencio-y-la-quema-de-judas-parte-del-menu-cultural-para-los-potosinos\/","name":"Presentaci\u00f3n de coros, danza, la Procesi\u00f3n del Silencio y la Quema de Judas... parte del men\u00fa cultural para los potosinos. - Canal 7 SLP - 2022","isPartOf":{"@id":"https:\/\/canal7slp.tv\/2022\/#website"},"primaryImageOfPage":{"@id":"https:\/\/canal7slp.tv\/2022\/presentacion-de-coros-danza-la-procesion-del-silencio-y-la-quema-de-judas-parte-del-menu-cultural-para-los-potosinos\/#primaryimage"},"image":{"@id":"https:\/\/canal7slp.tv\/2022\/presentacion-de-coros-danza-la-procesion-del-silencio-y-la-quema-de-judas-parte-del-menu-cultural-para-los-potosinos\/#primaryimage"},"thumbnailUrl":"https:\/\/canal7slp.tv\/2022\/wp-content\/uploads\/2022\/04\/Vazquez03MenuCultural.jpg","datePublished":"2022-04-07T23:00:59+00:00","breadcrumb":{"@id":"https:\/\/canal7slp.tv\/2022\/presentacion-de-coros-danza-la-procesion-del-silencio-y-la-quema-de-judas-parte-del-menu-cultural-para-los-potosinos\/#breadcrumb"},"inLanguage":"es","potentialAction":[{"@type":"ReadAction","target":["https:\/\/canal7slp.tv\/2022\/presentacion-de-coros-danza-la-procesion-del-silencio-y-la-quema-de-judas-parte-del-menu-cultural-para-los-potosinos\/"]}]},{"@type":"ImageObject","inLanguage":"es","@id":"https:\/\/canal7slp.tv\/2022\/presentacion-de-coros-danza-la-procesion-del-silencio-y-la-quema-de-judas-parte-del-menu-cultural-para-los-potosinos\/#primaryimage","url":"https:\/\/canal7slp.tv\/2022\/wp-content\/uploads\/2022\/04\/Vazquez03MenuCultural.jpg","contentUrl":"https:\/\/canal7slp.tv\/2022\/wp-content\/uploads\/2022\/04\/Vazquez03MenuCultural.jpg","width":888,"height":500},{"@type":"BreadcrumbList","@id":"https:\/\/canal7slp.tv\/2022\/presentacion-de-coros-danza-la-procesion-del-silencio-y-la-quema-de-judas-parte-del-menu-cultural-para-los-potosinos\/#breadcrumb","itemListElement":[{"@type":"ListItem","position":1,"name":"Portada","item":"https:\/\/canal7slp.tv\/2022\/"},{"@type":"ListItem","position":2,"name":"Presentaci\u00f3n de coros, danza, la Procesi\u00f3n del Silencio y la Quema de Judas&#8230; parte del men\u00fa cultural para los potosinos."}]},{"@type":"WebSite","@id":"https:\/\/canal7slp.tv\/2022\/#website","url":"https:\/\/canal7slp.tv\/2022\/","name":"N7 - Noticieros Canal 7","description":"Somos Televisi\u00f3n","publisher":{"@id":"https:\/\/canal7slp.tv\/2022\/#organization"},"potentialAction":[{"@type":"SearchAction","target":{"@type":"EntryPoint","urlTemplate":"https:\/\/canal7slp.tv\/2022\/?s={search_term_string}"},"query-input":{"@type":"PropertyValueSpecification","valueRequired":true,"valueName":"search_term_string"}}],"inLanguage":"es"},{"@type":"Organization","@id":"https:\/\/canal7slp.tv\/2022\/#organization","name":"Noticieros Canal 7","url":"https:\/\/canal7slp.tv\/2022\/","logo":{"@type":"ImageObject","inLanguage":"es","@id":"https:\/\/canal7slp.tv\/2022\/#\/schema\/logo\/image\/","url":"https:\/\/canal7slp.tv\/2022\/wp-content\/uploads\/2021\/01\/logo-noticieros@2x.png","contentUrl":"https:\/\/canal7slp.tv\/2022\/wp-content\/uploads\/2021\/01\/logo-noticieros@2x.png","width":1017,"height":268,"caption":"Noticieros Canal 7"},"image":{"@id":"https:\/\/canal7slp.tv\/2022\/#\/schema\/logo\/image\/"},"sameAs":["https:\/\/www.facebook.com\/noticieroscanalsiete","https:\/\/x.com\/NOTICIEROS7","https:\/\/www.instagram.com\/canal7_slp","https:\/\/www.youtube.com\/channel\/UCliiYs-gP3JfJeqdPrNdd5A"]},{"@type":"Person","@id":"https:\/\/canal7slp.tv\/2022\/#\/schema\/person\/429704152a21f5f856ce29aa69a238da","name":"Edici\u00f3n Web","image":{"@type":"ImageObject","inLanguage":"es","@id":"https:\/\/secure.gravatar.com\/avatar\/eee448fc3f7164808013b816ba91ac7e43bbe82a70bebac296f8bc6f0addaa1a?s=96&d=mm&r=g","url":"https:\/\/secure.gravatar.com\/avatar\/eee448fc3f7164808013b816ba91ac7e43bbe82a70bebac296f8bc6f0addaa1a?s=96&d=mm&r=g","contentUrl":"https:\/\/secure.gravatar.com\/avatar\/eee448fc3f7164808013b816ba91ac7e43bbe82a70bebac296f8bc6f0addaa1a?s=96&d=mm&r=g","caption":"Edici\u00f3n Web"},"url":"https:\/\/canal7slp.tv\/2022\/author\/edicionweb\/"}]}},"amp_enabled":true,"_links":{"self":[{"href":"https:\/\/canal7slp.tv\/2022\/wp-json\/wp\/v2\/posts\/56633","targetHints":{"allow":["GET"]}}],"collection":[{"href":"https:\/\/canal7slp.tv\/2022\/wp-json\/wp\/v2\/posts"}],"about":[{"href":"https:\/\/canal7slp.tv\/2022\/wp-json\/wp\/v2\/types\/post"}],"author":[{"embeddable":true,"href":"https:\/\/canal7slp.tv\/2022\/wp-json\/wp\/v2\/users\/2"}],"replies":[{"embeddable":true,"href":"https:\/\/canal7slp.tv\/2022\/wp-json\/wp\/v2\/comments?post=56633"}],"version-history":[{"count":4,"href":"https:\/\/canal7slp.tv\/2022\/wp-json\/wp\/v2\/posts\/56633\/revisions"}],"predecessor-version":[{"id":56672,"href":"https:\/\/canal7slp.tv\/2022\/wp-json\/wp\/v2\/posts\/56633\/revisions\/56672"}],"wp:featuredmedia":[{"embeddable":true,"href":"https:\/\/canal7slp.tv\/2022\/wp-json\/wp\/v2\/media\/56670"}],"wp:attachment":[{"href":"https:\/\/canal7slp.tv\/2022\/wp-json\/wp\/v2\/media?parent=56633"}],"wp:term":[{"taxonomy":"category","embeddable":true,"href":"https:\/\/canal7slp.tv\/2022\/wp-json\/wp\/v2\/categories?post=56633"},{"taxonomy":"post_tag","embeddable":true,"href":"https:\/\/canal7slp.tv\/2022\/wp-json\/wp\/v2\/tags?post=56633"}],"curies":[{"name":"wp","href":"https:\/\/api.w.org\/{rel}","templated":true}]}}