{"id":56595,"date":"2022-04-07T16:12:27","date_gmt":"2022-04-07T22:12:27","guid":{"rendered":"https:\/\/canal7slp.tv\/2022\/?p=56595"},"modified":"2022-04-07T16:12:27","modified_gmt":"2022-04-07T22:12:27","slug":"choque-entre-unidades-de-transporte-publico-de-cdmx-deja-60-heridos","status":"publish","type":"post","link":"https:\/\/canal7slp.tv\/2022\/choque-entre-unidades-de-transporte-publico-de-cdmx-deja-60-heridos\/","title":{"rendered":"Choque entre unidades de transporte p\u00fablico de CDMX deja 60 heridos"},"content":{"rendered":"<p style=\"text-align: justify;\">Ciudad de M\u00e9xico.- La Secretar\u00eda de Movilidad de la Ciudad de M\u00e9xico (SEMOVI), inform\u00f3 que choque entre dos unidades de transporte p\u00fablico en Paseo de la Reforma dej\u00f3 un saldo de al menos 60 heridos.<\/p>\n<p style=\"text-align: justify;\">\u201cEn total, se realizaron 60 atenciones m\u00e9dicas preventivas, cuyos pases fueron otorgados por la aseguradora correspondiente. Cabe mencionar que solo cinco personas fueron trasladadas en calidad de prioritarios\u201d, detall\u00f3 la SEMOVI por medio de un comunicado.<\/p>\n<p style=\"text-align: justify;\">De acuerdo con las primeras pesquisas, el accidente ocurri\u00f3 durante la ma\u00f1ana de este 7 de abril cuando una unidad del corredor de transporte impacto con un autob\u00fas de doble piso de Metrob\u00fas L\u00ednea 7.<\/p>\n<p style=\"text-align: justify;\">Al lugar se acudi\u00f3 personal del Escuadr\u00f3n de Rescate y Emergencias M\u00e9dicas, Cruz Roja, Heroico Cuerpo de Bomberos, CRUM, Secretar\u00eda de Gesti\u00f3n de Riesgos y Protecci\u00f3n Civil, Secretar\u00eda de Seguridad Ciudadana, Secretar\u00eda de Movilidad, entre otros organismos para atender la situaci\u00f3n.<\/p>\n<p style=\"text-align: justify;\">Cabe se\u00f1alar que los operadores de las unidades de transporte fueron detenidos por personal de la Secretar\u00eda de Seguridad Ciudadana, a fin de que respondan ante el Ministerio P\u00fablico por este hecho.<\/p>\n","protected":false},"excerpt":{"rendered":"<p>Ciudad de M\u00e9xico.- La Secretar\u00eda de Movilidad de la Ciudad de M\u00e9xico (SEMOVI), inform\u00f3 que choque entre dos unidades de transporte p\u00fablico en Paseo de la Reforma dej\u00f3 un saldo de al menos 60 heridos. \u201cEn total, se realizaron 60 atenciones m\u00e9dicas preventivas, cuyos pases fueron otorgados por la aseguradora correspondiente. Cabe mencionar que solo cinco personas fueron trasladadas en calidad de prioritarios\u201d, detall\u00f3 la SEMOVI por medio de un comunicado. De acuerdo con las primeras pesquisas, el accidente ocurri\u00f3 durante la ma\u00f1ana de este 7 de abril cuando una unidad del corredor de transporte impacto con un autob\u00fas de [&hellip;]<\/p>\n","protected":false},"author":2,"featured_media":56662,"comment_status":"closed","ping_status":"closed","sticky":false,"template":"","format":"standard","meta":{"footnotes":""},"categories":[46],"tags":[],"class_list":["post-56595","post","type-post","status-publish","format-standard","has-post-thumbnail","hentry","category-nacional","post--single"],"yoast_head":"<!-- This site is optimized with the Yoast SEO plugin v27.4 - https:\/\/yoast.com\/product\/yoast-seo-wordpress\/ -->\n<title>Choque entre unidades de transporte p\u00fablico de CDMX deja 60 heridos - Canal 7 SLP - 2022<\/title>\n<meta name=\"robots\" content=\"index, follow, max-snippet:-1, max-image-preview:large, max-video-preview:-1\" \/>\n<link rel=\"canonical\" href=\"https:\/\/canal7slp.tv\/2022\/choque-entre-unidades-de-transporte-publico-de-cdmx-deja-60-heridos\/\" \/>\n<meta property=\"og:locale\" content=\"es_ES\" \/>\n<meta property=\"og:type\" content=\"article\" \/>\n<meta property=\"og:title\" content=\"Choque entre unidades de transporte p\u00fablico de CDMX deja 60 heridos - Canal 7 SLP - 2022\" \/>\n<meta property=\"og:description\" content=\"Ciudad de M\u00e9xico.- La Secretar\u00eda de Movilidad de la Ciudad de M\u00e9xico (SEMOVI), inform\u00f3 que choque entre dos unidades de transporte p\u00fablico en Paseo de la Reforma dej\u00f3 un saldo de al menos 60 heridos. \u201cEn total, se realizaron 60 atenciones m\u00e9dicas preventivas, cuyos pases fueron otorgados por la aseguradora correspondiente. Cabe mencionar que solo cinco personas fueron trasladadas en calidad de prioritarios\u201d, detall\u00f3 la SEMOVI por medio de un comunicado. De acuerdo con las primeras pesquisas, el accidente ocurri\u00f3 durante la ma\u00f1ana de este 7 de abril cuando una unidad del corredor de transporte impacto con un autob\u00fas de [&hellip;]\" \/>\n<meta property=\"og:url\" content=\"https:\/\/canal7slp.tv\/2022\/choque-entre-unidades-de-transporte-publico-de-cdmx-deja-60-heridos\/\" \/>\n<meta property=\"og:site_name\" content=\"Canal 7 SLP - 2022\" \/>\n<meta property=\"article:publisher\" content=\"https:\/\/www.facebook.com\/noticieroscanalsiete\" \/>\n<meta property=\"article:published_time\" content=\"2022-04-07T22:12:27+00:00\" \/>\n<meta property=\"og:image\" content=\"https:\/\/canal7slp.tv\/2022\/wp-content\/uploads\/2022\/04\/07.jpg\" \/>\n\t<meta property=\"og:image:width\" content=\"800\" \/>\n\t<meta property=\"og:image:height\" content=\"600\" \/>\n\t<meta property=\"og:image:type\" content=\"image\/jpeg\" \/>\n<meta name=\"author\" content=\"Edici\u00f3n Web\" \/>\n<meta name=\"twitter:card\" content=\"summary_large_image\" \/>\n<meta name=\"twitter:creator\" content=\"@NOTICIEROS7\" \/>\n<meta name=\"twitter:site\" content=\"@NOTICIEROS7\" \/>\n<meta name=\"twitter:label1\" content=\"Escrito por\" \/>\n\t<meta name=\"twitter:data1\" content=\"Edici\u00f3n Web\" \/>\n\t<meta name=\"twitter:label2\" content=\"Tiempo de lectura\" \/>\n\t<meta name=\"twitter:data2\" content=\"1 minuto\" \/>\n<script type=\"application\/ld+json\" class=\"yoast-schema-graph\">{\"@context\":\"https:\\\/\\\/schema.org\",\"@graph\":[{\"@type\":\"Article\",\"@id\":\"https:\\\/\\\/canal7slp.tv\\\/2022\\\/choque-entre-unidades-de-transporte-publico-de-cdmx-deja-60-heridos\\\/#article\",\"isPartOf\":{\"@id\":\"https:\\\/\\\/canal7slp.tv\\\/2022\\\/choque-entre-unidades-de-transporte-publico-de-cdmx-deja-60-heridos\\\/\"},\"author\":{\"name\":\"Edici\u00f3n Web\",\"@id\":\"https:\\\/\\\/canal7slp.tv\\\/2022\\\/#\\\/schema\\\/person\\\/429704152a21f5f856ce29aa69a238da\"},\"headline\":\"Choque entre unidades de transporte p\u00fablico de CDMX deja 60 heridos\",\"datePublished\":\"2022-04-07T22:12:27+00:00\",\"mainEntityOfPage\":{\"@id\":\"https:\\\/\\\/canal7slp.tv\\\/2022\\\/choque-entre-unidades-de-transporte-publico-de-cdmx-deja-60-heridos\\\/\"},\"wordCount\":207,\"publisher\":{\"@id\":\"https:\\\/\\\/canal7slp.tv\\\/2022\\\/#organization\"},\"image\":{\"@id\":\"https:\\\/\\\/canal7slp.tv\\\/2022\\\/choque-entre-unidades-de-transporte-publico-de-cdmx-deja-60-heridos\\\/#primaryimage\"},\"thumbnailUrl\":\"https:\\\/\\\/canal7slp.tv\\\/2022\\\/wp-content\\\/uploads\\\/2022\\\/04\\\/07.jpg\",\"articleSection\":[\"NACIONALES\"],\"inLanguage\":\"es\"},{\"@type\":\"WebPage\",\"@id\":\"https:\\\/\\\/canal7slp.tv\\\/2022\\\/choque-entre-unidades-de-transporte-publico-de-cdmx-deja-60-heridos\\\/\",\"url\":\"https:\\\/\\\/canal7slp.tv\\\/2022\\\/choque-entre-unidades-de-transporte-publico-de-cdmx-deja-60-heridos\\\/\",\"name\":\"Choque entre unidades de transporte p\u00fablico de CDMX deja 60 heridos - Canal 7 SLP - 2022\",\"isPartOf\":{\"@id\":\"https:\\\/\\\/canal7slp.tv\\\/2022\\\/#website\"},\"primaryImageOfPage\":{\"@id\":\"https:\\\/\\\/canal7slp.tv\\\/2022\\\/choque-entre-unidades-de-transporte-publico-de-cdmx-deja-60-heridos\\\/#primaryimage\"},\"image\":{\"@id\":\"https:\\\/\\\/canal7slp.tv\\\/2022\\\/choque-entre-unidades-de-transporte-publico-de-cdmx-deja-60-heridos\\\/#primaryimage\"},\"thumbnailUrl\":\"https:\\\/\\\/canal7slp.tv\\\/2022\\\/wp-content\\\/uploads\\\/2022\\\/04\\\/07.jpg\",\"datePublished\":\"2022-04-07T22:12:27+00:00\",\"breadcrumb\":{\"@id\":\"https:\\\/\\\/canal7slp.tv\\\/2022\\\/choque-entre-unidades-de-transporte-publico-de-cdmx-deja-60-heridos\\\/#breadcrumb\"},\"inLanguage\":\"es\",\"potentialAction\":[{\"@type\":\"ReadAction\",\"target\":[\"https:\\\/\\\/canal7slp.tv\\\/2022\\\/choque-entre-unidades-de-transporte-publico-de-cdmx-deja-60-heridos\\\/\"]}]},{\"@type\":\"ImageObject\",\"inLanguage\":\"es\",\"@id\":\"https:\\\/\\\/canal7slp.tv\\\/2022\\\/choque-entre-unidades-de-transporte-publico-de-cdmx-deja-60-heridos\\\/#primaryimage\",\"url\":\"https:\\\/\\\/canal7slp.tv\\\/2022\\\/wp-content\\\/uploads\\\/2022\\\/04\\\/07.jpg\",\"contentUrl\":\"https:\\\/\\\/canal7slp.tv\\\/2022\\\/wp-content\\\/uploads\\\/2022\\\/04\\\/07.jpg\",\"width\":800,\"height\":600},{\"@type\":\"BreadcrumbList\",\"@id\":\"https:\\\/\\\/canal7slp.tv\\\/2022\\\/choque-entre-unidades-de-transporte-publico-de-cdmx-deja-60-heridos\\\/#breadcrumb\",\"itemListElement\":[{\"@type\":\"ListItem\",\"position\":1,\"name\":\"Portada\",\"item\":\"https:\\\/\\\/canal7slp.tv\\\/2022\\\/\"},{\"@type\":\"ListItem\",\"position\":2,\"name\":\"Choque entre unidades de transporte p\u00fablico de CDMX deja 60 heridos\"}]},{\"@type\":\"WebSite\",\"@id\":\"https:\\\/\\\/canal7slp.tv\\\/2022\\\/#website\",\"url\":\"https:\\\/\\\/canal7slp.tv\\\/2022\\\/\",\"name\":\"N7 - Noticieros Canal 7\",\"description\":\"Somos Televisi\u00f3n\",\"publisher\":{\"@id\":\"https:\\\/\\\/canal7slp.tv\\\/2022\\\/#organization\"},\"potentialAction\":[{\"@type\":\"SearchAction\",\"target\":{\"@type\":\"EntryPoint\",\"urlTemplate\":\"https:\\\/\\\/canal7slp.tv\\\/2022\\\/?s={search_term_string}\"},\"query-input\":{\"@type\":\"PropertyValueSpecification\",\"valueRequired\":true,\"valueName\":\"search_term_string\"}}],\"inLanguage\":\"es\"},{\"@type\":\"Organization\",\"@id\":\"https:\\\/\\\/canal7slp.tv\\\/2022\\\/#organization\",\"name\":\"Noticieros Canal 7\",\"url\":\"https:\\\/\\\/canal7slp.tv\\\/2022\\\/\",\"logo\":{\"@type\":\"ImageObject\",\"inLanguage\":\"es\",\"@id\":\"https:\\\/\\\/canal7slp.tv\\\/2022\\\/#\\\/schema\\\/logo\\\/image\\\/\",\"url\":\"https:\\\/\\\/canal7slp.tv\\\/2022\\\/wp-content\\\/uploads\\\/2021\\\/01\\\/logo-noticieros@2x.png\",\"contentUrl\":\"https:\\\/\\\/canal7slp.tv\\\/2022\\\/wp-content\\\/uploads\\\/2021\\\/01\\\/logo-noticieros@2x.png\",\"width\":1017,\"height\":268,\"caption\":\"Noticieros Canal 7\"},\"image\":{\"@id\":\"https:\\\/\\\/canal7slp.tv\\\/2022\\\/#\\\/schema\\\/logo\\\/image\\\/\"},\"sameAs\":[\"https:\\\/\\\/www.facebook.com\\\/noticieroscanalsiete\",\"https:\\\/\\\/x.com\\\/NOTICIEROS7\",\"https:\\\/\\\/www.instagram.com\\\/canal7_slp\",\"https:\\\/\\\/www.youtube.com\\\/channel\\\/UCliiYs-gP3JfJeqdPrNdd5A\"]},{\"@type\":\"Person\",\"@id\":\"https:\\\/\\\/canal7slp.tv\\\/2022\\\/#\\\/schema\\\/person\\\/429704152a21f5f856ce29aa69a238da\",\"name\":\"Edici\u00f3n Web\",\"image\":{\"@type\":\"ImageObject\",\"inLanguage\":\"es\",\"@id\":\"https:\\\/\\\/secure.gravatar.com\\\/avatar\\\/eee448fc3f7164808013b816ba91ac7e43bbe82a70bebac296f8bc6f0addaa1a?s=96&d=mm&r=g\",\"url\":\"https:\\\/\\\/secure.gravatar.com\\\/avatar\\\/eee448fc3f7164808013b816ba91ac7e43bbe82a70bebac296f8bc6f0addaa1a?s=96&d=mm&r=g\",\"contentUrl\":\"https:\\\/\\\/secure.gravatar.com\\\/avatar\\\/eee448fc3f7164808013b816ba91ac7e43bbe82a70bebac296f8bc6f0addaa1a?s=96&d=mm&r=g\",\"caption\":\"Edici\u00f3n Web\"},\"url\":\"https:\\\/\\\/canal7slp.tv\\\/2022\\\/author\\\/edicionweb\\\/\"}]}<\/script>\n<!-- \/ Yoast SEO plugin. -->","yoast_head_json":{"title":"Choque entre unidades de transporte p\u00fablico de CDMX deja 60 heridos - Canal 7 SLP - 2022","robots":{"index":"index","follow":"follow","max-snippet":"max-snippet:-1","max-image-preview":"max-image-preview:large","max-video-preview":"max-video-preview:-1"},"canonical":"https:\/\/canal7slp.tv\/2022\/choque-entre-unidades-de-transporte-publico-de-cdmx-deja-60-heridos\/","og_locale":"es_ES","og_type":"article","og_title":"Choque entre unidades de transporte p\u00fablico de CDMX deja 60 heridos - Canal 7 SLP - 2022","og_description":"Ciudad de M\u00e9xico.- La Secretar\u00eda de Movilidad de la Ciudad de M\u00e9xico (SEMOVI), inform\u00f3 que choque entre dos unidades de transporte p\u00fablico en Paseo de la Reforma dej\u00f3 un saldo de al menos 60 heridos. \u201cEn total, se realizaron 60 atenciones m\u00e9dicas preventivas, cuyos pases fueron otorgados por la aseguradora correspondiente. Cabe mencionar que solo cinco personas fueron trasladadas en calidad de prioritarios\u201d, detall\u00f3 la SEMOVI por medio de un comunicado. De acuerdo con las primeras pesquisas, el accidente ocurri\u00f3 durante la ma\u00f1ana de este 7 de abril cuando una unidad del corredor de transporte impacto con un autob\u00fas de [&hellip;]","og_url":"https:\/\/canal7slp.tv\/2022\/choque-entre-unidades-de-transporte-publico-de-cdmx-deja-60-heridos\/","og_site_name":"Canal 7 SLP - 2022","article_publisher":"https:\/\/www.facebook.com\/noticieroscanalsiete","article_published_time":"2022-04-07T22:12:27+00:00","og_image":[{"width":800,"height":600,"url":"https:\/\/canal7slp.tv\/2022\/wp-content\/uploads\/2022\/04\/07.jpg","type":"image\/jpeg"}],"author":"Edici\u00f3n Web","twitter_card":"summary_large_image","twitter_creator":"@NOTICIEROS7","twitter_site":"@NOTICIEROS7","twitter_misc":{"Escrito por":"Edici\u00f3n Web","Tiempo de lectura":"1 minuto"},"schema":{"@context":"https:\/\/schema.org","@graph":[{"@type":"Article","@id":"https:\/\/canal7slp.tv\/2022\/choque-entre-unidades-de-transporte-publico-de-cdmx-deja-60-heridos\/#article","isPartOf":{"@id":"https:\/\/canal7slp.tv\/2022\/choque-entre-unidades-de-transporte-publico-de-cdmx-deja-60-heridos\/"},"author":{"name":"Edici\u00f3n Web","@id":"https:\/\/canal7slp.tv\/2022\/#\/schema\/person\/429704152a21f5f856ce29aa69a238da"},"headline":"Choque entre unidades de transporte p\u00fablico de CDMX deja 60 heridos","datePublished":"2022-04-07T22:12:27+00:00","mainEntityOfPage":{"@id":"https:\/\/canal7slp.tv\/2022\/choque-entre-unidades-de-transporte-publico-de-cdmx-deja-60-heridos\/"},"wordCount":207,"publisher":{"@id":"https:\/\/canal7slp.tv\/2022\/#organization"},"image":{"@id":"https:\/\/canal7slp.tv\/2022\/choque-entre-unidades-de-transporte-publico-de-cdmx-deja-60-heridos\/#primaryimage"},"thumbnailUrl":"https:\/\/canal7slp.tv\/2022\/wp-content\/uploads\/2022\/04\/07.jpg","articleSection":["NACIONALES"],"inLanguage":"es"},{"@type":"WebPage","@id":"https:\/\/canal7slp.tv\/2022\/choque-entre-unidades-de-transporte-publico-de-cdmx-deja-60-heridos\/","url":"https:\/\/canal7slp.tv\/2022\/choque-entre-unidades-de-transporte-publico-de-cdmx-deja-60-heridos\/","name":"Choque entre unidades de transporte p\u00fablico de CDMX deja 60 heridos - Canal 7 SLP - 2022","isPartOf":{"@id":"https:\/\/canal7slp.tv\/2022\/#website"},"primaryImageOfPage":{"@id":"https:\/\/canal7slp.tv\/2022\/choque-entre-unidades-de-transporte-publico-de-cdmx-deja-60-heridos\/#primaryimage"},"image":{"@id":"https:\/\/canal7slp.tv\/2022\/choque-entre-unidades-de-transporte-publico-de-cdmx-deja-60-heridos\/#primaryimage"},"thumbnailUrl":"https:\/\/canal7slp.tv\/2022\/wp-content\/uploads\/2022\/04\/07.jpg","datePublished":"2022-04-07T22:12:27+00:00","breadcrumb":{"@id":"https:\/\/canal7slp.tv\/2022\/choque-entre-unidades-de-transporte-publico-de-cdmx-deja-60-heridos\/#breadcrumb"},"inLanguage":"es","potentialAction":[{"@type":"ReadAction","target":["https:\/\/canal7slp.tv\/2022\/choque-entre-unidades-de-transporte-publico-de-cdmx-deja-60-heridos\/"]}]},{"@type":"ImageObject","inLanguage":"es","@id":"https:\/\/canal7slp.tv\/2022\/choque-entre-unidades-de-transporte-publico-de-cdmx-deja-60-heridos\/#primaryimage","url":"https:\/\/canal7slp.tv\/2022\/wp-content\/uploads\/2022\/04\/07.jpg","contentUrl":"https:\/\/canal7slp.tv\/2022\/wp-content\/uploads\/2022\/04\/07.jpg","width":800,"height":600},{"@type":"BreadcrumbList","@id":"https:\/\/canal7slp.tv\/2022\/choque-entre-unidades-de-transporte-publico-de-cdmx-deja-60-heridos\/#breadcrumb","itemListElement":[{"@type":"ListItem","position":1,"name":"Portada","item":"https:\/\/canal7slp.tv\/2022\/"},{"@type":"ListItem","position":2,"name":"Choque entre unidades de transporte p\u00fablico de CDMX deja 60 heridos"}]},{"@type":"WebSite","@id":"https:\/\/canal7slp.tv\/2022\/#website","url":"https:\/\/canal7slp.tv\/2022\/","name":"N7 - Noticieros Canal 7","description":"Somos Televisi\u00f3n","publisher":{"@id":"https:\/\/canal7slp.tv\/2022\/#organization"},"potentialAction":[{"@type":"SearchAction","target":{"@type":"EntryPoint","urlTemplate":"https:\/\/canal7slp.tv\/2022\/?s={search_term_string}"},"query-input":{"@type":"PropertyValueSpecification","valueRequired":true,"valueName":"search_term_string"}}],"inLanguage":"es"},{"@type":"Organization","@id":"https:\/\/canal7slp.tv\/2022\/#organization","name":"Noticieros Canal 7","url":"https:\/\/canal7slp.tv\/2022\/","logo":{"@type":"ImageObject","inLanguage":"es","@id":"https:\/\/canal7slp.tv\/2022\/#\/schema\/logo\/image\/","url":"https:\/\/canal7slp.tv\/2022\/wp-content\/uploads\/2021\/01\/logo-noticieros@2x.png","contentUrl":"https:\/\/canal7slp.tv\/2022\/wp-content\/uploads\/2021\/01\/logo-noticieros@2x.png","width":1017,"height":268,"caption":"Noticieros Canal 7"},"image":{"@id":"https:\/\/canal7slp.tv\/2022\/#\/schema\/logo\/image\/"},"sameAs":["https:\/\/www.facebook.com\/noticieroscanalsiete","https:\/\/x.com\/NOTICIEROS7","https:\/\/www.instagram.com\/canal7_slp","https:\/\/www.youtube.com\/channel\/UCliiYs-gP3JfJeqdPrNdd5A"]},{"@type":"Person","@id":"https:\/\/canal7slp.tv\/2022\/#\/schema\/person\/429704152a21f5f856ce29aa69a238da","name":"Edici\u00f3n Web","image":{"@type":"ImageObject","inLanguage":"es","@id":"https:\/\/secure.gravatar.com\/avatar\/eee448fc3f7164808013b816ba91ac7e43bbe82a70bebac296f8bc6f0addaa1a?s=96&d=mm&r=g","url":"https:\/\/secure.gravatar.com\/avatar\/eee448fc3f7164808013b816ba91ac7e43bbe82a70bebac296f8bc6f0addaa1a?s=96&d=mm&r=g","contentUrl":"https:\/\/secure.gravatar.com\/avatar\/eee448fc3f7164808013b816ba91ac7e43bbe82a70bebac296f8bc6f0addaa1a?s=96&d=mm&r=g","caption":"Edici\u00f3n Web"},"url":"https:\/\/canal7slp.tv\/2022\/author\/edicionweb\/"}]}},"amp_enabled":true,"_links":{"self":[{"href":"https:\/\/canal7slp.tv\/2022\/wp-json\/wp\/v2\/posts\/56595","targetHints":{"allow":["GET"]}}],"collection":[{"href":"https:\/\/canal7slp.tv\/2022\/wp-json\/wp\/v2\/posts"}],"about":[{"href":"https:\/\/canal7slp.tv\/2022\/wp-json\/wp\/v2\/types\/post"}],"author":[{"embeddable":true,"href":"https:\/\/canal7slp.tv\/2022\/wp-json\/wp\/v2\/users\/2"}],"replies":[{"embeddable":true,"href":"https:\/\/canal7slp.tv\/2022\/wp-json\/wp\/v2\/comments?post=56595"}],"version-history":[{"count":5,"href":"https:\/\/canal7slp.tv\/2022\/wp-json\/wp\/v2\/posts\/56595\/revisions"}],"predecessor-version":[{"id":56665,"href":"https:\/\/canal7slp.tv\/2022\/wp-json\/wp\/v2\/posts\/56595\/revisions\/56665"}],"wp:featuredmedia":[{"embeddable":true,"href":"https:\/\/canal7slp.tv\/2022\/wp-json\/wp\/v2\/media\/56662"}],"wp:attachment":[{"href":"https:\/\/canal7slp.tv\/2022\/wp-json\/wp\/v2\/media?parent=56595"}],"wp:term":[{"taxonomy":"category","embeddable":true,"href":"https:\/\/canal7slp.tv\/2022\/wp-json\/wp\/v2\/categories?post=56595"},{"taxonomy":"post_tag","embeddable":true,"href":"https:\/\/canal7slp.tv\/2022\/wp-json\/wp\/v2\/tags?post=56595"}],"curies":[{"name":"wp","href":"https:\/\/api.w.org\/{rel}","templated":true}]}}