{"id":56594,"date":"2022-04-07T16:02:10","date_gmt":"2022-04-07T22:02:10","guid":{"rendered":"https:\/\/canal7slp.tv\/2022\/?p=56594"},"modified":"2022-04-07T16:02:10","modified_gmt":"2022-04-07T22:02:10","slug":"intercepta-inm-a-167-migrantes-en-un-camion","status":"publish","type":"post","link":"https:\/\/canal7slp.tv\/2022\/intercepta-inm-a-167-migrantes-en-un-camion\/","title":{"rendered":"Intercepta INM a 167 migrantes en un cami\u00f3n"},"content":{"rendered":"<p style=\"text-align: justify;\">Cuautlancingo.- Instituto Nacional de Migraci\u00f3n (INM), inform\u00f3 que en el municipio de Cuautlancingo, Puebla, fueron localizados 167 migrantes que viajaban escondidos al interior de un tracto cami\u00f3n.<\/p>\n<p style=\"text-align: justify;\">Por medio de un comunicado, la dependencia detall\u00f3 que de estos, 135 son de Guatemala, 20 de Honduras, ocho de El Salvador y cuatro de Cuba.<\/p>\n<p style=\"text-align: justify;\">La dependencia se\u00f1al\u00f3 que dos individuos -de nacionalidad mexicana-, as\u00ed como el veh\u00edculo fueron puestos a disposici\u00f3n de la Fiscal\u00eda General de la Rep\u00fablica (FGR) por el probable delito de tr\u00e1fico de personas.<\/p>\n","protected":false},"excerpt":{"rendered":"<p>Cuautlancingo.- Instituto Nacional de Migraci\u00f3n (INM), inform\u00f3 que en el municipio de Cuautlancingo, Puebla, fueron localizados 167 migrantes que viajaban escondidos al interior de un tracto cami\u00f3n. Por medio de un comunicado, la dependencia detall\u00f3 que de estos, 135 son de Guatemala, 20 de Honduras, ocho de El Salvador y cuatro de Cuba. La dependencia se\u00f1al\u00f3 que dos individuos -de nacionalidad mexicana-, as\u00ed como el veh\u00edculo fueron puestos a disposici\u00f3n de la Fiscal\u00eda General de la Rep\u00fablica (FGR) por el probable delito de tr\u00e1fico de personas.<\/p>\n","protected":false},"author":2,"featured_media":56612,"comment_status":"closed","ping_status":"closed","sticky":false,"template":"","format":"standard","meta":{"footnotes":""},"categories":[46],"tags":[],"class_list":["post-56594","post","type-post","status-publish","format-standard","has-post-thumbnail","hentry","category-nacional","post--single"],"yoast_head":"<!-- This site is optimized with the Yoast SEO plugin v27.4 - https:\/\/yoast.com\/product\/yoast-seo-wordpress\/ -->\n<title>Intercepta INM a 167 migrantes en un cami\u00f3n - Canal 7 SLP - 2022<\/title>\n<meta name=\"robots\" content=\"index, follow, max-snippet:-1, max-image-preview:large, max-video-preview:-1\" \/>\n<link rel=\"canonical\" href=\"https:\/\/canal7slp.tv\/2022\/intercepta-inm-a-167-migrantes-en-un-camion\/\" \/>\n<meta property=\"og:locale\" content=\"es_ES\" \/>\n<meta property=\"og:type\" content=\"article\" \/>\n<meta property=\"og:title\" content=\"Intercepta INM a 167 migrantes en un cami\u00f3n - Canal 7 SLP - 2022\" \/>\n<meta property=\"og:description\" content=\"Cuautlancingo.- Instituto Nacional de Migraci\u00f3n (INM), inform\u00f3 que en el municipio de Cuautlancingo, Puebla, fueron localizados 167 migrantes que viajaban escondidos al interior de un tracto cami\u00f3n. Por medio de un comunicado, la dependencia detall\u00f3 que de estos, 135 son de Guatemala, 20 de Honduras, ocho de El Salvador y cuatro de Cuba. La dependencia se\u00f1al\u00f3 que dos individuos -de nacionalidad mexicana-, as\u00ed como el veh\u00edculo fueron puestos a disposici\u00f3n de la Fiscal\u00eda General de la Rep\u00fablica (FGR) por el probable delito de tr\u00e1fico de personas.\" \/>\n<meta property=\"og:url\" content=\"https:\/\/canal7slp.tv\/2022\/intercepta-inm-a-167-migrantes-en-un-camion\/\" \/>\n<meta property=\"og:site_name\" content=\"Canal 7 SLP - 2022\" \/>\n<meta property=\"article:publisher\" content=\"https:\/\/www.facebook.com\/noticieroscanalsiete\" \/>\n<meta property=\"article:published_time\" content=\"2022-04-07T22:02:10+00:00\" \/>\n<meta property=\"og:image\" content=\"https:\/\/canal7slp.tv\/2022\/wp-content\/uploads\/2022\/04\/02.jpeg\" \/>\n\t<meta property=\"og:image:width\" content=\"1280\" \/>\n\t<meta property=\"og:image:height\" content=\"960\" \/>\n\t<meta property=\"og:image:type\" content=\"image\/jpeg\" \/>\n<meta name=\"author\" content=\"Edici\u00f3n Web\" \/>\n<meta name=\"twitter:card\" content=\"summary_large_image\" \/>\n<meta name=\"twitter:creator\" content=\"@NOTICIEROS7\" \/>\n<meta name=\"twitter:site\" content=\"@NOTICIEROS7\" \/>\n<meta name=\"twitter:label1\" content=\"Escrito por\" \/>\n\t<meta name=\"twitter:data1\" content=\"Edici\u00f3n Web\" \/>\n\t<meta name=\"twitter:label2\" content=\"Tiempo de lectura\" \/>\n\t<meta name=\"twitter:data2\" content=\"1 minuto\" \/>\n<script type=\"application\/ld+json\" class=\"yoast-schema-graph\">{\"@context\":\"https:\\\/\\\/schema.org\",\"@graph\":[{\"@type\":\"Article\",\"@id\":\"https:\\\/\\\/canal7slp.tv\\\/2022\\\/intercepta-inm-a-167-migrantes-en-un-camion\\\/#article\",\"isPartOf\":{\"@id\":\"https:\\\/\\\/canal7slp.tv\\\/2022\\\/intercepta-inm-a-167-migrantes-en-un-camion\\\/\"},\"author\":{\"name\":\"Edici\u00f3n Web\",\"@id\":\"https:\\\/\\\/canal7slp.tv\\\/2022\\\/#\\\/schema\\\/person\\\/429704152a21f5f856ce29aa69a238da\"},\"headline\":\"Intercepta INM a 167 migrantes en un cami\u00f3n\",\"datePublished\":\"2022-04-07T22:02:10+00:00\",\"mainEntityOfPage\":{\"@id\":\"https:\\\/\\\/canal7slp.tv\\\/2022\\\/intercepta-inm-a-167-migrantes-en-un-camion\\\/\"},\"wordCount\":100,\"publisher\":{\"@id\":\"https:\\\/\\\/canal7slp.tv\\\/2022\\\/#organization\"},\"image\":{\"@id\":\"https:\\\/\\\/canal7slp.tv\\\/2022\\\/intercepta-inm-a-167-migrantes-en-un-camion\\\/#primaryimage\"},\"thumbnailUrl\":\"https:\\\/\\\/canal7slp.tv\\\/2022\\\/wp-content\\\/uploads\\\/2022\\\/04\\\/02.jpeg\",\"articleSection\":[\"NACIONALES\"],\"inLanguage\":\"es\"},{\"@type\":\"WebPage\",\"@id\":\"https:\\\/\\\/canal7slp.tv\\\/2022\\\/intercepta-inm-a-167-migrantes-en-un-camion\\\/\",\"url\":\"https:\\\/\\\/canal7slp.tv\\\/2022\\\/intercepta-inm-a-167-migrantes-en-un-camion\\\/\",\"name\":\"Intercepta INM a 167 migrantes en un cami\u00f3n - Canal 7 SLP - 2022\",\"isPartOf\":{\"@id\":\"https:\\\/\\\/canal7slp.tv\\\/2022\\\/#website\"},\"primaryImageOfPage\":{\"@id\":\"https:\\\/\\\/canal7slp.tv\\\/2022\\\/intercepta-inm-a-167-migrantes-en-un-camion\\\/#primaryimage\"},\"image\":{\"@id\":\"https:\\\/\\\/canal7slp.tv\\\/2022\\\/intercepta-inm-a-167-migrantes-en-un-camion\\\/#primaryimage\"},\"thumbnailUrl\":\"https:\\\/\\\/canal7slp.tv\\\/2022\\\/wp-content\\\/uploads\\\/2022\\\/04\\\/02.jpeg\",\"datePublished\":\"2022-04-07T22:02:10+00:00\",\"breadcrumb\":{\"@id\":\"https:\\\/\\\/canal7slp.tv\\\/2022\\\/intercepta-inm-a-167-migrantes-en-un-camion\\\/#breadcrumb\"},\"inLanguage\":\"es\",\"potentialAction\":[{\"@type\":\"ReadAction\",\"target\":[\"https:\\\/\\\/canal7slp.tv\\\/2022\\\/intercepta-inm-a-167-migrantes-en-un-camion\\\/\"]}]},{\"@type\":\"ImageObject\",\"inLanguage\":\"es\",\"@id\":\"https:\\\/\\\/canal7slp.tv\\\/2022\\\/intercepta-inm-a-167-migrantes-en-un-camion\\\/#primaryimage\",\"url\":\"https:\\\/\\\/canal7slp.tv\\\/2022\\\/wp-content\\\/uploads\\\/2022\\\/04\\\/02.jpeg\",\"contentUrl\":\"https:\\\/\\\/canal7slp.tv\\\/2022\\\/wp-content\\\/uploads\\\/2022\\\/04\\\/02.jpeg\",\"width\":1280,\"height\":960},{\"@type\":\"BreadcrumbList\",\"@id\":\"https:\\\/\\\/canal7slp.tv\\\/2022\\\/intercepta-inm-a-167-migrantes-en-un-camion\\\/#breadcrumb\",\"itemListElement\":[{\"@type\":\"ListItem\",\"position\":1,\"name\":\"Portada\",\"item\":\"https:\\\/\\\/canal7slp.tv\\\/2022\\\/\"},{\"@type\":\"ListItem\",\"position\":2,\"name\":\"Intercepta INM a 167 migrantes en un cami\u00f3n\"}]},{\"@type\":\"WebSite\",\"@id\":\"https:\\\/\\\/canal7slp.tv\\\/2022\\\/#website\",\"url\":\"https:\\\/\\\/canal7slp.tv\\\/2022\\\/\",\"name\":\"N7 - Noticieros Canal 7\",\"description\":\"Somos Televisi\u00f3n\",\"publisher\":{\"@id\":\"https:\\\/\\\/canal7slp.tv\\\/2022\\\/#organization\"},\"potentialAction\":[{\"@type\":\"SearchAction\",\"target\":{\"@type\":\"EntryPoint\",\"urlTemplate\":\"https:\\\/\\\/canal7slp.tv\\\/2022\\\/?s={search_term_string}\"},\"query-input\":{\"@type\":\"PropertyValueSpecification\",\"valueRequired\":true,\"valueName\":\"search_term_string\"}}],\"inLanguage\":\"es\"},{\"@type\":\"Organization\",\"@id\":\"https:\\\/\\\/canal7slp.tv\\\/2022\\\/#organization\",\"name\":\"Noticieros Canal 7\",\"url\":\"https:\\\/\\\/canal7slp.tv\\\/2022\\\/\",\"logo\":{\"@type\":\"ImageObject\",\"inLanguage\":\"es\",\"@id\":\"https:\\\/\\\/canal7slp.tv\\\/2022\\\/#\\\/schema\\\/logo\\\/image\\\/\",\"url\":\"https:\\\/\\\/canal7slp.tv\\\/2022\\\/wp-content\\\/uploads\\\/2021\\\/01\\\/logo-noticieros@2x.png\",\"contentUrl\":\"https:\\\/\\\/canal7slp.tv\\\/2022\\\/wp-content\\\/uploads\\\/2021\\\/01\\\/logo-noticieros@2x.png\",\"width\":1017,\"height\":268,\"caption\":\"Noticieros Canal 7\"},\"image\":{\"@id\":\"https:\\\/\\\/canal7slp.tv\\\/2022\\\/#\\\/schema\\\/logo\\\/image\\\/\"},\"sameAs\":[\"https:\\\/\\\/www.facebook.com\\\/noticieroscanalsiete\",\"https:\\\/\\\/x.com\\\/NOTICIEROS7\",\"https:\\\/\\\/www.instagram.com\\\/canal7_slp\",\"https:\\\/\\\/www.youtube.com\\\/channel\\\/UCliiYs-gP3JfJeqdPrNdd5A\"]},{\"@type\":\"Person\",\"@id\":\"https:\\\/\\\/canal7slp.tv\\\/2022\\\/#\\\/schema\\\/person\\\/429704152a21f5f856ce29aa69a238da\",\"name\":\"Edici\u00f3n Web\",\"image\":{\"@type\":\"ImageObject\",\"inLanguage\":\"es\",\"@id\":\"https:\\\/\\\/secure.gravatar.com\\\/avatar\\\/eee448fc3f7164808013b816ba91ac7e43bbe82a70bebac296f8bc6f0addaa1a?s=96&d=mm&r=g\",\"url\":\"https:\\\/\\\/secure.gravatar.com\\\/avatar\\\/eee448fc3f7164808013b816ba91ac7e43bbe82a70bebac296f8bc6f0addaa1a?s=96&d=mm&r=g\",\"contentUrl\":\"https:\\\/\\\/secure.gravatar.com\\\/avatar\\\/eee448fc3f7164808013b816ba91ac7e43bbe82a70bebac296f8bc6f0addaa1a?s=96&d=mm&r=g\",\"caption\":\"Edici\u00f3n Web\"},\"url\":\"https:\\\/\\\/canal7slp.tv\\\/2022\\\/author\\\/edicionweb\\\/\"}]}<\/script>\n<!-- \/ Yoast SEO plugin. -->","yoast_head_json":{"title":"Intercepta INM a 167 migrantes en un cami\u00f3n - Canal 7 SLP - 2022","robots":{"index":"index","follow":"follow","max-snippet":"max-snippet:-1","max-image-preview":"max-image-preview:large","max-video-preview":"max-video-preview:-1"},"canonical":"https:\/\/canal7slp.tv\/2022\/intercepta-inm-a-167-migrantes-en-un-camion\/","og_locale":"es_ES","og_type":"article","og_title":"Intercepta INM a 167 migrantes en un cami\u00f3n - Canal 7 SLP - 2022","og_description":"Cuautlancingo.- Instituto Nacional de Migraci\u00f3n (INM), inform\u00f3 que en el municipio de Cuautlancingo, Puebla, fueron localizados 167 migrantes que viajaban escondidos al interior de un tracto cami\u00f3n. Por medio de un comunicado, la dependencia detall\u00f3 que de estos, 135 son de Guatemala, 20 de Honduras, ocho de El Salvador y cuatro de Cuba. La dependencia se\u00f1al\u00f3 que dos individuos -de nacionalidad mexicana-, as\u00ed como el veh\u00edculo fueron puestos a disposici\u00f3n de la Fiscal\u00eda General de la Rep\u00fablica (FGR) por el probable delito de tr\u00e1fico de personas.","og_url":"https:\/\/canal7slp.tv\/2022\/intercepta-inm-a-167-migrantes-en-un-camion\/","og_site_name":"Canal 7 SLP - 2022","article_publisher":"https:\/\/www.facebook.com\/noticieroscanalsiete","article_published_time":"2022-04-07T22:02:10+00:00","og_image":[{"width":1280,"height":960,"url":"https:\/\/canal7slp.tv\/2022\/wp-content\/uploads\/2022\/04\/02.jpeg","type":"image\/jpeg"}],"author":"Edici\u00f3n Web","twitter_card":"summary_large_image","twitter_creator":"@NOTICIEROS7","twitter_site":"@NOTICIEROS7","twitter_misc":{"Escrito por":"Edici\u00f3n Web","Tiempo de lectura":"1 minuto"},"schema":{"@context":"https:\/\/schema.org","@graph":[{"@type":"Article","@id":"https:\/\/canal7slp.tv\/2022\/intercepta-inm-a-167-migrantes-en-un-camion\/#article","isPartOf":{"@id":"https:\/\/canal7slp.tv\/2022\/intercepta-inm-a-167-migrantes-en-un-camion\/"},"author":{"name":"Edici\u00f3n Web","@id":"https:\/\/canal7slp.tv\/2022\/#\/schema\/person\/429704152a21f5f856ce29aa69a238da"},"headline":"Intercepta INM a 167 migrantes en un cami\u00f3n","datePublished":"2022-04-07T22:02:10+00:00","mainEntityOfPage":{"@id":"https:\/\/canal7slp.tv\/2022\/intercepta-inm-a-167-migrantes-en-un-camion\/"},"wordCount":100,"publisher":{"@id":"https:\/\/canal7slp.tv\/2022\/#organization"},"image":{"@id":"https:\/\/canal7slp.tv\/2022\/intercepta-inm-a-167-migrantes-en-un-camion\/#primaryimage"},"thumbnailUrl":"https:\/\/canal7slp.tv\/2022\/wp-content\/uploads\/2022\/04\/02.jpeg","articleSection":["NACIONALES"],"inLanguage":"es"},{"@type":"WebPage","@id":"https:\/\/canal7slp.tv\/2022\/intercepta-inm-a-167-migrantes-en-un-camion\/","url":"https:\/\/canal7slp.tv\/2022\/intercepta-inm-a-167-migrantes-en-un-camion\/","name":"Intercepta INM a 167 migrantes en un cami\u00f3n - Canal 7 SLP - 2022","isPartOf":{"@id":"https:\/\/canal7slp.tv\/2022\/#website"},"primaryImageOfPage":{"@id":"https:\/\/canal7slp.tv\/2022\/intercepta-inm-a-167-migrantes-en-un-camion\/#primaryimage"},"image":{"@id":"https:\/\/canal7slp.tv\/2022\/intercepta-inm-a-167-migrantes-en-un-camion\/#primaryimage"},"thumbnailUrl":"https:\/\/canal7slp.tv\/2022\/wp-content\/uploads\/2022\/04\/02.jpeg","datePublished":"2022-04-07T22:02:10+00:00","breadcrumb":{"@id":"https:\/\/canal7slp.tv\/2022\/intercepta-inm-a-167-migrantes-en-un-camion\/#breadcrumb"},"inLanguage":"es","potentialAction":[{"@type":"ReadAction","target":["https:\/\/canal7slp.tv\/2022\/intercepta-inm-a-167-migrantes-en-un-camion\/"]}]},{"@type":"ImageObject","inLanguage":"es","@id":"https:\/\/canal7slp.tv\/2022\/intercepta-inm-a-167-migrantes-en-un-camion\/#primaryimage","url":"https:\/\/canal7slp.tv\/2022\/wp-content\/uploads\/2022\/04\/02.jpeg","contentUrl":"https:\/\/canal7slp.tv\/2022\/wp-content\/uploads\/2022\/04\/02.jpeg","width":1280,"height":960},{"@type":"BreadcrumbList","@id":"https:\/\/canal7slp.tv\/2022\/intercepta-inm-a-167-migrantes-en-un-camion\/#breadcrumb","itemListElement":[{"@type":"ListItem","position":1,"name":"Portada","item":"https:\/\/canal7slp.tv\/2022\/"},{"@type":"ListItem","position":2,"name":"Intercepta INM a 167 migrantes en un cami\u00f3n"}]},{"@type":"WebSite","@id":"https:\/\/canal7slp.tv\/2022\/#website","url":"https:\/\/canal7slp.tv\/2022\/","name":"N7 - Noticieros Canal 7","description":"Somos Televisi\u00f3n","publisher":{"@id":"https:\/\/canal7slp.tv\/2022\/#organization"},"potentialAction":[{"@type":"SearchAction","target":{"@type":"EntryPoint","urlTemplate":"https:\/\/canal7slp.tv\/2022\/?s={search_term_string}"},"query-input":{"@type":"PropertyValueSpecification","valueRequired":true,"valueName":"search_term_string"}}],"inLanguage":"es"},{"@type":"Organization","@id":"https:\/\/canal7slp.tv\/2022\/#organization","name":"Noticieros Canal 7","url":"https:\/\/canal7slp.tv\/2022\/","logo":{"@type":"ImageObject","inLanguage":"es","@id":"https:\/\/canal7slp.tv\/2022\/#\/schema\/logo\/image\/","url":"https:\/\/canal7slp.tv\/2022\/wp-content\/uploads\/2021\/01\/logo-noticieros@2x.png","contentUrl":"https:\/\/canal7slp.tv\/2022\/wp-content\/uploads\/2021\/01\/logo-noticieros@2x.png","width":1017,"height":268,"caption":"Noticieros Canal 7"},"image":{"@id":"https:\/\/canal7slp.tv\/2022\/#\/schema\/logo\/image\/"},"sameAs":["https:\/\/www.facebook.com\/noticieroscanalsiete","https:\/\/x.com\/NOTICIEROS7","https:\/\/www.instagram.com\/canal7_slp","https:\/\/www.youtube.com\/channel\/UCliiYs-gP3JfJeqdPrNdd5A"]},{"@type":"Person","@id":"https:\/\/canal7slp.tv\/2022\/#\/schema\/person\/429704152a21f5f856ce29aa69a238da","name":"Edici\u00f3n Web","image":{"@type":"ImageObject","inLanguage":"es","@id":"https:\/\/secure.gravatar.com\/avatar\/eee448fc3f7164808013b816ba91ac7e43bbe82a70bebac296f8bc6f0addaa1a?s=96&d=mm&r=g","url":"https:\/\/secure.gravatar.com\/avatar\/eee448fc3f7164808013b816ba91ac7e43bbe82a70bebac296f8bc6f0addaa1a?s=96&d=mm&r=g","contentUrl":"https:\/\/secure.gravatar.com\/avatar\/eee448fc3f7164808013b816ba91ac7e43bbe82a70bebac296f8bc6f0addaa1a?s=96&d=mm&r=g","caption":"Edici\u00f3n Web"},"url":"https:\/\/canal7slp.tv\/2022\/author\/edicionweb\/"}]}},"amp_enabled":true,"_links":{"self":[{"href":"https:\/\/canal7slp.tv\/2022\/wp-json\/wp\/v2\/posts\/56594","targetHints":{"allow":["GET"]}}],"collection":[{"href":"https:\/\/canal7slp.tv\/2022\/wp-json\/wp\/v2\/posts"}],"about":[{"href":"https:\/\/canal7slp.tv\/2022\/wp-json\/wp\/v2\/types\/post"}],"author":[{"embeddable":true,"href":"https:\/\/canal7slp.tv\/2022\/wp-json\/wp\/v2\/users\/2"}],"replies":[{"embeddable":true,"href":"https:\/\/canal7slp.tv\/2022\/wp-json\/wp\/v2\/comments?post=56594"}],"version-history":[{"count":3,"href":"https:\/\/canal7slp.tv\/2022\/wp-json\/wp\/v2\/posts\/56594\/revisions"}],"predecessor-version":[{"id":56660,"href":"https:\/\/canal7slp.tv\/2022\/wp-json\/wp\/v2\/posts\/56594\/revisions\/56660"}],"wp:featuredmedia":[{"embeddable":true,"href":"https:\/\/canal7slp.tv\/2022\/wp-json\/wp\/v2\/media\/56612"}],"wp:attachment":[{"href":"https:\/\/canal7slp.tv\/2022\/wp-json\/wp\/v2\/media?parent=56594"}],"wp:term":[{"taxonomy":"category","embeddable":true,"href":"https:\/\/canal7slp.tv\/2022\/wp-json\/wp\/v2\/categories?post=56594"},{"taxonomy":"post_tag","embeddable":true,"href":"https:\/\/canal7slp.tv\/2022\/wp-json\/wp\/v2\/tags?post=56594"}],"curies":[{"name":"wp","href":"https:\/\/api.w.org\/{rel}","templated":true}]}}