{"id":56593,"date":"2022-04-07T16:02:08","date_gmt":"2022-04-07T22:02:08","guid":{"rendered":"https:\/\/canal7slp.tv\/2022\/?p=56593"},"modified":"2022-04-07T16:02:08","modified_gmt":"2022-04-07T22:02:08","slug":"suman-21-detenidos-por-periodistas-asesinados-durante-el-presente-ano","status":"publish","type":"post","link":"https:\/\/canal7slp.tv\/2022\/suman-21-detenidos-por-periodistas-asesinados-durante-el-presente-ano\/","title":{"rendered":"Suman 21 detenidos por periodistas asesinados durante el presente a\u00f1o"},"content":{"rendered":"<p style=\"text-align: justify;\">M\u00e9xico.- Rosa Icela Rodr\u00edguez Vel\u00e1zquez, titular de la Secretar\u00eda de Seguridad y Protecci\u00f3n Ciudadana (SSPC), inform\u00f3 que hay 21 personas detenidas o vinculadas pr\u00f3ximas a enfrentar juicios penales por los asesinatos de periodistas cometidos en lo que va del 2022.<\/p>\n<p style=\"text-align: justify;\">La funcionaria agreg\u00f3 que en dos de estos casos se ofrece una recompensa para poder dar con el paradero de los presuntos involucrados en los homicidios.<\/p>\n<p style=\"text-align: justify;\">Rodr\u00edguez Vel\u00e1zquez detall\u00f3 avances en seis de estos casos:<\/p>\n<ul>\n<li style=\"text-align: justify;\">Periodista Jos\u00e9 Luis Gamboa Arenas, del diario digital \u201cInforegio: se\u00f1al\u00f3 que se tiene identificado el m\u00f3vil y los autores material e intelectual de su asesinato -cometido el 10 de enero-.<\/li>\n<li style=\"text-align: justify;\">Fotorreportero freelance Alfonso Margarito Mart\u00ednez Esquivel: indic\u00f3 quehay 10 detenidos y tres vinculados a proceso.<\/li>\n<li style=\"text-align: justify;\">Periodista Lourdes Maldonado L\u00f3pez, de \u201cRadio Sin Frontera\u201d: coment\u00f3 que hay tres personas vinculadas a proceso.<\/li>\n<li style=\"text-align: justify;\">Reportero Juan Carlos Mu\u00f1iz, del portal \u201cTestigo Minero\u201d: puntualiz\u00f3 que hay dos detenidos y dos vinculado a proceso. Sobre este caso, la FGR atrajo la investigaci\u00f3n.<\/li>\n<li style=\"text-align: justify;\">Periodista Heber Fernando L\u00f3pez, director del medio digital \u201cNoticias Web\u201d, inform\u00f3 que hay un detenido.<\/li>\n<li style=\"text-align: justify;\">Periodista Armando Linares L\u00f3pez, director de \u201cMonitor Michoac\u00e1n\u201d, asegur\u00f3 que hay tres presuntos responsables identificados y la fiscal\u00eda estatal ofrece una recompensa por dos de ellos.<\/li>\n<\/ul>\n","protected":false},"excerpt":{"rendered":"<p>M\u00e9xico.- Rosa Icela Rodr\u00edguez Vel\u00e1zquez, titular de la Secretar\u00eda de Seguridad y Protecci\u00f3n Ciudadana (SSPC), inform\u00f3 que hay 21 personas detenidas o vinculadas pr\u00f3ximas a enfrentar juicios penales por los asesinatos de periodistas cometidos en lo que va del 2022. La funcionaria agreg\u00f3 que en dos de estos casos se ofrece una recompensa para poder dar con el paradero de los presuntos involucrados en los homicidios. Rodr\u00edguez Vel\u00e1zquez detall\u00f3 avances en seis de estos casos: Periodista Jos\u00e9 Luis Gamboa Arenas, del diario digital \u201cInforegio: se\u00f1al\u00f3 que se tiene identificado el m\u00f3vil y los autores material e intelectual de su asesinato [&hellip;]<\/p>\n","protected":false},"author":2,"featured_media":56611,"comment_status":"closed","ping_status":"closed","sticky":false,"template":"","format":"standard","meta":{"footnotes":""},"categories":[46],"tags":[],"class_list":["post-56593","post","type-post","status-publish","format-standard","has-post-thumbnail","hentry","category-nacional","post--single"],"yoast_head":"<!-- This site is optimized with the Yoast SEO plugin v27.4 - https:\/\/yoast.com\/product\/yoast-seo-wordpress\/ -->\n<title>Suman 21 detenidos por periodistas asesinados durante el presente a\u00f1o - Canal 7 SLP - 2022<\/title>\n<meta name=\"robots\" content=\"index, follow, max-snippet:-1, max-image-preview:large, max-video-preview:-1\" \/>\n<link rel=\"canonical\" href=\"https:\/\/canal7slp.tv\/2022\/suman-21-detenidos-por-periodistas-asesinados-durante-el-presente-ano\/\" \/>\n<meta property=\"og:locale\" content=\"es_ES\" \/>\n<meta property=\"og:type\" content=\"article\" \/>\n<meta property=\"og:title\" content=\"Suman 21 detenidos por periodistas asesinados durante el presente a\u00f1o - Canal 7 SLP - 2022\" \/>\n<meta property=\"og:description\" content=\"M\u00e9xico.- Rosa Icela Rodr\u00edguez Vel\u00e1zquez, titular de la Secretar\u00eda de Seguridad y Protecci\u00f3n Ciudadana (SSPC), inform\u00f3 que hay 21 personas detenidas o vinculadas pr\u00f3ximas a enfrentar juicios penales por los asesinatos de periodistas cometidos en lo que va del 2022. La funcionaria agreg\u00f3 que en dos de estos casos se ofrece una recompensa para poder dar con el paradero de los presuntos involucrados en los homicidios. Rodr\u00edguez Vel\u00e1zquez detall\u00f3 avances en seis de estos casos: Periodista Jos\u00e9 Luis Gamboa Arenas, del diario digital \u201cInforegio: se\u00f1al\u00f3 que se tiene identificado el m\u00f3vil y los autores material e intelectual de su asesinato [&hellip;]\" \/>\n<meta property=\"og:url\" content=\"https:\/\/canal7slp.tv\/2022\/suman-21-detenidos-por-periodistas-asesinados-durante-el-presente-ano\/\" \/>\n<meta property=\"og:site_name\" content=\"Canal 7 SLP - 2022\" \/>\n<meta property=\"article:publisher\" content=\"https:\/\/www.facebook.com\/noticieroscanalsiete\" \/>\n<meta property=\"article:published_time\" content=\"2022-04-07T22:02:08+00:00\" \/>\n<meta property=\"og:image\" content=\"https:\/\/canal7slp.tv\/2022\/wp-content\/uploads\/2022\/04\/01-3.jpg\" \/>\n\t<meta property=\"og:image:width\" content=\"864\" \/>\n\t<meta property=\"og:image:height\" content=\"486\" \/>\n\t<meta property=\"og:image:type\" content=\"image\/jpeg\" \/>\n<meta name=\"author\" content=\"Edici\u00f3n Web\" \/>\n<meta name=\"twitter:card\" content=\"summary_large_image\" \/>\n<meta name=\"twitter:creator\" content=\"@NOTICIEROS7\" \/>\n<meta name=\"twitter:site\" content=\"@NOTICIEROS7\" \/>\n<meta name=\"twitter:label1\" content=\"Escrito por\" \/>\n\t<meta name=\"twitter:data1\" content=\"Edici\u00f3n Web\" \/>\n\t<meta name=\"twitter:label2\" content=\"Tiempo de lectura\" \/>\n\t<meta name=\"twitter:data2\" content=\"1 minuto\" \/>\n<script type=\"application\/ld+json\" class=\"yoast-schema-graph\">{\"@context\":\"https:\\\/\\\/schema.org\",\"@graph\":[{\"@type\":\"Article\",\"@id\":\"https:\\\/\\\/canal7slp.tv\\\/2022\\\/suman-21-detenidos-por-periodistas-asesinados-durante-el-presente-ano\\\/#article\",\"isPartOf\":{\"@id\":\"https:\\\/\\\/canal7slp.tv\\\/2022\\\/suman-21-detenidos-por-periodistas-asesinados-durante-el-presente-ano\\\/\"},\"author\":{\"name\":\"Edici\u00f3n Web\",\"@id\":\"https:\\\/\\\/canal7slp.tv\\\/2022\\\/#\\\/schema\\\/person\\\/429704152a21f5f856ce29aa69a238da\"},\"headline\":\"Suman 21 detenidos por periodistas asesinados durante el presente a\u00f1o\",\"datePublished\":\"2022-04-07T22:02:08+00:00\",\"mainEntityOfPage\":{\"@id\":\"https:\\\/\\\/canal7slp.tv\\\/2022\\\/suman-21-detenidos-por-periodistas-asesinados-durante-el-presente-ano\\\/\"},\"wordCount\":228,\"publisher\":{\"@id\":\"https:\\\/\\\/canal7slp.tv\\\/2022\\\/#organization\"},\"image\":{\"@id\":\"https:\\\/\\\/canal7slp.tv\\\/2022\\\/suman-21-detenidos-por-periodistas-asesinados-durante-el-presente-ano\\\/#primaryimage\"},\"thumbnailUrl\":\"https:\\\/\\\/canal7slp.tv\\\/2022\\\/wp-content\\\/uploads\\\/2022\\\/04\\\/01-3.jpg\",\"articleSection\":[\"NACIONALES\"],\"inLanguage\":\"es\"},{\"@type\":\"WebPage\",\"@id\":\"https:\\\/\\\/canal7slp.tv\\\/2022\\\/suman-21-detenidos-por-periodistas-asesinados-durante-el-presente-ano\\\/\",\"url\":\"https:\\\/\\\/canal7slp.tv\\\/2022\\\/suman-21-detenidos-por-periodistas-asesinados-durante-el-presente-ano\\\/\",\"name\":\"Suman 21 detenidos por periodistas asesinados durante el presente a\u00f1o - Canal 7 SLP - 2022\",\"isPartOf\":{\"@id\":\"https:\\\/\\\/canal7slp.tv\\\/2022\\\/#website\"},\"primaryImageOfPage\":{\"@id\":\"https:\\\/\\\/canal7slp.tv\\\/2022\\\/suman-21-detenidos-por-periodistas-asesinados-durante-el-presente-ano\\\/#primaryimage\"},\"image\":{\"@id\":\"https:\\\/\\\/canal7slp.tv\\\/2022\\\/suman-21-detenidos-por-periodistas-asesinados-durante-el-presente-ano\\\/#primaryimage\"},\"thumbnailUrl\":\"https:\\\/\\\/canal7slp.tv\\\/2022\\\/wp-content\\\/uploads\\\/2022\\\/04\\\/01-3.jpg\",\"datePublished\":\"2022-04-07T22:02:08+00:00\",\"breadcrumb\":{\"@id\":\"https:\\\/\\\/canal7slp.tv\\\/2022\\\/suman-21-detenidos-por-periodistas-asesinados-durante-el-presente-ano\\\/#breadcrumb\"},\"inLanguage\":\"es\",\"potentialAction\":[{\"@type\":\"ReadAction\",\"target\":[\"https:\\\/\\\/canal7slp.tv\\\/2022\\\/suman-21-detenidos-por-periodistas-asesinados-durante-el-presente-ano\\\/\"]}]},{\"@type\":\"ImageObject\",\"inLanguage\":\"es\",\"@id\":\"https:\\\/\\\/canal7slp.tv\\\/2022\\\/suman-21-detenidos-por-periodistas-asesinados-durante-el-presente-ano\\\/#primaryimage\",\"url\":\"https:\\\/\\\/canal7slp.tv\\\/2022\\\/wp-content\\\/uploads\\\/2022\\\/04\\\/01-3.jpg\",\"contentUrl\":\"https:\\\/\\\/canal7slp.tv\\\/2022\\\/wp-content\\\/uploads\\\/2022\\\/04\\\/01-3.jpg\",\"width\":864,\"height\":486},{\"@type\":\"BreadcrumbList\",\"@id\":\"https:\\\/\\\/canal7slp.tv\\\/2022\\\/suman-21-detenidos-por-periodistas-asesinados-durante-el-presente-ano\\\/#breadcrumb\",\"itemListElement\":[{\"@type\":\"ListItem\",\"position\":1,\"name\":\"Portada\",\"item\":\"https:\\\/\\\/canal7slp.tv\\\/2022\\\/\"},{\"@type\":\"ListItem\",\"position\":2,\"name\":\"Suman 21 detenidos por periodistas asesinados durante el presente a\u00f1o\"}]},{\"@type\":\"WebSite\",\"@id\":\"https:\\\/\\\/canal7slp.tv\\\/2022\\\/#website\",\"url\":\"https:\\\/\\\/canal7slp.tv\\\/2022\\\/\",\"name\":\"N7 - Noticieros Canal 7\",\"description\":\"Somos Televisi\u00f3n\",\"publisher\":{\"@id\":\"https:\\\/\\\/canal7slp.tv\\\/2022\\\/#organization\"},\"potentialAction\":[{\"@type\":\"SearchAction\",\"target\":{\"@type\":\"EntryPoint\",\"urlTemplate\":\"https:\\\/\\\/canal7slp.tv\\\/2022\\\/?s={search_term_string}\"},\"query-input\":{\"@type\":\"PropertyValueSpecification\",\"valueRequired\":true,\"valueName\":\"search_term_string\"}}],\"inLanguage\":\"es\"},{\"@type\":\"Organization\",\"@id\":\"https:\\\/\\\/canal7slp.tv\\\/2022\\\/#organization\",\"name\":\"Noticieros Canal 7\",\"url\":\"https:\\\/\\\/canal7slp.tv\\\/2022\\\/\",\"logo\":{\"@type\":\"ImageObject\",\"inLanguage\":\"es\",\"@id\":\"https:\\\/\\\/canal7slp.tv\\\/2022\\\/#\\\/schema\\\/logo\\\/image\\\/\",\"url\":\"https:\\\/\\\/canal7slp.tv\\\/2022\\\/wp-content\\\/uploads\\\/2021\\\/01\\\/logo-noticieros@2x.png\",\"contentUrl\":\"https:\\\/\\\/canal7slp.tv\\\/2022\\\/wp-content\\\/uploads\\\/2021\\\/01\\\/logo-noticieros@2x.png\",\"width\":1017,\"height\":268,\"caption\":\"Noticieros Canal 7\"},\"image\":{\"@id\":\"https:\\\/\\\/canal7slp.tv\\\/2022\\\/#\\\/schema\\\/logo\\\/image\\\/\"},\"sameAs\":[\"https:\\\/\\\/www.facebook.com\\\/noticieroscanalsiete\",\"https:\\\/\\\/x.com\\\/NOTICIEROS7\",\"https:\\\/\\\/www.instagram.com\\\/canal7_slp\",\"https:\\\/\\\/www.youtube.com\\\/channel\\\/UCliiYs-gP3JfJeqdPrNdd5A\"]},{\"@type\":\"Person\",\"@id\":\"https:\\\/\\\/canal7slp.tv\\\/2022\\\/#\\\/schema\\\/person\\\/429704152a21f5f856ce29aa69a238da\",\"name\":\"Edici\u00f3n Web\",\"image\":{\"@type\":\"ImageObject\",\"inLanguage\":\"es\",\"@id\":\"https:\\\/\\\/secure.gravatar.com\\\/avatar\\\/eee448fc3f7164808013b816ba91ac7e43bbe82a70bebac296f8bc6f0addaa1a?s=96&d=mm&r=g\",\"url\":\"https:\\\/\\\/secure.gravatar.com\\\/avatar\\\/eee448fc3f7164808013b816ba91ac7e43bbe82a70bebac296f8bc6f0addaa1a?s=96&d=mm&r=g\",\"contentUrl\":\"https:\\\/\\\/secure.gravatar.com\\\/avatar\\\/eee448fc3f7164808013b816ba91ac7e43bbe82a70bebac296f8bc6f0addaa1a?s=96&d=mm&r=g\",\"caption\":\"Edici\u00f3n Web\"},\"url\":\"https:\\\/\\\/canal7slp.tv\\\/2022\\\/author\\\/edicionweb\\\/\"}]}<\/script>\n<!-- \/ Yoast SEO plugin. -->","yoast_head_json":{"title":"Suman 21 detenidos por periodistas asesinados durante el presente a\u00f1o - Canal 7 SLP - 2022","robots":{"index":"index","follow":"follow","max-snippet":"max-snippet:-1","max-image-preview":"max-image-preview:large","max-video-preview":"max-video-preview:-1"},"canonical":"https:\/\/canal7slp.tv\/2022\/suman-21-detenidos-por-periodistas-asesinados-durante-el-presente-ano\/","og_locale":"es_ES","og_type":"article","og_title":"Suman 21 detenidos por periodistas asesinados durante el presente a\u00f1o - Canal 7 SLP - 2022","og_description":"M\u00e9xico.- Rosa Icela Rodr\u00edguez Vel\u00e1zquez, titular de la Secretar\u00eda de Seguridad y Protecci\u00f3n Ciudadana (SSPC), inform\u00f3 que hay 21 personas detenidas o vinculadas pr\u00f3ximas a enfrentar juicios penales por los asesinatos de periodistas cometidos en lo que va del 2022. La funcionaria agreg\u00f3 que en dos de estos casos se ofrece una recompensa para poder dar con el paradero de los presuntos involucrados en los homicidios. Rodr\u00edguez Vel\u00e1zquez detall\u00f3 avances en seis de estos casos: Periodista Jos\u00e9 Luis Gamboa Arenas, del diario digital \u201cInforegio: se\u00f1al\u00f3 que se tiene identificado el m\u00f3vil y los autores material e intelectual de su asesinato [&hellip;]","og_url":"https:\/\/canal7slp.tv\/2022\/suman-21-detenidos-por-periodistas-asesinados-durante-el-presente-ano\/","og_site_name":"Canal 7 SLP - 2022","article_publisher":"https:\/\/www.facebook.com\/noticieroscanalsiete","article_published_time":"2022-04-07T22:02:08+00:00","og_image":[{"width":864,"height":486,"url":"https:\/\/canal7slp.tv\/2022\/wp-content\/uploads\/2022\/04\/01-3.jpg","type":"image\/jpeg"}],"author":"Edici\u00f3n Web","twitter_card":"summary_large_image","twitter_creator":"@NOTICIEROS7","twitter_site":"@NOTICIEROS7","twitter_misc":{"Escrito por":"Edici\u00f3n Web","Tiempo de lectura":"1 minuto"},"schema":{"@context":"https:\/\/schema.org","@graph":[{"@type":"Article","@id":"https:\/\/canal7slp.tv\/2022\/suman-21-detenidos-por-periodistas-asesinados-durante-el-presente-ano\/#article","isPartOf":{"@id":"https:\/\/canal7slp.tv\/2022\/suman-21-detenidos-por-periodistas-asesinados-durante-el-presente-ano\/"},"author":{"name":"Edici\u00f3n Web","@id":"https:\/\/canal7slp.tv\/2022\/#\/schema\/person\/429704152a21f5f856ce29aa69a238da"},"headline":"Suman 21 detenidos por periodistas asesinados durante el presente a\u00f1o","datePublished":"2022-04-07T22:02:08+00:00","mainEntityOfPage":{"@id":"https:\/\/canal7slp.tv\/2022\/suman-21-detenidos-por-periodistas-asesinados-durante-el-presente-ano\/"},"wordCount":228,"publisher":{"@id":"https:\/\/canal7slp.tv\/2022\/#organization"},"image":{"@id":"https:\/\/canal7slp.tv\/2022\/suman-21-detenidos-por-periodistas-asesinados-durante-el-presente-ano\/#primaryimage"},"thumbnailUrl":"https:\/\/canal7slp.tv\/2022\/wp-content\/uploads\/2022\/04\/01-3.jpg","articleSection":["NACIONALES"],"inLanguage":"es"},{"@type":"WebPage","@id":"https:\/\/canal7slp.tv\/2022\/suman-21-detenidos-por-periodistas-asesinados-durante-el-presente-ano\/","url":"https:\/\/canal7slp.tv\/2022\/suman-21-detenidos-por-periodistas-asesinados-durante-el-presente-ano\/","name":"Suman 21 detenidos por periodistas asesinados durante el presente a\u00f1o - Canal 7 SLP - 2022","isPartOf":{"@id":"https:\/\/canal7slp.tv\/2022\/#website"},"primaryImageOfPage":{"@id":"https:\/\/canal7slp.tv\/2022\/suman-21-detenidos-por-periodistas-asesinados-durante-el-presente-ano\/#primaryimage"},"image":{"@id":"https:\/\/canal7slp.tv\/2022\/suman-21-detenidos-por-periodistas-asesinados-durante-el-presente-ano\/#primaryimage"},"thumbnailUrl":"https:\/\/canal7slp.tv\/2022\/wp-content\/uploads\/2022\/04\/01-3.jpg","datePublished":"2022-04-07T22:02:08+00:00","breadcrumb":{"@id":"https:\/\/canal7slp.tv\/2022\/suman-21-detenidos-por-periodistas-asesinados-durante-el-presente-ano\/#breadcrumb"},"inLanguage":"es","potentialAction":[{"@type":"ReadAction","target":["https:\/\/canal7slp.tv\/2022\/suman-21-detenidos-por-periodistas-asesinados-durante-el-presente-ano\/"]}]},{"@type":"ImageObject","inLanguage":"es","@id":"https:\/\/canal7slp.tv\/2022\/suman-21-detenidos-por-periodistas-asesinados-durante-el-presente-ano\/#primaryimage","url":"https:\/\/canal7slp.tv\/2022\/wp-content\/uploads\/2022\/04\/01-3.jpg","contentUrl":"https:\/\/canal7slp.tv\/2022\/wp-content\/uploads\/2022\/04\/01-3.jpg","width":864,"height":486},{"@type":"BreadcrumbList","@id":"https:\/\/canal7slp.tv\/2022\/suman-21-detenidos-por-periodistas-asesinados-durante-el-presente-ano\/#breadcrumb","itemListElement":[{"@type":"ListItem","position":1,"name":"Portada","item":"https:\/\/canal7slp.tv\/2022\/"},{"@type":"ListItem","position":2,"name":"Suman 21 detenidos por periodistas asesinados durante el presente a\u00f1o"}]},{"@type":"WebSite","@id":"https:\/\/canal7slp.tv\/2022\/#website","url":"https:\/\/canal7slp.tv\/2022\/","name":"N7 - Noticieros Canal 7","description":"Somos Televisi\u00f3n","publisher":{"@id":"https:\/\/canal7slp.tv\/2022\/#organization"},"potentialAction":[{"@type":"SearchAction","target":{"@type":"EntryPoint","urlTemplate":"https:\/\/canal7slp.tv\/2022\/?s={search_term_string}"},"query-input":{"@type":"PropertyValueSpecification","valueRequired":true,"valueName":"search_term_string"}}],"inLanguage":"es"},{"@type":"Organization","@id":"https:\/\/canal7slp.tv\/2022\/#organization","name":"Noticieros Canal 7","url":"https:\/\/canal7slp.tv\/2022\/","logo":{"@type":"ImageObject","inLanguage":"es","@id":"https:\/\/canal7slp.tv\/2022\/#\/schema\/logo\/image\/","url":"https:\/\/canal7slp.tv\/2022\/wp-content\/uploads\/2021\/01\/logo-noticieros@2x.png","contentUrl":"https:\/\/canal7slp.tv\/2022\/wp-content\/uploads\/2021\/01\/logo-noticieros@2x.png","width":1017,"height":268,"caption":"Noticieros Canal 7"},"image":{"@id":"https:\/\/canal7slp.tv\/2022\/#\/schema\/logo\/image\/"},"sameAs":["https:\/\/www.facebook.com\/noticieroscanalsiete","https:\/\/x.com\/NOTICIEROS7","https:\/\/www.instagram.com\/canal7_slp","https:\/\/www.youtube.com\/channel\/UCliiYs-gP3JfJeqdPrNdd5A"]},{"@type":"Person","@id":"https:\/\/canal7slp.tv\/2022\/#\/schema\/person\/429704152a21f5f856ce29aa69a238da","name":"Edici\u00f3n Web","image":{"@type":"ImageObject","inLanguage":"es","@id":"https:\/\/secure.gravatar.com\/avatar\/eee448fc3f7164808013b816ba91ac7e43bbe82a70bebac296f8bc6f0addaa1a?s=96&d=mm&r=g","url":"https:\/\/secure.gravatar.com\/avatar\/eee448fc3f7164808013b816ba91ac7e43bbe82a70bebac296f8bc6f0addaa1a?s=96&d=mm&r=g","contentUrl":"https:\/\/secure.gravatar.com\/avatar\/eee448fc3f7164808013b816ba91ac7e43bbe82a70bebac296f8bc6f0addaa1a?s=96&d=mm&r=g","caption":"Edici\u00f3n Web"},"url":"https:\/\/canal7slp.tv\/2022\/author\/edicionweb\/"}]}},"amp_enabled":true,"_links":{"self":[{"href":"https:\/\/canal7slp.tv\/2022\/wp-json\/wp\/v2\/posts\/56593","targetHints":{"allow":["GET"]}}],"collection":[{"href":"https:\/\/canal7slp.tv\/2022\/wp-json\/wp\/v2\/posts"}],"about":[{"href":"https:\/\/canal7slp.tv\/2022\/wp-json\/wp\/v2\/types\/post"}],"author":[{"embeddable":true,"href":"https:\/\/canal7slp.tv\/2022\/wp-json\/wp\/v2\/users\/2"}],"replies":[{"embeddable":true,"href":"https:\/\/canal7slp.tv\/2022\/wp-json\/wp\/v2\/comments?post=56593"}],"version-history":[{"count":3,"href":"https:\/\/canal7slp.tv\/2022\/wp-json\/wp\/v2\/posts\/56593\/revisions"}],"predecessor-version":[{"id":56655,"href":"https:\/\/canal7slp.tv\/2022\/wp-json\/wp\/v2\/posts\/56593\/revisions\/56655"}],"wp:featuredmedia":[{"embeddable":true,"href":"https:\/\/canal7slp.tv\/2022\/wp-json\/wp\/v2\/media\/56611"}],"wp:attachment":[{"href":"https:\/\/canal7slp.tv\/2022\/wp-json\/wp\/v2\/media?parent=56593"}],"wp:term":[{"taxonomy":"category","embeddable":true,"href":"https:\/\/canal7slp.tv\/2022\/wp-json\/wp\/v2\/categories?post=56593"},{"taxonomy":"post_tag","embeddable":true,"href":"https:\/\/canal7slp.tv\/2022\/wp-json\/wp\/v2\/tags?post=56593"}],"curies":[{"name":"wp","href":"https:\/\/api.w.org\/{rel}","templated":true}]}}