{"id":56543,"date":"2022-04-07T07:35:54","date_gmt":"2022-04-07T13:35:54","guid":{"rendered":"https:\/\/canal7slp.tv\/2022\/?p=56543"},"modified":"2022-04-07T07:35:54","modified_gmt":"2022-04-07T13:35:54","slug":"llama-diputado-a-que-se-implementen-medidas-mas-efectivas-ante-el-desabasto-de-agua-potable","status":"publish","type":"post","link":"https:\/\/canal7slp.tv\/2022\/llama-diputado-a-que-se-implementen-medidas-mas-efectivas-ante-el-desabasto-de-agua-potable\/","title":{"rendered":"Llama diputado a que se implementen medidas m\u00e1s efectivas ante el desabasto de agua potable."},"content":{"rendered":"<p style=\"text-align: justify;\">SLP.- El diputado vocal de la Comisi\u00f3n del Agua hizo un llamado a las autoridades competentes para que implementen medidas m\u00e1s efectivas ante la grave problem\u00e1tica de escasez de agua potable en la capital, y su zona conurbada<\/p>\n<p style=\"text-align: justify;\">Jos\u00e9 Luis Fern\u00e1ndez Mart\u00ednez afirm\u00f3 que en los hechos violentos donde perdi\u00f3 la vida el conductor de una pipa en la colonia Valle Dorado, bajo ninguna circunstancia se justifica y que aunque haya una gran molestia, indignaci\u00f3n y desesperaci\u00f3n de los ciudadanos, no se puede llegar a estos extremos.<\/p>\n<p style=\"text-align: justify;\">Fern\u00e1ndez Mart\u00ednez afirm\u00f3 que este a\u00f1o ser\u00e1 complicado en el tema del agua al decir que hay sequ\u00eda severa en todo el pa\u00eds y que para San Luis Potos\u00ed, se pronostica un panorama dif\u00edcil por lo que se debe de estar preparados para enfrentar esta contingencia.<\/p>\n<p>En este contexto, hizo un llamado al INTERAPAS a que se aplique y haga su mejor esfuerzo en apoyo a la poblaci\u00f3n al afirmar que desde el Congreso del Estado, se ha levantado la voz por la falta de agua y la inoperancia de las autoridades responsables de este servicio.<\/p>\n<p style=\"text-align: justify;\">Por: Claudio Ibarra<\/p>\n","protected":false},"excerpt":{"rendered":"<p>SLP.- El diputado vocal de la Comisi\u00f3n del Agua hizo un llamado a las autoridades competentes para que implementen medidas m\u00e1s efectivas ante la grave problem\u00e1tica de escasez de agua potable en la capital, y su zona conurbada Jos\u00e9 Luis Fern\u00e1ndez Mart\u00ednez afirm\u00f3 que en los hechos violentos donde perdi\u00f3 la vida el conductor de una pipa en la colonia Valle Dorado, bajo ninguna circunstancia se justifica y que aunque haya una gran molestia, indignaci\u00f3n y desesperaci\u00f3n de los ciudadanos, no se puede llegar a estos extremos. Fern\u00e1ndez Mart\u00ednez afirm\u00f3 que este a\u00f1o ser\u00e1 complicado en el tema del agua [&hellip;]<\/p>\n","protected":false},"author":2,"featured_media":56587,"comment_status":"closed","ping_status":"closed","sticky":false,"template":"","format":"video","meta":{"footnotes":""},"categories":[3,5,45],"tags":[],"class_list":["post-56543","post","type-post","status-publish","format-video","has-post-thumbnail","hentry","category-congreso","category-destacadas","category-localesyregionales","post_format-post-format-video","post--single"],"yoast_head":"<!-- This site is optimized with the Yoast SEO plugin v27.4 - https:\/\/yoast.com\/product\/yoast-seo-wordpress\/ -->\n<title>Llama diputado a que se implementen medidas m\u00e1s efectivas ante el desabasto de agua potable. - Canal 7 SLP - 2022<\/title>\n<meta name=\"robots\" content=\"index, follow, max-snippet:-1, max-image-preview:large, max-video-preview:-1\" \/>\n<link rel=\"canonical\" href=\"https:\/\/canal7slp.tv\/2022\/llama-diputado-a-que-se-implementen-medidas-mas-efectivas-ante-el-desabasto-de-agua-potable\/\" \/>\n<meta property=\"og:locale\" content=\"es_ES\" \/>\n<meta property=\"og:type\" content=\"article\" \/>\n<meta property=\"og:title\" content=\"Llama diputado a que se implementen medidas m\u00e1s efectivas ante el desabasto de agua potable. - Canal 7 SLP - 2022\" \/>\n<meta property=\"og:description\" content=\"SLP.- El diputado vocal de la Comisi\u00f3n del Agua hizo un llamado a las autoridades competentes para que implementen medidas m\u00e1s efectivas ante la grave problem\u00e1tica de escasez de agua potable en la capital, y su zona conurbada Jos\u00e9 Luis Fern\u00e1ndez Mart\u00ednez afirm\u00f3 que en los hechos violentos donde perdi\u00f3 la vida el conductor de una pipa en la colonia Valle Dorado, bajo ninguna circunstancia se justifica y que aunque haya una gran molestia, indignaci\u00f3n y desesperaci\u00f3n de los ciudadanos, no se puede llegar a estos extremos. Fern\u00e1ndez Mart\u00ednez afirm\u00f3 que este a\u00f1o ser\u00e1 complicado en el tema del agua [&hellip;]\" \/>\n<meta property=\"og:url\" content=\"https:\/\/canal7slp.tv\/2022\/llama-diputado-a-que-se-implementen-medidas-mas-efectivas-ante-el-desabasto-de-agua-potable\/\" \/>\n<meta property=\"og:site_name\" content=\"Canal 7 SLP - 2022\" \/>\n<meta property=\"article:publisher\" content=\"https:\/\/www.facebook.com\/noticieroscanalsiete\" \/>\n<meta property=\"article:published_time\" content=\"2022-04-07T13:35:54+00:00\" \/>\n<meta property=\"og:image\" content=\"https:\/\/canal7slp.tv\/2022\/wp-content\/uploads\/2022\/04\/Claudio03Descontrol.jpg\" \/>\n\t<meta property=\"og:image:width\" content=\"888\" \/>\n\t<meta property=\"og:image:height\" content=\"500\" \/>\n\t<meta property=\"og:image:type\" content=\"image\/jpeg\" \/>\n<meta name=\"author\" content=\"Edici\u00f3n Web\" \/>\n<meta name=\"twitter:card\" content=\"summary_large_image\" \/>\n<meta name=\"twitter:creator\" content=\"@NOTICIEROS7\" \/>\n<meta name=\"twitter:site\" content=\"@NOTICIEROS7\" \/>\n<meta name=\"twitter:label1\" content=\"Escrito por\" \/>\n\t<meta name=\"twitter:data1\" content=\"Edici\u00f3n Web\" \/>\n\t<meta name=\"twitter:label2\" content=\"Tiempo de lectura\" \/>\n\t<meta name=\"twitter:data2\" content=\"1 minuto\" \/>\n<script type=\"application\/ld+json\" class=\"yoast-schema-graph\">{\"@context\":\"https:\\\/\\\/schema.org\",\"@graph\":[{\"@type\":\"Article\",\"@id\":\"https:\\\/\\\/canal7slp.tv\\\/2022\\\/llama-diputado-a-que-se-implementen-medidas-mas-efectivas-ante-el-desabasto-de-agua-potable\\\/#article\",\"isPartOf\":{\"@id\":\"https:\\\/\\\/canal7slp.tv\\\/2022\\\/llama-diputado-a-que-se-implementen-medidas-mas-efectivas-ante-el-desabasto-de-agua-potable\\\/\"},\"author\":{\"name\":\"Edici\u00f3n Web\",\"@id\":\"https:\\\/\\\/canal7slp.tv\\\/2022\\\/#\\\/schema\\\/person\\\/429704152a21f5f856ce29aa69a238da\"},\"headline\":\"Llama diputado a que se implementen medidas m\u00e1s efectivas ante el desabasto de agua potable.\",\"datePublished\":\"2022-04-07T13:35:54+00:00\",\"mainEntityOfPage\":{\"@id\":\"https:\\\/\\\/canal7slp.tv\\\/2022\\\/llama-diputado-a-que-se-implementen-medidas-mas-efectivas-ante-el-desabasto-de-agua-potable\\\/\"},\"wordCount\":217,\"publisher\":{\"@id\":\"https:\\\/\\\/canal7slp.tv\\\/2022\\\/#organization\"},\"image\":{\"@id\":\"https:\\\/\\\/canal7slp.tv\\\/2022\\\/llama-diputado-a-que-se-implementen-medidas-mas-efectivas-ante-el-desabasto-de-agua-potable\\\/#primaryimage\"},\"thumbnailUrl\":\"https:\\\/\\\/canal7slp.tv\\\/2022\\\/wp-content\\\/uploads\\\/2022\\\/04\\\/Claudio03Descontrol.jpg\",\"articleSection\":[\"CONGRESO\",\"DESTACADAS\",\"LOCALES Y REGIONALES\"],\"inLanguage\":\"es\"},{\"@type\":\"WebPage\",\"@id\":\"https:\\\/\\\/canal7slp.tv\\\/2022\\\/llama-diputado-a-que-se-implementen-medidas-mas-efectivas-ante-el-desabasto-de-agua-potable\\\/\",\"url\":\"https:\\\/\\\/canal7slp.tv\\\/2022\\\/llama-diputado-a-que-se-implementen-medidas-mas-efectivas-ante-el-desabasto-de-agua-potable\\\/\",\"name\":\"Llama diputado a que se implementen medidas m\u00e1s efectivas ante el desabasto de agua potable. - Canal 7 SLP - 2022\",\"isPartOf\":{\"@id\":\"https:\\\/\\\/canal7slp.tv\\\/2022\\\/#website\"},\"primaryImageOfPage\":{\"@id\":\"https:\\\/\\\/canal7slp.tv\\\/2022\\\/llama-diputado-a-que-se-implementen-medidas-mas-efectivas-ante-el-desabasto-de-agua-potable\\\/#primaryimage\"},\"image\":{\"@id\":\"https:\\\/\\\/canal7slp.tv\\\/2022\\\/llama-diputado-a-que-se-implementen-medidas-mas-efectivas-ante-el-desabasto-de-agua-potable\\\/#primaryimage\"},\"thumbnailUrl\":\"https:\\\/\\\/canal7slp.tv\\\/2022\\\/wp-content\\\/uploads\\\/2022\\\/04\\\/Claudio03Descontrol.jpg\",\"datePublished\":\"2022-04-07T13:35:54+00:00\",\"breadcrumb\":{\"@id\":\"https:\\\/\\\/canal7slp.tv\\\/2022\\\/llama-diputado-a-que-se-implementen-medidas-mas-efectivas-ante-el-desabasto-de-agua-potable\\\/#breadcrumb\"},\"inLanguage\":\"es\",\"potentialAction\":[{\"@type\":\"ReadAction\",\"target\":[\"https:\\\/\\\/canal7slp.tv\\\/2022\\\/llama-diputado-a-que-se-implementen-medidas-mas-efectivas-ante-el-desabasto-de-agua-potable\\\/\"]}]},{\"@type\":\"ImageObject\",\"inLanguage\":\"es\",\"@id\":\"https:\\\/\\\/canal7slp.tv\\\/2022\\\/llama-diputado-a-que-se-implementen-medidas-mas-efectivas-ante-el-desabasto-de-agua-potable\\\/#primaryimage\",\"url\":\"https:\\\/\\\/canal7slp.tv\\\/2022\\\/wp-content\\\/uploads\\\/2022\\\/04\\\/Claudio03Descontrol.jpg\",\"contentUrl\":\"https:\\\/\\\/canal7slp.tv\\\/2022\\\/wp-content\\\/uploads\\\/2022\\\/04\\\/Claudio03Descontrol.jpg\",\"width\":888,\"height\":500},{\"@type\":\"BreadcrumbList\",\"@id\":\"https:\\\/\\\/canal7slp.tv\\\/2022\\\/llama-diputado-a-que-se-implementen-medidas-mas-efectivas-ante-el-desabasto-de-agua-potable\\\/#breadcrumb\",\"itemListElement\":[{\"@type\":\"ListItem\",\"position\":1,\"name\":\"Portada\",\"item\":\"https:\\\/\\\/canal7slp.tv\\\/2022\\\/\"},{\"@type\":\"ListItem\",\"position\":2,\"name\":\"Llama diputado a que se implementen medidas m\u00e1s efectivas ante el desabasto de agua potable.\"}]},{\"@type\":\"WebSite\",\"@id\":\"https:\\\/\\\/canal7slp.tv\\\/2022\\\/#website\",\"url\":\"https:\\\/\\\/canal7slp.tv\\\/2022\\\/\",\"name\":\"N7 - Noticieros Canal 7\",\"description\":\"Somos Televisi\u00f3n\",\"publisher\":{\"@id\":\"https:\\\/\\\/canal7slp.tv\\\/2022\\\/#organization\"},\"potentialAction\":[{\"@type\":\"SearchAction\",\"target\":{\"@type\":\"EntryPoint\",\"urlTemplate\":\"https:\\\/\\\/canal7slp.tv\\\/2022\\\/?s={search_term_string}\"},\"query-input\":{\"@type\":\"PropertyValueSpecification\",\"valueRequired\":true,\"valueName\":\"search_term_string\"}}],\"inLanguage\":\"es\"},{\"@type\":\"Organization\",\"@id\":\"https:\\\/\\\/canal7slp.tv\\\/2022\\\/#organization\",\"name\":\"Noticieros Canal 7\",\"url\":\"https:\\\/\\\/canal7slp.tv\\\/2022\\\/\",\"logo\":{\"@type\":\"ImageObject\",\"inLanguage\":\"es\",\"@id\":\"https:\\\/\\\/canal7slp.tv\\\/2022\\\/#\\\/schema\\\/logo\\\/image\\\/\",\"url\":\"https:\\\/\\\/canal7slp.tv\\\/2022\\\/wp-content\\\/uploads\\\/2021\\\/01\\\/logo-noticieros@2x.png\",\"contentUrl\":\"https:\\\/\\\/canal7slp.tv\\\/2022\\\/wp-content\\\/uploads\\\/2021\\\/01\\\/logo-noticieros@2x.png\",\"width\":1017,\"height\":268,\"caption\":\"Noticieros Canal 7\"},\"image\":{\"@id\":\"https:\\\/\\\/canal7slp.tv\\\/2022\\\/#\\\/schema\\\/logo\\\/image\\\/\"},\"sameAs\":[\"https:\\\/\\\/www.facebook.com\\\/noticieroscanalsiete\",\"https:\\\/\\\/x.com\\\/NOTICIEROS7\",\"https:\\\/\\\/www.instagram.com\\\/canal7_slp\",\"https:\\\/\\\/www.youtube.com\\\/channel\\\/UCliiYs-gP3JfJeqdPrNdd5A\"]},{\"@type\":\"Person\",\"@id\":\"https:\\\/\\\/canal7slp.tv\\\/2022\\\/#\\\/schema\\\/person\\\/429704152a21f5f856ce29aa69a238da\",\"name\":\"Edici\u00f3n Web\",\"image\":{\"@type\":\"ImageObject\",\"inLanguage\":\"es\",\"@id\":\"https:\\\/\\\/secure.gravatar.com\\\/avatar\\\/eee448fc3f7164808013b816ba91ac7e43bbe82a70bebac296f8bc6f0addaa1a?s=96&d=mm&r=g\",\"url\":\"https:\\\/\\\/secure.gravatar.com\\\/avatar\\\/eee448fc3f7164808013b816ba91ac7e43bbe82a70bebac296f8bc6f0addaa1a?s=96&d=mm&r=g\",\"contentUrl\":\"https:\\\/\\\/secure.gravatar.com\\\/avatar\\\/eee448fc3f7164808013b816ba91ac7e43bbe82a70bebac296f8bc6f0addaa1a?s=96&d=mm&r=g\",\"caption\":\"Edici\u00f3n Web\"},\"url\":\"https:\\\/\\\/canal7slp.tv\\\/2022\\\/author\\\/edicionweb\\\/\"}]}<\/script>\n<!-- \/ Yoast SEO plugin. -->","yoast_head_json":{"title":"Llama diputado a que se implementen medidas m\u00e1s efectivas ante el desabasto de agua potable. - Canal 7 SLP - 2022","robots":{"index":"index","follow":"follow","max-snippet":"max-snippet:-1","max-image-preview":"max-image-preview:large","max-video-preview":"max-video-preview:-1"},"canonical":"https:\/\/canal7slp.tv\/2022\/llama-diputado-a-que-se-implementen-medidas-mas-efectivas-ante-el-desabasto-de-agua-potable\/","og_locale":"es_ES","og_type":"article","og_title":"Llama diputado a que se implementen medidas m\u00e1s efectivas ante el desabasto de agua potable. - Canal 7 SLP - 2022","og_description":"SLP.- El diputado vocal de la Comisi\u00f3n del Agua hizo un llamado a las autoridades competentes para que implementen medidas m\u00e1s efectivas ante la grave problem\u00e1tica de escasez de agua potable en la capital, y su zona conurbada Jos\u00e9 Luis Fern\u00e1ndez Mart\u00ednez afirm\u00f3 que en los hechos violentos donde perdi\u00f3 la vida el conductor de una pipa en la colonia Valle Dorado, bajo ninguna circunstancia se justifica y que aunque haya una gran molestia, indignaci\u00f3n y desesperaci\u00f3n de los ciudadanos, no se puede llegar a estos extremos. Fern\u00e1ndez Mart\u00ednez afirm\u00f3 que este a\u00f1o ser\u00e1 complicado en el tema del agua [&hellip;]","og_url":"https:\/\/canal7slp.tv\/2022\/llama-diputado-a-que-se-implementen-medidas-mas-efectivas-ante-el-desabasto-de-agua-potable\/","og_site_name":"Canal 7 SLP - 2022","article_publisher":"https:\/\/www.facebook.com\/noticieroscanalsiete","article_published_time":"2022-04-07T13:35:54+00:00","og_image":[{"width":888,"height":500,"url":"https:\/\/canal7slp.tv\/2022\/wp-content\/uploads\/2022\/04\/Claudio03Descontrol.jpg","type":"image\/jpeg"}],"author":"Edici\u00f3n Web","twitter_card":"summary_large_image","twitter_creator":"@NOTICIEROS7","twitter_site":"@NOTICIEROS7","twitter_misc":{"Escrito por":"Edici\u00f3n Web","Tiempo de lectura":"1 minuto"},"schema":{"@context":"https:\/\/schema.org","@graph":[{"@type":"Article","@id":"https:\/\/canal7slp.tv\/2022\/llama-diputado-a-que-se-implementen-medidas-mas-efectivas-ante-el-desabasto-de-agua-potable\/#article","isPartOf":{"@id":"https:\/\/canal7slp.tv\/2022\/llama-diputado-a-que-se-implementen-medidas-mas-efectivas-ante-el-desabasto-de-agua-potable\/"},"author":{"name":"Edici\u00f3n Web","@id":"https:\/\/canal7slp.tv\/2022\/#\/schema\/person\/429704152a21f5f856ce29aa69a238da"},"headline":"Llama diputado a que se implementen medidas m\u00e1s efectivas ante el desabasto de agua potable.","datePublished":"2022-04-07T13:35:54+00:00","mainEntityOfPage":{"@id":"https:\/\/canal7slp.tv\/2022\/llama-diputado-a-que-se-implementen-medidas-mas-efectivas-ante-el-desabasto-de-agua-potable\/"},"wordCount":217,"publisher":{"@id":"https:\/\/canal7slp.tv\/2022\/#organization"},"image":{"@id":"https:\/\/canal7slp.tv\/2022\/llama-diputado-a-que-se-implementen-medidas-mas-efectivas-ante-el-desabasto-de-agua-potable\/#primaryimage"},"thumbnailUrl":"https:\/\/canal7slp.tv\/2022\/wp-content\/uploads\/2022\/04\/Claudio03Descontrol.jpg","articleSection":["CONGRESO","DESTACADAS","LOCALES Y REGIONALES"],"inLanguage":"es"},{"@type":"WebPage","@id":"https:\/\/canal7slp.tv\/2022\/llama-diputado-a-que-se-implementen-medidas-mas-efectivas-ante-el-desabasto-de-agua-potable\/","url":"https:\/\/canal7slp.tv\/2022\/llama-diputado-a-que-se-implementen-medidas-mas-efectivas-ante-el-desabasto-de-agua-potable\/","name":"Llama diputado a que se implementen medidas m\u00e1s efectivas ante el desabasto de agua potable. - Canal 7 SLP - 2022","isPartOf":{"@id":"https:\/\/canal7slp.tv\/2022\/#website"},"primaryImageOfPage":{"@id":"https:\/\/canal7slp.tv\/2022\/llama-diputado-a-que-se-implementen-medidas-mas-efectivas-ante-el-desabasto-de-agua-potable\/#primaryimage"},"image":{"@id":"https:\/\/canal7slp.tv\/2022\/llama-diputado-a-que-se-implementen-medidas-mas-efectivas-ante-el-desabasto-de-agua-potable\/#primaryimage"},"thumbnailUrl":"https:\/\/canal7slp.tv\/2022\/wp-content\/uploads\/2022\/04\/Claudio03Descontrol.jpg","datePublished":"2022-04-07T13:35:54+00:00","breadcrumb":{"@id":"https:\/\/canal7slp.tv\/2022\/llama-diputado-a-que-se-implementen-medidas-mas-efectivas-ante-el-desabasto-de-agua-potable\/#breadcrumb"},"inLanguage":"es","potentialAction":[{"@type":"ReadAction","target":["https:\/\/canal7slp.tv\/2022\/llama-diputado-a-que-se-implementen-medidas-mas-efectivas-ante-el-desabasto-de-agua-potable\/"]}]},{"@type":"ImageObject","inLanguage":"es","@id":"https:\/\/canal7slp.tv\/2022\/llama-diputado-a-que-se-implementen-medidas-mas-efectivas-ante-el-desabasto-de-agua-potable\/#primaryimage","url":"https:\/\/canal7slp.tv\/2022\/wp-content\/uploads\/2022\/04\/Claudio03Descontrol.jpg","contentUrl":"https:\/\/canal7slp.tv\/2022\/wp-content\/uploads\/2022\/04\/Claudio03Descontrol.jpg","width":888,"height":500},{"@type":"BreadcrumbList","@id":"https:\/\/canal7slp.tv\/2022\/llama-diputado-a-que-se-implementen-medidas-mas-efectivas-ante-el-desabasto-de-agua-potable\/#breadcrumb","itemListElement":[{"@type":"ListItem","position":1,"name":"Portada","item":"https:\/\/canal7slp.tv\/2022\/"},{"@type":"ListItem","position":2,"name":"Llama diputado a que se implementen medidas m\u00e1s efectivas ante el desabasto de agua potable."}]},{"@type":"WebSite","@id":"https:\/\/canal7slp.tv\/2022\/#website","url":"https:\/\/canal7slp.tv\/2022\/","name":"N7 - Noticieros Canal 7","description":"Somos Televisi\u00f3n","publisher":{"@id":"https:\/\/canal7slp.tv\/2022\/#organization"},"potentialAction":[{"@type":"SearchAction","target":{"@type":"EntryPoint","urlTemplate":"https:\/\/canal7slp.tv\/2022\/?s={search_term_string}"},"query-input":{"@type":"PropertyValueSpecification","valueRequired":true,"valueName":"search_term_string"}}],"inLanguage":"es"},{"@type":"Organization","@id":"https:\/\/canal7slp.tv\/2022\/#organization","name":"Noticieros Canal 7","url":"https:\/\/canal7slp.tv\/2022\/","logo":{"@type":"ImageObject","inLanguage":"es","@id":"https:\/\/canal7slp.tv\/2022\/#\/schema\/logo\/image\/","url":"https:\/\/canal7slp.tv\/2022\/wp-content\/uploads\/2021\/01\/logo-noticieros@2x.png","contentUrl":"https:\/\/canal7slp.tv\/2022\/wp-content\/uploads\/2021\/01\/logo-noticieros@2x.png","width":1017,"height":268,"caption":"Noticieros Canal 7"},"image":{"@id":"https:\/\/canal7slp.tv\/2022\/#\/schema\/logo\/image\/"},"sameAs":["https:\/\/www.facebook.com\/noticieroscanalsiete","https:\/\/x.com\/NOTICIEROS7","https:\/\/www.instagram.com\/canal7_slp","https:\/\/www.youtube.com\/channel\/UCliiYs-gP3JfJeqdPrNdd5A"]},{"@type":"Person","@id":"https:\/\/canal7slp.tv\/2022\/#\/schema\/person\/429704152a21f5f856ce29aa69a238da","name":"Edici\u00f3n Web","image":{"@type":"ImageObject","inLanguage":"es","@id":"https:\/\/secure.gravatar.com\/avatar\/eee448fc3f7164808013b816ba91ac7e43bbe82a70bebac296f8bc6f0addaa1a?s=96&d=mm&r=g","url":"https:\/\/secure.gravatar.com\/avatar\/eee448fc3f7164808013b816ba91ac7e43bbe82a70bebac296f8bc6f0addaa1a?s=96&d=mm&r=g","contentUrl":"https:\/\/secure.gravatar.com\/avatar\/eee448fc3f7164808013b816ba91ac7e43bbe82a70bebac296f8bc6f0addaa1a?s=96&d=mm&r=g","caption":"Edici\u00f3n Web"},"url":"https:\/\/canal7slp.tv\/2022\/author\/edicionweb\/"}]}},"amp_enabled":true,"_links":{"self":[{"href":"https:\/\/canal7slp.tv\/2022\/wp-json\/wp\/v2\/posts\/56543","targetHints":{"allow":["GET"]}}],"collection":[{"href":"https:\/\/canal7slp.tv\/2022\/wp-json\/wp\/v2\/posts"}],"about":[{"href":"https:\/\/canal7slp.tv\/2022\/wp-json\/wp\/v2\/types\/post"}],"author":[{"embeddable":true,"href":"https:\/\/canal7slp.tv\/2022\/wp-json\/wp\/v2\/users\/2"}],"replies":[{"embeddable":true,"href":"https:\/\/canal7slp.tv\/2022\/wp-json\/wp\/v2\/comments?post=56543"}],"version-history":[{"count":4,"href":"https:\/\/canal7slp.tv\/2022\/wp-json\/wp\/v2\/posts\/56543\/revisions"}],"predecessor-version":[{"id":56588,"href":"https:\/\/canal7slp.tv\/2022\/wp-json\/wp\/v2\/posts\/56543\/revisions\/56588"}],"wp:featuredmedia":[{"embeddable":true,"href":"https:\/\/canal7slp.tv\/2022\/wp-json\/wp\/v2\/media\/56587"}],"wp:attachment":[{"href":"https:\/\/canal7slp.tv\/2022\/wp-json\/wp\/v2\/media?parent=56543"}],"wp:term":[{"taxonomy":"category","embeddable":true,"href":"https:\/\/canal7slp.tv\/2022\/wp-json\/wp\/v2\/categories?post=56543"},{"taxonomy":"post_tag","embeddable":true,"href":"https:\/\/canal7slp.tv\/2022\/wp-json\/wp\/v2\/tags?post=56543"}],"curies":[{"name":"wp","href":"https:\/\/api.w.org\/{rel}","templated":true}]}}