{"id":56531,"date":"2022-04-07T07:40:47","date_gmt":"2022-04-07T13:40:47","guid":{"rendered":"https:\/\/canal7slp.tv\/2022\/?p=56531"},"modified":"2022-04-07T07:40:47","modified_gmt":"2022-04-07T13:40:47","slug":"mexico-esta-lejos-de-implementar-semana-laboral-de-cuatro-dias","status":"publish","type":"post","link":"https:\/\/canal7slp.tv\/2022\/mexico-esta-lejos-de-implementar-semana-laboral-de-cuatro-dias\/","title":{"rendered":"M\u00e9xico est\u00e1 lejos de implementar semana laboral de cuatro d\u00edas."},"content":{"rendered":"<ul>\n<li>En otros pa\u00edses este esquema arroja mejor\u00eda en materia de productividad.<\/li>\n<\/ul>\n<p style=\"text-align: justify;\">SLP.- El Foro Econ\u00f3mico Mundial (WEF, por sus siglas en ingl\u00e9s) destaca que algunas empresas en pa\u00edses como Jap\u00f3n, Islandia, Nueva Zelanda, Irlanda, Espa\u00f1a y Reino Unido han probado este esquema de trabajo flexible con resultados positivos en la productividad y en la disminuci\u00f3n de los niveles de agotamiento.<\/p>\n<p style=\"text-align: justify;\">\u00bfQu\u00e9 tan preparado est\u00e1 M\u00e9xico para esta tendencia? De acuerdo con especialistas consultados, la semana laboral de cuatro d\u00edas en nuestro pa\u00eds es un esquema a\u00fan lejano. En buena medida la dificultad para implementar este modelo se relaciona m\u00e1s con la cultura laboral que con las disposiciones legales. \u201cEs viable, pero estamos lejos.\u00a0M\u00e9xico es uno de los pa\u00edses donde m\u00e1s horas se trabaja, adem\u00e1s con un per\u00edodo vacacional corto, lo que ha influido en mayores niveles de estr\u00e9s\u201d,\u00a0apunta Andr\u00e9 Maxnuk, presidente de Mercer para Am\u00e9rica Latina.<\/p>\n<p style=\"text-align: justify;\">Durante la pandemia, y a pesar de la disminuci\u00f3n en las horas de trabajo, M\u00e9xico se mantuvo entre los pa\u00edses de la Organizaci\u00f3n para la Cooperaci\u00f3n y Desarrollo Econ\u00f3micos (OCDE) donde m\u00e1s horas se labora al a\u00f1o. Sin embargo, este indicador es s\u00f3lo una de las limitantes para migrar a una jornada de cuatro d\u00edas de trabajo. El otro desaf\u00edo, opina Andr\u00e9 Maxnuk, es desarrollar una fuerza laboral con competencias de alta demanda.<\/p>\n<p style=\"text-align: justify;\">La semana laboral de cuatro d\u00edas a\u00fan enfrenta mucha resistencia en M\u00e9xico, opina Olivia Segura, socia de Asesor\u00eda en Capital Humano de KPMG M\u00e9xico.\u00a0\u201cNo lo veo muy cerca, al menos que sean impulsadas por corporativos con subsidiarias en nuestro pa\u00eds y lo ver\u00eda s\u00f3lo para empresas que no dependan de grandes vol\u00famenes de producci\u00f3n\u201d.<\/p>\n<p style=\"text-align: justify;\">Desde la perspectiva de la especialista, algunos sectores podr\u00edan implementar este modelo, pero el \u00e9xito depender\u00e1 de que no se reduzcan o ajusten los salarios. \u201cLas empresas que han hecho esta semana de cuatro d\u00edas no han reducido las compensaciones de los colaboradores. Aqu\u00ed lo que se busca es que los colaboradores sigan percibiendo lo mismo\u201d.<\/p>\n<p style=\"text-align: justify;\">Por: Luis de Regil<\/p>\n","protected":false},"excerpt":{"rendered":"<p>En otros pa\u00edses este esquema arroja mejor\u00eda en materia de productividad. SLP.- El Foro Econ\u00f3mico Mundial (WEF, por sus siglas en ingl\u00e9s) destaca que algunas empresas en pa\u00edses como Jap\u00f3n, Islandia, Nueva Zelanda, Irlanda, Espa\u00f1a y Reino Unido han probado este esquema de trabajo flexible con resultados positivos en la productividad y en la disminuci\u00f3n de los niveles de agotamiento. \u00bfQu\u00e9 tan preparado est\u00e1 M\u00e9xico para esta tendencia? De acuerdo con especialistas consultados, la semana laboral de cuatro d\u00edas en nuestro pa\u00eds es un esquema a\u00fan lejano. En buena medida la dificultad para implementar este modelo se relaciona m\u00e1s con [&hellip;]<\/p>\n","protected":false},"author":2,"featured_media":56589,"comment_status":"closed","ping_status":"closed","sticky":false,"template":"","format":"video","meta":{"footnotes":""},"categories":[5,45],"tags":[],"class_list":["post-56531","post","type-post","status-publish","format-video","has-post-thumbnail","hentry","category-destacadas","category-localesyregionales","post_format-post-format-video","post--single"],"yoast_head":"<!-- This site is optimized with the Yoast SEO plugin v27.4 - https:\/\/yoast.com\/product\/yoast-seo-wordpress\/ -->\n<title>M\u00e9xico est\u00e1 lejos de implementar semana laboral de cuatro d\u00edas. - Canal 7 SLP - 2022<\/title>\n<meta name=\"robots\" content=\"index, follow, max-snippet:-1, max-image-preview:large, max-video-preview:-1\" \/>\n<link rel=\"canonical\" href=\"https:\/\/canal7slp.tv\/2022\/mexico-esta-lejos-de-implementar-semana-laboral-de-cuatro-dias\/\" \/>\n<meta property=\"og:locale\" content=\"es_ES\" \/>\n<meta property=\"og:type\" content=\"article\" \/>\n<meta property=\"og:title\" content=\"M\u00e9xico est\u00e1 lejos de implementar semana laboral de cuatro d\u00edas. - Canal 7 SLP - 2022\" \/>\n<meta property=\"og:description\" content=\"En otros pa\u00edses este esquema arroja mejor\u00eda en materia de productividad. SLP.- El Foro Econ\u00f3mico Mundial (WEF, por sus siglas en ingl\u00e9s) destaca que algunas empresas en pa\u00edses como Jap\u00f3n, Islandia, Nueva Zelanda, Irlanda, Espa\u00f1a y Reino Unido han probado este esquema de trabajo flexible con resultados positivos en la productividad y en la disminuci\u00f3n de los niveles de agotamiento. \u00bfQu\u00e9 tan preparado est\u00e1 M\u00e9xico para esta tendencia? De acuerdo con especialistas consultados, la semana laboral de cuatro d\u00edas en nuestro pa\u00eds es un esquema a\u00fan lejano. En buena medida la dificultad para implementar este modelo se relaciona m\u00e1s con [&hellip;]\" \/>\n<meta property=\"og:url\" content=\"https:\/\/canal7slp.tv\/2022\/mexico-esta-lejos-de-implementar-semana-laboral-de-cuatro-dias\/\" \/>\n<meta property=\"og:site_name\" content=\"Canal 7 SLP - 2022\" \/>\n<meta property=\"article:publisher\" content=\"https:\/\/www.facebook.com\/noticieroscanalsiete\" \/>\n<meta property=\"article:published_time\" content=\"2022-04-07T13:40:47+00:00\" \/>\n<meta property=\"og:image\" content=\"https:\/\/canal7slp.tv\/2022\/wp-content\/uploads\/2022\/04\/Luis02Semana.jpg\" \/>\n\t<meta property=\"og:image:width\" content=\"1280\" \/>\n\t<meta property=\"og:image:height\" content=\"720\" \/>\n\t<meta property=\"og:image:type\" content=\"image\/jpeg\" \/>\n<meta name=\"author\" content=\"Edici\u00f3n Web\" \/>\n<meta name=\"twitter:card\" content=\"summary_large_image\" \/>\n<meta name=\"twitter:creator\" content=\"@NOTICIEROS7\" \/>\n<meta name=\"twitter:site\" content=\"@NOTICIEROS7\" \/>\n<meta name=\"twitter:label1\" content=\"Escrito por\" \/>\n\t<meta name=\"twitter:data1\" content=\"Edici\u00f3n Web\" \/>\n\t<meta name=\"twitter:label2\" content=\"Tiempo de lectura\" \/>\n\t<meta name=\"twitter:data2\" content=\"2 minutos\" \/>\n<script type=\"application\/ld+json\" class=\"yoast-schema-graph\">{\"@context\":\"https:\\\/\\\/schema.org\",\"@graph\":[{\"@type\":\"Article\",\"@id\":\"https:\\\/\\\/canal7slp.tv\\\/2022\\\/mexico-esta-lejos-de-implementar-semana-laboral-de-cuatro-dias\\\/#article\",\"isPartOf\":{\"@id\":\"https:\\\/\\\/canal7slp.tv\\\/2022\\\/mexico-esta-lejos-de-implementar-semana-laboral-de-cuatro-dias\\\/\"},\"author\":{\"name\":\"Edici\u00f3n Web\",\"@id\":\"https:\\\/\\\/canal7slp.tv\\\/2022\\\/#\\\/schema\\\/person\\\/429704152a21f5f856ce29aa69a238da\"},\"headline\":\"M\u00e9xico est\u00e1 lejos de implementar semana laboral de cuatro d\u00edas.\",\"datePublished\":\"2022-04-07T13:40:47+00:00\",\"mainEntityOfPage\":{\"@id\":\"https:\\\/\\\/canal7slp.tv\\\/2022\\\/mexico-esta-lejos-de-implementar-semana-laboral-de-cuatro-dias\\\/\"},\"wordCount\":392,\"publisher\":{\"@id\":\"https:\\\/\\\/canal7slp.tv\\\/2022\\\/#organization\"},\"image\":{\"@id\":\"https:\\\/\\\/canal7slp.tv\\\/2022\\\/mexico-esta-lejos-de-implementar-semana-laboral-de-cuatro-dias\\\/#primaryimage\"},\"thumbnailUrl\":\"https:\\\/\\\/canal7slp.tv\\\/2022\\\/wp-content\\\/uploads\\\/2022\\\/04\\\/Luis02Semana.jpg\",\"articleSection\":[\"DESTACADAS\",\"LOCALES Y REGIONALES\"],\"inLanguage\":\"es\"},{\"@type\":\"WebPage\",\"@id\":\"https:\\\/\\\/canal7slp.tv\\\/2022\\\/mexico-esta-lejos-de-implementar-semana-laboral-de-cuatro-dias\\\/\",\"url\":\"https:\\\/\\\/canal7slp.tv\\\/2022\\\/mexico-esta-lejos-de-implementar-semana-laboral-de-cuatro-dias\\\/\",\"name\":\"M\u00e9xico est\u00e1 lejos de implementar semana laboral de cuatro d\u00edas. - Canal 7 SLP - 2022\",\"isPartOf\":{\"@id\":\"https:\\\/\\\/canal7slp.tv\\\/2022\\\/#website\"},\"primaryImageOfPage\":{\"@id\":\"https:\\\/\\\/canal7slp.tv\\\/2022\\\/mexico-esta-lejos-de-implementar-semana-laboral-de-cuatro-dias\\\/#primaryimage\"},\"image\":{\"@id\":\"https:\\\/\\\/canal7slp.tv\\\/2022\\\/mexico-esta-lejos-de-implementar-semana-laboral-de-cuatro-dias\\\/#primaryimage\"},\"thumbnailUrl\":\"https:\\\/\\\/canal7slp.tv\\\/2022\\\/wp-content\\\/uploads\\\/2022\\\/04\\\/Luis02Semana.jpg\",\"datePublished\":\"2022-04-07T13:40:47+00:00\",\"breadcrumb\":{\"@id\":\"https:\\\/\\\/canal7slp.tv\\\/2022\\\/mexico-esta-lejos-de-implementar-semana-laboral-de-cuatro-dias\\\/#breadcrumb\"},\"inLanguage\":\"es\",\"potentialAction\":[{\"@type\":\"ReadAction\",\"target\":[\"https:\\\/\\\/canal7slp.tv\\\/2022\\\/mexico-esta-lejos-de-implementar-semana-laboral-de-cuatro-dias\\\/\"]}]},{\"@type\":\"ImageObject\",\"inLanguage\":\"es\",\"@id\":\"https:\\\/\\\/canal7slp.tv\\\/2022\\\/mexico-esta-lejos-de-implementar-semana-laboral-de-cuatro-dias\\\/#primaryimage\",\"url\":\"https:\\\/\\\/canal7slp.tv\\\/2022\\\/wp-content\\\/uploads\\\/2022\\\/04\\\/Luis02Semana.jpg\",\"contentUrl\":\"https:\\\/\\\/canal7slp.tv\\\/2022\\\/wp-content\\\/uploads\\\/2022\\\/04\\\/Luis02Semana.jpg\",\"width\":1280,\"height\":720},{\"@type\":\"BreadcrumbList\",\"@id\":\"https:\\\/\\\/canal7slp.tv\\\/2022\\\/mexico-esta-lejos-de-implementar-semana-laboral-de-cuatro-dias\\\/#breadcrumb\",\"itemListElement\":[{\"@type\":\"ListItem\",\"position\":1,\"name\":\"Portada\",\"item\":\"https:\\\/\\\/canal7slp.tv\\\/2022\\\/\"},{\"@type\":\"ListItem\",\"position\":2,\"name\":\"M\u00e9xico est\u00e1 lejos de implementar semana laboral de cuatro d\u00edas.\"}]},{\"@type\":\"WebSite\",\"@id\":\"https:\\\/\\\/canal7slp.tv\\\/2022\\\/#website\",\"url\":\"https:\\\/\\\/canal7slp.tv\\\/2022\\\/\",\"name\":\"N7 - Noticieros Canal 7\",\"description\":\"Somos Televisi\u00f3n\",\"publisher\":{\"@id\":\"https:\\\/\\\/canal7slp.tv\\\/2022\\\/#organization\"},\"potentialAction\":[{\"@type\":\"SearchAction\",\"target\":{\"@type\":\"EntryPoint\",\"urlTemplate\":\"https:\\\/\\\/canal7slp.tv\\\/2022\\\/?s={search_term_string}\"},\"query-input\":{\"@type\":\"PropertyValueSpecification\",\"valueRequired\":true,\"valueName\":\"search_term_string\"}}],\"inLanguage\":\"es\"},{\"@type\":\"Organization\",\"@id\":\"https:\\\/\\\/canal7slp.tv\\\/2022\\\/#organization\",\"name\":\"Noticieros Canal 7\",\"url\":\"https:\\\/\\\/canal7slp.tv\\\/2022\\\/\",\"logo\":{\"@type\":\"ImageObject\",\"inLanguage\":\"es\",\"@id\":\"https:\\\/\\\/canal7slp.tv\\\/2022\\\/#\\\/schema\\\/logo\\\/image\\\/\",\"url\":\"https:\\\/\\\/canal7slp.tv\\\/2022\\\/wp-content\\\/uploads\\\/2021\\\/01\\\/logo-noticieros@2x.png\",\"contentUrl\":\"https:\\\/\\\/canal7slp.tv\\\/2022\\\/wp-content\\\/uploads\\\/2021\\\/01\\\/logo-noticieros@2x.png\",\"width\":1017,\"height\":268,\"caption\":\"Noticieros Canal 7\"},\"image\":{\"@id\":\"https:\\\/\\\/canal7slp.tv\\\/2022\\\/#\\\/schema\\\/logo\\\/image\\\/\"},\"sameAs\":[\"https:\\\/\\\/www.facebook.com\\\/noticieroscanalsiete\",\"https:\\\/\\\/x.com\\\/NOTICIEROS7\",\"https:\\\/\\\/www.instagram.com\\\/canal7_slp\",\"https:\\\/\\\/www.youtube.com\\\/channel\\\/UCliiYs-gP3JfJeqdPrNdd5A\"]},{\"@type\":\"Person\",\"@id\":\"https:\\\/\\\/canal7slp.tv\\\/2022\\\/#\\\/schema\\\/person\\\/429704152a21f5f856ce29aa69a238da\",\"name\":\"Edici\u00f3n Web\",\"image\":{\"@type\":\"ImageObject\",\"inLanguage\":\"es\",\"@id\":\"https:\\\/\\\/secure.gravatar.com\\\/avatar\\\/eee448fc3f7164808013b816ba91ac7e43bbe82a70bebac296f8bc6f0addaa1a?s=96&d=mm&r=g\",\"url\":\"https:\\\/\\\/secure.gravatar.com\\\/avatar\\\/eee448fc3f7164808013b816ba91ac7e43bbe82a70bebac296f8bc6f0addaa1a?s=96&d=mm&r=g\",\"contentUrl\":\"https:\\\/\\\/secure.gravatar.com\\\/avatar\\\/eee448fc3f7164808013b816ba91ac7e43bbe82a70bebac296f8bc6f0addaa1a?s=96&d=mm&r=g\",\"caption\":\"Edici\u00f3n Web\"},\"url\":\"https:\\\/\\\/canal7slp.tv\\\/2022\\\/author\\\/edicionweb\\\/\"}]}<\/script>\n<!-- \/ Yoast SEO plugin. -->","yoast_head_json":{"title":"M\u00e9xico est\u00e1 lejos de implementar semana laboral de cuatro d\u00edas. - Canal 7 SLP - 2022","robots":{"index":"index","follow":"follow","max-snippet":"max-snippet:-1","max-image-preview":"max-image-preview:large","max-video-preview":"max-video-preview:-1"},"canonical":"https:\/\/canal7slp.tv\/2022\/mexico-esta-lejos-de-implementar-semana-laboral-de-cuatro-dias\/","og_locale":"es_ES","og_type":"article","og_title":"M\u00e9xico est\u00e1 lejos de implementar semana laboral de cuatro d\u00edas. - Canal 7 SLP - 2022","og_description":"En otros pa\u00edses este esquema arroja mejor\u00eda en materia de productividad. SLP.- El Foro Econ\u00f3mico Mundial (WEF, por sus siglas en ingl\u00e9s) destaca que algunas empresas en pa\u00edses como Jap\u00f3n, Islandia, Nueva Zelanda, Irlanda, Espa\u00f1a y Reino Unido han probado este esquema de trabajo flexible con resultados positivos en la productividad y en la disminuci\u00f3n de los niveles de agotamiento. \u00bfQu\u00e9 tan preparado est\u00e1 M\u00e9xico para esta tendencia? De acuerdo con especialistas consultados, la semana laboral de cuatro d\u00edas en nuestro pa\u00eds es un esquema a\u00fan lejano. En buena medida la dificultad para implementar este modelo se relaciona m\u00e1s con [&hellip;]","og_url":"https:\/\/canal7slp.tv\/2022\/mexico-esta-lejos-de-implementar-semana-laboral-de-cuatro-dias\/","og_site_name":"Canal 7 SLP - 2022","article_publisher":"https:\/\/www.facebook.com\/noticieroscanalsiete","article_published_time":"2022-04-07T13:40:47+00:00","og_image":[{"width":1280,"height":720,"url":"https:\/\/canal7slp.tv\/2022\/wp-content\/uploads\/2022\/04\/Luis02Semana.jpg","type":"image\/jpeg"}],"author":"Edici\u00f3n Web","twitter_card":"summary_large_image","twitter_creator":"@NOTICIEROS7","twitter_site":"@NOTICIEROS7","twitter_misc":{"Escrito por":"Edici\u00f3n Web","Tiempo de lectura":"2 minutos"},"schema":{"@context":"https:\/\/schema.org","@graph":[{"@type":"Article","@id":"https:\/\/canal7slp.tv\/2022\/mexico-esta-lejos-de-implementar-semana-laboral-de-cuatro-dias\/#article","isPartOf":{"@id":"https:\/\/canal7slp.tv\/2022\/mexico-esta-lejos-de-implementar-semana-laboral-de-cuatro-dias\/"},"author":{"name":"Edici\u00f3n Web","@id":"https:\/\/canal7slp.tv\/2022\/#\/schema\/person\/429704152a21f5f856ce29aa69a238da"},"headline":"M\u00e9xico est\u00e1 lejos de implementar semana laboral de cuatro d\u00edas.","datePublished":"2022-04-07T13:40:47+00:00","mainEntityOfPage":{"@id":"https:\/\/canal7slp.tv\/2022\/mexico-esta-lejos-de-implementar-semana-laboral-de-cuatro-dias\/"},"wordCount":392,"publisher":{"@id":"https:\/\/canal7slp.tv\/2022\/#organization"},"image":{"@id":"https:\/\/canal7slp.tv\/2022\/mexico-esta-lejos-de-implementar-semana-laboral-de-cuatro-dias\/#primaryimage"},"thumbnailUrl":"https:\/\/canal7slp.tv\/2022\/wp-content\/uploads\/2022\/04\/Luis02Semana.jpg","articleSection":["DESTACADAS","LOCALES Y REGIONALES"],"inLanguage":"es"},{"@type":"WebPage","@id":"https:\/\/canal7slp.tv\/2022\/mexico-esta-lejos-de-implementar-semana-laboral-de-cuatro-dias\/","url":"https:\/\/canal7slp.tv\/2022\/mexico-esta-lejos-de-implementar-semana-laboral-de-cuatro-dias\/","name":"M\u00e9xico est\u00e1 lejos de implementar semana laboral de cuatro d\u00edas. - Canal 7 SLP - 2022","isPartOf":{"@id":"https:\/\/canal7slp.tv\/2022\/#website"},"primaryImageOfPage":{"@id":"https:\/\/canal7slp.tv\/2022\/mexico-esta-lejos-de-implementar-semana-laboral-de-cuatro-dias\/#primaryimage"},"image":{"@id":"https:\/\/canal7slp.tv\/2022\/mexico-esta-lejos-de-implementar-semana-laboral-de-cuatro-dias\/#primaryimage"},"thumbnailUrl":"https:\/\/canal7slp.tv\/2022\/wp-content\/uploads\/2022\/04\/Luis02Semana.jpg","datePublished":"2022-04-07T13:40:47+00:00","breadcrumb":{"@id":"https:\/\/canal7slp.tv\/2022\/mexico-esta-lejos-de-implementar-semana-laboral-de-cuatro-dias\/#breadcrumb"},"inLanguage":"es","potentialAction":[{"@type":"ReadAction","target":["https:\/\/canal7slp.tv\/2022\/mexico-esta-lejos-de-implementar-semana-laboral-de-cuatro-dias\/"]}]},{"@type":"ImageObject","inLanguage":"es","@id":"https:\/\/canal7slp.tv\/2022\/mexico-esta-lejos-de-implementar-semana-laboral-de-cuatro-dias\/#primaryimage","url":"https:\/\/canal7slp.tv\/2022\/wp-content\/uploads\/2022\/04\/Luis02Semana.jpg","contentUrl":"https:\/\/canal7slp.tv\/2022\/wp-content\/uploads\/2022\/04\/Luis02Semana.jpg","width":1280,"height":720},{"@type":"BreadcrumbList","@id":"https:\/\/canal7slp.tv\/2022\/mexico-esta-lejos-de-implementar-semana-laboral-de-cuatro-dias\/#breadcrumb","itemListElement":[{"@type":"ListItem","position":1,"name":"Portada","item":"https:\/\/canal7slp.tv\/2022\/"},{"@type":"ListItem","position":2,"name":"M\u00e9xico est\u00e1 lejos de implementar semana laboral de cuatro d\u00edas."}]},{"@type":"WebSite","@id":"https:\/\/canal7slp.tv\/2022\/#website","url":"https:\/\/canal7slp.tv\/2022\/","name":"N7 - Noticieros Canal 7","description":"Somos Televisi\u00f3n","publisher":{"@id":"https:\/\/canal7slp.tv\/2022\/#organization"},"potentialAction":[{"@type":"SearchAction","target":{"@type":"EntryPoint","urlTemplate":"https:\/\/canal7slp.tv\/2022\/?s={search_term_string}"},"query-input":{"@type":"PropertyValueSpecification","valueRequired":true,"valueName":"search_term_string"}}],"inLanguage":"es"},{"@type":"Organization","@id":"https:\/\/canal7slp.tv\/2022\/#organization","name":"Noticieros Canal 7","url":"https:\/\/canal7slp.tv\/2022\/","logo":{"@type":"ImageObject","inLanguage":"es","@id":"https:\/\/canal7slp.tv\/2022\/#\/schema\/logo\/image\/","url":"https:\/\/canal7slp.tv\/2022\/wp-content\/uploads\/2021\/01\/logo-noticieros@2x.png","contentUrl":"https:\/\/canal7slp.tv\/2022\/wp-content\/uploads\/2021\/01\/logo-noticieros@2x.png","width":1017,"height":268,"caption":"Noticieros Canal 7"},"image":{"@id":"https:\/\/canal7slp.tv\/2022\/#\/schema\/logo\/image\/"},"sameAs":["https:\/\/www.facebook.com\/noticieroscanalsiete","https:\/\/x.com\/NOTICIEROS7","https:\/\/www.instagram.com\/canal7_slp","https:\/\/www.youtube.com\/channel\/UCliiYs-gP3JfJeqdPrNdd5A"]},{"@type":"Person","@id":"https:\/\/canal7slp.tv\/2022\/#\/schema\/person\/429704152a21f5f856ce29aa69a238da","name":"Edici\u00f3n Web","image":{"@type":"ImageObject","inLanguage":"es","@id":"https:\/\/secure.gravatar.com\/avatar\/eee448fc3f7164808013b816ba91ac7e43bbe82a70bebac296f8bc6f0addaa1a?s=96&d=mm&r=g","url":"https:\/\/secure.gravatar.com\/avatar\/eee448fc3f7164808013b816ba91ac7e43bbe82a70bebac296f8bc6f0addaa1a?s=96&d=mm&r=g","contentUrl":"https:\/\/secure.gravatar.com\/avatar\/eee448fc3f7164808013b816ba91ac7e43bbe82a70bebac296f8bc6f0addaa1a?s=96&d=mm&r=g","caption":"Edici\u00f3n Web"},"url":"https:\/\/canal7slp.tv\/2022\/author\/edicionweb\/"}]}},"amp_enabled":true,"_links":{"self":[{"href":"https:\/\/canal7slp.tv\/2022\/wp-json\/wp\/v2\/posts\/56531","targetHints":{"allow":["GET"]}}],"collection":[{"href":"https:\/\/canal7slp.tv\/2022\/wp-json\/wp\/v2\/posts"}],"about":[{"href":"https:\/\/canal7slp.tv\/2022\/wp-json\/wp\/v2\/types\/post"}],"author":[{"embeddable":true,"href":"https:\/\/canal7slp.tv\/2022\/wp-json\/wp\/v2\/users\/2"}],"replies":[{"embeddable":true,"href":"https:\/\/canal7slp.tv\/2022\/wp-json\/wp\/v2\/comments?post=56531"}],"version-history":[{"count":3,"href":"https:\/\/canal7slp.tv\/2022\/wp-json\/wp\/v2\/posts\/56531\/revisions"}],"predecessor-version":[{"id":56590,"href":"https:\/\/canal7slp.tv\/2022\/wp-json\/wp\/v2\/posts\/56531\/revisions\/56590"}],"wp:featuredmedia":[{"embeddable":true,"href":"https:\/\/canal7slp.tv\/2022\/wp-json\/wp\/v2\/media\/56589"}],"wp:attachment":[{"href":"https:\/\/canal7slp.tv\/2022\/wp-json\/wp\/v2\/media?parent=56531"}],"wp:term":[{"taxonomy":"category","embeddable":true,"href":"https:\/\/canal7slp.tv\/2022\/wp-json\/wp\/v2\/categories?post=56531"},{"taxonomy":"post_tag","embeddable":true,"href":"https:\/\/canal7slp.tv\/2022\/wp-json\/wp\/v2\/tags?post=56531"}],"curies":[{"name":"wp","href":"https:\/\/api.w.org\/{rel}","templated":true}]}}