{"id":55654,"date":"2022-03-30T09:33:09","date_gmt":"2022-03-30T15:33:09","guid":{"rendered":"https:\/\/canal7slp.tv\/2022\/?p=55654"},"modified":"2022-03-30T09:33:09","modified_gmt":"2022-03-30T15:33:09","slug":"proyecto-para-llevar-agua-a-nuevo-leon-se-cancelo-afirmo-amlo","status":"publish","type":"post","link":"https:\/\/canal7slp.tv\/2022\/proyecto-para-llevar-agua-a-nuevo-leon-se-cancelo-afirmo-amlo\/","title":{"rendered":"Proyecto para llevar agua a Nuevo Le\u00f3n se cancel\u00f3, afirm\u00f3 AMLO."},"content":{"rendered":"<p style=\"text-align: justify;\">SLP.- Antes de haberse reunido con el gobernador de Nuevo Le\u00f3n, Samuel Garc\u00eda, el presidente de la Rep\u00fablica, Andr\u00e9s Manuel L\u00f3pez Obrador dio detalles acerca del abastecimiento del agua gracias al proyecto Acueducto del P\u00e1nuco.<\/p>\n<p style=\"text-align: justify;\">Durante la conferencia matutina del 29 de marzo, el mandatario indic\u00f3 que en el transcurso de la ma\u00f1ana recibir\u00eda no solo al gobernador de Nuevo Le\u00f3n, sino tambi\u00e9n al gobernador de Jalisco, Enrique Alfaro Ram\u00edrez, donde el tema principal, ser\u00eda la escasez agua.<\/p>\n<p style=\"text-align: justify;\">Asimismo, asever\u00f3 que se tiene un plan conjunto en el cual se han invertido dos mil millones de pesos para el abasto del l\u00edquido vital a la capital regiomontana.<\/p>\n<p style=\"text-align: justify;\">De igual manera, coment\u00f3 que no hay un plan acerca de dirigir agua proveniente del R\u00edo P\u00e1nuco en Veracruz, puesto que ese es un tema que ya hab\u00eda sido discutido pero que fue cancelado puesto que existe oposici\u00f3n en Veracruz, Tamaulipas, San Luis Potos\u00ed e Hidalgo.<\/p>\n<p style=\"text-align: justify;\">Finalmente, dijo que la inversi\u00f3n est\u00e1 destinada con la Presa Libertad y otros proyectos; igualmente, indic\u00f3 que el punto primordial es que la poblaci\u00f3n tenga agua para as\u00ed poder hacer uso dom\u00e9stico de ella y que no se le deje en un lugar secundario.<\/p>\n<p style=\"text-align: justify;\">Por: Maximiliano V\u00e1zquez<\/p>\n","protected":false},"excerpt":{"rendered":"<p>SLP.- Antes de haberse reunido con el gobernador de Nuevo Le\u00f3n, Samuel Garc\u00eda, el presidente de la Rep\u00fablica, Andr\u00e9s Manuel L\u00f3pez Obrador dio detalles acerca del abastecimiento del agua gracias al proyecto Acueducto del P\u00e1nuco. Durante la conferencia matutina del 29 de marzo, el mandatario indic\u00f3 que en el transcurso de la ma\u00f1ana recibir\u00eda no solo al gobernador de Nuevo Le\u00f3n, sino tambi\u00e9n al gobernador de Jalisco, Enrique Alfaro Ram\u00edrez, donde el tema principal, ser\u00eda la escasez agua. Asimismo, asever\u00f3 que se tiene un plan conjunto en el cual se han invertido dos mil millones de pesos para el abasto [&hellip;]<\/p>\n","protected":false},"author":2,"featured_media":55679,"comment_status":"closed","ping_status":"closed","sticky":false,"template":"","format":"video","meta":{"footnotes":""},"categories":[5,45],"tags":[],"class_list":["post-55654","post","type-post","status-publish","format-video","has-post-thumbnail","hentry","category-destacadas","category-localesyregionales","post_format-post-format-video","post--single"],"yoast_head":"<!-- This site is optimized with the Yoast SEO plugin v27.4 - https:\/\/yoast.com\/product\/yoast-seo-wordpress\/ -->\n<title>Proyecto para llevar agua a Nuevo Le\u00f3n se cancel\u00f3, afirm\u00f3 AMLO. - Canal 7 SLP - 2022<\/title>\n<meta name=\"robots\" content=\"index, follow, max-snippet:-1, max-image-preview:large, max-video-preview:-1\" \/>\n<link rel=\"canonical\" href=\"https:\/\/canal7slp.tv\/2022\/proyecto-para-llevar-agua-a-nuevo-leon-se-cancelo-afirmo-amlo\/\" \/>\n<meta property=\"og:locale\" content=\"es_ES\" \/>\n<meta property=\"og:type\" content=\"article\" \/>\n<meta property=\"og:title\" content=\"Proyecto para llevar agua a Nuevo Le\u00f3n se cancel\u00f3, afirm\u00f3 AMLO. - Canal 7 SLP - 2022\" \/>\n<meta property=\"og:description\" content=\"SLP.- Antes de haberse reunido con el gobernador de Nuevo Le\u00f3n, Samuel Garc\u00eda, el presidente de la Rep\u00fablica, Andr\u00e9s Manuel L\u00f3pez Obrador dio detalles acerca del abastecimiento del agua gracias al proyecto Acueducto del P\u00e1nuco. Durante la conferencia matutina del 29 de marzo, el mandatario indic\u00f3 que en el transcurso de la ma\u00f1ana recibir\u00eda no solo al gobernador de Nuevo Le\u00f3n, sino tambi\u00e9n al gobernador de Jalisco, Enrique Alfaro Ram\u00edrez, donde el tema principal, ser\u00eda la escasez agua. Asimismo, asever\u00f3 que se tiene un plan conjunto en el cual se han invertido dos mil millones de pesos para el abasto [&hellip;]\" \/>\n<meta property=\"og:url\" content=\"https:\/\/canal7slp.tv\/2022\/proyecto-para-llevar-agua-a-nuevo-leon-se-cancelo-afirmo-amlo\/\" \/>\n<meta property=\"og:site_name\" content=\"Canal 7 SLP - 2022\" \/>\n<meta property=\"article:publisher\" content=\"https:\/\/www.facebook.com\/noticieroscanalsiete\" \/>\n<meta property=\"article:published_time\" content=\"2022-03-30T15:33:09+00:00\" \/>\n<meta property=\"og:image\" content=\"https:\/\/canal7slp.tv\/2022\/wp-content\/uploads\/2022\/03\/Max01Agua.jpg\" \/>\n\t<meta property=\"og:image:width\" content=\"888\" \/>\n\t<meta property=\"og:image:height\" content=\"500\" \/>\n\t<meta property=\"og:image:type\" content=\"image\/jpeg\" \/>\n<meta name=\"author\" content=\"Edici\u00f3n Web\" \/>\n<meta name=\"twitter:card\" content=\"summary_large_image\" \/>\n<meta name=\"twitter:creator\" content=\"@NOTICIEROS7\" \/>\n<meta name=\"twitter:site\" content=\"@NOTICIEROS7\" \/>\n<meta name=\"twitter:label1\" content=\"Escrito por\" \/>\n\t<meta name=\"twitter:data1\" content=\"Edici\u00f3n Web\" \/>\n\t<meta name=\"twitter:label2\" content=\"Tiempo de lectura\" \/>\n\t<meta name=\"twitter:data2\" content=\"1 minuto\" \/>\n<script type=\"application\/ld+json\" class=\"yoast-schema-graph\">{\"@context\":\"https:\\\/\\\/schema.org\",\"@graph\":[{\"@type\":\"Article\",\"@id\":\"https:\\\/\\\/canal7slp.tv\\\/2022\\\/proyecto-para-llevar-agua-a-nuevo-leon-se-cancelo-afirmo-amlo\\\/#article\",\"isPartOf\":{\"@id\":\"https:\\\/\\\/canal7slp.tv\\\/2022\\\/proyecto-para-llevar-agua-a-nuevo-leon-se-cancelo-afirmo-amlo\\\/\"},\"author\":{\"name\":\"Edici\u00f3n Web\",\"@id\":\"https:\\\/\\\/canal7slp.tv\\\/2022\\\/#\\\/schema\\\/person\\\/429704152a21f5f856ce29aa69a238da\"},\"headline\":\"Proyecto para llevar agua a Nuevo Le\u00f3n se cancel\u00f3, afirm\u00f3 AMLO.\",\"datePublished\":\"2022-03-30T15:33:09+00:00\",\"mainEntityOfPage\":{\"@id\":\"https:\\\/\\\/canal7slp.tv\\\/2022\\\/proyecto-para-llevar-agua-a-nuevo-leon-se-cancelo-afirmo-amlo\\\/\"},\"wordCount\":233,\"publisher\":{\"@id\":\"https:\\\/\\\/canal7slp.tv\\\/2022\\\/#organization\"},\"image\":{\"@id\":\"https:\\\/\\\/canal7slp.tv\\\/2022\\\/proyecto-para-llevar-agua-a-nuevo-leon-se-cancelo-afirmo-amlo\\\/#primaryimage\"},\"thumbnailUrl\":\"https:\\\/\\\/canal7slp.tv\\\/2022\\\/wp-content\\\/uploads\\\/2022\\\/03\\\/Max01Agua.jpg\",\"articleSection\":[\"DESTACADAS\",\"LOCALES Y REGIONALES\"],\"inLanguage\":\"es\"},{\"@type\":\"WebPage\",\"@id\":\"https:\\\/\\\/canal7slp.tv\\\/2022\\\/proyecto-para-llevar-agua-a-nuevo-leon-se-cancelo-afirmo-amlo\\\/\",\"url\":\"https:\\\/\\\/canal7slp.tv\\\/2022\\\/proyecto-para-llevar-agua-a-nuevo-leon-se-cancelo-afirmo-amlo\\\/\",\"name\":\"Proyecto para llevar agua a Nuevo Le\u00f3n se cancel\u00f3, afirm\u00f3 AMLO. - Canal 7 SLP - 2022\",\"isPartOf\":{\"@id\":\"https:\\\/\\\/canal7slp.tv\\\/2022\\\/#website\"},\"primaryImageOfPage\":{\"@id\":\"https:\\\/\\\/canal7slp.tv\\\/2022\\\/proyecto-para-llevar-agua-a-nuevo-leon-se-cancelo-afirmo-amlo\\\/#primaryimage\"},\"image\":{\"@id\":\"https:\\\/\\\/canal7slp.tv\\\/2022\\\/proyecto-para-llevar-agua-a-nuevo-leon-se-cancelo-afirmo-amlo\\\/#primaryimage\"},\"thumbnailUrl\":\"https:\\\/\\\/canal7slp.tv\\\/2022\\\/wp-content\\\/uploads\\\/2022\\\/03\\\/Max01Agua.jpg\",\"datePublished\":\"2022-03-30T15:33:09+00:00\",\"breadcrumb\":{\"@id\":\"https:\\\/\\\/canal7slp.tv\\\/2022\\\/proyecto-para-llevar-agua-a-nuevo-leon-se-cancelo-afirmo-amlo\\\/#breadcrumb\"},\"inLanguage\":\"es\",\"potentialAction\":[{\"@type\":\"ReadAction\",\"target\":[\"https:\\\/\\\/canal7slp.tv\\\/2022\\\/proyecto-para-llevar-agua-a-nuevo-leon-se-cancelo-afirmo-amlo\\\/\"]}]},{\"@type\":\"ImageObject\",\"inLanguage\":\"es\",\"@id\":\"https:\\\/\\\/canal7slp.tv\\\/2022\\\/proyecto-para-llevar-agua-a-nuevo-leon-se-cancelo-afirmo-amlo\\\/#primaryimage\",\"url\":\"https:\\\/\\\/canal7slp.tv\\\/2022\\\/wp-content\\\/uploads\\\/2022\\\/03\\\/Max01Agua.jpg\",\"contentUrl\":\"https:\\\/\\\/canal7slp.tv\\\/2022\\\/wp-content\\\/uploads\\\/2022\\\/03\\\/Max01Agua.jpg\",\"width\":888,\"height\":500},{\"@type\":\"BreadcrumbList\",\"@id\":\"https:\\\/\\\/canal7slp.tv\\\/2022\\\/proyecto-para-llevar-agua-a-nuevo-leon-se-cancelo-afirmo-amlo\\\/#breadcrumb\",\"itemListElement\":[{\"@type\":\"ListItem\",\"position\":1,\"name\":\"Portada\",\"item\":\"https:\\\/\\\/canal7slp.tv\\\/2022\\\/\"},{\"@type\":\"ListItem\",\"position\":2,\"name\":\"Proyecto para llevar agua a Nuevo Le\u00f3n se cancel\u00f3, afirm\u00f3 AMLO.\"}]},{\"@type\":\"WebSite\",\"@id\":\"https:\\\/\\\/canal7slp.tv\\\/2022\\\/#website\",\"url\":\"https:\\\/\\\/canal7slp.tv\\\/2022\\\/\",\"name\":\"N7 - Noticieros Canal 7\",\"description\":\"Somos Televisi\u00f3n\",\"publisher\":{\"@id\":\"https:\\\/\\\/canal7slp.tv\\\/2022\\\/#organization\"},\"potentialAction\":[{\"@type\":\"SearchAction\",\"target\":{\"@type\":\"EntryPoint\",\"urlTemplate\":\"https:\\\/\\\/canal7slp.tv\\\/2022\\\/?s={search_term_string}\"},\"query-input\":{\"@type\":\"PropertyValueSpecification\",\"valueRequired\":true,\"valueName\":\"search_term_string\"}}],\"inLanguage\":\"es\"},{\"@type\":\"Organization\",\"@id\":\"https:\\\/\\\/canal7slp.tv\\\/2022\\\/#organization\",\"name\":\"Noticieros Canal 7\",\"url\":\"https:\\\/\\\/canal7slp.tv\\\/2022\\\/\",\"logo\":{\"@type\":\"ImageObject\",\"inLanguage\":\"es\",\"@id\":\"https:\\\/\\\/canal7slp.tv\\\/2022\\\/#\\\/schema\\\/logo\\\/image\\\/\",\"url\":\"https:\\\/\\\/canal7slp.tv\\\/2022\\\/wp-content\\\/uploads\\\/2021\\\/01\\\/logo-noticieros@2x.png\",\"contentUrl\":\"https:\\\/\\\/canal7slp.tv\\\/2022\\\/wp-content\\\/uploads\\\/2021\\\/01\\\/logo-noticieros@2x.png\",\"width\":1017,\"height\":268,\"caption\":\"Noticieros Canal 7\"},\"image\":{\"@id\":\"https:\\\/\\\/canal7slp.tv\\\/2022\\\/#\\\/schema\\\/logo\\\/image\\\/\"},\"sameAs\":[\"https:\\\/\\\/www.facebook.com\\\/noticieroscanalsiete\",\"https:\\\/\\\/x.com\\\/NOTICIEROS7\",\"https:\\\/\\\/www.instagram.com\\\/canal7_slp\",\"https:\\\/\\\/www.youtube.com\\\/channel\\\/UCliiYs-gP3JfJeqdPrNdd5A\"]},{\"@type\":\"Person\",\"@id\":\"https:\\\/\\\/canal7slp.tv\\\/2022\\\/#\\\/schema\\\/person\\\/429704152a21f5f856ce29aa69a238da\",\"name\":\"Edici\u00f3n Web\",\"image\":{\"@type\":\"ImageObject\",\"inLanguage\":\"es\",\"@id\":\"https:\\\/\\\/secure.gravatar.com\\\/avatar\\\/eee448fc3f7164808013b816ba91ac7e43bbe82a70bebac296f8bc6f0addaa1a?s=96&d=mm&r=g\",\"url\":\"https:\\\/\\\/secure.gravatar.com\\\/avatar\\\/eee448fc3f7164808013b816ba91ac7e43bbe82a70bebac296f8bc6f0addaa1a?s=96&d=mm&r=g\",\"contentUrl\":\"https:\\\/\\\/secure.gravatar.com\\\/avatar\\\/eee448fc3f7164808013b816ba91ac7e43bbe82a70bebac296f8bc6f0addaa1a?s=96&d=mm&r=g\",\"caption\":\"Edici\u00f3n Web\"},\"url\":\"https:\\\/\\\/canal7slp.tv\\\/2022\\\/author\\\/edicionweb\\\/\"}]}<\/script>\n<!-- \/ Yoast SEO plugin. -->","yoast_head_json":{"title":"Proyecto para llevar agua a Nuevo Le\u00f3n se cancel\u00f3, afirm\u00f3 AMLO. - Canal 7 SLP - 2022","robots":{"index":"index","follow":"follow","max-snippet":"max-snippet:-1","max-image-preview":"max-image-preview:large","max-video-preview":"max-video-preview:-1"},"canonical":"https:\/\/canal7slp.tv\/2022\/proyecto-para-llevar-agua-a-nuevo-leon-se-cancelo-afirmo-amlo\/","og_locale":"es_ES","og_type":"article","og_title":"Proyecto para llevar agua a Nuevo Le\u00f3n se cancel\u00f3, afirm\u00f3 AMLO. - Canal 7 SLP - 2022","og_description":"SLP.- Antes de haberse reunido con el gobernador de Nuevo Le\u00f3n, Samuel Garc\u00eda, el presidente de la Rep\u00fablica, Andr\u00e9s Manuel L\u00f3pez Obrador dio detalles acerca del abastecimiento del agua gracias al proyecto Acueducto del P\u00e1nuco. Durante la conferencia matutina del 29 de marzo, el mandatario indic\u00f3 que en el transcurso de la ma\u00f1ana recibir\u00eda no solo al gobernador de Nuevo Le\u00f3n, sino tambi\u00e9n al gobernador de Jalisco, Enrique Alfaro Ram\u00edrez, donde el tema principal, ser\u00eda la escasez agua. Asimismo, asever\u00f3 que se tiene un plan conjunto en el cual se han invertido dos mil millones de pesos para el abasto [&hellip;]","og_url":"https:\/\/canal7slp.tv\/2022\/proyecto-para-llevar-agua-a-nuevo-leon-se-cancelo-afirmo-amlo\/","og_site_name":"Canal 7 SLP - 2022","article_publisher":"https:\/\/www.facebook.com\/noticieroscanalsiete","article_published_time":"2022-03-30T15:33:09+00:00","og_image":[{"width":888,"height":500,"url":"https:\/\/canal7slp.tv\/2022\/wp-content\/uploads\/2022\/03\/Max01Agua.jpg","type":"image\/jpeg"}],"author":"Edici\u00f3n Web","twitter_card":"summary_large_image","twitter_creator":"@NOTICIEROS7","twitter_site":"@NOTICIEROS7","twitter_misc":{"Escrito por":"Edici\u00f3n Web","Tiempo de lectura":"1 minuto"},"schema":{"@context":"https:\/\/schema.org","@graph":[{"@type":"Article","@id":"https:\/\/canal7slp.tv\/2022\/proyecto-para-llevar-agua-a-nuevo-leon-se-cancelo-afirmo-amlo\/#article","isPartOf":{"@id":"https:\/\/canal7slp.tv\/2022\/proyecto-para-llevar-agua-a-nuevo-leon-se-cancelo-afirmo-amlo\/"},"author":{"name":"Edici\u00f3n Web","@id":"https:\/\/canal7slp.tv\/2022\/#\/schema\/person\/429704152a21f5f856ce29aa69a238da"},"headline":"Proyecto para llevar agua a Nuevo Le\u00f3n se cancel\u00f3, afirm\u00f3 AMLO.","datePublished":"2022-03-30T15:33:09+00:00","mainEntityOfPage":{"@id":"https:\/\/canal7slp.tv\/2022\/proyecto-para-llevar-agua-a-nuevo-leon-se-cancelo-afirmo-amlo\/"},"wordCount":233,"publisher":{"@id":"https:\/\/canal7slp.tv\/2022\/#organization"},"image":{"@id":"https:\/\/canal7slp.tv\/2022\/proyecto-para-llevar-agua-a-nuevo-leon-se-cancelo-afirmo-amlo\/#primaryimage"},"thumbnailUrl":"https:\/\/canal7slp.tv\/2022\/wp-content\/uploads\/2022\/03\/Max01Agua.jpg","articleSection":["DESTACADAS","LOCALES Y REGIONALES"],"inLanguage":"es"},{"@type":"WebPage","@id":"https:\/\/canal7slp.tv\/2022\/proyecto-para-llevar-agua-a-nuevo-leon-se-cancelo-afirmo-amlo\/","url":"https:\/\/canal7slp.tv\/2022\/proyecto-para-llevar-agua-a-nuevo-leon-se-cancelo-afirmo-amlo\/","name":"Proyecto para llevar agua a Nuevo Le\u00f3n se cancel\u00f3, afirm\u00f3 AMLO. - Canal 7 SLP - 2022","isPartOf":{"@id":"https:\/\/canal7slp.tv\/2022\/#website"},"primaryImageOfPage":{"@id":"https:\/\/canal7slp.tv\/2022\/proyecto-para-llevar-agua-a-nuevo-leon-se-cancelo-afirmo-amlo\/#primaryimage"},"image":{"@id":"https:\/\/canal7slp.tv\/2022\/proyecto-para-llevar-agua-a-nuevo-leon-se-cancelo-afirmo-amlo\/#primaryimage"},"thumbnailUrl":"https:\/\/canal7slp.tv\/2022\/wp-content\/uploads\/2022\/03\/Max01Agua.jpg","datePublished":"2022-03-30T15:33:09+00:00","breadcrumb":{"@id":"https:\/\/canal7slp.tv\/2022\/proyecto-para-llevar-agua-a-nuevo-leon-se-cancelo-afirmo-amlo\/#breadcrumb"},"inLanguage":"es","potentialAction":[{"@type":"ReadAction","target":["https:\/\/canal7slp.tv\/2022\/proyecto-para-llevar-agua-a-nuevo-leon-se-cancelo-afirmo-amlo\/"]}]},{"@type":"ImageObject","inLanguage":"es","@id":"https:\/\/canal7slp.tv\/2022\/proyecto-para-llevar-agua-a-nuevo-leon-se-cancelo-afirmo-amlo\/#primaryimage","url":"https:\/\/canal7slp.tv\/2022\/wp-content\/uploads\/2022\/03\/Max01Agua.jpg","contentUrl":"https:\/\/canal7slp.tv\/2022\/wp-content\/uploads\/2022\/03\/Max01Agua.jpg","width":888,"height":500},{"@type":"BreadcrumbList","@id":"https:\/\/canal7slp.tv\/2022\/proyecto-para-llevar-agua-a-nuevo-leon-se-cancelo-afirmo-amlo\/#breadcrumb","itemListElement":[{"@type":"ListItem","position":1,"name":"Portada","item":"https:\/\/canal7slp.tv\/2022\/"},{"@type":"ListItem","position":2,"name":"Proyecto para llevar agua a Nuevo Le\u00f3n se cancel\u00f3, afirm\u00f3 AMLO."}]},{"@type":"WebSite","@id":"https:\/\/canal7slp.tv\/2022\/#website","url":"https:\/\/canal7slp.tv\/2022\/","name":"N7 - Noticieros Canal 7","description":"Somos Televisi\u00f3n","publisher":{"@id":"https:\/\/canal7slp.tv\/2022\/#organization"},"potentialAction":[{"@type":"SearchAction","target":{"@type":"EntryPoint","urlTemplate":"https:\/\/canal7slp.tv\/2022\/?s={search_term_string}"},"query-input":{"@type":"PropertyValueSpecification","valueRequired":true,"valueName":"search_term_string"}}],"inLanguage":"es"},{"@type":"Organization","@id":"https:\/\/canal7slp.tv\/2022\/#organization","name":"Noticieros Canal 7","url":"https:\/\/canal7slp.tv\/2022\/","logo":{"@type":"ImageObject","inLanguage":"es","@id":"https:\/\/canal7slp.tv\/2022\/#\/schema\/logo\/image\/","url":"https:\/\/canal7slp.tv\/2022\/wp-content\/uploads\/2021\/01\/logo-noticieros@2x.png","contentUrl":"https:\/\/canal7slp.tv\/2022\/wp-content\/uploads\/2021\/01\/logo-noticieros@2x.png","width":1017,"height":268,"caption":"Noticieros Canal 7"},"image":{"@id":"https:\/\/canal7slp.tv\/2022\/#\/schema\/logo\/image\/"},"sameAs":["https:\/\/www.facebook.com\/noticieroscanalsiete","https:\/\/x.com\/NOTICIEROS7","https:\/\/www.instagram.com\/canal7_slp","https:\/\/www.youtube.com\/channel\/UCliiYs-gP3JfJeqdPrNdd5A"]},{"@type":"Person","@id":"https:\/\/canal7slp.tv\/2022\/#\/schema\/person\/429704152a21f5f856ce29aa69a238da","name":"Edici\u00f3n Web","image":{"@type":"ImageObject","inLanguage":"es","@id":"https:\/\/secure.gravatar.com\/avatar\/eee448fc3f7164808013b816ba91ac7e43bbe82a70bebac296f8bc6f0addaa1a?s=96&d=mm&r=g","url":"https:\/\/secure.gravatar.com\/avatar\/eee448fc3f7164808013b816ba91ac7e43bbe82a70bebac296f8bc6f0addaa1a?s=96&d=mm&r=g","contentUrl":"https:\/\/secure.gravatar.com\/avatar\/eee448fc3f7164808013b816ba91ac7e43bbe82a70bebac296f8bc6f0addaa1a?s=96&d=mm&r=g","caption":"Edici\u00f3n Web"},"url":"https:\/\/canal7slp.tv\/2022\/author\/edicionweb\/"}]}},"amp_enabled":true,"_links":{"self":[{"href":"https:\/\/canal7slp.tv\/2022\/wp-json\/wp\/v2\/posts\/55654","targetHints":{"allow":["GET"]}}],"collection":[{"href":"https:\/\/canal7slp.tv\/2022\/wp-json\/wp\/v2\/posts"}],"about":[{"href":"https:\/\/canal7slp.tv\/2022\/wp-json\/wp\/v2\/types\/post"}],"author":[{"embeddable":true,"href":"https:\/\/canal7slp.tv\/2022\/wp-json\/wp\/v2\/users\/2"}],"replies":[{"embeddable":true,"href":"https:\/\/canal7slp.tv\/2022\/wp-json\/wp\/v2\/comments?post=55654"}],"version-history":[{"count":2,"href":"https:\/\/canal7slp.tv\/2022\/wp-json\/wp\/v2\/posts\/55654\/revisions"}],"predecessor-version":[{"id":55680,"href":"https:\/\/canal7slp.tv\/2022\/wp-json\/wp\/v2\/posts\/55654\/revisions\/55680"}],"wp:featuredmedia":[{"embeddable":true,"href":"https:\/\/canal7slp.tv\/2022\/wp-json\/wp\/v2\/media\/55679"}],"wp:attachment":[{"href":"https:\/\/canal7slp.tv\/2022\/wp-json\/wp\/v2\/media?parent=55654"}],"wp:term":[{"taxonomy":"category","embeddable":true,"href":"https:\/\/canal7slp.tv\/2022\/wp-json\/wp\/v2\/categories?post=55654"},{"taxonomy":"post_tag","embeddable":true,"href":"https:\/\/canal7slp.tv\/2022\/wp-json\/wp\/v2\/tags?post=55654"}],"curies":[{"name":"wp","href":"https:\/\/api.w.org\/{rel}","templated":true}]}}