{"id":55649,"date":"2022-03-29T20:35:38","date_gmt":"2022-03-30T02:35:38","guid":{"rendered":"https:\/\/canal7slp.tv\/2022\/?p=55649"},"modified":"2022-03-29T20:35:38","modified_gmt":"2022-03-30T02:35:38","slug":"lideres-campesinos-exigen-continuacion-de-presa-la-maroma","status":"publish","type":"post","link":"https:\/\/canal7slp.tv\/2022\/lideres-campesinos-exigen-continuacion-de-presa-la-maroma\/","title":{"rendered":"L\u00edderes campesinos exigen continuaci\u00f3n de presa La Maroma."},"content":{"rendered":"<p style=\"text-align: justify;\">Matehuala.- En conferencia de prensa, campesinos del Altiplano Potosino manifestaron su preocupaci\u00f3n ante la falta de continuidad de la Presa La Maroma.<\/p>\n<p style=\"text-align: justify;\">Alberto Salazar Torres, miembro del comit\u00e9 Ducto La Maroma, se pronunci\u00f3 al respecto, \u201cse oye rid\u00edculo que se quede ese proyecto a medias, hay casi un 60%, hemos estado ah\u00ed detenido, hemos tenido la oportunidad de hablar con el se\u00f1or Gobernador, en donde su propia palabra dijo que se va a seguir y que tiene un recurso de 200 millones de pesos para terminarlo\u201d.<\/p>\n<p style=\"text-align: justify;\">Tras ser cuestionado sobre la falta de inter\u00e9s por parte de diversos sectores de la sociedad, Salazar Torres pidi\u00f3 el apoyo de todos los ciudadanos, \u201cel beneficio que estamos esperando no solamente es para los campesinos, que toda la gente de Matehuala, zonas urbanas, colonias, sepan que tambi\u00e9n es para ellos\u201d.<\/p>\n<p style=\"text-align: justify;\">Por su parte, Honorio Garc\u00eda, miembro del comit\u00e9 Ducto La Maroma, pidi\u00f3 a la CONAGUA que aclare la suspensi\u00f3n del proyecto, \u201cno nos han dado ni una explicaci\u00f3n, no se han dignado a venir a decirte sabes qu\u00e9 se suspende por este motivo, solamente dicen que se suspende por corrupci\u00f3n, pero en las reuniones que tuvimos antes de que se hiciera la presa dijimos que se castigue a la dependencia que sea, no hay distinci\u00f3n, aceptaron todos, firmadito\u201d.<\/p>\n<p style=\"text-align: justify;\">Por: Jes\u00fas Valencia<\/p>\n","protected":false},"excerpt":{"rendered":"<p>Matehuala.- En conferencia de prensa, campesinos del Altiplano Potosino manifestaron su preocupaci\u00f3n ante la falta de continuidad de la Presa La Maroma. Alberto Salazar Torres, miembro del comit\u00e9 Ducto La Maroma, se pronunci\u00f3 al respecto, \u201cse oye rid\u00edculo que se quede ese proyecto a medias, hay casi un 60%, hemos estado ah\u00ed detenido, hemos tenido la oportunidad de hablar con el se\u00f1or Gobernador, en donde su propia palabra dijo que se va a seguir y que tiene un recurso de 200 millones de pesos para terminarlo\u201d. Tras ser cuestionado sobre la falta de inter\u00e9s por parte de diversos sectores de [&hellip;]<\/p>\n","protected":false},"author":2,"featured_media":55653,"comment_status":"closed","ping_status":"closed","sticky":false,"template":"","format":"video","meta":{"footnotes":""},"categories":[5,43],"tags":[],"class_list":["post-55649","post","type-post","status-publish","format-video","has-post-thumbnail","hentry","category-destacadas","category-interior","post_format-post-format-video","post--single"],"yoast_head":"<!-- This site is optimized with the Yoast SEO plugin v27.4 - https:\/\/yoast.com\/product\/yoast-seo-wordpress\/ -->\n<title>L\u00edderes campesinos exigen continuaci\u00f3n de presa La Maroma. - Canal 7 SLP - 2022<\/title>\n<meta name=\"robots\" content=\"index, follow, max-snippet:-1, max-image-preview:large, max-video-preview:-1\" \/>\n<link rel=\"canonical\" href=\"https:\/\/canal7slp.tv\/2022\/lideres-campesinos-exigen-continuacion-de-presa-la-maroma\/\" \/>\n<meta property=\"og:locale\" content=\"es_ES\" \/>\n<meta property=\"og:type\" content=\"article\" \/>\n<meta property=\"og:title\" content=\"L\u00edderes campesinos exigen continuaci\u00f3n de presa La Maroma. - Canal 7 SLP - 2022\" \/>\n<meta property=\"og:description\" content=\"Matehuala.- En conferencia de prensa, campesinos del Altiplano Potosino manifestaron su preocupaci\u00f3n ante la falta de continuidad de la Presa La Maroma. Alberto Salazar Torres, miembro del comit\u00e9 Ducto La Maroma, se pronunci\u00f3 al respecto, \u201cse oye rid\u00edculo que se quede ese proyecto a medias, hay casi un 60%, hemos estado ah\u00ed detenido, hemos tenido la oportunidad de hablar con el se\u00f1or Gobernador, en donde su propia palabra dijo que se va a seguir y que tiene un recurso de 200 millones de pesos para terminarlo\u201d. Tras ser cuestionado sobre la falta de inter\u00e9s por parte de diversos sectores de [&hellip;]\" \/>\n<meta property=\"og:url\" content=\"https:\/\/canal7slp.tv\/2022\/lideres-campesinos-exigen-continuacion-de-presa-la-maroma\/\" \/>\n<meta property=\"og:site_name\" content=\"Canal 7 SLP - 2022\" \/>\n<meta property=\"article:publisher\" content=\"https:\/\/www.facebook.com\/noticieroscanalsiete\" \/>\n<meta property=\"article:published_time\" content=\"2022-03-30T02:35:38+00:00\" \/>\n<meta property=\"og:image\" content=\"https:\/\/canal7slp.tv\/2022\/wp-content\/uploads\/2022\/03\/Valencia02Campesinos.jpg\" \/>\n\t<meta property=\"og:image:width\" content=\"888\" \/>\n\t<meta property=\"og:image:height\" content=\"500\" \/>\n\t<meta property=\"og:image:type\" content=\"image\/jpeg\" \/>\n<meta name=\"author\" content=\"Edici\u00f3n Web\" \/>\n<meta name=\"twitter:card\" content=\"summary_large_image\" \/>\n<meta name=\"twitter:creator\" content=\"@NOTICIEROS7\" \/>\n<meta name=\"twitter:site\" content=\"@NOTICIEROS7\" \/>\n<meta name=\"twitter:label1\" content=\"Escrito por\" \/>\n\t<meta name=\"twitter:data1\" content=\"Edici\u00f3n Web\" \/>\n\t<meta name=\"twitter:label2\" content=\"Tiempo de lectura\" \/>\n\t<meta name=\"twitter:data2\" content=\"1 minuto\" \/>\n<script type=\"application\/ld+json\" class=\"yoast-schema-graph\">{\"@context\":\"https:\\\/\\\/schema.org\",\"@graph\":[{\"@type\":\"Article\",\"@id\":\"https:\\\/\\\/canal7slp.tv\\\/2022\\\/lideres-campesinos-exigen-continuacion-de-presa-la-maroma\\\/#article\",\"isPartOf\":{\"@id\":\"https:\\\/\\\/canal7slp.tv\\\/2022\\\/lideres-campesinos-exigen-continuacion-de-presa-la-maroma\\\/\"},\"author\":{\"name\":\"Edici\u00f3n Web\",\"@id\":\"https:\\\/\\\/canal7slp.tv\\\/2022\\\/#\\\/schema\\\/person\\\/429704152a21f5f856ce29aa69a238da\"},\"headline\":\"L\u00edderes campesinos exigen continuaci\u00f3n de presa La Maroma.\",\"datePublished\":\"2022-03-30T02:35:38+00:00\",\"mainEntityOfPage\":{\"@id\":\"https:\\\/\\\/canal7slp.tv\\\/2022\\\/lideres-campesinos-exigen-continuacion-de-presa-la-maroma\\\/\"},\"wordCount\":238,\"publisher\":{\"@id\":\"https:\\\/\\\/canal7slp.tv\\\/2022\\\/#organization\"},\"image\":{\"@id\":\"https:\\\/\\\/canal7slp.tv\\\/2022\\\/lideres-campesinos-exigen-continuacion-de-presa-la-maroma\\\/#primaryimage\"},\"thumbnailUrl\":\"https:\\\/\\\/canal7slp.tv\\\/2022\\\/wp-content\\\/uploads\\\/2022\\\/03\\\/Valencia02Campesinos.jpg\",\"articleSection\":[\"DESTACADAS\",\"INTERIOR DEL ESTADO\"],\"inLanguage\":\"es\"},{\"@type\":\"WebPage\",\"@id\":\"https:\\\/\\\/canal7slp.tv\\\/2022\\\/lideres-campesinos-exigen-continuacion-de-presa-la-maroma\\\/\",\"url\":\"https:\\\/\\\/canal7slp.tv\\\/2022\\\/lideres-campesinos-exigen-continuacion-de-presa-la-maroma\\\/\",\"name\":\"L\u00edderes campesinos exigen continuaci\u00f3n de presa La Maroma. - Canal 7 SLP - 2022\",\"isPartOf\":{\"@id\":\"https:\\\/\\\/canal7slp.tv\\\/2022\\\/#website\"},\"primaryImageOfPage\":{\"@id\":\"https:\\\/\\\/canal7slp.tv\\\/2022\\\/lideres-campesinos-exigen-continuacion-de-presa-la-maroma\\\/#primaryimage\"},\"image\":{\"@id\":\"https:\\\/\\\/canal7slp.tv\\\/2022\\\/lideres-campesinos-exigen-continuacion-de-presa-la-maroma\\\/#primaryimage\"},\"thumbnailUrl\":\"https:\\\/\\\/canal7slp.tv\\\/2022\\\/wp-content\\\/uploads\\\/2022\\\/03\\\/Valencia02Campesinos.jpg\",\"datePublished\":\"2022-03-30T02:35:38+00:00\",\"breadcrumb\":{\"@id\":\"https:\\\/\\\/canal7slp.tv\\\/2022\\\/lideres-campesinos-exigen-continuacion-de-presa-la-maroma\\\/#breadcrumb\"},\"inLanguage\":\"es\",\"potentialAction\":[{\"@type\":\"ReadAction\",\"target\":[\"https:\\\/\\\/canal7slp.tv\\\/2022\\\/lideres-campesinos-exigen-continuacion-de-presa-la-maroma\\\/\"]}]},{\"@type\":\"ImageObject\",\"inLanguage\":\"es\",\"@id\":\"https:\\\/\\\/canal7slp.tv\\\/2022\\\/lideres-campesinos-exigen-continuacion-de-presa-la-maroma\\\/#primaryimage\",\"url\":\"https:\\\/\\\/canal7slp.tv\\\/2022\\\/wp-content\\\/uploads\\\/2022\\\/03\\\/Valencia02Campesinos.jpg\",\"contentUrl\":\"https:\\\/\\\/canal7slp.tv\\\/2022\\\/wp-content\\\/uploads\\\/2022\\\/03\\\/Valencia02Campesinos.jpg\",\"width\":888,\"height\":500},{\"@type\":\"BreadcrumbList\",\"@id\":\"https:\\\/\\\/canal7slp.tv\\\/2022\\\/lideres-campesinos-exigen-continuacion-de-presa-la-maroma\\\/#breadcrumb\",\"itemListElement\":[{\"@type\":\"ListItem\",\"position\":1,\"name\":\"Portada\",\"item\":\"https:\\\/\\\/canal7slp.tv\\\/2022\\\/\"},{\"@type\":\"ListItem\",\"position\":2,\"name\":\"L\u00edderes campesinos exigen continuaci\u00f3n de presa La Maroma.\"}]},{\"@type\":\"WebSite\",\"@id\":\"https:\\\/\\\/canal7slp.tv\\\/2022\\\/#website\",\"url\":\"https:\\\/\\\/canal7slp.tv\\\/2022\\\/\",\"name\":\"N7 - Noticieros Canal 7\",\"description\":\"Somos Televisi\u00f3n\",\"publisher\":{\"@id\":\"https:\\\/\\\/canal7slp.tv\\\/2022\\\/#organization\"},\"potentialAction\":[{\"@type\":\"SearchAction\",\"target\":{\"@type\":\"EntryPoint\",\"urlTemplate\":\"https:\\\/\\\/canal7slp.tv\\\/2022\\\/?s={search_term_string}\"},\"query-input\":{\"@type\":\"PropertyValueSpecification\",\"valueRequired\":true,\"valueName\":\"search_term_string\"}}],\"inLanguage\":\"es\"},{\"@type\":\"Organization\",\"@id\":\"https:\\\/\\\/canal7slp.tv\\\/2022\\\/#organization\",\"name\":\"Noticieros Canal 7\",\"url\":\"https:\\\/\\\/canal7slp.tv\\\/2022\\\/\",\"logo\":{\"@type\":\"ImageObject\",\"inLanguage\":\"es\",\"@id\":\"https:\\\/\\\/canal7slp.tv\\\/2022\\\/#\\\/schema\\\/logo\\\/image\\\/\",\"url\":\"https:\\\/\\\/canal7slp.tv\\\/2022\\\/wp-content\\\/uploads\\\/2021\\\/01\\\/logo-noticieros@2x.png\",\"contentUrl\":\"https:\\\/\\\/canal7slp.tv\\\/2022\\\/wp-content\\\/uploads\\\/2021\\\/01\\\/logo-noticieros@2x.png\",\"width\":1017,\"height\":268,\"caption\":\"Noticieros Canal 7\"},\"image\":{\"@id\":\"https:\\\/\\\/canal7slp.tv\\\/2022\\\/#\\\/schema\\\/logo\\\/image\\\/\"},\"sameAs\":[\"https:\\\/\\\/www.facebook.com\\\/noticieroscanalsiete\",\"https:\\\/\\\/x.com\\\/NOTICIEROS7\",\"https:\\\/\\\/www.instagram.com\\\/canal7_slp\",\"https:\\\/\\\/www.youtube.com\\\/channel\\\/UCliiYs-gP3JfJeqdPrNdd5A\"]},{\"@type\":\"Person\",\"@id\":\"https:\\\/\\\/canal7slp.tv\\\/2022\\\/#\\\/schema\\\/person\\\/429704152a21f5f856ce29aa69a238da\",\"name\":\"Edici\u00f3n Web\",\"image\":{\"@type\":\"ImageObject\",\"inLanguage\":\"es\",\"@id\":\"https:\\\/\\\/secure.gravatar.com\\\/avatar\\\/eee448fc3f7164808013b816ba91ac7e43bbe82a70bebac296f8bc6f0addaa1a?s=96&d=mm&r=g\",\"url\":\"https:\\\/\\\/secure.gravatar.com\\\/avatar\\\/eee448fc3f7164808013b816ba91ac7e43bbe82a70bebac296f8bc6f0addaa1a?s=96&d=mm&r=g\",\"contentUrl\":\"https:\\\/\\\/secure.gravatar.com\\\/avatar\\\/eee448fc3f7164808013b816ba91ac7e43bbe82a70bebac296f8bc6f0addaa1a?s=96&d=mm&r=g\",\"caption\":\"Edici\u00f3n Web\"},\"url\":\"https:\\\/\\\/canal7slp.tv\\\/2022\\\/author\\\/edicionweb\\\/\"}]}<\/script>\n<!-- \/ Yoast SEO plugin. -->","yoast_head_json":{"title":"L\u00edderes campesinos exigen continuaci\u00f3n de presa La Maroma. - Canal 7 SLP - 2022","robots":{"index":"index","follow":"follow","max-snippet":"max-snippet:-1","max-image-preview":"max-image-preview:large","max-video-preview":"max-video-preview:-1"},"canonical":"https:\/\/canal7slp.tv\/2022\/lideres-campesinos-exigen-continuacion-de-presa-la-maroma\/","og_locale":"es_ES","og_type":"article","og_title":"L\u00edderes campesinos exigen continuaci\u00f3n de presa La Maroma. - Canal 7 SLP - 2022","og_description":"Matehuala.- En conferencia de prensa, campesinos del Altiplano Potosino manifestaron su preocupaci\u00f3n ante la falta de continuidad de la Presa La Maroma. Alberto Salazar Torres, miembro del comit\u00e9 Ducto La Maroma, se pronunci\u00f3 al respecto, \u201cse oye rid\u00edculo que se quede ese proyecto a medias, hay casi un 60%, hemos estado ah\u00ed detenido, hemos tenido la oportunidad de hablar con el se\u00f1or Gobernador, en donde su propia palabra dijo que se va a seguir y que tiene un recurso de 200 millones de pesos para terminarlo\u201d. Tras ser cuestionado sobre la falta de inter\u00e9s por parte de diversos sectores de [&hellip;]","og_url":"https:\/\/canal7slp.tv\/2022\/lideres-campesinos-exigen-continuacion-de-presa-la-maroma\/","og_site_name":"Canal 7 SLP - 2022","article_publisher":"https:\/\/www.facebook.com\/noticieroscanalsiete","article_published_time":"2022-03-30T02:35:38+00:00","og_image":[{"width":888,"height":500,"url":"https:\/\/canal7slp.tv\/2022\/wp-content\/uploads\/2022\/03\/Valencia02Campesinos.jpg","type":"image\/jpeg"}],"author":"Edici\u00f3n Web","twitter_card":"summary_large_image","twitter_creator":"@NOTICIEROS7","twitter_site":"@NOTICIEROS7","twitter_misc":{"Escrito por":"Edici\u00f3n Web","Tiempo de lectura":"1 minuto"},"schema":{"@context":"https:\/\/schema.org","@graph":[{"@type":"Article","@id":"https:\/\/canal7slp.tv\/2022\/lideres-campesinos-exigen-continuacion-de-presa-la-maroma\/#article","isPartOf":{"@id":"https:\/\/canal7slp.tv\/2022\/lideres-campesinos-exigen-continuacion-de-presa-la-maroma\/"},"author":{"name":"Edici\u00f3n Web","@id":"https:\/\/canal7slp.tv\/2022\/#\/schema\/person\/429704152a21f5f856ce29aa69a238da"},"headline":"L\u00edderes campesinos exigen continuaci\u00f3n de presa La Maroma.","datePublished":"2022-03-30T02:35:38+00:00","mainEntityOfPage":{"@id":"https:\/\/canal7slp.tv\/2022\/lideres-campesinos-exigen-continuacion-de-presa-la-maroma\/"},"wordCount":238,"publisher":{"@id":"https:\/\/canal7slp.tv\/2022\/#organization"},"image":{"@id":"https:\/\/canal7slp.tv\/2022\/lideres-campesinos-exigen-continuacion-de-presa-la-maroma\/#primaryimage"},"thumbnailUrl":"https:\/\/canal7slp.tv\/2022\/wp-content\/uploads\/2022\/03\/Valencia02Campesinos.jpg","articleSection":["DESTACADAS","INTERIOR DEL ESTADO"],"inLanguage":"es"},{"@type":"WebPage","@id":"https:\/\/canal7slp.tv\/2022\/lideres-campesinos-exigen-continuacion-de-presa-la-maroma\/","url":"https:\/\/canal7slp.tv\/2022\/lideres-campesinos-exigen-continuacion-de-presa-la-maroma\/","name":"L\u00edderes campesinos exigen continuaci\u00f3n de presa La Maroma. - Canal 7 SLP - 2022","isPartOf":{"@id":"https:\/\/canal7slp.tv\/2022\/#website"},"primaryImageOfPage":{"@id":"https:\/\/canal7slp.tv\/2022\/lideres-campesinos-exigen-continuacion-de-presa-la-maroma\/#primaryimage"},"image":{"@id":"https:\/\/canal7slp.tv\/2022\/lideres-campesinos-exigen-continuacion-de-presa-la-maroma\/#primaryimage"},"thumbnailUrl":"https:\/\/canal7slp.tv\/2022\/wp-content\/uploads\/2022\/03\/Valencia02Campesinos.jpg","datePublished":"2022-03-30T02:35:38+00:00","breadcrumb":{"@id":"https:\/\/canal7slp.tv\/2022\/lideres-campesinos-exigen-continuacion-de-presa-la-maroma\/#breadcrumb"},"inLanguage":"es","potentialAction":[{"@type":"ReadAction","target":["https:\/\/canal7slp.tv\/2022\/lideres-campesinos-exigen-continuacion-de-presa-la-maroma\/"]}]},{"@type":"ImageObject","inLanguage":"es","@id":"https:\/\/canal7slp.tv\/2022\/lideres-campesinos-exigen-continuacion-de-presa-la-maroma\/#primaryimage","url":"https:\/\/canal7slp.tv\/2022\/wp-content\/uploads\/2022\/03\/Valencia02Campesinos.jpg","contentUrl":"https:\/\/canal7slp.tv\/2022\/wp-content\/uploads\/2022\/03\/Valencia02Campesinos.jpg","width":888,"height":500},{"@type":"BreadcrumbList","@id":"https:\/\/canal7slp.tv\/2022\/lideres-campesinos-exigen-continuacion-de-presa-la-maroma\/#breadcrumb","itemListElement":[{"@type":"ListItem","position":1,"name":"Portada","item":"https:\/\/canal7slp.tv\/2022\/"},{"@type":"ListItem","position":2,"name":"L\u00edderes campesinos exigen continuaci\u00f3n de presa La Maroma."}]},{"@type":"WebSite","@id":"https:\/\/canal7slp.tv\/2022\/#website","url":"https:\/\/canal7slp.tv\/2022\/","name":"N7 - Noticieros Canal 7","description":"Somos Televisi\u00f3n","publisher":{"@id":"https:\/\/canal7slp.tv\/2022\/#organization"},"potentialAction":[{"@type":"SearchAction","target":{"@type":"EntryPoint","urlTemplate":"https:\/\/canal7slp.tv\/2022\/?s={search_term_string}"},"query-input":{"@type":"PropertyValueSpecification","valueRequired":true,"valueName":"search_term_string"}}],"inLanguage":"es"},{"@type":"Organization","@id":"https:\/\/canal7slp.tv\/2022\/#organization","name":"Noticieros Canal 7","url":"https:\/\/canal7slp.tv\/2022\/","logo":{"@type":"ImageObject","inLanguage":"es","@id":"https:\/\/canal7slp.tv\/2022\/#\/schema\/logo\/image\/","url":"https:\/\/canal7slp.tv\/2022\/wp-content\/uploads\/2021\/01\/logo-noticieros@2x.png","contentUrl":"https:\/\/canal7slp.tv\/2022\/wp-content\/uploads\/2021\/01\/logo-noticieros@2x.png","width":1017,"height":268,"caption":"Noticieros Canal 7"},"image":{"@id":"https:\/\/canal7slp.tv\/2022\/#\/schema\/logo\/image\/"},"sameAs":["https:\/\/www.facebook.com\/noticieroscanalsiete","https:\/\/x.com\/NOTICIEROS7","https:\/\/www.instagram.com\/canal7_slp","https:\/\/www.youtube.com\/channel\/UCliiYs-gP3JfJeqdPrNdd5A"]},{"@type":"Person","@id":"https:\/\/canal7slp.tv\/2022\/#\/schema\/person\/429704152a21f5f856ce29aa69a238da","name":"Edici\u00f3n Web","image":{"@type":"ImageObject","inLanguage":"es","@id":"https:\/\/secure.gravatar.com\/avatar\/eee448fc3f7164808013b816ba91ac7e43bbe82a70bebac296f8bc6f0addaa1a?s=96&d=mm&r=g","url":"https:\/\/secure.gravatar.com\/avatar\/eee448fc3f7164808013b816ba91ac7e43bbe82a70bebac296f8bc6f0addaa1a?s=96&d=mm&r=g","contentUrl":"https:\/\/secure.gravatar.com\/avatar\/eee448fc3f7164808013b816ba91ac7e43bbe82a70bebac296f8bc6f0addaa1a?s=96&d=mm&r=g","caption":"Edici\u00f3n Web"},"url":"https:\/\/canal7slp.tv\/2022\/author\/edicionweb\/"}]}},"amp_enabled":true,"_links":{"self":[{"href":"https:\/\/canal7slp.tv\/2022\/wp-json\/wp\/v2\/posts\/55649","targetHints":{"allow":["GET"]}}],"collection":[{"href":"https:\/\/canal7slp.tv\/2022\/wp-json\/wp\/v2\/posts"}],"about":[{"href":"https:\/\/canal7slp.tv\/2022\/wp-json\/wp\/v2\/types\/post"}],"author":[{"embeddable":true,"href":"https:\/\/canal7slp.tv\/2022\/wp-json\/wp\/v2\/users\/2"}],"replies":[{"embeddable":true,"href":"https:\/\/canal7slp.tv\/2022\/wp-json\/wp\/v2\/comments?post=55649"}],"version-history":[{"count":1,"href":"https:\/\/canal7slp.tv\/2022\/wp-json\/wp\/v2\/posts\/55649\/revisions"}],"predecessor-version":[{"id":55651,"href":"https:\/\/canal7slp.tv\/2022\/wp-json\/wp\/v2\/posts\/55649\/revisions\/55651"}],"wp:featuredmedia":[{"embeddable":true,"href":"https:\/\/canal7slp.tv\/2022\/wp-json\/wp\/v2\/media\/55653"}],"wp:attachment":[{"href":"https:\/\/canal7slp.tv\/2022\/wp-json\/wp\/v2\/media?parent=55649"}],"wp:term":[{"taxonomy":"category","embeddable":true,"href":"https:\/\/canal7slp.tv\/2022\/wp-json\/wp\/v2\/categories?post=55649"},{"taxonomy":"post_tag","embeddable":true,"href":"https:\/\/canal7slp.tv\/2022\/wp-json\/wp\/v2\/tags?post=55649"}],"curies":[{"name":"wp","href":"https:\/\/api.w.org\/{rel}","templated":true}]}}