{"id":55632,"date":"2022-03-30T08:18:49","date_gmt":"2022-03-30T14:18:49","guid":{"rendered":"https:\/\/canal7slp.tv\/2022\/?p=55632"},"modified":"2022-03-30T08:18:49","modified_gmt":"2022-03-30T14:18:49","slug":"exigen-justicia-para-renata","status":"publish","type":"post","link":"https:\/\/canal7slp.tv\/2022\/exigen-justicia-para-renata\/","title":{"rendered":"Exigen justicia para Renata."},"content":{"rendered":"<ul>\n<li style=\"text-align: justify;\">La menor de tres a\u00f1os, perdi\u00f3 la vida presumiblemente a manos de la pareja de su madre.<\/li>\n<\/ul>\n<p style=\"text-align: justify;\">Rioverde.- El acusado del infanticidio de la peque\u00f1a Renata de 3 a\u00f1os de edad, deber\u00e1 enfrentar el proceso que determinar\u00e1 su condena, tras las rejas, as\u00ed lo determin\u00f3 el juez de control del Centro de Justicia Penal de Rioverde.<\/p>\n<p style=\"text-align: justify;\">No\u00e9 Alejandro N., pareja sentimental de la madre de la v\u00edctima, tendr\u00e1 tres meses para aportar pruebas de su presunta inocencia, en tanto la Fiscal\u00eda General del Estado, deber\u00e1 aportar pruebas de su culpabilidad para lograr una sentencia condenatoria.<\/p>\n<p style=\"text-align: justify;\">La menor perdi\u00f3 la vida tras recibir m\u00faltiples golpes por parte de su padrastro, No\u00e9 Alejandro de 28 a\u00f1os de edad, ella se encontraba al interior de su domicilio a su cuidado, cuando este se molest\u00f3 y le propin\u00f3 una paliza que provoc\u00f3 una hemorragia intraabdominal, esto seg\u00fan el reporte oficial, los hechos ocurrieron el pasado 18 de marzo en el barrio de San Antonio en Cerritos.<\/p>\n<p style=\"text-align: justify;\">Mientras era llevada a cabo la primera audiencia para esclarecer el caso ante la fiscal\u00eda, un numeroso grupo de familiares y amigos realizaron una manifestaci\u00f3n exigiendo justicia y que se esclarezca la muerte de la peque\u00f1a, el 28 de junio es la pr\u00f3xima fecha de juicio.<\/p>\n<p style=\"text-align: justify;\">Mostraron con esta acci\u00f3n la indignaci\u00f3n por el asesinato de una ni\u00f1a inocente, que no pod\u00eda defenderse y exigen todo el rigor de la ley contra el presunto asesino y tambi\u00e9n piden investigaci\u00f3n sobre la presunta negligencia de la madre.<\/p>\n<p style=\"text-align: justify;\">Por: Xochitl Morales<\/p>\n","protected":false},"excerpt":{"rendered":"<p>La menor de tres a\u00f1os, perdi\u00f3 la vida presumiblemente a manos de la pareja de su madre. Rioverde.- El acusado del infanticidio de la peque\u00f1a Renata de 3 a\u00f1os de edad, deber\u00e1 enfrentar el proceso que determinar\u00e1 su condena, tras las rejas, as\u00ed lo determin\u00f3 el juez de control del Centro de Justicia Penal de Rioverde. No\u00e9 Alejandro N., pareja sentimental de la madre de la v\u00edctima, tendr\u00e1 tres meses para aportar pruebas de su presunta inocencia, en tanto la Fiscal\u00eda General del Estado, deber\u00e1 aportar pruebas de su culpabilidad para lograr una sentencia condenatoria. La menor perdi\u00f3 la vida [&hellip;]<\/p>\n","protected":false},"author":2,"featured_media":55675,"comment_status":"closed","ping_status":"closed","sticky":false,"template":"","format":"video","meta":{"footnotes":""},"categories":[5,43],"tags":[],"class_list":["post-55632","post","type-post","status-publish","format-video","has-post-thumbnail","hentry","category-destacadas","category-interior","post_format-post-format-video","post--single"],"yoast_head":"<!-- This site is optimized with the Yoast SEO plugin v27.4 - https:\/\/yoast.com\/product\/yoast-seo-wordpress\/ -->\n<title>Exigen justicia para Renata. - Canal 7 SLP - 2022<\/title>\n<meta name=\"robots\" content=\"index, follow, max-snippet:-1, max-image-preview:large, max-video-preview:-1\" \/>\n<link rel=\"canonical\" href=\"https:\/\/canal7slp.tv\/2022\/exigen-justicia-para-renata\/\" \/>\n<meta property=\"og:locale\" content=\"es_ES\" \/>\n<meta property=\"og:type\" content=\"article\" \/>\n<meta property=\"og:title\" content=\"Exigen justicia para Renata. - Canal 7 SLP - 2022\" \/>\n<meta property=\"og:description\" content=\"La menor de tres a\u00f1os, perdi\u00f3 la vida presumiblemente a manos de la pareja de su madre. Rioverde.- El acusado del infanticidio de la peque\u00f1a Renata de 3 a\u00f1os de edad, deber\u00e1 enfrentar el proceso que determinar\u00e1 su condena, tras las rejas, as\u00ed lo determin\u00f3 el juez de control del Centro de Justicia Penal de Rioverde. No\u00e9 Alejandro N., pareja sentimental de la madre de la v\u00edctima, tendr\u00e1 tres meses para aportar pruebas de su presunta inocencia, en tanto la Fiscal\u00eda General del Estado, deber\u00e1 aportar pruebas de su culpabilidad para lograr una sentencia condenatoria. La menor perdi\u00f3 la vida [&hellip;]\" \/>\n<meta property=\"og:url\" content=\"https:\/\/canal7slp.tv\/2022\/exigen-justicia-para-renata\/\" \/>\n<meta property=\"og:site_name\" content=\"Canal 7 SLP - 2022\" \/>\n<meta property=\"article:publisher\" content=\"https:\/\/www.facebook.com\/noticieroscanalsiete\" \/>\n<meta property=\"article:published_time\" content=\"2022-03-30T14:18:49+00:00\" \/>\n<meta property=\"og:image\" content=\"https:\/\/canal7slp.tv\/2022\/wp-content\/uploads\/2022\/03\/Xochi02Renata.jpg\" \/>\n\t<meta property=\"og:image:width\" content=\"888\" \/>\n\t<meta property=\"og:image:height\" content=\"500\" \/>\n\t<meta property=\"og:image:type\" content=\"image\/jpeg\" \/>\n<meta name=\"author\" content=\"Edici\u00f3n Web\" \/>\n<meta name=\"twitter:card\" content=\"summary_large_image\" \/>\n<meta name=\"twitter:creator\" content=\"@NOTICIEROS7\" \/>\n<meta name=\"twitter:site\" content=\"@NOTICIEROS7\" \/>\n<meta name=\"twitter:label1\" content=\"Escrito por\" \/>\n\t<meta name=\"twitter:data1\" content=\"Edici\u00f3n Web\" \/>\n\t<meta name=\"twitter:label2\" content=\"Tiempo de lectura\" \/>\n\t<meta name=\"twitter:data2\" content=\"2 minutos\" \/>\n<script type=\"application\/ld+json\" class=\"yoast-schema-graph\">{\"@context\":\"https:\\\/\\\/schema.org\",\"@graph\":[{\"@type\":\"Article\",\"@id\":\"https:\\\/\\\/canal7slp.tv\\\/2022\\\/exigen-justicia-para-renata\\\/#article\",\"isPartOf\":{\"@id\":\"https:\\\/\\\/canal7slp.tv\\\/2022\\\/exigen-justicia-para-renata\\\/\"},\"author\":{\"name\":\"Edici\u00f3n Web\",\"@id\":\"https:\\\/\\\/canal7slp.tv\\\/2022\\\/#\\\/schema\\\/person\\\/429704152a21f5f856ce29aa69a238da\"},\"headline\":\"Exigen justicia para Renata.\",\"datePublished\":\"2022-03-30T14:18:49+00:00\",\"mainEntityOfPage\":{\"@id\":\"https:\\\/\\\/canal7slp.tv\\\/2022\\\/exigen-justicia-para-renata\\\/\"},\"wordCount\":270,\"publisher\":{\"@id\":\"https:\\\/\\\/canal7slp.tv\\\/2022\\\/#organization\"},\"image\":{\"@id\":\"https:\\\/\\\/canal7slp.tv\\\/2022\\\/exigen-justicia-para-renata\\\/#primaryimage\"},\"thumbnailUrl\":\"https:\\\/\\\/canal7slp.tv\\\/2022\\\/wp-content\\\/uploads\\\/2022\\\/03\\\/Xochi02Renata.jpg\",\"articleSection\":[\"DESTACADAS\",\"INTERIOR DEL ESTADO\"],\"inLanguage\":\"es\"},{\"@type\":\"WebPage\",\"@id\":\"https:\\\/\\\/canal7slp.tv\\\/2022\\\/exigen-justicia-para-renata\\\/\",\"url\":\"https:\\\/\\\/canal7slp.tv\\\/2022\\\/exigen-justicia-para-renata\\\/\",\"name\":\"Exigen justicia para Renata. - Canal 7 SLP - 2022\",\"isPartOf\":{\"@id\":\"https:\\\/\\\/canal7slp.tv\\\/2022\\\/#website\"},\"primaryImageOfPage\":{\"@id\":\"https:\\\/\\\/canal7slp.tv\\\/2022\\\/exigen-justicia-para-renata\\\/#primaryimage\"},\"image\":{\"@id\":\"https:\\\/\\\/canal7slp.tv\\\/2022\\\/exigen-justicia-para-renata\\\/#primaryimage\"},\"thumbnailUrl\":\"https:\\\/\\\/canal7slp.tv\\\/2022\\\/wp-content\\\/uploads\\\/2022\\\/03\\\/Xochi02Renata.jpg\",\"datePublished\":\"2022-03-30T14:18:49+00:00\",\"breadcrumb\":{\"@id\":\"https:\\\/\\\/canal7slp.tv\\\/2022\\\/exigen-justicia-para-renata\\\/#breadcrumb\"},\"inLanguage\":\"es\",\"potentialAction\":[{\"@type\":\"ReadAction\",\"target\":[\"https:\\\/\\\/canal7slp.tv\\\/2022\\\/exigen-justicia-para-renata\\\/\"]}]},{\"@type\":\"ImageObject\",\"inLanguage\":\"es\",\"@id\":\"https:\\\/\\\/canal7slp.tv\\\/2022\\\/exigen-justicia-para-renata\\\/#primaryimage\",\"url\":\"https:\\\/\\\/canal7slp.tv\\\/2022\\\/wp-content\\\/uploads\\\/2022\\\/03\\\/Xochi02Renata.jpg\",\"contentUrl\":\"https:\\\/\\\/canal7slp.tv\\\/2022\\\/wp-content\\\/uploads\\\/2022\\\/03\\\/Xochi02Renata.jpg\",\"width\":888,\"height\":500},{\"@type\":\"BreadcrumbList\",\"@id\":\"https:\\\/\\\/canal7slp.tv\\\/2022\\\/exigen-justicia-para-renata\\\/#breadcrumb\",\"itemListElement\":[{\"@type\":\"ListItem\",\"position\":1,\"name\":\"Portada\",\"item\":\"https:\\\/\\\/canal7slp.tv\\\/2022\\\/\"},{\"@type\":\"ListItem\",\"position\":2,\"name\":\"Exigen justicia para Renata.\"}]},{\"@type\":\"WebSite\",\"@id\":\"https:\\\/\\\/canal7slp.tv\\\/2022\\\/#website\",\"url\":\"https:\\\/\\\/canal7slp.tv\\\/2022\\\/\",\"name\":\"N7 - Noticieros Canal 7\",\"description\":\"Somos Televisi\u00f3n\",\"publisher\":{\"@id\":\"https:\\\/\\\/canal7slp.tv\\\/2022\\\/#organization\"},\"potentialAction\":[{\"@type\":\"SearchAction\",\"target\":{\"@type\":\"EntryPoint\",\"urlTemplate\":\"https:\\\/\\\/canal7slp.tv\\\/2022\\\/?s={search_term_string}\"},\"query-input\":{\"@type\":\"PropertyValueSpecification\",\"valueRequired\":true,\"valueName\":\"search_term_string\"}}],\"inLanguage\":\"es\"},{\"@type\":\"Organization\",\"@id\":\"https:\\\/\\\/canal7slp.tv\\\/2022\\\/#organization\",\"name\":\"Noticieros Canal 7\",\"url\":\"https:\\\/\\\/canal7slp.tv\\\/2022\\\/\",\"logo\":{\"@type\":\"ImageObject\",\"inLanguage\":\"es\",\"@id\":\"https:\\\/\\\/canal7slp.tv\\\/2022\\\/#\\\/schema\\\/logo\\\/image\\\/\",\"url\":\"https:\\\/\\\/canal7slp.tv\\\/2022\\\/wp-content\\\/uploads\\\/2021\\\/01\\\/logo-noticieros@2x.png\",\"contentUrl\":\"https:\\\/\\\/canal7slp.tv\\\/2022\\\/wp-content\\\/uploads\\\/2021\\\/01\\\/logo-noticieros@2x.png\",\"width\":1017,\"height\":268,\"caption\":\"Noticieros Canal 7\"},\"image\":{\"@id\":\"https:\\\/\\\/canal7slp.tv\\\/2022\\\/#\\\/schema\\\/logo\\\/image\\\/\"},\"sameAs\":[\"https:\\\/\\\/www.facebook.com\\\/noticieroscanalsiete\",\"https:\\\/\\\/x.com\\\/NOTICIEROS7\",\"https:\\\/\\\/www.instagram.com\\\/canal7_slp\",\"https:\\\/\\\/www.youtube.com\\\/channel\\\/UCliiYs-gP3JfJeqdPrNdd5A\"]},{\"@type\":\"Person\",\"@id\":\"https:\\\/\\\/canal7slp.tv\\\/2022\\\/#\\\/schema\\\/person\\\/429704152a21f5f856ce29aa69a238da\",\"name\":\"Edici\u00f3n Web\",\"image\":{\"@type\":\"ImageObject\",\"inLanguage\":\"es\",\"@id\":\"https:\\\/\\\/secure.gravatar.com\\\/avatar\\\/eee448fc3f7164808013b816ba91ac7e43bbe82a70bebac296f8bc6f0addaa1a?s=96&d=mm&r=g\",\"url\":\"https:\\\/\\\/secure.gravatar.com\\\/avatar\\\/eee448fc3f7164808013b816ba91ac7e43bbe82a70bebac296f8bc6f0addaa1a?s=96&d=mm&r=g\",\"contentUrl\":\"https:\\\/\\\/secure.gravatar.com\\\/avatar\\\/eee448fc3f7164808013b816ba91ac7e43bbe82a70bebac296f8bc6f0addaa1a?s=96&d=mm&r=g\",\"caption\":\"Edici\u00f3n Web\"},\"url\":\"https:\\\/\\\/canal7slp.tv\\\/2022\\\/author\\\/edicionweb\\\/\"}]}<\/script>\n<!-- \/ Yoast SEO plugin. -->","yoast_head_json":{"title":"Exigen justicia para Renata. - Canal 7 SLP - 2022","robots":{"index":"index","follow":"follow","max-snippet":"max-snippet:-1","max-image-preview":"max-image-preview:large","max-video-preview":"max-video-preview:-1"},"canonical":"https:\/\/canal7slp.tv\/2022\/exigen-justicia-para-renata\/","og_locale":"es_ES","og_type":"article","og_title":"Exigen justicia para Renata. - Canal 7 SLP - 2022","og_description":"La menor de tres a\u00f1os, perdi\u00f3 la vida presumiblemente a manos de la pareja de su madre. Rioverde.- El acusado del infanticidio de la peque\u00f1a Renata de 3 a\u00f1os de edad, deber\u00e1 enfrentar el proceso que determinar\u00e1 su condena, tras las rejas, as\u00ed lo determin\u00f3 el juez de control del Centro de Justicia Penal de Rioverde. No\u00e9 Alejandro N., pareja sentimental de la madre de la v\u00edctima, tendr\u00e1 tres meses para aportar pruebas de su presunta inocencia, en tanto la Fiscal\u00eda General del Estado, deber\u00e1 aportar pruebas de su culpabilidad para lograr una sentencia condenatoria. La menor perdi\u00f3 la vida [&hellip;]","og_url":"https:\/\/canal7slp.tv\/2022\/exigen-justicia-para-renata\/","og_site_name":"Canal 7 SLP - 2022","article_publisher":"https:\/\/www.facebook.com\/noticieroscanalsiete","article_published_time":"2022-03-30T14:18:49+00:00","og_image":[{"width":888,"height":500,"url":"https:\/\/canal7slp.tv\/2022\/wp-content\/uploads\/2022\/03\/Xochi02Renata.jpg","type":"image\/jpeg"}],"author":"Edici\u00f3n Web","twitter_card":"summary_large_image","twitter_creator":"@NOTICIEROS7","twitter_site":"@NOTICIEROS7","twitter_misc":{"Escrito por":"Edici\u00f3n Web","Tiempo de lectura":"2 minutos"},"schema":{"@context":"https:\/\/schema.org","@graph":[{"@type":"Article","@id":"https:\/\/canal7slp.tv\/2022\/exigen-justicia-para-renata\/#article","isPartOf":{"@id":"https:\/\/canal7slp.tv\/2022\/exigen-justicia-para-renata\/"},"author":{"name":"Edici\u00f3n Web","@id":"https:\/\/canal7slp.tv\/2022\/#\/schema\/person\/429704152a21f5f856ce29aa69a238da"},"headline":"Exigen justicia para Renata.","datePublished":"2022-03-30T14:18:49+00:00","mainEntityOfPage":{"@id":"https:\/\/canal7slp.tv\/2022\/exigen-justicia-para-renata\/"},"wordCount":270,"publisher":{"@id":"https:\/\/canal7slp.tv\/2022\/#organization"},"image":{"@id":"https:\/\/canal7slp.tv\/2022\/exigen-justicia-para-renata\/#primaryimage"},"thumbnailUrl":"https:\/\/canal7slp.tv\/2022\/wp-content\/uploads\/2022\/03\/Xochi02Renata.jpg","articleSection":["DESTACADAS","INTERIOR DEL ESTADO"],"inLanguage":"es"},{"@type":"WebPage","@id":"https:\/\/canal7slp.tv\/2022\/exigen-justicia-para-renata\/","url":"https:\/\/canal7slp.tv\/2022\/exigen-justicia-para-renata\/","name":"Exigen justicia para Renata. - Canal 7 SLP - 2022","isPartOf":{"@id":"https:\/\/canal7slp.tv\/2022\/#website"},"primaryImageOfPage":{"@id":"https:\/\/canal7slp.tv\/2022\/exigen-justicia-para-renata\/#primaryimage"},"image":{"@id":"https:\/\/canal7slp.tv\/2022\/exigen-justicia-para-renata\/#primaryimage"},"thumbnailUrl":"https:\/\/canal7slp.tv\/2022\/wp-content\/uploads\/2022\/03\/Xochi02Renata.jpg","datePublished":"2022-03-30T14:18:49+00:00","breadcrumb":{"@id":"https:\/\/canal7slp.tv\/2022\/exigen-justicia-para-renata\/#breadcrumb"},"inLanguage":"es","potentialAction":[{"@type":"ReadAction","target":["https:\/\/canal7slp.tv\/2022\/exigen-justicia-para-renata\/"]}]},{"@type":"ImageObject","inLanguage":"es","@id":"https:\/\/canal7slp.tv\/2022\/exigen-justicia-para-renata\/#primaryimage","url":"https:\/\/canal7slp.tv\/2022\/wp-content\/uploads\/2022\/03\/Xochi02Renata.jpg","contentUrl":"https:\/\/canal7slp.tv\/2022\/wp-content\/uploads\/2022\/03\/Xochi02Renata.jpg","width":888,"height":500},{"@type":"BreadcrumbList","@id":"https:\/\/canal7slp.tv\/2022\/exigen-justicia-para-renata\/#breadcrumb","itemListElement":[{"@type":"ListItem","position":1,"name":"Portada","item":"https:\/\/canal7slp.tv\/2022\/"},{"@type":"ListItem","position":2,"name":"Exigen justicia para Renata."}]},{"@type":"WebSite","@id":"https:\/\/canal7slp.tv\/2022\/#website","url":"https:\/\/canal7slp.tv\/2022\/","name":"N7 - Noticieros Canal 7","description":"Somos Televisi\u00f3n","publisher":{"@id":"https:\/\/canal7slp.tv\/2022\/#organization"},"potentialAction":[{"@type":"SearchAction","target":{"@type":"EntryPoint","urlTemplate":"https:\/\/canal7slp.tv\/2022\/?s={search_term_string}"},"query-input":{"@type":"PropertyValueSpecification","valueRequired":true,"valueName":"search_term_string"}}],"inLanguage":"es"},{"@type":"Organization","@id":"https:\/\/canal7slp.tv\/2022\/#organization","name":"Noticieros Canal 7","url":"https:\/\/canal7slp.tv\/2022\/","logo":{"@type":"ImageObject","inLanguage":"es","@id":"https:\/\/canal7slp.tv\/2022\/#\/schema\/logo\/image\/","url":"https:\/\/canal7slp.tv\/2022\/wp-content\/uploads\/2021\/01\/logo-noticieros@2x.png","contentUrl":"https:\/\/canal7slp.tv\/2022\/wp-content\/uploads\/2021\/01\/logo-noticieros@2x.png","width":1017,"height":268,"caption":"Noticieros Canal 7"},"image":{"@id":"https:\/\/canal7slp.tv\/2022\/#\/schema\/logo\/image\/"},"sameAs":["https:\/\/www.facebook.com\/noticieroscanalsiete","https:\/\/x.com\/NOTICIEROS7","https:\/\/www.instagram.com\/canal7_slp","https:\/\/www.youtube.com\/channel\/UCliiYs-gP3JfJeqdPrNdd5A"]},{"@type":"Person","@id":"https:\/\/canal7slp.tv\/2022\/#\/schema\/person\/429704152a21f5f856ce29aa69a238da","name":"Edici\u00f3n Web","image":{"@type":"ImageObject","inLanguage":"es","@id":"https:\/\/secure.gravatar.com\/avatar\/eee448fc3f7164808013b816ba91ac7e43bbe82a70bebac296f8bc6f0addaa1a?s=96&d=mm&r=g","url":"https:\/\/secure.gravatar.com\/avatar\/eee448fc3f7164808013b816ba91ac7e43bbe82a70bebac296f8bc6f0addaa1a?s=96&d=mm&r=g","contentUrl":"https:\/\/secure.gravatar.com\/avatar\/eee448fc3f7164808013b816ba91ac7e43bbe82a70bebac296f8bc6f0addaa1a?s=96&d=mm&r=g","caption":"Edici\u00f3n Web"},"url":"https:\/\/canal7slp.tv\/2022\/author\/edicionweb\/"}]}},"amp_enabled":true,"_links":{"self":[{"href":"https:\/\/canal7slp.tv\/2022\/wp-json\/wp\/v2\/posts\/55632","targetHints":{"allow":["GET"]}}],"collection":[{"href":"https:\/\/canal7slp.tv\/2022\/wp-json\/wp\/v2\/posts"}],"about":[{"href":"https:\/\/canal7slp.tv\/2022\/wp-json\/wp\/v2\/types\/post"}],"author":[{"embeddable":true,"href":"https:\/\/canal7slp.tv\/2022\/wp-json\/wp\/v2\/users\/2"}],"replies":[{"embeddable":true,"href":"https:\/\/canal7slp.tv\/2022\/wp-json\/wp\/v2\/comments?post=55632"}],"version-history":[{"count":2,"href":"https:\/\/canal7slp.tv\/2022\/wp-json\/wp\/v2\/posts\/55632\/revisions"}],"predecessor-version":[{"id":55676,"href":"https:\/\/canal7slp.tv\/2022\/wp-json\/wp\/v2\/posts\/55632\/revisions\/55676"}],"wp:featuredmedia":[{"embeddable":true,"href":"https:\/\/canal7slp.tv\/2022\/wp-json\/wp\/v2\/media\/55675"}],"wp:attachment":[{"href":"https:\/\/canal7slp.tv\/2022\/wp-json\/wp\/v2\/media?parent=55632"}],"wp:term":[{"taxonomy":"category","embeddable":true,"href":"https:\/\/canal7slp.tv\/2022\/wp-json\/wp\/v2\/categories?post=55632"},{"taxonomy":"post_tag","embeddable":true,"href":"https:\/\/canal7slp.tv\/2022\/wp-json\/wp\/v2\/tags?post=55632"}],"curies":[{"name":"wp","href":"https:\/\/api.w.org\/{rel}","templated":true}]}}