{"id":55631,"date":"2022-03-30T09:22:00","date_gmt":"2022-03-30T15:22:00","guid":{"rendered":"https:\/\/canal7slp.tv\/2022\/?p=55631"},"modified":"2022-03-30T09:22:00","modified_gmt":"2022-03-30T15:22:00","slug":"fuerte-incendio-se-registro-a-un-costado-de-plantel-educativo-de-rioverde","status":"publish","type":"post","link":"https:\/\/canal7slp.tv\/2022\/fuerte-incendio-se-registro-a-un-costado-de-plantel-educativo-de-rioverde\/","title":{"rendered":"Fuerte incendio se registr\u00f3 a un costado de plantel educativo de Rioverde."},"content":{"rendered":"<ul>\n<li>Tras la intervenci\u00f3n logr\u00f3 sofocarse el fuego.<\/li>\n<\/ul>\n<p style=\"text-align: justify;\">Rioverde.- Incendio fuera de control provoc\u00f3 incertidumbre y p\u00e1nico entre los alumnos y docentes del Centro de Bachillerato Tecnol\u00f3gico Agropecuario No. 120, quienes tuvieron que evacuar de emergencia las instalaciones por temor a ser alcanzados por las llamas.<\/p>\n<p style=\"text-align: justify;\">En los \u00faltimos d\u00edas varios incendios han azotado Rioverde, el que causo mayor consternaci\u00f3n entre la ciudadan\u00eda fue el registrado en un predio ubicado en la calle Insurgentes, de la Col. Uni\u00f3n, exactamente a un costado del CBTA 120, suscit\u00e1ndose el hecho en horas de clases.<\/p>\n<p style=\"text-align: justify;\">Las llamas alcanzaron r\u00e1pidamente grandes alturas por los fuertes vientos, amenazaban con alcanzar las instalaciones de la instituci\u00f3n, as\u00ed como casas habitaci\u00f3n del Fracc. Los Frailes.<\/p>\n<p style=\"text-align: justify;\">Afortunadamente los elementos del cuerpo de bomberos de Rioverde, atendieron al llamado y en algunos minutos lograron sofocar el siniestro, cabe reiterar que han atendido durante estas \u00faltimas semanas otros siniestros donde el fuego ha salido de control, en diversos puntos del municipio.<\/p>\n<p style=\"text-align: justify;\">Los bomberos junto con el apoyo de las autoridades locales, lograron controlar la situaci\u00f3n y descartaron que hubiese personas heridas, ni p\u00e9rdidas materiales, aunque si se quemaron varios \u00e1rboles y palmeras.<\/p>\n<p style=\"text-align: justify;\">Los vecinos de este sector denunciaron que estos altercados son provocados por la costumbre de quemar basura, acci\u00f3n negligente que de seguirse llevando a cabo podr\u00eda provocar una tragedia, invitaron a tomar conciencia.<\/p>\n<p style=\"text-align: justify;\">Por: Xochitl Morales<\/p>\n","protected":false},"excerpt":{"rendered":"<p>Tras la intervenci\u00f3n logr\u00f3 sofocarse el fuego. Rioverde.- Incendio fuera de control provoc\u00f3 incertidumbre y p\u00e1nico entre los alumnos y docentes del Centro de Bachillerato Tecnol\u00f3gico Agropecuario No. 120, quienes tuvieron que evacuar de emergencia las instalaciones por temor a ser alcanzados por las llamas. En los \u00faltimos d\u00edas varios incendios han azotado Rioverde, el que causo mayor consternaci\u00f3n entre la ciudadan\u00eda fue el registrado en un predio ubicado en la calle Insurgentes, de la Col. Uni\u00f3n, exactamente a un costado del CBTA 120, suscit\u00e1ndose el hecho en horas de clases. Las llamas alcanzaron r\u00e1pidamente grandes alturas por los fuertes [&hellip;]<\/p>\n","protected":false},"author":2,"featured_media":55677,"comment_status":"closed","ping_status":"closed","sticky":false,"template":"","format":"video","meta":{"footnotes":""},"categories":[5,43],"tags":[],"class_list":["post-55631","post","type-post","status-publish","format-video","has-post-thumbnail","hentry","category-destacadas","category-interior","post_format-post-format-video","post--single"],"yoast_head":"<!-- This site is optimized with the Yoast SEO plugin v27.4 - https:\/\/yoast.com\/product\/yoast-seo-wordpress\/ -->\n<title>Fuerte incendio se registr\u00f3 a un costado de plantel educativo de Rioverde. - Canal 7 SLP - 2022<\/title>\n<meta name=\"robots\" content=\"index, follow, max-snippet:-1, max-image-preview:large, max-video-preview:-1\" \/>\n<link rel=\"canonical\" href=\"https:\/\/canal7slp.tv\/2022\/fuerte-incendio-se-registro-a-un-costado-de-plantel-educativo-de-rioverde\/\" \/>\n<meta property=\"og:locale\" content=\"es_ES\" \/>\n<meta property=\"og:type\" content=\"article\" \/>\n<meta property=\"og:title\" content=\"Fuerte incendio se registr\u00f3 a un costado de plantel educativo de Rioverde. - Canal 7 SLP - 2022\" \/>\n<meta property=\"og:description\" content=\"Tras la intervenci\u00f3n logr\u00f3 sofocarse el fuego. Rioverde.- Incendio fuera de control provoc\u00f3 incertidumbre y p\u00e1nico entre los alumnos y docentes del Centro de Bachillerato Tecnol\u00f3gico Agropecuario No. 120, quienes tuvieron que evacuar de emergencia las instalaciones por temor a ser alcanzados por las llamas. En los \u00faltimos d\u00edas varios incendios han azotado Rioverde, el que causo mayor consternaci\u00f3n entre la ciudadan\u00eda fue el registrado en un predio ubicado en la calle Insurgentes, de la Col. Uni\u00f3n, exactamente a un costado del CBTA 120, suscit\u00e1ndose el hecho en horas de clases. Las llamas alcanzaron r\u00e1pidamente grandes alturas por los fuertes [&hellip;]\" \/>\n<meta property=\"og:url\" content=\"https:\/\/canal7slp.tv\/2022\/fuerte-incendio-se-registro-a-un-costado-de-plantel-educativo-de-rioverde\/\" \/>\n<meta property=\"og:site_name\" content=\"Canal 7 SLP - 2022\" \/>\n<meta property=\"article:publisher\" content=\"https:\/\/www.facebook.com\/noticieroscanalsiete\" \/>\n<meta property=\"article:published_time\" content=\"2022-03-30T15:22:00+00:00\" \/>\n<meta property=\"og:image\" content=\"https:\/\/canal7slp.tv\/2022\/wp-content\/uploads\/2022\/03\/Xochi01Incendio.jpg\" \/>\n\t<meta property=\"og:image:width\" content=\"888\" \/>\n\t<meta property=\"og:image:height\" content=\"500\" \/>\n\t<meta property=\"og:image:type\" content=\"image\/jpeg\" \/>\n<meta name=\"author\" content=\"Edici\u00f3n Web\" \/>\n<meta name=\"twitter:card\" content=\"summary_large_image\" \/>\n<meta name=\"twitter:creator\" content=\"@NOTICIEROS7\" \/>\n<meta name=\"twitter:site\" content=\"@NOTICIEROS7\" \/>\n<meta name=\"twitter:label1\" content=\"Escrito por\" \/>\n\t<meta name=\"twitter:data1\" content=\"Edici\u00f3n Web\" \/>\n\t<meta name=\"twitter:label2\" content=\"Tiempo de lectura\" \/>\n\t<meta name=\"twitter:data2\" content=\"2 minutos\" \/>\n<script type=\"application\/ld+json\" class=\"yoast-schema-graph\">{\"@context\":\"https:\\\/\\\/schema.org\",\"@graph\":[{\"@type\":\"Article\",\"@id\":\"https:\\\/\\\/canal7slp.tv\\\/2022\\\/fuerte-incendio-se-registro-a-un-costado-de-plantel-educativo-de-rioverde\\\/#article\",\"isPartOf\":{\"@id\":\"https:\\\/\\\/canal7slp.tv\\\/2022\\\/fuerte-incendio-se-registro-a-un-costado-de-plantel-educativo-de-rioverde\\\/\"},\"author\":{\"name\":\"Edici\u00f3n Web\",\"@id\":\"https:\\\/\\\/canal7slp.tv\\\/2022\\\/#\\\/schema\\\/person\\\/429704152a21f5f856ce29aa69a238da\"},\"headline\":\"Fuerte incendio se registr\u00f3 a un costado de plantel educativo de Rioverde.\",\"datePublished\":\"2022-03-30T15:22:00+00:00\",\"mainEntityOfPage\":{\"@id\":\"https:\\\/\\\/canal7slp.tv\\\/2022\\\/fuerte-incendio-se-registro-a-un-costado-de-plantel-educativo-de-rioverde\\\/\"},\"wordCount\":253,\"publisher\":{\"@id\":\"https:\\\/\\\/canal7slp.tv\\\/2022\\\/#organization\"},\"image\":{\"@id\":\"https:\\\/\\\/canal7slp.tv\\\/2022\\\/fuerte-incendio-se-registro-a-un-costado-de-plantel-educativo-de-rioverde\\\/#primaryimage\"},\"thumbnailUrl\":\"https:\\\/\\\/canal7slp.tv\\\/2022\\\/wp-content\\\/uploads\\\/2022\\\/03\\\/Xochi01Incendio.jpg\",\"articleSection\":[\"DESTACADAS\",\"INTERIOR DEL ESTADO\"],\"inLanguage\":\"es\"},{\"@type\":\"WebPage\",\"@id\":\"https:\\\/\\\/canal7slp.tv\\\/2022\\\/fuerte-incendio-se-registro-a-un-costado-de-plantel-educativo-de-rioverde\\\/\",\"url\":\"https:\\\/\\\/canal7slp.tv\\\/2022\\\/fuerte-incendio-se-registro-a-un-costado-de-plantel-educativo-de-rioverde\\\/\",\"name\":\"Fuerte incendio se registr\u00f3 a un costado de plantel educativo de Rioverde. - Canal 7 SLP - 2022\",\"isPartOf\":{\"@id\":\"https:\\\/\\\/canal7slp.tv\\\/2022\\\/#website\"},\"primaryImageOfPage\":{\"@id\":\"https:\\\/\\\/canal7slp.tv\\\/2022\\\/fuerte-incendio-se-registro-a-un-costado-de-plantel-educativo-de-rioverde\\\/#primaryimage\"},\"image\":{\"@id\":\"https:\\\/\\\/canal7slp.tv\\\/2022\\\/fuerte-incendio-se-registro-a-un-costado-de-plantel-educativo-de-rioverde\\\/#primaryimage\"},\"thumbnailUrl\":\"https:\\\/\\\/canal7slp.tv\\\/2022\\\/wp-content\\\/uploads\\\/2022\\\/03\\\/Xochi01Incendio.jpg\",\"datePublished\":\"2022-03-30T15:22:00+00:00\",\"breadcrumb\":{\"@id\":\"https:\\\/\\\/canal7slp.tv\\\/2022\\\/fuerte-incendio-se-registro-a-un-costado-de-plantel-educativo-de-rioverde\\\/#breadcrumb\"},\"inLanguage\":\"es\",\"potentialAction\":[{\"@type\":\"ReadAction\",\"target\":[\"https:\\\/\\\/canal7slp.tv\\\/2022\\\/fuerte-incendio-se-registro-a-un-costado-de-plantel-educativo-de-rioverde\\\/\"]}]},{\"@type\":\"ImageObject\",\"inLanguage\":\"es\",\"@id\":\"https:\\\/\\\/canal7slp.tv\\\/2022\\\/fuerte-incendio-se-registro-a-un-costado-de-plantel-educativo-de-rioverde\\\/#primaryimage\",\"url\":\"https:\\\/\\\/canal7slp.tv\\\/2022\\\/wp-content\\\/uploads\\\/2022\\\/03\\\/Xochi01Incendio.jpg\",\"contentUrl\":\"https:\\\/\\\/canal7slp.tv\\\/2022\\\/wp-content\\\/uploads\\\/2022\\\/03\\\/Xochi01Incendio.jpg\",\"width\":888,\"height\":500},{\"@type\":\"BreadcrumbList\",\"@id\":\"https:\\\/\\\/canal7slp.tv\\\/2022\\\/fuerte-incendio-se-registro-a-un-costado-de-plantel-educativo-de-rioverde\\\/#breadcrumb\",\"itemListElement\":[{\"@type\":\"ListItem\",\"position\":1,\"name\":\"Portada\",\"item\":\"https:\\\/\\\/canal7slp.tv\\\/2022\\\/\"},{\"@type\":\"ListItem\",\"position\":2,\"name\":\"Fuerte incendio se registr\u00f3 a un costado de plantel educativo de Rioverde.\"}]},{\"@type\":\"WebSite\",\"@id\":\"https:\\\/\\\/canal7slp.tv\\\/2022\\\/#website\",\"url\":\"https:\\\/\\\/canal7slp.tv\\\/2022\\\/\",\"name\":\"N7 - Noticieros Canal 7\",\"description\":\"Somos Televisi\u00f3n\",\"publisher\":{\"@id\":\"https:\\\/\\\/canal7slp.tv\\\/2022\\\/#organization\"},\"potentialAction\":[{\"@type\":\"SearchAction\",\"target\":{\"@type\":\"EntryPoint\",\"urlTemplate\":\"https:\\\/\\\/canal7slp.tv\\\/2022\\\/?s={search_term_string}\"},\"query-input\":{\"@type\":\"PropertyValueSpecification\",\"valueRequired\":true,\"valueName\":\"search_term_string\"}}],\"inLanguage\":\"es\"},{\"@type\":\"Organization\",\"@id\":\"https:\\\/\\\/canal7slp.tv\\\/2022\\\/#organization\",\"name\":\"Noticieros Canal 7\",\"url\":\"https:\\\/\\\/canal7slp.tv\\\/2022\\\/\",\"logo\":{\"@type\":\"ImageObject\",\"inLanguage\":\"es\",\"@id\":\"https:\\\/\\\/canal7slp.tv\\\/2022\\\/#\\\/schema\\\/logo\\\/image\\\/\",\"url\":\"https:\\\/\\\/canal7slp.tv\\\/2022\\\/wp-content\\\/uploads\\\/2021\\\/01\\\/logo-noticieros@2x.png\",\"contentUrl\":\"https:\\\/\\\/canal7slp.tv\\\/2022\\\/wp-content\\\/uploads\\\/2021\\\/01\\\/logo-noticieros@2x.png\",\"width\":1017,\"height\":268,\"caption\":\"Noticieros Canal 7\"},\"image\":{\"@id\":\"https:\\\/\\\/canal7slp.tv\\\/2022\\\/#\\\/schema\\\/logo\\\/image\\\/\"},\"sameAs\":[\"https:\\\/\\\/www.facebook.com\\\/noticieroscanalsiete\",\"https:\\\/\\\/x.com\\\/NOTICIEROS7\",\"https:\\\/\\\/www.instagram.com\\\/canal7_slp\",\"https:\\\/\\\/www.youtube.com\\\/channel\\\/UCliiYs-gP3JfJeqdPrNdd5A\"]},{\"@type\":\"Person\",\"@id\":\"https:\\\/\\\/canal7slp.tv\\\/2022\\\/#\\\/schema\\\/person\\\/429704152a21f5f856ce29aa69a238da\",\"name\":\"Edici\u00f3n Web\",\"image\":{\"@type\":\"ImageObject\",\"inLanguage\":\"es\",\"@id\":\"https:\\\/\\\/secure.gravatar.com\\\/avatar\\\/eee448fc3f7164808013b816ba91ac7e43bbe82a70bebac296f8bc6f0addaa1a?s=96&d=mm&r=g\",\"url\":\"https:\\\/\\\/secure.gravatar.com\\\/avatar\\\/eee448fc3f7164808013b816ba91ac7e43bbe82a70bebac296f8bc6f0addaa1a?s=96&d=mm&r=g\",\"contentUrl\":\"https:\\\/\\\/secure.gravatar.com\\\/avatar\\\/eee448fc3f7164808013b816ba91ac7e43bbe82a70bebac296f8bc6f0addaa1a?s=96&d=mm&r=g\",\"caption\":\"Edici\u00f3n Web\"},\"url\":\"https:\\\/\\\/canal7slp.tv\\\/2022\\\/author\\\/edicionweb\\\/\"}]}<\/script>\n<!-- \/ Yoast SEO plugin. -->","yoast_head_json":{"title":"Fuerte incendio se registr\u00f3 a un costado de plantel educativo de Rioverde. - Canal 7 SLP - 2022","robots":{"index":"index","follow":"follow","max-snippet":"max-snippet:-1","max-image-preview":"max-image-preview:large","max-video-preview":"max-video-preview:-1"},"canonical":"https:\/\/canal7slp.tv\/2022\/fuerte-incendio-se-registro-a-un-costado-de-plantel-educativo-de-rioverde\/","og_locale":"es_ES","og_type":"article","og_title":"Fuerte incendio se registr\u00f3 a un costado de plantel educativo de Rioverde. - Canal 7 SLP - 2022","og_description":"Tras la intervenci\u00f3n logr\u00f3 sofocarse el fuego. Rioverde.- Incendio fuera de control provoc\u00f3 incertidumbre y p\u00e1nico entre los alumnos y docentes del Centro de Bachillerato Tecnol\u00f3gico Agropecuario No. 120, quienes tuvieron que evacuar de emergencia las instalaciones por temor a ser alcanzados por las llamas. En los \u00faltimos d\u00edas varios incendios han azotado Rioverde, el que causo mayor consternaci\u00f3n entre la ciudadan\u00eda fue el registrado en un predio ubicado en la calle Insurgentes, de la Col. Uni\u00f3n, exactamente a un costado del CBTA 120, suscit\u00e1ndose el hecho en horas de clases. Las llamas alcanzaron r\u00e1pidamente grandes alturas por los fuertes [&hellip;]","og_url":"https:\/\/canal7slp.tv\/2022\/fuerte-incendio-se-registro-a-un-costado-de-plantel-educativo-de-rioverde\/","og_site_name":"Canal 7 SLP - 2022","article_publisher":"https:\/\/www.facebook.com\/noticieroscanalsiete","article_published_time":"2022-03-30T15:22:00+00:00","og_image":[{"width":888,"height":500,"url":"https:\/\/canal7slp.tv\/2022\/wp-content\/uploads\/2022\/03\/Xochi01Incendio.jpg","type":"image\/jpeg"}],"author":"Edici\u00f3n Web","twitter_card":"summary_large_image","twitter_creator":"@NOTICIEROS7","twitter_site":"@NOTICIEROS7","twitter_misc":{"Escrito por":"Edici\u00f3n Web","Tiempo de lectura":"2 minutos"},"schema":{"@context":"https:\/\/schema.org","@graph":[{"@type":"Article","@id":"https:\/\/canal7slp.tv\/2022\/fuerte-incendio-se-registro-a-un-costado-de-plantel-educativo-de-rioverde\/#article","isPartOf":{"@id":"https:\/\/canal7slp.tv\/2022\/fuerte-incendio-se-registro-a-un-costado-de-plantel-educativo-de-rioverde\/"},"author":{"name":"Edici\u00f3n Web","@id":"https:\/\/canal7slp.tv\/2022\/#\/schema\/person\/429704152a21f5f856ce29aa69a238da"},"headline":"Fuerte incendio se registr\u00f3 a un costado de plantel educativo de Rioverde.","datePublished":"2022-03-30T15:22:00+00:00","mainEntityOfPage":{"@id":"https:\/\/canal7slp.tv\/2022\/fuerte-incendio-se-registro-a-un-costado-de-plantel-educativo-de-rioverde\/"},"wordCount":253,"publisher":{"@id":"https:\/\/canal7slp.tv\/2022\/#organization"},"image":{"@id":"https:\/\/canal7slp.tv\/2022\/fuerte-incendio-se-registro-a-un-costado-de-plantel-educativo-de-rioverde\/#primaryimage"},"thumbnailUrl":"https:\/\/canal7slp.tv\/2022\/wp-content\/uploads\/2022\/03\/Xochi01Incendio.jpg","articleSection":["DESTACADAS","INTERIOR DEL ESTADO"],"inLanguage":"es"},{"@type":"WebPage","@id":"https:\/\/canal7slp.tv\/2022\/fuerte-incendio-se-registro-a-un-costado-de-plantel-educativo-de-rioverde\/","url":"https:\/\/canal7slp.tv\/2022\/fuerte-incendio-se-registro-a-un-costado-de-plantel-educativo-de-rioverde\/","name":"Fuerte incendio se registr\u00f3 a un costado de plantel educativo de Rioverde. - Canal 7 SLP - 2022","isPartOf":{"@id":"https:\/\/canal7slp.tv\/2022\/#website"},"primaryImageOfPage":{"@id":"https:\/\/canal7slp.tv\/2022\/fuerte-incendio-se-registro-a-un-costado-de-plantel-educativo-de-rioverde\/#primaryimage"},"image":{"@id":"https:\/\/canal7slp.tv\/2022\/fuerte-incendio-se-registro-a-un-costado-de-plantel-educativo-de-rioverde\/#primaryimage"},"thumbnailUrl":"https:\/\/canal7slp.tv\/2022\/wp-content\/uploads\/2022\/03\/Xochi01Incendio.jpg","datePublished":"2022-03-30T15:22:00+00:00","breadcrumb":{"@id":"https:\/\/canal7slp.tv\/2022\/fuerte-incendio-se-registro-a-un-costado-de-plantel-educativo-de-rioverde\/#breadcrumb"},"inLanguage":"es","potentialAction":[{"@type":"ReadAction","target":["https:\/\/canal7slp.tv\/2022\/fuerte-incendio-se-registro-a-un-costado-de-plantel-educativo-de-rioverde\/"]}]},{"@type":"ImageObject","inLanguage":"es","@id":"https:\/\/canal7slp.tv\/2022\/fuerte-incendio-se-registro-a-un-costado-de-plantel-educativo-de-rioverde\/#primaryimage","url":"https:\/\/canal7slp.tv\/2022\/wp-content\/uploads\/2022\/03\/Xochi01Incendio.jpg","contentUrl":"https:\/\/canal7slp.tv\/2022\/wp-content\/uploads\/2022\/03\/Xochi01Incendio.jpg","width":888,"height":500},{"@type":"BreadcrumbList","@id":"https:\/\/canal7slp.tv\/2022\/fuerte-incendio-se-registro-a-un-costado-de-plantel-educativo-de-rioverde\/#breadcrumb","itemListElement":[{"@type":"ListItem","position":1,"name":"Portada","item":"https:\/\/canal7slp.tv\/2022\/"},{"@type":"ListItem","position":2,"name":"Fuerte incendio se registr\u00f3 a un costado de plantel educativo de Rioverde."}]},{"@type":"WebSite","@id":"https:\/\/canal7slp.tv\/2022\/#website","url":"https:\/\/canal7slp.tv\/2022\/","name":"N7 - Noticieros Canal 7","description":"Somos Televisi\u00f3n","publisher":{"@id":"https:\/\/canal7slp.tv\/2022\/#organization"},"potentialAction":[{"@type":"SearchAction","target":{"@type":"EntryPoint","urlTemplate":"https:\/\/canal7slp.tv\/2022\/?s={search_term_string}"},"query-input":{"@type":"PropertyValueSpecification","valueRequired":true,"valueName":"search_term_string"}}],"inLanguage":"es"},{"@type":"Organization","@id":"https:\/\/canal7slp.tv\/2022\/#organization","name":"Noticieros Canal 7","url":"https:\/\/canal7slp.tv\/2022\/","logo":{"@type":"ImageObject","inLanguage":"es","@id":"https:\/\/canal7slp.tv\/2022\/#\/schema\/logo\/image\/","url":"https:\/\/canal7slp.tv\/2022\/wp-content\/uploads\/2021\/01\/logo-noticieros@2x.png","contentUrl":"https:\/\/canal7slp.tv\/2022\/wp-content\/uploads\/2021\/01\/logo-noticieros@2x.png","width":1017,"height":268,"caption":"Noticieros Canal 7"},"image":{"@id":"https:\/\/canal7slp.tv\/2022\/#\/schema\/logo\/image\/"},"sameAs":["https:\/\/www.facebook.com\/noticieroscanalsiete","https:\/\/x.com\/NOTICIEROS7","https:\/\/www.instagram.com\/canal7_slp","https:\/\/www.youtube.com\/channel\/UCliiYs-gP3JfJeqdPrNdd5A"]},{"@type":"Person","@id":"https:\/\/canal7slp.tv\/2022\/#\/schema\/person\/429704152a21f5f856ce29aa69a238da","name":"Edici\u00f3n Web","image":{"@type":"ImageObject","inLanguage":"es","@id":"https:\/\/secure.gravatar.com\/avatar\/eee448fc3f7164808013b816ba91ac7e43bbe82a70bebac296f8bc6f0addaa1a?s=96&d=mm&r=g","url":"https:\/\/secure.gravatar.com\/avatar\/eee448fc3f7164808013b816ba91ac7e43bbe82a70bebac296f8bc6f0addaa1a?s=96&d=mm&r=g","contentUrl":"https:\/\/secure.gravatar.com\/avatar\/eee448fc3f7164808013b816ba91ac7e43bbe82a70bebac296f8bc6f0addaa1a?s=96&d=mm&r=g","caption":"Edici\u00f3n Web"},"url":"https:\/\/canal7slp.tv\/2022\/author\/edicionweb\/"}]}},"amp_enabled":true,"_links":{"self":[{"href":"https:\/\/canal7slp.tv\/2022\/wp-json\/wp\/v2\/posts\/55631","targetHints":{"allow":["GET"]}}],"collection":[{"href":"https:\/\/canal7slp.tv\/2022\/wp-json\/wp\/v2\/posts"}],"about":[{"href":"https:\/\/canal7slp.tv\/2022\/wp-json\/wp\/v2\/types\/post"}],"author":[{"embeddable":true,"href":"https:\/\/canal7slp.tv\/2022\/wp-json\/wp\/v2\/users\/2"}],"replies":[{"embeddable":true,"href":"https:\/\/canal7slp.tv\/2022\/wp-json\/wp\/v2\/comments?post=55631"}],"version-history":[{"count":2,"href":"https:\/\/canal7slp.tv\/2022\/wp-json\/wp\/v2\/posts\/55631\/revisions"}],"predecessor-version":[{"id":55678,"href":"https:\/\/canal7slp.tv\/2022\/wp-json\/wp\/v2\/posts\/55631\/revisions\/55678"}],"wp:featuredmedia":[{"embeddable":true,"href":"https:\/\/canal7slp.tv\/2022\/wp-json\/wp\/v2\/media\/55677"}],"wp:attachment":[{"href":"https:\/\/canal7slp.tv\/2022\/wp-json\/wp\/v2\/media?parent=55631"}],"wp:term":[{"taxonomy":"category","embeddable":true,"href":"https:\/\/canal7slp.tv\/2022\/wp-json\/wp\/v2\/categories?post=55631"},{"taxonomy":"post_tag","embeddable":true,"href":"https:\/\/canal7slp.tv\/2022\/wp-json\/wp\/v2\/tags?post=55631"}],"curies":[{"name":"wp","href":"https:\/\/api.w.org\/{rel}","templated":true}]}}