{"id":55624,"date":"2022-03-29T21:30:59","date_gmt":"2022-03-30T03:30:59","guid":{"rendered":"https:\/\/canal7slp.tv\/2022\/?p=55624"},"modified":"2022-03-29T21:30:59","modified_gmt":"2022-03-30T03:30:59","slug":"congreso-aprueba-crear-comision-especial-de-atencion-a-periodistas","status":"publish","type":"post","link":"https:\/\/canal7slp.tv\/2022\/congreso-aprueba-crear-comision-especial-de-atencion-a-periodistas\/","title":{"rendered":"Congreso aprueba crear Comisi\u00f3n Especial de Atenci\u00f3n a Periodistas."},"content":{"rendered":"<p style=\"text-align: justify;\">SLP.- Los diputados integrantes de la Comisi\u00f3n de Puntos Constitucionales aprobaron por unanimidad la creaci\u00f3n de la Comisi\u00f3n Especial de Atenci\u00f3n a Periodistas, misma que dar\u00e1 acompa\u00f1amiento y seguimiento a los casos que sean denunciados por quienes se dedican a la profesi\u00f3n del periodismo, y en el desempe\u00f1o de sus funciones.<\/p>\n<p style=\"text-align: justify;\">Los legisladores de esta comisi\u00f3n se\u00f1alaron que se trata de una respuesta a un reclamo que ha existido desde hace tiempo, para atender situaciones de violencia que se han presentado contra periodistas en San Luis Potos\u00ed..<\/p>\n<p style=\"text-align: justify;\">Afirmaron que la creaci\u00f3n de la comisi\u00f3n no tiene impacto presupuestal ya que se apoyar\u00e1 en los asesores y personal con el que cuenta el Poder Legislativo, y que va de la mano con la Ley de Personas Defensoras de Derechos Humanos y Periodistas.<\/p>\n<p style=\"text-align: justify;\">Por: Claudio Ibarra<\/p>\n","protected":false},"excerpt":{"rendered":"<p>SLP.- Los diputados integrantes de la Comisi\u00f3n de Puntos Constitucionales aprobaron por unanimidad la creaci\u00f3n de la Comisi\u00f3n Especial de Atenci\u00f3n a Periodistas, misma que dar\u00e1 acompa\u00f1amiento y seguimiento a los casos que sean denunciados por quienes se dedican a la profesi\u00f3n del periodismo, y en el desempe\u00f1o de sus funciones. Los legisladores de esta comisi\u00f3n se\u00f1alaron que se trata de una respuesta a un reclamo que ha existido desde hace tiempo, para atender situaciones de violencia que se han presentado contra periodistas en San Luis Potos\u00ed.. Afirmaron que la creaci\u00f3n de la comisi\u00f3n no tiene impacto presupuestal ya que [&hellip;]<\/p>\n","protected":false},"author":2,"featured_media":55662,"comment_status":"closed","ping_status":"closed","sticky":false,"template":"","format":"video","meta":{"footnotes":""},"categories":[5,45],"tags":[],"class_list":["post-55624","post","type-post","status-publish","format-video","has-post-thumbnail","hentry","category-destacadas","category-localesyregionales","post_format-post-format-video","post--single"],"yoast_head":"<!-- This site is optimized with the Yoast SEO plugin v27.4 - https:\/\/yoast.com\/product\/yoast-seo-wordpress\/ -->\n<title>Congreso aprueba crear Comisi\u00f3n Especial de Atenci\u00f3n a Periodistas. - Canal 7 SLP - 2022<\/title>\n<meta name=\"robots\" content=\"index, follow, max-snippet:-1, max-image-preview:large, max-video-preview:-1\" \/>\n<link rel=\"canonical\" href=\"https:\/\/canal7slp.tv\/2022\/congreso-aprueba-crear-comision-especial-de-atencion-a-periodistas\/\" \/>\n<meta property=\"og:locale\" content=\"es_ES\" \/>\n<meta property=\"og:type\" content=\"article\" \/>\n<meta property=\"og:title\" content=\"Congreso aprueba crear Comisi\u00f3n Especial de Atenci\u00f3n a Periodistas. - Canal 7 SLP - 2022\" \/>\n<meta property=\"og:description\" content=\"SLP.- Los diputados integrantes de la Comisi\u00f3n de Puntos Constitucionales aprobaron por unanimidad la creaci\u00f3n de la Comisi\u00f3n Especial de Atenci\u00f3n a Periodistas, misma que dar\u00e1 acompa\u00f1amiento y seguimiento a los casos que sean denunciados por quienes se dedican a la profesi\u00f3n del periodismo, y en el desempe\u00f1o de sus funciones. Los legisladores de esta comisi\u00f3n se\u00f1alaron que se trata de una respuesta a un reclamo que ha existido desde hace tiempo, para atender situaciones de violencia que se han presentado contra periodistas en San Luis Potos\u00ed.. Afirmaron que la creaci\u00f3n de la comisi\u00f3n no tiene impacto presupuestal ya que [&hellip;]\" \/>\n<meta property=\"og:url\" content=\"https:\/\/canal7slp.tv\/2022\/congreso-aprueba-crear-comision-especial-de-atencion-a-periodistas\/\" \/>\n<meta property=\"og:site_name\" content=\"Canal 7 SLP - 2022\" \/>\n<meta property=\"article:publisher\" content=\"https:\/\/www.facebook.com\/noticieroscanalsiete\" \/>\n<meta property=\"article:published_time\" content=\"2022-03-30T03:30:59+00:00\" \/>\n<meta property=\"og:image\" content=\"https:\/\/canal7slp.tv\/2022\/wp-content\/uploads\/2022\/03\/Claudio04Comision.jpg\" \/>\n\t<meta property=\"og:image:width\" content=\"888\" \/>\n\t<meta property=\"og:image:height\" content=\"500\" \/>\n\t<meta property=\"og:image:type\" content=\"image\/jpeg\" \/>\n<meta name=\"author\" content=\"Edici\u00f3n Web\" \/>\n<meta name=\"twitter:card\" content=\"summary_large_image\" \/>\n<meta name=\"twitter:creator\" content=\"@NOTICIEROS7\" \/>\n<meta name=\"twitter:site\" content=\"@NOTICIEROS7\" \/>\n<meta name=\"twitter:label1\" content=\"Escrito por\" \/>\n\t<meta name=\"twitter:data1\" content=\"Edici\u00f3n Web\" \/>\n\t<meta name=\"twitter:label2\" content=\"Tiempo de lectura\" \/>\n\t<meta name=\"twitter:data2\" content=\"1 minuto\" \/>\n<script type=\"application\/ld+json\" class=\"yoast-schema-graph\">{\"@context\":\"https:\\\/\\\/schema.org\",\"@graph\":[{\"@type\":\"Article\",\"@id\":\"https:\\\/\\\/canal7slp.tv\\\/2022\\\/congreso-aprueba-crear-comision-especial-de-atencion-a-periodistas\\\/#article\",\"isPartOf\":{\"@id\":\"https:\\\/\\\/canal7slp.tv\\\/2022\\\/congreso-aprueba-crear-comision-especial-de-atencion-a-periodistas\\\/\"},\"author\":{\"name\":\"Edici\u00f3n Web\",\"@id\":\"https:\\\/\\\/canal7slp.tv\\\/2022\\\/#\\\/schema\\\/person\\\/429704152a21f5f856ce29aa69a238da\"},\"headline\":\"Congreso aprueba crear Comisi\u00f3n Especial de Atenci\u00f3n a Periodistas.\",\"datePublished\":\"2022-03-30T03:30:59+00:00\",\"mainEntityOfPage\":{\"@id\":\"https:\\\/\\\/canal7slp.tv\\\/2022\\\/congreso-aprueba-crear-comision-especial-de-atencion-a-periodistas\\\/\"},\"wordCount\":157,\"publisher\":{\"@id\":\"https:\\\/\\\/canal7slp.tv\\\/2022\\\/#organization\"},\"image\":{\"@id\":\"https:\\\/\\\/canal7slp.tv\\\/2022\\\/congreso-aprueba-crear-comision-especial-de-atencion-a-periodistas\\\/#primaryimage\"},\"thumbnailUrl\":\"https:\\\/\\\/canal7slp.tv\\\/2022\\\/wp-content\\\/uploads\\\/2022\\\/03\\\/Claudio04Comision.jpg\",\"articleSection\":[\"DESTACADAS\",\"LOCALES Y REGIONALES\"],\"inLanguage\":\"es\"},{\"@type\":\"WebPage\",\"@id\":\"https:\\\/\\\/canal7slp.tv\\\/2022\\\/congreso-aprueba-crear-comision-especial-de-atencion-a-periodistas\\\/\",\"url\":\"https:\\\/\\\/canal7slp.tv\\\/2022\\\/congreso-aprueba-crear-comision-especial-de-atencion-a-periodistas\\\/\",\"name\":\"Congreso aprueba crear Comisi\u00f3n Especial de Atenci\u00f3n a Periodistas. - Canal 7 SLP - 2022\",\"isPartOf\":{\"@id\":\"https:\\\/\\\/canal7slp.tv\\\/2022\\\/#website\"},\"primaryImageOfPage\":{\"@id\":\"https:\\\/\\\/canal7slp.tv\\\/2022\\\/congreso-aprueba-crear-comision-especial-de-atencion-a-periodistas\\\/#primaryimage\"},\"image\":{\"@id\":\"https:\\\/\\\/canal7slp.tv\\\/2022\\\/congreso-aprueba-crear-comision-especial-de-atencion-a-periodistas\\\/#primaryimage\"},\"thumbnailUrl\":\"https:\\\/\\\/canal7slp.tv\\\/2022\\\/wp-content\\\/uploads\\\/2022\\\/03\\\/Claudio04Comision.jpg\",\"datePublished\":\"2022-03-30T03:30:59+00:00\",\"breadcrumb\":{\"@id\":\"https:\\\/\\\/canal7slp.tv\\\/2022\\\/congreso-aprueba-crear-comision-especial-de-atencion-a-periodistas\\\/#breadcrumb\"},\"inLanguage\":\"es\",\"potentialAction\":[{\"@type\":\"ReadAction\",\"target\":[\"https:\\\/\\\/canal7slp.tv\\\/2022\\\/congreso-aprueba-crear-comision-especial-de-atencion-a-periodistas\\\/\"]}]},{\"@type\":\"ImageObject\",\"inLanguage\":\"es\",\"@id\":\"https:\\\/\\\/canal7slp.tv\\\/2022\\\/congreso-aprueba-crear-comision-especial-de-atencion-a-periodistas\\\/#primaryimage\",\"url\":\"https:\\\/\\\/canal7slp.tv\\\/2022\\\/wp-content\\\/uploads\\\/2022\\\/03\\\/Claudio04Comision.jpg\",\"contentUrl\":\"https:\\\/\\\/canal7slp.tv\\\/2022\\\/wp-content\\\/uploads\\\/2022\\\/03\\\/Claudio04Comision.jpg\",\"width\":888,\"height\":500},{\"@type\":\"BreadcrumbList\",\"@id\":\"https:\\\/\\\/canal7slp.tv\\\/2022\\\/congreso-aprueba-crear-comision-especial-de-atencion-a-periodistas\\\/#breadcrumb\",\"itemListElement\":[{\"@type\":\"ListItem\",\"position\":1,\"name\":\"Portada\",\"item\":\"https:\\\/\\\/canal7slp.tv\\\/2022\\\/\"},{\"@type\":\"ListItem\",\"position\":2,\"name\":\"Congreso aprueba crear Comisi\u00f3n Especial de Atenci\u00f3n a Periodistas.\"}]},{\"@type\":\"WebSite\",\"@id\":\"https:\\\/\\\/canal7slp.tv\\\/2022\\\/#website\",\"url\":\"https:\\\/\\\/canal7slp.tv\\\/2022\\\/\",\"name\":\"N7 - Noticieros Canal 7\",\"description\":\"Somos Televisi\u00f3n\",\"publisher\":{\"@id\":\"https:\\\/\\\/canal7slp.tv\\\/2022\\\/#organization\"},\"potentialAction\":[{\"@type\":\"SearchAction\",\"target\":{\"@type\":\"EntryPoint\",\"urlTemplate\":\"https:\\\/\\\/canal7slp.tv\\\/2022\\\/?s={search_term_string}\"},\"query-input\":{\"@type\":\"PropertyValueSpecification\",\"valueRequired\":true,\"valueName\":\"search_term_string\"}}],\"inLanguage\":\"es\"},{\"@type\":\"Organization\",\"@id\":\"https:\\\/\\\/canal7slp.tv\\\/2022\\\/#organization\",\"name\":\"Noticieros Canal 7\",\"url\":\"https:\\\/\\\/canal7slp.tv\\\/2022\\\/\",\"logo\":{\"@type\":\"ImageObject\",\"inLanguage\":\"es\",\"@id\":\"https:\\\/\\\/canal7slp.tv\\\/2022\\\/#\\\/schema\\\/logo\\\/image\\\/\",\"url\":\"https:\\\/\\\/canal7slp.tv\\\/2022\\\/wp-content\\\/uploads\\\/2021\\\/01\\\/logo-noticieros@2x.png\",\"contentUrl\":\"https:\\\/\\\/canal7slp.tv\\\/2022\\\/wp-content\\\/uploads\\\/2021\\\/01\\\/logo-noticieros@2x.png\",\"width\":1017,\"height\":268,\"caption\":\"Noticieros Canal 7\"},\"image\":{\"@id\":\"https:\\\/\\\/canal7slp.tv\\\/2022\\\/#\\\/schema\\\/logo\\\/image\\\/\"},\"sameAs\":[\"https:\\\/\\\/www.facebook.com\\\/noticieroscanalsiete\",\"https:\\\/\\\/x.com\\\/NOTICIEROS7\",\"https:\\\/\\\/www.instagram.com\\\/canal7_slp\",\"https:\\\/\\\/www.youtube.com\\\/channel\\\/UCliiYs-gP3JfJeqdPrNdd5A\"]},{\"@type\":\"Person\",\"@id\":\"https:\\\/\\\/canal7slp.tv\\\/2022\\\/#\\\/schema\\\/person\\\/429704152a21f5f856ce29aa69a238da\",\"name\":\"Edici\u00f3n Web\",\"image\":{\"@type\":\"ImageObject\",\"inLanguage\":\"es\",\"@id\":\"https:\\\/\\\/secure.gravatar.com\\\/avatar\\\/eee448fc3f7164808013b816ba91ac7e43bbe82a70bebac296f8bc6f0addaa1a?s=96&d=mm&r=g\",\"url\":\"https:\\\/\\\/secure.gravatar.com\\\/avatar\\\/eee448fc3f7164808013b816ba91ac7e43bbe82a70bebac296f8bc6f0addaa1a?s=96&d=mm&r=g\",\"contentUrl\":\"https:\\\/\\\/secure.gravatar.com\\\/avatar\\\/eee448fc3f7164808013b816ba91ac7e43bbe82a70bebac296f8bc6f0addaa1a?s=96&d=mm&r=g\",\"caption\":\"Edici\u00f3n Web\"},\"url\":\"https:\\\/\\\/canal7slp.tv\\\/2022\\\/author\\\/edicionweb\\\/\"}]}<\/script>\n<!-- \/ Yoast SEO plugin. -->","yoast_head_json":{"title":"Congreso aprueba crear Comisi\u00f3n Especial de Atenci\u00f3n a Periodistas. - Canal 7 SLP - 2022","robots":{"index":"index","follow":"follow","max-snippet":"max-snippet:-1","max-image-preview":"max-image-preview:large","max-video-preview":"max-video-preview:-1"},"canonical":"https:\/\/canal7slp.tv\/2022\/congreso-aprueba-crear-comision-especial-de-atencion-a-periodistas\/","og_locale":"es_ES","og_type":"article","og_title":"Congreso aprueba crear Comisi\u00f3n Especial de Atenci\u00f3n a Periodistas. - Canal 7 SLP - 2022","og_description":"SLP.- Los diputados integrantes de la Comisi\u00f3n de Puntos Constitucionales aprobaron por unanimidad la creaci\u00f3n de la Comisi\u00f3n Especial de Atenci\u00f3n a Periodistas, misma que dar\u00e1 acompa\u00f1amiento y seguimiento a los casos que sean denunciados por quienes se dedican a la profesi\u00f3n del periodismo, y en el desempe\u00f1o de sus funciones. Los legisladores de esta comisi\u00f3n se\u00f1alaron que se trata de una respuesta a un reclamo que ha existido desde hace tiempo, para atender situaciones de violencia que se han presentado contra periodistas en San Luis Potos\u00ed.. Afirmaron que la creaci\u00f3n de la comisi\u00f3n no tiene impacto presupuestal ya que [&hellip;]","og_url":"https:\/\/canal7slp.tv\/2022\/congreso-aprueba-crear-comision-especial-de-atencion-a-periodistas\/","og_site_name":"Canal 7 SLP - 2022","article_publisher":"https:\/\/www.facebook.com\/noticieroscanalsiete","article_published_time":"2022-03-30T03:30:59+00:00","og_image":[{"width":888,"height":500,"url":"https:\/\/canal7slp.tv\/2022\/wp-content\/uploads\/2022\/03\/Claudio04Comision.jpg","type":"image\/jpeg"}],"author":"Edici\u00f3n Web","twitter_card":"summary_large_image","twitter_creator":"@NOTICIEROS7","twitter_site":"@NOTICIEROS7","twitter_misc":{"Escrito por":"Edici\u00f3n Web","Tiempo de lectura":"1 minuto"},"schema":{"@context":"https:\/\/schema.org","@graph":[{"@type":"Article","@id":"https:\/\/canal7slp.tv\/2022\/congreso-aprueba-crear-comision-especial-de-atencion-a-periodistas\/#article","isPartOf":{"@id":"https:\/\/canal7slp.tv\/2022\/congreso-aprueba-crear-comision-especial-de-atencion-a-periodistas\/"},"author":{"name":"Edici\u00f3n Web","@id":"https:\/\/canal7slp.tv\/2022\/#\/schema\/person\/429704152a21f5f856ce29aa69a238da"},"headline":"Congreso aprueba crear Comisi\u00f3n Especial de Atenci\u00f3n a Periodistas.","datePublished":"2022-03-30T03:30:59+00:00","mainEntityOfPage":{"@id":"https:\/\/canal7slp.tv\/2022\/congreso-aprueba-crear-comision-especial-de-atencion-a-periodistas\/"},"wordCount":157,"publisher":{"@id":"https:\/\/canal7slp.tv\/2022\/#organization"},"image":{"@id":"https:\/\/canal7slp.tv\/2022\/congreso-aprueba-crear-comision-especial-de-atencion-a-periodistas\/#primaryimage"},"thumbnailUrl":"https:\/\/canal7slp.tv\/2022\/wp-content\/uploads\/2022\/03\/Claudio04Comision.jpg","articleSection":["DESTACADAS","LOCALES Y REGIONALES"],"inLanguage":"es"},{"@type":"WebPage","@id":"https:\/\/canal7slp.tv\/2022\/congreso-aprueba-crear-comision-especial-de-atencion-a-periodistas\/","url":"https:\/\/canal7slp.tv\/2022\/congreso-aprueba-crear-comision-especial-de-atencion-a-periodistas\/","name":"Congreso aprueba crear Comisi\u00f3n Especial de Atenci\u00f3n a Periodistas. - Canal 7 SLP - 2022","isPartOf":{"@id":"https:\/\/canal7slp.tv\/2022\/#website"},"primaryImageOfPage":{"@id":"https:\/\/canal7slp.tv\/2022\/congreso-aprueba-crear-comision-especial-de-atencion-a-periodistas\/#primaryimage"},"image":{"@id":"https:\/\/canal7slp.tv\/2022\/congreso-aprueba-crear-comision-especial-de-atencion-a-periodistas\/#primaryimage"},"thumbnailUrl":"https:\/\/canal7slp.tv\/2022\/wp-content\/uploads\/2022\/03\/Claudio04Comision.jpg","datePublished":"2022-03-30T03:30:59+00:00","breadcrumb":{"@id":"https:\/\/canal7slp.tv\/2022\/congreso-aprueba-crear-comision-especial-de-atencion-a-periodistas\/#breadcrumb"},"inLanguage":"es","potentialAction":[{"@type":"ReadAction","target":["https:\/\/canal7slp.tv\/2022\/congreso-aprueba-crear-comision-especial-de-atencion-a-periodistas\/"]}]},{"@type":"ImageObject","inLanguage":"es","@id":"https:\/\/canal7slp.tv\/2022\/congreso-aprueba-crear-comision-especial-de-atencion-a-periodistas\/#primaryimage","url":"https:\/\/canal7slp.tv\/2022\/wp-content\/uploads\/2022\/03\/Claudio04Comision.jpg","contentUrl":"https:\/\/canal7slp.tv\/2022\/wp-content\/uploads\/2022\/03\/Claudio04Comision.jpg","width":888,"height":500},{"@type":"BreadcrumbList","@id":"https:\/\/canal7slp.tv\/2022\/congreso-aprueba-crear-comision-especial-de-atencion-a-periodistas\/#breadcrumb","itemListElement":[{"@type":"ListItem","position":1,"name":"Portada","item":"https:\/\/canal7slp.tv\/2022\/"},{"@type":"ListItem","position":2,"name":"Congreso aprueba crear Comisi\u00f3n Especial de Atenci\u00f3n a Periodistas."}]},{"@type":"WebSite","@id":"https:\/\/canal7slp.tv\/2022\/#website","url":"https:\/\/canal7slp.tv\/2022\/","name":"N7 - Noticieros Canal 7","description":"Somos Televisi\u00f3n","publisher":{"@id":"https:\/\/canal7slp.tv\/2022\/#organization"},"potentialAction":[{"@type":"SearchAction","target":{"@type":"EntryPoint","urlTemplate":"https:\/\/canal7slp.tv\/2022\/?s={search_term_string}"},"query-input":{"@type":"PropertyValueSpecification","valueRequired":true,"valueName":"search_term_string"}}],"inLanguage":"es"},{"@type":"Organization","@id":"https:\/\/canal7slp.tv\/2022\/#organization","name":"Noticieros Canal 7","url":"https:\/\/canal7slp.tv\/2022\/","logo":{"@type":"ImageObject","inLanguage":"es","@id":"https:\/\/canal7slp.tv\/2022\/#\/schema\/logo\/image\/","url":"https:\/\/canal7slp.tv\/2022\/wp-content\/uploads\/2021\/01\/logo-noticieros@2x.png","contentUrl":"https:\/\/canal7slp.tv\/2022\/wp-content\/uploads\/2021\/01\/logo-noticieros@2x.png","width":1017,"height":268,"caption":"Noticieros Canal 7"},"image":{"@id":"https:\/\/canal7slp.tv\/2022\/#\/schema\/logo\/image\/"},"sameAs":["https:\/\/www.facebook.com\/noticieroscanalsiete","https:\/\/x.com\/NOTICIEROS7","https:\/\/www.instagram.com\/canal7_slp","https:\/\/www.youtube.com\/channel\/UCliiYs-gP3JfJeqdPrNdd5A"]},{"@type":"Person","@id":"https:\/\/canal7slp.tv\/2022\/#\/schema\/person\/429704152a21f5f856ce29aa69a238da","name":"Edici\u00f3n Web","image":{"@type":"ImageObject","inLanguage":"es","@id":"https:\/\/secure.gravatar.com\/avatar\/eee448fc3f7164808013b816ba91ac7e43bbe82a70bebac296f8bc6f0addaa1a?s=96&d=mm&r=g","url":"https:\/\/secure.gravatar.com\/avatar\/eee448fc3f7164808013b816ba91ac7e43bbe82a70bebac296f8bc6f0addaa1a?s=96&d=mm&r=g","contentUrl":"https:\/\/secure.gravatar.com\/avatar\/eee448fc3f7164808013b816ba91ac7e43bbe82a70bebac296f8bc6f0addaa1a?s=96&d=mm&r=g","caption":"Edici\u00f3n Web"},"url":"https:\/\/canal7slp.tv\/2022\/author\/edicionweb\/"}]}},"amp_enabled":true,"_links":{"self":[{"href":"https:\/\/canal7slp.tv\/2022\/wp-json\/wp\/v2\/posts\/55624","targetHints":{"allow":["GET"]}}],"collection":[{"href":"https:\/\/canal7slp.tv\/2022\/wp-json\/wp\/v2\/posts"}],"about":[{"href":"https:\/\/canal7slp.tv\/2022\/wp-json\/wp\/v2\/types\/post"}],"author":[{"embeddable":true,"href":"https:\/\/canal7slp.tv\/2022\/wp-json\/wp\/v2\/users\/2"}],"replies":[{"embeddable":true,"href":"https:\/\/canal7slp.tv\/2022\/wp-json\/wp\/v2\/comments?post=55624"}],"version-history":[{"count":3,"href":"https:\/\/canal7slp.tv\/2022\/wp-json\/wp\/v2\/posts\/55624\/revisions"}],"predecessor-version":[{"id":55663,"href":"https:\/\/canal7slp.tv\/2022\/wp-json\/wp\/v2\/posts\/55624\/revisions\/55663"}],"wp:featuredmedia":[{"embeddable":true,"href":"https:\/\/canal7slp.tv\/2022\/wp-json\/wp\/v2\/media\/55662"}],"wp:attachment":[{"href":"https:\/\/canal7slp.tv\/2022\/wp-json\/wp\/v2\/media?parent=55624"}],"wp:term":[{"taxonomy":"category","embeddable":true,"href":"https:\/\/canal7slp.tv\/2022\/wp-json\/wp\/v2\/categories?post=55624"},{"taxonomy":"post_tag","embeddable":true,"href":"https:\/\/canal7slp.tv\/2022\/wp-json\/wp\/v2\/tags?post=55624"}],"curies":[{"name":"wp","href":"https:\/\/api.w.org\/{rel}","templated":true}]}}