{"id":55622,"date":"2022-03-29T21:10:43","date_gmt":"2022-03-30T03:10:43","guid":{"rendered":"https:\/\/canal7slp.tv\/2022\/?p=55622"},"modified":"2022-03-29T21:10:43","modified_gmt":"2022-03-30T03:10:43","slug":"maestros-de-la-seccion-26-se-manifestaron-por-diversas-calles-de-slp-en-demanda-del-pago-puntual-de-salarios-y-prestaciones","status":"publish","type":"post","link":"https:\/\/canal7slp.tv\/2022\/maestros-de-la-seccion-26-se-manifestaron-por-diversas-calles-de-slp-en-demanda-del-pago-puntual-de-salarios-y-prestaciones\/","title":{"rendered":"Maestros de la Secci\u00f3n 26 se manifestaron por diversas calles de SLP en demanda del pago puntual de salarios y prestaciones."},"content":{"rendered":"<p style=\"text-align: justify;\">SLP.- Pago puntual de salarios y prestaciones, pago de bonos, incremento en la prestaci\u00f3n de calidad de vida, el cumplimiento para la asignaci\u00f3n de nombramientos porque sin este documento no pueden cobrar su sueldo y respuesta a tr\u00e1mite de pr\u00f3rrogas fueron algunas de las demandas que maestros de la secci\u00f3n 26 del Sindicato Nacional de Trabajadores de la Educaci\u00f3n, exigieron con una marcha de protesta que realizaron este martes por diversas calles y avenidas de la ciudad.<\/p>\n<p style=\"text-align: justify;\">La caravana de manifestantes sali\u00f3 de la avenida Morales \u2013Saucito y tras recorrer varias vialidades llegaron frente al edificio sindical de la secci\u00f3n 26 y de ah\u00ed, se dirigieron hasta las instalaciones de la Secretar\u00eda de Educaci\u00f3n del Gobierno del Estado, mientras elementos de Polic\u00eda Vial les iban abriendo paso ante la sorpresa primero y el enojo despu\u00e9s de los automovilistas.<\/p>\n<p style=\"text-align: justify;\">En la movilizaci\u00f3n participaron delegaciones magisteriales de diversos municipios de la Regi\u00f3n Huasteca pero tambi\u00e9n de otras zonas del estado como Moctezuma, Ahualulco, Soledad, y Villa de Reyes encabezados por su dirigente sindical Juan Carlos B\u00e1rcenas.<\/p>\n<p style=\"text-align: justify;\">Por: Claudio Ibarra<\/p>\n","protected":false},"excerpt":{"rendered":"<p>SLP.- Pago puntual de salarios y prestaciones, pago de bonos, incremento en la prestaci\u00f3n de calidad de vida, el cumplimiento para la asignaci\u00f3n de nombramientos porque sin este documento no pueden cobrar su sueldo y respuesta a tr\u00e1mite de pr\u00f3rrogas fueron algunas de las demandas que maestros de la secci\u00f3n 26 del Sindicato Nacional de Trabajadores de la Educaci\u00f3n, exigieron con una marcha de protesta que realizaron este martes por diversas calles y avenidas de la ciudad. La caravana de manifestantes sali\u00f3 de la avenida Morales \u2013Saucito y tras recorrer varias vialidades llegaron frente al edificio sindical de la secci\u00f3n [&hellip;]<\/p>\n","protected":false},"author":2,"featured_media":55658,"comment_status":"closed","ping_status":"closed","sticky":false,"template":"","format":"video","meta":{"footnotes":""},"categories":[5,45],"tags":[],"class_list":["post-55622","post","type-post","status-publish","format-video","has-post-thumbnail","hentry","category-destacadas","category-localesyregionales","post_format-post-format-video","post--single"],"yoast_head":"<!-- This site is optimized with the Yoast SEO plugin v27.4 - https:\/\/yoast.com\/product\/yoast-seo-wordpress\/ -->\n<title>Maestros de la Secci\u00f3n 26 se manifestaron por diversas calles de SLP en demanda del pago puntual de salarios y prestaciones. - Canal 7 SLP - 2022<\/title>\n<meta name=\"robots\" content=\"index, follow, max-snippet:-1, max-image-preview:large, max-video-preview:-1\" \/>\n<link rel=\"canonical\" href=\"https:\/\/canal7slp.tv\/2022\/maestros-de-la-seccion-26-se-manifestaron-por-diversas-calles-de-slp-en-demanda-del-pago-puntual-de-salarios-y-prestaciones\/\" \/>\n<meta property=\"og:locale\" content=\"es_ES\" \/>\n<meta property=\"og:type\" content=\"article\" \/>\n<meta property=\"og:title\" content=\"Maestros de la Secci\u00f3n 26 se manifestaron por diversas calles de SLP en demanda del pago puntual de salarios y prestaciones. - Canal 7 SLP - 2022\" \/>\n<meta property=\"og:description\" content=\"SLP.- Pago puntual de salarios y prestaciones, pago de bonos, incremento en la prestaci\u00f3n de calidad de vida, el cumplimiento para la asignaci\u00f3n de nombramientos porque sin este documento no pueden cobrar su sueldo y respuesta a tr\u00e1mite de pr\u00f3rrogas fueron algunas de las demandas que maestros de la secci\u00f3n 26 del Sindicato Nacional de Trabajadores de la Educaci\u00f3n, exigieron con una marcha de protesta que realizaron este martes por diversas calles y avenidas de la ciudad. La caravana de manifestantes sali\u00f3 de la avenida Morales \u2013Saucito y tras recorrer varias vialidades llegaron frente al edificio sindical de la secci\u00f3n [&hellip;]\" \/>\n<meta property=\"og:url\" content=\"https:\/\/canal7slp.tv\/2022\/maestros-de-la-seccion-26-se-manifestaron-por-diversas-calles-de-slp-en-demanda-del-pago-puntual-de-salarios-y-prestaciones\/\" \/>\n<meta property=\"og:site_name\" content=\"Canal 7 SLP - 2022\" \/>\n<meta property=\"article:publisher\" content=\"https:\/\/www.facebook.com\/noticieroscanalsiete\" \/>\n<meta property=\"article:published_time\" content=\"2022-03-30T03:10:43+00:00\" \/>\n<meta property=\"og:image\" content=\"https:\/\/canal7slp.tv\/2022\/wp-content\/uploads\/2022\/03\/Claudio02Marcha.jpg\" \/>\n\t<meta property=\"og:image:width\" content=\"888\" \/>\n\t<meta property=\"og:image:height\" content=\"500\" \/>\n\t<meta property=\"og:image:type\" content=\"image\/jpeg\" \/>\n<meta name=\"author\" content=\"Edici\u00f3n Web\" \/>\n<meta name=\"twitter:card\" content=\"summary_large_image\" \/>\n<meta name=\"twitter:creator\" content=\"@NOTICIEROS7\" \/>\n<meta name=\"twitter:site\" content=\"@NOTICIEROS7\" \/>\n<meta name=\"twitter:label1\" content=\"Escrito por\" \/>\n\t<meta name=\"twitter:data1\" content=\"Edici\u00f3n Web\" \/>\n\t<meta name=\"twitter:label2\" content=\"Tiempo de lectura\" \/>\n\t<meta name=\"twitter:data2\" content=\"1 minuto\" \/>\n<script type=\"application\/ld+json\" class=\"yoast-schema-graph\">{\"@context\":\"https:\\\/\\\/schema.org\",\"@graph\":[{\"@type\":\"Article\",\"@id\":\"https:\\\/\\\/canal7slp.tv\\\/2022\\\/maestros-de-la-seccion-26-se-manifestaron-por-diversas-calles-de-slp-en-demanda-del-pago-puntual-de-salarios-y-prestaciones\\\/#article\",\"isPartOf\":{\"@id\":\"https:\\\/\\\/canal7slp.tv\\\/2022\\\/maestros-de-la-seccion-26-se-manifestaron-por-diversas-calles-de-slp-en-demanda-del-pago-puntual-de-salarios-y-prestaciones\\\/\"},\"author\":{\"name\":\"Edici\u00f3n Web\",\"@id\":\"https:\\\/\\\/canal7slp.tv\\\/2022\\\/#\\\/schema\\\/person\\\/429704152a21f5f856ce29aa69a238da\"},\"headline\":\"Maestros de la Secci\u00f3n 26 se manifestaron por diversas calles de SLP en demanda del pago puntual de salarios y prestaciones.\",\"datePublished\":\"2022-03-30T03:10:43+00:00\",\"mainEntityOfPage\":{\"@id\":\"https:\\\/\\\/canal7slp.tv\\\/2022\\\/maestros-de-la-seccion-26-se-manifestaron-por-diversas-calles-de-slp-en-demanda-del-pago-puntual-de-salarios-y-prestaciones\\\/\"},\"wordCount\":212,\"publisher\":{\"@id\":\"https:\\\/\\\/canal7slp.tv\\\/2022\\\/#organization\"},\"image\":{\"@id\":\"https:\\\/\\\/canal7slp.tv\\\/2022\\\/maestros-de-la-seccion-26-se-manifestaron-por-diversas-calles-de-slp-en-demanda-del-pago-puntual-de-salarios-y-prestaciones\\\/#primaryimage\"},\"thumbnailUrl\":\"https:\\\/\\\/canal7slp.tv\\\/2022\\\/wp-content\\\/uploads\\\/2022\\\/03\\\/Claudio02Marcha.jpg\",\"articleSection\":[\"DESTACADAS\",\"LOCALES Y REGIONALES\"],\"inLanguage\":\"es\"},{\"@type\":\"WebPage\",\"@id\":\"https:\\\/\\\/canal7slp.tv\\\/2022\\\/maestros-de-la-seccion-26-se-manifestaron-por-diversas-calles-de-slp-en-demanda-del-pago-puntual-de-salarios-y-prestaciones\\\/\",\"url\":\"https:\\\/\\\/canal7slp.tv\\\/2022\\\/maestros-de-la-seccion-26-se-manifestaron-por-diversas-calles-de-slp-en-demanda-del-pago-puntual-de-salarios-y-prestaciones\\\/\",\"name\":\"Maestros de la Secci\u00f3n 26 se manifestaron por diversas calles de SLP en demanda del pago puntual de salarios y prestaciones. - Canal 7 SLP - 2022\",\"isPartOf\":{\"@id\":\"https:\\\/\\\/canal7slp.tv\\\/2022\\\/#website\"},\"primaryImageOfPage\":{\"@id\":\"https:\\\/\\\/canal7slp.tv\\\/2022\\\/maestros-de-la-seccion-26-se-manifestaron-por-diversas-calles-de-slp-en-demanda-del-pago-puntual-de-salarios-y-prestaciones\\\/#primaryimage\"},\"image\":{\"@id\":\"https:\\\/\\\/canal7slp.tv\\\/2022\\\/maestros-de-la-seccion-26-se-manifestaron-por-diversas-calles-de-slp-en-demanda-del-pago-puntual-de-salarios-y-prestaciones\\\/#primaryimage\"},\"thumbnailUrl\":\"https:\\\/\\\/canal7slp.tv\\\/2022\\\/wp-content\\\/uploads\\\/2022\\\/03\\\/Claudio02Marcha.jpg\",\"datePublished\":\"2022-03-30T03:10:43+00:00\",\"breadcrumb\":{\"@id\":\"https:\\\/\\\/canal7slp.tv\\\/2022\\\/maestros-de-la-seccion-26-se-manifestaron-por-diversas-calles-de-slp-en-demanda-del-pago-puntual-de-salarios-y-prestaciones\\\/#breadcrumb\"},\"inLanguage\":\"es\",\"potentialAction\":[{\"@type\":\"ReadAction\",\"target\":[\"https:\\\/\\\/canal7slp.tv\\\/2022\\\/maestros-de-la-seccion-26-se-manifestaron-por-diversas-calles-de-slp-en-demanda-del-pago-puntual-de-salarios-y-prestaciones\\\/\"]}]},{\"@type\":\"ImageObject\",\"inLanguage\":\"es\",\"@id\":\"https:\\\/\\\/canal7slp.tv\\\/2022\\\/maestros-de-la-seccion-26-se-manifestaron-por-diversas-calles-de-slp-en-demanda-del-pago-puntual-de-salarios-y-prestaciones\\\/#primaryimage\",\"url\":\"https:\\\/\\\/canal7slp.tv\\\/2022\\\/wp-content\\\/uploads\\\/2022\\\/03\\\/Claudio02Marcha.jpg\",\"contentUrl\":\"https:\\\/\\\/canal7slp.tv\\\/2022\\\/wp-content\\\/uploads\\\/2022\\\/03\\\/Claudio02Marcha.jpg\",\"width\":888,\"height\":500},{\"@type\":\"BreadcrumbList\",\"@id\":\"https:\\\/\\\/canal7slp.tv\\\/2022\\\/maestros-de-la-seccion-26-se-manifestaron-por-diversas-calles-de-slp-en-demanda-del-pago-puntual-de-salarios-y-prestaciones\\\/#breadcrumb\",\"itemListElement\":[{\"@type\":\"ListItem\",\"position\":1,\"name\":\"Portada\",\"item\":\"https:\\\/\\\/canal7slp.tv\\\/2022\\\/\"},{\"@type\":\"ListItem\",\"position\":2,\"name\":\"Maestros de la Secci\u00f3n 26 se manifestaron por diversas calles de SLP en demanda del pago puntual de salarios y prestaciones.\"}]},{\"@type\":\"WebSite\",\"@id\":\"https:\\\/\\\/canal7slp.tv\\\/2022\\\/#website\",\"url\":\"https:\\\/\\\/canal7slp.tv\\\/2022\\\/\",\"name\":\"N7 - Noticieros Canal 7\",\"description\":\"Somos Televisi\u00f3n\",\"publisher\":{\"@id\":\"https:\\\/\\\/canal7slp.tv\\\/2022\\\/#organization\"},\"potentialAction\":[{\"@type\":\"SearchAction\",\"target\":{\"@type\":\"EntryPoint\",\"urlTemplate\":\"https:\\\/\\\/canal7slp.tv\\\/2022\\\/?s={search_term_string}\"},\"query-input\":{\"@type\":\"PropertyValueSpecification\",\"valueRequired\":true,\"valueName\":\"search_term_string\"}}],\"inLanguage\":\"es\"},{\"@type\":\"Organization\",\"@id\":\"https:\\\/\\\/canal7slp.tv\\\/2022\\\/#organization\",\"name\":\"Noticieros Canal 7\",\"url\":\"https:\\\/\\\/canal7slp.tv\\\/2022\\\/\",\"logo\":{\"@type\":\"ImageObject\",\"inLanguage\":\"es\",\"@id\":\"https:\\\/\\\/canal7slp.tv\\\/2022\\\/#\\\/schema\\\/logo\\\/image\\\/\",\"url\":\"https:\\\/\\\/canal7slp.tv\\\/2022\\\/wp-content\\\/uploads\\\/2021\\\/01\\\/logo-noticieros@2x.png\",\"contentUrl\":\"https:\\\/\\\/canal7slp.tv\\\/2022\\\/wp-content\\\/uploads\\\/2021\\\/01\\\/logo-noticieros@2x.png\",\"width\":1017,\"height\":268,\"caption\":\"Noticieros Canal 7\"},\"image\":{\"@id\":\"https:\\\/\\\/canal7slp.tv\\\/2022\\\/#\\\/schema\\\/logo\\\/image\\\/\"},\"sameAs\":[\"https:\\\/\\\/www.facebook.com\\\/noticieroscanalsiete\",\"https:\\\/\\\/x.com\\\/NOTICIEROS7\",\"https:\\\/\\\/www.instagram.com\\\/canal7_slp\",\"https:\\\/\\\/www.youtube.com\\\/channel\\\/UCliiYs-gP3JfJeqdPrNdd5A\"]},{\"@type\":\"Person\",\"@id\":\"https:\\\/\\\/canal7slp.tv\\\/2022\\\/#\\\/schema\\\/person\\\/429704152a21f5f856ce29aa69a238da\",\"name\":\"Edici\u00f3n Web\",\"image\":{\"@type\":\"ImageObject\",\"inLanguage\":\"es\",\"@id\":\"https:\\\/\\\/secure.gravatar.com\\\/avatar\\\/eee448fc3f7164808013b816ba91ac7e43bbe82a70bebac296f8bc6f0addaa1a?s=96&d=mm&r=g\",\"url\":\"https:\\\/\\\/secure.gravatar.com\\\/avatar\\\/eee448fc3f7164808013b816ba91ac7e43bbe82a70bebac296f8bc6f0addaa1a?s=96&d=mm&r=g\",\"contentUrl\":\"https:\\\/\\\/secure.gravatar.com\\\/avatar\\\/eee448fc3f7164808013b816ba91ac7e43bbe82a70bebac296f8bc6f0addaa1a?s=96&d=mm&r=g\",\"caption\":\"Edici\u00f3n Web\"},\"url\":\"https:\\\/\\\/canal7slp.tv\\\/2022\\\/author\\\/edicionweb\\\/\"}]}<\/script>\n<!-- \/ Yoast SEO plugin. -->","yoast_head_json":{"title":"Maestros de la Secci\u00f3n 26 se manifestaron por diversas calles de SLP en demanda del pago puntual de salarios y prestaciones. - Canal 7 SLP - 2022","robots":{"index":"index","follow":"follow","max-snippet":"max-snippet:-1","max-image-preview":"max-image-preview:large","max-video-preview":"max-video-preview:-1"},"canonical":"https:\/\/canal7slp.tv\/2022\/maestros-de-la-seccion-26-se-manifestaron-por-diversas-calles-de-slp-en-demanda-del-pago-puntual-de-salarios-y-prestaciones\/","og_locale":"es_ES","og_type":"article","og_title":"Maestros de la Secci\u00f3n 26 se manifestaron por diversas calles de SLP en demanda del pago puntual de salarios y prestaciones. - Canal 7 SLP - 2022","og_description":"SLP.- Pago puntual de salarios y prestaciones, pago de bonos, incremento en la prestaci\u00f3n de calidad de vida, el cumplimiento para la asignaci\u00f3n de nombramientos porque sin este documento no pueden cobrar su sueldo y respuesta a tr\u00e1mite de pr\u00f3rrogas fueron algunas de las demandas que maestros de la secci\u00f3n 26 del Sindicato Nacional de Trabajadores de la Educaci\u00f3n, exigieron con una marcha de protesta que realizaron este martes por diversas calles y avenidas de la ciudad. La caravana de manifestantes sali\u00f3 de la avenida Morales \u2013Saucito y tras recorrer varias vialidades llegaron frente al edificio sindical de la secci\u00f3n [&hellip;]","og_url":"https:\/\/canal7slp.tv\/2022\/maestros-de-la-seccion-26-se-manifestaron-por-diversas-calles-de-slp-en-demanda-del-pago-puntual-de-salarios-y-prestaciones\/","og_site_name":"Canal 7 SLP - 2022","article_publisher":"https:\/\/www.facebook.com\/noticieroscanalsiete","article_published_time":"2022-03-30T03:10:43+00:00","og_image":[{"width":888,"height":500,"url":"https:\/\/canal7slp.tv\/2022\/wp-content\/uploads\/2022\/03\/Claudio02Marcha.jpg","type":"image\/jpeg"}],"author":"Edici\u00f3n Web","twitter_card":"summary_large_image","twitter_creator":"@NOTICIEROS7","twitter_site":"@NOTICIEROS7","twitter_misc":{"Escrito por":"Edici\u00f3n Web","Tiempo de lectura":"1 minuto"},"schema":{"@context":"https:\/\/schema.org","@graph":[{"@type":"Article","@id":"https:\/\/canal7slp.tv\/2022\/maestros-de-la-seccion-26-se-manifestaron-por-diversas-calles-de-slp-en-demanda-del-pago-puntual-de-salarios-y-prestaciones\/#article","isPartOf":{"@id":"https:\/\/canal7slp.tv\/2022\/maestros-de-la-seccion-26-se-manifestaron-por-diversas-calles-de-slp-en-demanda-del-pago-puntual-de-salarios-y-prestaciones\/"},"author":{"name":"Edici\u00f3n Web","@id":"https:\/\/canal7slp.tv\/2022\/#\/schema\/person\/429704152a21f5f856ce29aa69a238da"},"headline":"Maestros de la Secci\u00f3n 26 se manifestaron por diversas calles de SLP en demanda del pago puntual de salarios y prestaciones.","datePublished":"2022-03-30T03:10:43+00:00","mainEntityOfPage":{"@id":"https:\/\/canal7slp.tv\/2022\/maestros-de-la-seccion-26-se-manifestaron-por-diversas-calles-de-slp-en-demanda-del-pago-puntual-de-salarios-y-prestaciones\/"},"wordCount":212,"publisher":{"@id":"https:\/\/canal7slp.tv\/2022\/#organization"},"image":{"@id":"https:\/\/canal7slp.tv\/2022\/maestros-de-la-seccion-26-se-manifestaron-por-diversas-calles-de-slp-en-demanda-del-pago-puntual-de-salarios-y-prestaciones\/#primaryimage"},"thumbnailUrl":"https:\/\/canal7slp.tv\/2022\/wp-content\/uploads\/2022\/03\/Claudio02Marcha.jpg","articleSection":["DESTACADAS","LOCALES Y REGIONALES"],"inLanguage":"es"},{"@type":"WebPage","@id":"https:\/\/canal7slp.tv\/2022\/maestros-de-la-seccion-26-se-manifestaron-por-diversas-calles-de-slp-en-demanda-del-pago-puntual-de-salarios-y-prestaciones\/","url":"https:\/\/canal7slp.tv\/2022\/maestros-de-la-seccion-26-se-manifestaron-por-diversas-calles-de-slp-en-demanda-del-pago-puntual-de-salarios-y-prestaciones\/","name":"Maestros de la Secci\u00f3n 26 se manifestaron por diversas calles de SLP en demanda del pago puntual de salarios y prestaciones. - Canal 7 SLP - 2022","isPartOf":{"@id":"https:\/\/canal7slp.tv\/2022\/#website"},"primaryImageOfPage":{"@id":"https:\/\/canal7slp.tv\/2022\/maestros-de-la-seccion-26-se-manifestaron-por-diversas-calles-de-slp-en-demanda-del-pago-puntual-de-salarios-y-prestaciones\/#primaryimage"},"image":{"@id":"https:\/\/canal7slp.tv\/2022\/maestros-de-la-seccion-26-se-manifestaron-por-diversas-calles-de-slp-en-demanda-del-pago-puntual-de-salarios-y-prestaciones\/#primaryimage"},"thumbnailUrl":"https:\/\/canal7slp.tv\/2022\/wp-content\/uploads\/2022\/03\/Claudio02Marcha.jpg","datePublished":"2022-03-30T03:10:43+00:00","breadcrumb":{"@id":"https:\/\/canal7slp.tv\/2022\/maestros-de-la-seccion-26-se-manifestaron-por-diversas-calles-de-slp-en-demanda-del-pago-puntual-de-salarios-y-prestaciones\/#breadcrumb"},"inLanguage":"es","potentialAction":[{"@type":"ReadAction","target":["https:\/\/canal7slp.tv\/2022\/maestros-de-la-seccion-26-se-manifestaron-por-diversas-calles-de-slp-en-demanda-del-pago-puntual-de-salarios-y-prestaciones\/"]}]},{"@type":"ImageObject","inLanguage":"es","@id":"https:\/\/canal7slp.tv\/2022\/maestros-de-la-seccion-26-se-manifestaron-por-diversas-calles-de-slp-en-demanda-del-pago-puntual-de-salarios-y-prestaciones\/#primaryimage","url":"https:\/\/canal7slp.tv\/2022\/wp-content\/uploads\/2022\/03\/Claudio02Marcha.jpg","contentUrl":"https:\/\/canal7slp.tv\/2022\/wp-content\/uploads\/2022\/03\/Claudio02Marcha.jpg","width":888,"height":500},{"@type":"BreadcrumbList","@id":"https:\/\/canal7slp.tv\/2022\/maestros-de-la-seccion-26-se-manifestaron-por-diversas-calles-de-slp-en-demanda-del-pago-puntual-de-salarios-y-prestaciones\/#breadcrumb","itemListElement":[{"@type":"ListItem","position":1,"name":"Portada","item":"https:\/\/canal7slp.tv\/2022\/"},{"@type":"ListItem","position":2,"name":"Maestros de la Secci\u00f3n 26 se manifestaron por diversas calles de SLP en demanda del pago puntual de salarios y prestaciones."}]},{"@type":"WebSite","@id":"https:\/\/canal7slp.tv\/2022\/#website","url":"https:\/\/canal7slp.tv\/2022\/","name":"N7 - Noticieros Canal 7","description":"Somos Televisi\u00f3n","publisher":{"@id":"https:\/\/canal7slp.tv\/2022\/#organization"},"potentialAction":[{"@type":"SearchAction","target":{"@type":"EntryPoint","urlTemplate":"https:\/\/canal7slp.tv\/2022\/?s={search_term_string}"},"query-input":{"@type":"PropertyValueSpecification","valueRequired":true,"valueName":"search_term_string"}}],"inLanguage":"es"},{"@type":"Organization","@id":"https:\/\/canal7slp.tv\/2022\/#organization","name":"Noticieros Canal 7","url":"https:\/\/canal7slp.tv\/2022\/","logo":{"@type":"ImageObject","inLanguage":"es","@id":"https:\/\/canal7slp.tv\/2022\/#\/schema\/logo\/image\/","url":"https:\/\/canal7slp.tv\/2022\/wp-content\/uploads\/2021\/01\/logo-noticieros@2x.png","contentUrl":"https:\/\/canal7slp.tv\/2022\/wp-content\/uploads\/2021\/01\/logo-noticieros@2x.png","width":1017,"height":268,"caption":"Noticieros Canal 7"},"image":{"@id":"https:\/\/canal7slp.tv\/2022\/#\/schema\/logo\/image\/"},"sameAs":["https:\/\/www.facebook.com\/noticieroscanalsiete","https:\/\/x.com\/NOTICIEROS7","https:\/\/www.instagram.com\/canal7_slp","https:\/\/www.youtube.com\/channel\/UCliiYs-gP3JfJeqdPrNdd5A"]},{"@type":"Person","@id":"https:\/\/canal7slp.tv\/2022\/#\/schema\/person\/429704152a21f5f856ce29aa69a238da","name":"Edici\u00f3n Web","image":{"@type":"ImageObject","inLanguage":"es","@id":"https:\/\/secure.gravatar.com\/avatar\/eee448fc3f7164808013b816ba91ac7e43bbe82a70bebac296f8bc6f0addaa1a?s=96&d=mm&r=g","url":"https:\/\/secure.gravatar.com\/avatar\/eee448fc3f7164808013b816ba91ac7e43bbe82a70bebac296f8bc6f0addaa1a?s=96&d=mm&r=g","contentUrl":"https:\/\/secure.gravatar.com\/avatar\/eee448fc3f7164808013b816ba91ac7e43bbe82a70bebac296f8bc6f0addaa1a?s=96&d=mm&r=g","caption":"Edici\u00f3n Web"},"url":"https:\/\/canal7slp.tv\/2022\/author\/edicionweb\/"}]}},"amp_enabled":true,"_links":{"self":[{"href":"https:\/\/canal7slp.tv\/2022\/wp-json\/wp\/v2\/posts\/55622","targetHints":{"allow":["GET"]}}],"collection":[{"href":"https:\/\/canal7slp.tv\/2022\/wp-json\/wp\/v2\/posts"}],"about":[{"href":"https:\/\/canal7slp.tv\/2022\/wp-json\/wp\/v2\/types\/post"}],"author":[{"embeddable":true,"href":"https:\/\/canal7slp.tv\/2022\/wp-json\/wp\/v2\/users\/2"}],"replies":[{"embeddable":true,"href":"https:\/\/canal7slp.tv\/2022\/wp-json\/wp\/v2\/comments?post=55622"}],"version-history":[{"count":3,"href":"https:\/\/canal7slp.tv\/2022\/wp-json\/wp\/v2\/posts\/55622\/revisions"}],"predecessor-version":[{"id":55659,"href":"https:\/\/canal7slp.tv\/2022\/wp-json\/wp\/v2\/posts\/55622\/revisions\/55659"}],"wp:featuredmedia":[{"embeddable":true,"href":"https:\/\/canal7slp.tv\/2022\/wp-json\/wp\/v2\/media\/55658"}],"wp:attachment":[{"href":"https:\/\/canal7slp.tv\/2022\/wp-json\/wp\/v2\/media?parent=55622"}],"wp:term":[{"taxonomy":"category","embeddable":true,"href":"https:\/\/canal7slp.tv\/2022\/wp-json\/wp\/v2\/categories?post=55622"},{"taxonomy":"post_tag","embeddable":true,"href":"https:\/\/canal7slp.tv\/2022\/wp-json\/wp\/v2\/tags?post=55622"}],"curies":[{"name":"wp","href":"https:\/\/api.w.org\/{rel}","templated":true}]}}