{"id":55621,"date":"2022-03-29T21:04:38","date_gmt":"2022-03-30T03:04:38","guid":{"rendered":"https:\/\/canal7slp.tv\/2022\/?p=55621"},"modified":"2022-03-29T21:04:38","modified_gmt":"2022-03-30T03:04:38","slug":"vida-libre-de-violencia-cambio-climatico-y-reinsercion-de-personas-privadas-de-su-libertad-principales-temas-del-segundo-parlamento-de-mujeres","status":"publish","type":"post","link":"https:\/\/canal7slp.tv\/2022\/vida-libre-de-violencia-cambio-climatico-y-reinsercion-de-personas-privadas-de-su-libertad-principales-temas-del-segundo-parlamento-de-mujeres\/","title":{"rendered":"Vida libre de violencia, cambio clim\u00e1tico y reinserci\u00f3n de personas privadas de su libertad, principales temas del Segundo Parlamento de Mujeres."},"content":{"rendered":"<p style=\"text-align: justify;\">SLP.- Con temas como la transversalidad de la perspectiva de familia, erradicaci\u00f3n de la discriminaci\u00f3n hacia una vida libre de violencia, equidad de g\u00e9nero en la pol\u00edtica, las mujeres frente al cambio clim\u00e1tico y la reinserci\u00f3n integral de mujeres privadas de su libertad con perspectiva de g\u00e9nero, este martes en el Congreso del Estado se llev\u00f3 a cabo el Segundo Parlamento de las Mujeres.<\/p>\n<p style=\"text-align: justify;\">Una de las ponentes en su planteamiento de iniciativa fue la activista Eliana Carlos Rodr\u00edguez quien abord\u00f3 el tema de la despenalizaci\u00f3n del aborto, al decir que este asunto se ha convertido en terreno de discusi\u00f3n y no de libre decisi\u00f3n.<\/p>\n<p style=\"text-align: justify;\">El Parlamento de Mujeres es un ejercicio ciudadano que tiene como objetivo que las participantes suban a tribuna y expongan sus planteamientos con temas inherentes a la mujer, y que al ser presentadas como iniciativas y de ser aprobadas si es el caso, que se conviertan en ley.<\/p>\n<p style=\"text-align: justify;\">Tambi\u00e9n subi\u00f3 a tribuna M\u00f3nica Torres Palacios al exponer un plan de apoyo integral y de seguridad social para madres viudas.<\/p>\n<p style=\"text-align: justify;\">Otros temas que se abordaron en este Segundo Parlamento de las Mujeres fueron el respeto a los derechos de las madres solteras, derechos laborales, igualdad social y econ\u00f3mica, inclusi\u00f3n financiera con perspectiva de g\u00e9nero, acceso a la salud y gesti\u00f3n menstrual, educaci\u00f3n sexual e interrupci\u00f3n legal del embarazo, derechos de las mujeres migrantes, derechos de las mujeres adultas mayores y transversalidad de la perspectiva de familia, que abord\u00f3 la abogada Mar\u00eda Teresa Carrizales Hern\u00e1ndez.<\/p>\n<p style=\"text-align: justify;\">En este Segundo Parlamento de las Mujeres las participantes coincidieron en el hecho de exigir el derecho a la igualdad sustantiva entre mujeres y hombres, y el respeto a los derechos humanos de las mujeres en la actividad p\u00fablica y privada.<\/p>\n<p style=\"text-align: justify;\">Por: Claudio Ibarra<\/p>\n","protected":false},"excerpt":{"rendered":"<p>SLP.- Con temas como la transversalidad de la perspectiva de familia, erradicaci\u00f3n de la discriminaci\u00f3n hacia una vida libre de violencia, equidad de g\u00e9nero en la pol\u00edtica, las mujeres frente al cambio clim\u00e1tico y la reinserci\u00f3n integral de mujeres privadas de su libertad con perspectiva de g\u00e9nero, este martes en el Congreso del Estado se llev\u00f3 a cabo el Segundo Parlamento de las Mujeres. Una de las ponentes en su planteamiento de iniciativa fue la activista Eliana Carlos Rodr\u00edguez quien abord\u00f3 el tema de la despenalizaci\u00f3n del aborto, al decir que este asunto se ha convertido en terreno de discusi\u00f3n [&hellip;]<\/p>\n","protected":false},"author":2,"featured_media":55656,"comment_status":"closed","ping_status":"closed","sticky":false,"template":"","format":"video","meta":{"footnotes":""},"categories":[3,5,45],"tags":[],"class_list":["post-55621","post","type-post","status-publish","format-video","has-post-thumbnail","hentry","category-congreso","category-destacadas","category-localesyregionales","post_format-post-format-video","post--single"],"yoast_head":"<!-- This site is optimized with the Yoast SEO plugin v27.4 - https:\/\/yoast.com\/product\/yoast-seo-wordpress\/ -->\n<title>Vida libre de violencia, cambio clim\u00e1tico y reinserci\u00f3n de personas privadas de su libertad, principales temas del Segundo Parlamento de Mujeres. - Canal 7 SLP - 2022<\/title>\n<meta name=\"robots\" content=\"index, follow, max-snippet:-1, max-image-preview:large, max-video-preview:-1\" \/>\n<link rel=\"canonical\" href=\"https:\/\/canal7slp.tv\/2022\/vida-libre-de-violencia-cambio-climatico-y-reinsercion-de-personas-privadas-de-su-libertad-principales-temas-del-segundo-parlamento-de-mujeres\/\" \/>\n<meta property=\"og:locale\" content=\"es_ES\" \/>\n<meta property=\"og:type\" content=\"article\" \/>\n<meta property=\"og:title\" content=\"Vida libre de violencia, cambio clim\u00e1tico y reinserci\u00f3n de personas privadas de su libertad, principales temas del Segundo Parlamento de Mujeres. - Canal 7 SLP - 2022\" \/>\n<meta property=\"og:description\" content=\"SLP.- Con temas como la transversalidad de la perspectiva de familia, erradicaci\u00f3n de la discriminaci\u00f3n hacia una vida libre de violencia, equidad de g\u00e9nero en la pol\u00edtica, las mujeres frente al cambio clim\u00e1tico y la reinserci\u00f3n integral de mujeres privadas de su libertad con perspectiva de g\u00e9nero, este martes en el Congreso del Estado se llev\u00f3 a cabo el Segundo Parlamento de las Mujeres. Una de las ponentes en su planteamiento de iniciativa fue la activista Eliana Carlos Rodr\u00edguez quien abord\u00f3 el tema de la despenalizaci\u00f3n del aborto, al decir que este asunto se ha convertido en terreno de discusi\u00f3n [&hellip;]\" \/>\n<meta property=\"og:url\" content=\"https:\/\/canal7slp.tv\/2022\/vida-libre-de-violencia-cambio-climatico-y-reinsercion-de-personas-privadas-de-su-libertad-principales-temas-del-segundo-parlamento-de-mujeres\/\" \/>\n<meta property=\"og:site_name\" content=\"Canal 7 SLP - 2022\" \/>\n<meta property=\"article:publisher\" content=\"https:\/\/www.facebook.com\/noticieroscanalsiete\" \/>\n<meta property=\"article:published_time\" content=\"2022-03-30T03:04:38+00:00\" \/>\n<meta property=\"og:image\" content=\"https:\/\/canal7slp.tv\/2022\/wp-content\/uploads\/2022\/03\/Claudio01Femeninas.jpg\" \/>\n\t<meta property=\"og:image:width\" content=\"888\" \/>\n\t<meta property=\"og:image:height\" content=\"500\" \/>\n\t<meta property=\"og:image:type\" content=\"image\/jpeg\" \/>\n<meta name=\"author\" content=\"Edici\u00f3n Web\" \/>\n<meta name=\"twitter:card\" content=\"summary_large_image\" \/>\n<meta name=\"twitter:creator\" content=\"@NOTICIEROS7\" \/>\n<meta name=\"twitter:site\" content=\"@NOTICIEROS7\" \/>\n<meta name=\"twitter:label1\" content=\"Escrito por\" \/>\n\t<meta name=\"twitter:data1\" content=\"Edici\u00f3n Web\" \/>\n\t<meta name=\"twitter:label2\" content=\"Tiempo de lectura\" \/>\n\t<meta name=\"twitter:data2\" content=\"2 minutos\" \/>\n<script type=\"application\/ld+json\" class=\"yoast-schema-graph\">{\"@context\":\"https:\\\/\\\/schema.org\",\"@graph\":[{\"@type\":\"Article\",\"@id\":\"https:\\\/\\\/canal7slp.tv\\\/2022\\\/vida-libre-de-violencia-cambio-climatico-y-reinsercion-de-personas-privadas-de-su-libertad-principales-temas-del-segundo-parlamento-de-mujeres\\\/#article\",\"isPartOf\":{\"@id\":\"https:\\\/\\\/canal7slp.tv\\\/2022\\\/vida-libre-de-violencia-cambio-climatico-y-reinsercion-de-personas-privadas-de-su-libertad-principales-temas-del-segundo-parlamento-de-mujeres\\\/\"},\"author\":{\"name\":\"Edici\u00f3n Web\",\"@id\":\"https:\\\/\\\/canal7slp.tv\\\/2022\\\/#\\\/schema\\\/person\\\/429704152a21f5f856ce29aa69a238da\"},\"headline\":\"Vida libre de violencia, cambio clim\u00e1tico y reinserci\u00f3n de personas privadas de su libertad, principales temas del Segundo Parlamento de Mujeres.\",\"datePublished\":\"2022-03-30T03:04:38+00:00\",\"mainEntityOfPage\":{\"@id\":\"https:\\\/\\\/canal7slp.tv\\\/2022\\\/vida-libre-de-violencia-cambio-climatico-y-reinsercion-de-personas-privadas-de-su-libertad-principales-temas-del-segundo-parlamento-de-mujeres\\\/\"},\"wordCount\":338,\"publisher\":{\"@id\":\"https:\\\/\\\/canal7slp.tv\\\/2022\\\/#organization\"},\"image\":{\"@id\":\"https:\\\/\\\/canal7slp.tv\\\/2022\\\/vida-libre-de-violencia-cambio-climatico-y-reinsercion-de-personas-privadas-de-su-libertad-principales-temas-del-segundo-parlamento-de-mujeres\\\/#primaryimage\"},\"thumbnailUrl\":\"https:\\\/\\\/canal7slp.tv\\\/2022\\\/wp-content\\\/uploads\\\/2022\\\/03\\\/Claudio01Femeninas.jpg\",\"articleSection\":[\"CONGRESO\",\"DESTACADAS\",\"LOCALES Y REGIONALES\"],\"inLanguage\":\"es\"},{\"@type\":\"WebPage\",\"@id\":\"https:\\\/\\\/canal7slp.tv\\\/2022\\\/vida-libre-de-violencia-cambio-climatico-y-reinsercion-de-personas-privadas-de-su-libertad-principales-temas-del-segundo-parlamento-de-mujeres\\\/\",\"url\":\"https:\\\/\\\/canal7slp.tv\\\/2022\\\/vida-libre-de-violencia-cambio-climatico-y-reinsercion-de-personas-privadas-de-su-libertad-principales-temas-del-segundo-parlamento-de-mujeres\\\/\",\"name\":\"Vida libre de violencia, cambio clim\u00e1tico y reinserci\u00f3n de personas privadas de su libertad, principales temas del Segundo Parlamento de Mujeres. - Canal 7 SLP - 2022\",\"isPartOf\":{\"@id\":\"https:\\\/\\\/canal7slp.tv\\\/2022\\\/#website\"},\"primaryImageOfPage\":{\"@id\":\"https:\\\/\\\/canal7slp.tv\\\/2022\\\/vida-libre-de-violencia-cambio-climatico-y-reinsercion-de-personas-privadas-de-su-libertad-principales-temas-del-segundo-parlamento-de-mujeres\\\/#primaryimage\"},\"image\":{\"@id\":\"https:\\\/\\\/canal7slp.tv\\\/2022\\\/vida-libre-de-violencia-cambio-climatico-y-reinsercion-de-personas-privadas-de-su-libertad-principales-temas-del-segundo-parlamento-de-mujeres\\\/#primaryimage\"},\"thumbnailUrl\":\"https:\\\/\\\/canal7slp.tv\\\/2022\\\/wp-content\\\/uploads\\\/2022\\\/03\\\/Claudio01Femeninas.jpg\",\"datePublished\":\"2022-03-30T03:04:38+00:00\",\"breadcrumb\":{\"@id\":\"https:\\\/\\\/canal7slp.tv\\\/2022\\\/vida-libre-de-violencia-cambio-climatico-y-reinsercion-de-personas-privadas-de-su-libertad-principales-temas-del-segundo-parlamento-de-mujeres\\\/#breadcrumb\"},\"inLanguage\":\"es\",\"potentialAction\":[{\"@type\":\"ReadAction\",\"target\":[\"https:\\\/\\\/canal7slp.tv\\\/2022\\\/vida-libre-de-violencia-cambio-climatico-y-reinsercion-de-personas-privadas-de-su-libertad-principales-temas-del-segundo-parlamento-de-mujeres\\\/\"]}]},{\"@type\":\"ImageObject\",\"inLanguage\":\"es\",\"@id\":\"https:\\\/\\\/canal7slp.tv\\\/2022\\\/vida-libre-de-violencia-cambio-climatico-y-reinsercion-de-personas-privadas-de-su-libertad-principales-temas-del-segundo-parlamento-de-mujeres\\\/#primaryimage\",\"url\":\"https:\\\/\\\/canal7slp.tv\\\/2022\\\/wp-content\\\/uploads\\\/2022\\\/03\\\/Claudio01Femeninas.jpg\",\"contentUrl\":\"https:\\\/\\\/canal7slp.tv\\\/2022\\\/wp-content\\\/uploads\\\/2022\\\/03\\\/Claudio01Femeninas.jpg\",\"width\":888,\"height\":500},{\"@type\":\"BreadcrumbList\",\"@id\":\"https:\\\/\\\/canal7slp.tv\\\/2022\\\/vida-libre-de-violencia-cambio-climatico-y-reinsercion-de-personas-privadas-de-su-libertad-principales-temas-del-segundo-parlamento-de-mujeres\\\/#breadcrumb\",\"itemListElement\":[{\"@type\":\"ListItem\",\"position\":1,\"name\":\"Portada\",\"item\":\"https:\\\/\\\/canal7slp.tv\\\/2022\\\/\"},{\"@type\":\"ListItem\",\"position\":2,\"name\":\"Vida libre de violencia, cambio clim\u00e1tico y reinserci\u00f3n de personas privadas de su libertad, principales temas del Segundo Parlamento de Mujeres.\"}]},{\"@type\":\"WebSite\",\"@id\":\"https:\\\/\\\/canal7slp.tv\\\/2022\\\/#website\",\"url\":\"https:\\\/\\\/canal7slp.tv\\\/2022\\\/\",\"name\":\"N7 - Noticieros Canal 7\",\"description\":\"Somos Televisi\u00f3n\",\"publisher\":{\"@id\":\"https:\\\/\\\/canal7slp.tv\\\/2022\\\/#organization\"},\"potentialAction\":[{\"@type\":\"SearchAction\",\"target\":{\"@type\":\"EntryPoint\",\"urlTemplate\":\"https:\\\/\\\/canal7slp.tv\\\/2022\\\/?s={search_term_string}\"},\"query-input\":{\"@type\":\"PropertyValueSpecification\",\"valueRequired\":true,\"valueName\":\"search_term_string\"}}],\"inLanguage\":\"es\"},{\"@type\":\"Organization\",\"@id\":\"https:\\\/\\\/canal7slp.tv\\\/2022\\\/#organization\",\"name\":\"Noticieros Canal 7\",\"url\":\"https:\\\/\\\/canal7slp.tv\\\/2022\\\/\",\"logo\":{\"@type\":\"ImageObject\",\"inLanguage\":\"es\",\"@id\":\"https:\\\/\\\/canal7slp.tv\\\/2022\\\/#\\\/schema\\\/logo\\\/image\\\/\",\"url\":\"https:\\\/\\\/canal7slp.tv\\\/2022\\\/wp-content\\\/uploads\\\/2021\\\/01\\\/logo-noticieros@2x.png\",\"contentUrl\":\"https:\\\/\\\/canal7slp.tv\\\/2022\\\/wp-content\\\/uploads\\\/2021\\\/01\\\/logo-noticieros@2x.png\",\"width\":1017,\"height\":268,\"caption\":\"Noticieros Canal 7\"},\"image\":{\"@id\":\"https:\\\/\\\/canal7slp.tv\\\/2022\\\/#\\\/schema\\\/logo\\\/image\\\/\"},\"sameAs\":[\"https:\\\/\\\/www.facebook.com\\\/noticieroscanalsiete\",\"https:\\\/\\\/x.com\\\/NOTICIEROS7\",\"https:\\\/\\\/www.instagram.com\\\/canal7_slp\",\"https:\\\/\\\/www.youtube.com\\\/channel\\\/UCliiYs-gP3JfJeqdPrNdd5A\"]},{\"@type\":\"Person\",\"@id\":\"https:\\\/\\\/canal7slp.tv\\\/2022\\\/#\\\/schema\\\/person\\\/429704152a21f5f856ce29aa69a238da\",\"name\":\"Edici\u00f3n Web\",\"image\":{\"@type\":\"ImageObject\",\"inLanguage\":\"es\",\"@id\":\"https:\\\/\\\/secure.gravatar.com\\\/avatar\\\/eee448fc3f7164808013b816ba91ac7e43bbe82a70bebac296f8bc6f0addaa1a?s=96&d=mm&r=g\",\"url\":\"https:\\\/\\\/secure.gravatar.com\\\/avatar\\\/eee448fc3f7164808013b816ba91ac7e43bbe82a70bebac296f8bc6f0addaa1a?s=96&d=mm&r=g\",\"contentUrl\":\"https:\\\/\\\/secure.gravatar.com\\\/avatar\\\/eee448fc3f7164808013b816ba91ac7e43bbe82a70bebac296f8bc6f0addaa1a?s=96&d=mm&r=g\",\"caption\":\"Edici\u00f3n Web\"},\"url\":\"https:\\\/\\\/canal7slp.tv\\\/2022\\\/author\\\/edicionweb\\\/\"}]}<\/script>\n<!-- \/ Yoast SEO plugin. -->","yoast_head_json":{"title":"Vida libre de violencia, cambio clim\u00e1tico y reinserci\u00f3n de personas privadas de su libertad, principales temas del Segundo Parlamento de Mujeres. - Canal 7 SLP - 2022","robots":{"index":"index","follow":"follow","max-snippet":"max-snippet:-1","max-image-preview":"max-image-preview:large","max-video-preview":"max-video-preview:-1"},"canonical":"https:\/\/canal7slp.tv\/2022\/vida-libre-de-violencia-cambio-climatico-y-reinsercion-de-personas-privadas-de-su-libertad-principales-temas-del-segundo-parlamento-de-mujeres\/","og_locale":"es_ES","og_type":"article","og_title":"Vida libre de violencia, cambio clim\u00e1tico y reinserci\u00f3n de personas privadas de su libertad, principales temas del Segundo Parlamento de Mujeres. - Canal 7 SLP - 2022","og_description":"SLP.- Con temas como la transversalidad de la perspectiva de familia, erradicaci\u00f3n de la discriminaci\u00f3n hacia una vida libre de violencia, equidad de g\u00e9nero en la pol\u00edtica, las mujeres frente al cambio clim\u00e1tico y la reinserci\u00f3n integral de mujeres privadas de su libertad con perspectiva de g\u00e9nero, este martes en el Congreso del Estado se llev\u00f3 a cabo el Segundo Parlamento de las Mujeres. Una de las ponentes en su planteamiento de iniciativa fue la activista Eliana Carlos Rodr\u00edguez quien abord\u00f3 el tema de la despenalizaci\u00f3n del aborto, al decir que este asunto se ha convertido en terreno de discusi\u00f3n [&hellip;]","og_url":"https:\/\/canal7slp.tv\/2022\/vida-libre-de-violencia-cambio-climatico-y-reinsercion-de-personas-privadas-de-su-libertad-principales-temas-del-segundo-parlamento-de-mujeres\/","og_site_name":"Canal 7 SLP - 2022","article_publisher":"https:\/\/www.facebook.com\/noticieroscanalsiete","article_published_time":"2022-03-30T03:04:38+00:00","og_image":[{"width":888,"height":500,"url":"https:\/\/canal7slp.tv\/2022\/wp-content\/uploads\/2022\/03\/Claudio01Femeninas.jpg","type":"image\/jpeg"}],"author":"Edici\u00f3n Web","twitter_card":"summary_large_image","twitter_creator":"@NOTICIEROS7","twitter_site":"@NOTICIEROS7","twitter_misc":{"Escrito por":"Edici\u00f3n Web","Tiempo de lectura":"2 minutos"},"schema":{"@context":"https:\/\/schema.org","@graph":[{"@type":"Article","@id":"https:\/\/canal7slp.tv\/2022\/vida-libre-de-violencia-cambio-climatico-y-reinsercion-de-personas-privadas-de-su-libertad-principales-temas-del-segundo-parlamento-de-mujeres\/#article","isPartOf":{"@id":"https:\/\/canal7slp.tv\/2022\/vida-libre-de-violencia-cambio-climatico-y-reinsercion-de-personas-privadas-de-su-libertad-principales-temas-del-segundo-parlamento-de-mujeres\/"},"author":{"name":"Edici\u00f3n Web","@id":"https:\/\/canal7slp.tv\/2022\/#\/schema\/person\/429704152a21f5f856ce29aa69a238da"},"headline":"Vida libre de violencia, cambio clim\u00e1tico y reinserci\u00f3n de personas privadas de su libertad, principales temas del Segundo Parlamento de Mujeres.","datePublished":"2022-03-30T03:04:38+00:00","mainEntityOfPage":{"@id":"https:\/\/canal7slp.tv\/2022\/vida-libre-de-violencia-cambio-climatico-y-reinsercion-de-personas-privadas-de-su-libertad-principales-temas-del-segundo-parlamento-de-mujeres\/"},"wordCount":338,"publisher":{"@id":"https:\/\/canal7slp.tv\/2022\/#organization"},"image":{"@id":"https:\/\/canal7slp.tv\/2022\/vida-libre-de-violencia-cambio-climatico-y-reinsercion-de-personas-privadas-de-su-libertad-principales-temas-del-segundo-parlamento-de-mujeres\/#primaryimage"},"thumbnailUrl":"https:\/\/canal7slp.tv\/2022\/wp-content\/uploads\/2022\/03\/Claudio01Femeninas.jpg","articleSection":["CONGRESO","DESTACADAS","LOCALES Y REGIONALES"],"inLanguage":"es"},{"@type":"WebPage","@id":"https:\/\/canal7slp.tv\/2022\/vida-libre-de-violencia-cambio-climatico-y-reinsercion-de-personas-privadas-de-su-libertad-principales-temas-del-segundo-parlamento-de-mujeres\/","url":"https:\/\/canal7slp.tv\/2022\/vida-libre-de-violencia-cambio-climatico-y-reinsercion-de-personas-privadas-de-su-libertad-principales-temas-del-segundo-parlamento-de-mujeres\/","name":"Vida libre de violencia, cambio clim\u00e1tico y reinserci\u00f3n de personas privadas de su libertad, principales temas del Segundo Parlamento de Mujeres. - Canal 7 SLP - 2022","isPartOf":{"@id":"https:\/\/canal7slp.tv\/2022\/#website"},"primaryImageOfPage":{"@id":"https:\/\/canal7slp.tv\/2022\/vida-libre-de-violencia-cambio-climatico-y-reinsercion-de-personas-privadas-de-su-libertad-principales-temas-del-segundo-parlamento-de-mujeres\/#primaryimage"},"image":{"@id":"https:\/\/canal7slp.tv\/2022\/vida-libre-de-violencia-cambio-climatico-y-reinsercion-de-personas-privadas-de-su-libertad-principales-temas-del-segundo-parlamento-de-mujeres\/#primaryimage"},"thumbnailUrl":"https:\/\/canal7slp.tv\/2022\/wp-content\/uploads\/2022\/03\/Claudio01Femeninas.jpg","datePublished":"2022-03-30T03:04:38+00:00","breadcrumb":{"@id":"https:\/\/canal7slp.tv\/2022\/vida-libre-de-violencia-cambio-climatico-y-reinsercion-de-personas-privadas-de-su-libertad-principales-temas-del-segundo-parlamento-de-mujeres\/#breadcrumb"},"inLanguage":"es","potentialAction":[{"@type":"ReadAction","target":["https:\/\/canal7slp.tv\/2022\/vida-libre-de-violencia-cambio-climatico-y-reinsercion-de-personas-privadas-de-su-libertad-principales-temas-del-segundo-parlamento-de-mujeres\/"]}]},{"@type":"ImageObject","inLanguage":"es","@id":"https:\/\/canal7slp.tv\/2022\/vida-libre-de-violencia-cambio-climatico-y-reinsercion-de-personas-privadas-de-su-libertad-principales-temas-del-segundo-parlamento-de-mujeres\/#primaryimage","url":"https:\/\/canal7slp.tv\/2022\/wp-content\/uploads\/2022\/03\/Claudio01Femeninas.jpg","contentUrl":"https:\/\/canal7slp.tv\/2022\/wp-content\/uploads\/2022\/03\/Claudio01Femeninas.jpg","width":888,"height":500},{"@type":"BreadcrumbList","@id":"https:\/\/canal7slp.tv\/2022\/vida-libre-de-violencia-cambio-climatico-y-reinsercion-de-personas-privadas-de-su-libertad-principales-temas-del-segundo-parlamento-de-mujeres\/#breadcrumb","itemListElement":[{"@type":"ListItem","position":1,"name":"Portada","item":"https:\/\/canal7slp.tv\/2022\/"},{"@type":"ListItem","position":2,"name":"Vida libre de violencia, cambio clim\u00e1tico y reinserci\u00f3n de personas privadas de su libertad, principales temas del Segundo Parlamento de Mujeres."}]},{"@type":"WebSite","@id":"https:\/\/canal7slp.tv\/2022\/#website","url":"https:\/\/canal7slp.tv\/2022\/","name":"N7 - Noticieros Canal 7","description":"Somos Televisi\u00f3n","publisher":{"@id":"https:\/\/canal7slp.tv\/2022\/#organization"},"potentialAction":[{"@type":"SearchAction","target":{"@type":"EntryPoint","urlTemplate":"https:\/\/canal7slp.tv\/2022\/?s={search_term_string}"},"query-input":{"@type":"PropertyValueSpecification","valueRequired":true,"valueName":"search_term_string"}}],"inLanguage":"es"},{"@type":"Organization","@id":"https:\/\/canal7slp.tv\/2022\/#organization","name":"Noticieros Canal 7","url":"https:\/\/canal7slp.tv\/2022\/","logo":{"@type":"ImageObject","inLanguage":"es","@id":"https:\/\/canal7slp.tv\/2022\/#\/schema\/logo\/image\/","url":"https:\/\/canal7slp.tv\/2022\/wp-content\/uploads\/2021\/01\/logo-noticieros@2x.png","contentUrl":"https:\/\/canal7slp.tv\/2022\/wp-content\/uploads\/2021\/01\/logo-noticieros@2x.png","width":1017,"height":268,"caption":"Noticieros Canal 7"},"image":{"@id":"https:\/\/canal7slp.tv\/2022\/#\/schema\/logo\/image\/"},"sameAs":["https:\/\/www.facebook.com\/noticieroscanalsiete","https:\/\/x.com\/NOTICIEROS7","https:\/\/www.instagram.com\/canal7_slp","https:\/\/www.youtube.com\/channel\/UCliiYs-gP3JfJeqdPrNdd5A"]},{"@type":"Person","@id":"https:\/\/canal7slp.tv\/2022\/#\/schema\/person\/429704152a21f5f856ce29aa69a238da","name":"Edici\u00f3n Web","image":{"@type":"ImageObject","inLanguage":"es","@id":"https:\/\/secure.gravatar.com\/avatar\/eee448fc3f7164808013b816ba91ac7e43bbe82a70bebac296f8bc6f0addaa1a?s=96&d=mm&r=g","url":"https:\/\/secure.gravatar.com\/avatar\/eee448fc3f7164808013b816ba91ac7e43bbe82a70bebac296f8bc6f0addaa1a?s=96&d=mm&r=g","contentUrl":"https:\/\/secure.gravatar.com\/avatar\/eee448fc3f7164808013b816ba91ac7e43bbe82a70bebac296f8bc6f0addaa1a?s=96&d=mm&r=g","caption":"Edici\u00f3n Web"},"url":"https:\/\/canal7slp.tv\/2022\/author\/edicionweb\/"}]}},"amp_enabled":true,"_links":{"self":[{"href":"https:\/\/canal7slp.tv\/2022\/wp-json\/wp\/v2\/posts\/55621","targetHints":{"allow":["GET"]}}],"collection":[{"href":"https:\/\/canal7slp.tv\/2022\/wp-json\/wp\/v2\/posts"}],"about":[{"href":"https:\/\/canal7slp.tv\/2022\/wp-json\/wp\/v2\/types\/post"}],"author":[{"embeddable":true,"href":"https:\/\/canal7slp.tv\/2022\/wp-json\/wp\/v2\/users\/2"}],"replies":[{"embeddable":true,"href":"https:\/\/canal7slp.tv\/2022\/wp-json\/wp\/v2\/comments?post=55621"}],"version-history":[{"count":3,"href":"https:\/\/canal7slp.tv\/2022\/wp-json\/wp\/v2\/posts\/55621\/revisions"}],"predecessor-version":[{"id":55657,"href":"https:\/\/canal7slp.tv\/2022\/wp-json\/wp\/v2\/posts\/55621\/revisions\/55657"}],"wp:featuredmedia":[{"embeddable":true,"href":"https:\/\/canal7slp.tv\/2022\/wp-json\/wp\/v2\/media\/55656"}],"wp:attachment":[{"href":"https:\/\/canal7slp.tv\/2022\/wp-json\/wp\/v2\/media?parent=55621"}],"wp:term":[{"taxonomy":"category","embeddable":true,"href":"https:\/\/canal7slp.tv\/2022\/wp-json\/wp\/v2\/categories?post=55621"},{"taxonomy":"post_tag","embeddable":true,"href":"https:\/\/canal7slp.tv\/2022\/wp-json\/wp\/v2\/tags?post=55621"}],"curies":[{"name":"wp","href":"https:\/\/api.w.org\/{rel}","templated":true}]}}