{"id":55591,"date":"2022-03-29T19:50:05","date_gmt":"2022-03-30T01:50:05","guid":{"rendered":"https:\/\/canal7slp.tv\/2022\/?p=55591"},"modified":"2022-03-29T19:50:37","modified_gmt":"2022-03-30T01:50:37","slug":"advierten-autoridades-que-desaparicion-de-menores-de-la-colonia-satelite-y-secuestro-de-mujer-en-los-alamos-se-relacionan-con-la-delincuencia-organizada","status":"publish","type":"post","link":"https:\/\/canal7slp.tv\/2022\/advierten-autoridades-que-desaparicion-de-menores-de-la-colonia-satelite-y-secuestro-de-mujer-en-los-alamos-se-relacionan-con-la-delincuencia-organizada\/","title":{"rendered":"Advierten autoridades que desaparici\u00f3n de menores de la colonia Sat\u00e9lite y secuestro de mujer en Los \u00c1lamos se relacionan con la delincuencia organizada."},"content":{"rendered":"<p style=\"text-align: justify;\">SLP.- El titular de la Secretar\u00eda General del Gobierno de San Luis Potos\u00ed, J. Guadalupe Torres S\u00e1nchez, inform\u00f3 que las desapariciones de los menores de edad en la colonia Sat\u00e9lite y el secuestro de una mujer en el Fraccionamiento los \u00c1lamos, est\u00e1n relacionados con la delincuencia organizada.<\/p>\n<p style=\"text-align: justify;\">\u00abLa verdad de las cosas es que hay tres temas: la de los dos menores de 13 y 17 a\u00f1os, la de la persona que aparece en el video y la de Nayeli, esta \u00faltima tiene que ver con un tema pasional, no tiene nada absolutamente que ver con un asunto desaparici\u00f3n y los dos primeros est\u00e1n ligados al tema de delincuencia organizada\u00bb, detall\u00f3.<\/p>\n<p style=\"text-align: justify;\">En ese sentido, el funcionario dijo desconocer el n\u00famero de personas desaparecidas en la entidad potosina.<\/p>\n<p style=\"text-align: justify;\">\u00abProbablemente existan otras, pero estas son las que recientemente han generado los temas, sin embargo, insisto todas las autoridades, el propio poder ejecutivo, estamos muy atentos, estamos colaborando, estamos d\u00e1ndole seguimiento y acompa\u00f1amiento a los familiares para que el estado ubique cuanto antes a estas personas\u00bb, a\u00f1adi\u00f3.<\/p>\n<p style=\"text-align: justify;\">Pese a estos eventos, Torres S\u00e1nchez descart\u00f3 que el \u00edndice de desapariciones vaya en aumento en territorio potosino.<\/p>\n<p style=\"text-align: justify;\">\u00abDejar bien claro que en San Luis Potos\u00ed no existe una ola de desapariciones, es una mentira, eso lo utilizan los enemigos y los que quieren ver que las cosas en San Luis no avancen; utilizan y distorsionan y generan informaci\u00f3n tendenciosa\u00bb, se\u00f1al\u00f3.<\/p>\n<p style=\"text-align: justify;\">Por \u00faltimo, anunci\u00f3 que tras una reuni\u00f3n con la titular de la Comisi\u00f3n Nacional de B\u00fasqueda, Karla Quintana, San Luis Potos\u00ed contar\u00e1 con un laboratorio de gen\u00e9tica que abonar\u00e1 a combatir esta problem\u00e1tica de personas desaparecidas.<\/p>\n<p style=\"text-align: justify;\">Por: Jos\u00e9 Luis V\u00e1zquez<\/p>\n","protected":false},"excerpt":{"rendered":"<p>SLP.- El titular de la Secretar\u00eda General del Gobierno de San Luis Potos\u00ed, J. Guadalupe Torres S\u00e1nchez, inform\u00f3 que las desapariciones de los menores de edad en la colonia Sat\u00e9lite y el secuestro de una mujer en el Fraccionamiento los \u00c1lamos, est\u00e1n relacionados con la delincuencia organizada. \u00abLa verdad de las cosas es que hay tres temas: la de los dos menores de 13 y 17 a\u00f1os, la de la persona que aparece en el video y la de Nayeli, esta \u00faltima tiene que ver con un tema pasional, no tiene nada absolutamente que ver con un asunto desaparici\u00f3n y [&hellip;]<\/p>\n","protected":false},"author":2,"featured_media":55642,"comment_status":"closed","ping_status":"closed","sticky":false,"template":"","format":"video","meta":{"footnotes":""},"categories":[5,510,45],"tags":[],"class_list":["post-55591","post","type-post","status-publish","format-video","has-post-thumbnail","hentry","category-destacadas","category-gobedoslp","category-localesyregionales","post_format-post-format-video","post--single"],"yoast_head":"<!-- This site is optimized with the Yoast SEO plugin v27.4 - https:\/\/yoast.com\/product\/yoast-seo-wordpress\/ -->\n<title>Advierten autoridades que desaparici\u00f3n de menores de la colonia Sat\u00e9lite y secuestro de mujer en Los \u00c1lamos se relacionan con la delincuencia organizada. - Canal 7 SLP - 2022<\/title>\n<meta name=\"robots\" content=\"index, follow, max-snippet:-1, max-image-preview:large, max-video-preview:-1\" \/>\n<link rel=\"canonical\" href=\"https:\/\/canal7slp.tv\/2022\/advierten-autoridades-que-desaparicion-de-menores-de-la-colonia-satelite-y-secuestro-de-mujer-en-los-alamos-se-relacionan-con-la-delincuencia-organizada\/\" \/>\n<meta property=\"og:locale\" content=\"es_ES\" \/>\n<meta property=\"og:type\" content=\"article\" \/>\n<meta property=\"og:title\" content=\"Advierten autoridades que desaparici\u00f3n de menores de la colonia Sat\u00e9lite y secuestro de mujer en Los \u00c1lamos se relacionan con la delincuencia organizada. - Canal 7 SLP - 2022\" \/>\n<meta property=\"og:description\" content=\"SLP.- El titular de la Secretar\u00eda General del Gobierno de San Luis Potos\u00ed, J. Guadalupe Torres S\u00e1nchez, inform\u00f3 que las desapariciones de los menores de edad en la colonia Sat\u00e9lite y el secuestro de una mujer en el Fraccionamiento los \u00c1lamos, est\u00e1n relacionados con la delincuencia organizada. \u00abLa verdad de las cosas es que hay tres temas: la de los dos menores de 13 y 17 a\u00f1os, la de la persona que aparece en el video y la de Nayeli, esta \u00faltima tiene que ver con un tema pasional, no tiene nada absolutamente que ver con un asunto desaparici\u00f3n y [&hellip;]\" \/>\n<meta property=\"og:url\" content=\"https:\/\/canal7slp.tv\/2022\/advierten-autoridades-que-desaparicion-de-menores-de-la-colonia-satelite-y-secuestro-de-mujer-en-los-alamos-se-relacionan-con-la-delincuencia-organizada\/\" \/>\n<meta property=\"og:site_name\" content=\"Canal 7 SLP - 2022\" \/>\n<meta property=\"article:publisher\" content=\"https:\/\/www.facebook.com\/noticieroscanalsiete\" \/>\n<meta property=\"article:published_time\" content=\"2022-03-30T01:50:05+00:00\" \/>\n<meta property=\"article:modified_time\" content=\"2022-03-30T01:50:37+00:00\" \/>\n<meta property=\"og:image\" content=\"https:\/\/canal7slp.tv\/2022\/wp-content\/uploads\/2022\/03\/Vazquez03Desapariciones.jpg\" \/>\n\t<meta property=\"og:image:width\" content=\"888\" \/>\n\t<meta property=\"og:image:height\" content=\"500\" \/>\n\t<meta property=\"og:image:type\" content=\"image\/jpeg\" \/>\n<meta name=\"author\" content=\"Edici\u00f3n Web\" \/>\n<meta name=\"twitter:card\" content=\"summary_large_image\" \/>\n<meta name=\"twitter:creator\" content=\"@NOTICIEROS7\" \/>\n<meta name=\"twitter:site\" content=\"@NOTICIEROS7\" \/>\n<meta name=\"twitter:label1\" content=\"Escrito por\" \/>\n\t<meta name=\"twitter:data1\" content=\"Edici\u00f3n Web\" \/>\n\t<meta name=\"twitter:label2\" content=\"Tiempo de lectura\" \/>\n\t<meta name=\"twitter:data2\" content=\"1 minuto\" \/>\n<script type=\"application\/ld+json\" class=\"yoast-schema-graph\">{\"@context\":\"https:\\\/\\\/schema.org\",\"@graph\":[{\"@type\":\"Article\",\"@id\":\"https:\\\/\\\/canal7slp.tv\\\/2022\\\/advierten-autoridades-que-desaparicion-de-menores-de-la-colonia-satelite-y-secuestro-de-mujer-en-los-alamos-se-relacionan-con-la-delincuencia-organizada\\\/#article\",\"isPartOf\":{\"@id\":\"https:\\\/\\\/canal7slp.tv\\\/2022\\\/advierten-autoridades-que-desaparicion-de-menores-de-la-colonia-satelite-y-secuestro-de-mujer-en-los-alamos-se-relacionan-con-la-delincuencia-organizada\\\/\"},\"author\":{\"name\":\"Edici\u00f3n Web\",\"@id\":\"https:\\\/\\\/canal7slp.tv\\\/2022\\\/#\\\/schema\\\/person\\\/429704152a21f5f856ce29aa69a238da\"},\"headline\":\"Advierten autoridades que desaparici\u00f3n de menores de la colonia Sat\u00e9lite y secuestro de mujer en Los \u00c1lamos se relacionan con la delincuencia organizada.\",\"datePublished\":\"2022-03-30T01:50:05+00:00\",\"dateModified\":\"2022-03-30T01:50:37+00:00\",\"mainEntityOfPage\":{\"@id\":\"https:\\\/\\\/canal7slp.tv\\\/2022\\\/advierten-autoridades-que-desaparicion-de-menores-de-la-colonia-satelite-y-secuestro-de-mujer-en-los-alamos-se-relacionan-con-la-delincuencia-organizada\\\/\"},\"wordCount\":319,\"publisher\":{\"@id\":\"https:\\\/\\\/canal7slp.tv\\\/2022\\\/#organization\"},\"image\":{\"@id\":\"https:\\\/\\\/canal7slp.tv\\\/2022\\\/advierten-autoridades-que-desaparicion-de-menores-de-la-colonia-satelite-y-secuestro-de-mujer-en-los-alamos-se-relacionan-con-la-delincuencia-organizada\\\/#primaryimage\"},\"thumbnailUrl\":\"https:\\\/\\\/canal7slp.tv\\\/2022\\\/wp-content\\\/uploads\\\/2022\\\/03\\\/Vazquez03Desapariciones.jpg\",\"articleSection\":[\"DESTACADAS\",\"GOBEDOSLP\",\"LOCALES Y REGIONALES\"],\"inLanguage\":\"es\"},{\"@type\":\"WebPage\",\"@id\":\"https:\\\/\\\/canal7slp.tv\\\/2022\\\/advierten-autoridades-que-desaparicion-de-menores-de-la-colonia-satelite-y-secuestro-de-mujer-en-los-alamos-se-relacionan-con-la-delincuencia-organizada\\\/\",\"url\":\"https:\\\/\\\/canal7slp.tv\\\/2022\\\/advierten-autoridades-que-desaparicion-de-menores-de-la-colonia-satelite-y-secuestro-de-mujer-en-los-alamos-se-relacionan-con-la-delincuencia-organizada\\\/\",\"name\":\"Advierten autoridades que desaparici\u00f3n de menores de la colonia Sat\u00e9lite y secuestro de mujer en Los \u00c1lamos se relacionan con la delincuencia organizada. - Canal 7 SLP - 2022\",\"isPartOf\":{\"@id\":\"https:\\\/\\\/canal7slp.tv\\\/2022\\\/#website\"},\"primaryImageOfPage\":{\"@id\":\"https:\\\/\\\/canal7slp.tv\\\/2022\\\/advierten-autoridades-que-desaparicion-de-menores-de-la-colonia-satelite-y-secuestro-de-mujer-en-los-alamos-se-relacionan-con-la-delincuencia-organizada\\\/#primaryimage\"},\"image\":{\"@id\":\"https:\\\/\\\/canal7slp.tv\\\/2022\\\/advierten-autoridades-que-desaparicion-de-menores-de-la-colonia-satelite-y-secuestro-de-mujer-en-los-alamos-se-relacionan-con-la-delincuencia-organizada\\\/#primaryimage\"},\"thumbnailUrl\":\"https:\\\/\\\/canal7slp.tv\\\/2022\\\/wp-content\\\/uploads\\\/2022\\\/03\\\/Vazquez03Desapariciones.jpg\",\"datePublished\":\"2022-03-30T01:50:05+00:00\",\"dateModified\":\"2022-03-30T01:50:37+00:00\",\"breadcrumb\":{\"@id\":\"https:\\\/\\\/canal7slp.tv\\\/2022\\\/advierten-autoridades-que-desaparicion-de-menores-de-la-colonia-satelite-y-secuestro-de-mujer-en-los-alamos-se-relacionan-con-la-delincuencia-organizada\\\/#breadcrumb\"},\"inLanguage\":\"es\",\"potentialAction\":[{\"@type\":\"ReadAction\",\"target\":[\"https:\\\/\\\/canal7slp.tv\\\/2022\\\/advierten-autoridades-que-desaparicion-de-menores-de-la-colonia-satelite-y-secuestro-de-mujer-en-los-alamos-se-relacionan-con-la-delincuencia-organizada\\\/\"]}]},{\"@type\":\"ImageObject\",\"inLanguage\":\"es\",\"@id\":\"https:\\\/\\\/canal7slp.tv\\\/2022\\\/advierten-autoridades-que-desaparicion-de-menores-de-la-colonia-satelite-y-secuestro-de-mujer-en-los-alamos-se-relacionan-con-la-delincuencia-organizada\\\/#primaryimage\",\"url\":\"https:\\\/\\\/canal7slp.tv\\\/2022\\\/wp-content\\\/uploads\\\/2022\\\/03\\\/Vazquez03Desapariciones.jpg\",\"contentUrl\":\"https:\\\/\\\/canal7slp.tv\\\/2022\\\/wp-content\\\/uploads\\\/2022\\\/03\\\/Vazquez03Desapariciones.jpg\",\"width\":888,\"height\":500},{\"@type\":\"BreadcrumbList\",\"@id\":\"https:\\\/\\\/canal7slp.tv\\\/2022\\\/advierten-autoridades-que-desaparicion-de-menores-de-la-colonia-satelite-y-secuestro-de-mujer-en-los-alamos-se-relacionan-con-la-delincuencia-organizada\\\/#breadcrumb\",\"itemListElement\":[{\"@type\":\"ListItem\",\"position\":1,\"name\":\"Portada\",\"item\":\"https:\\\/\\\/canal7slp.tv\\\/2022\\\/\"},{\"@type\":\"ListItem\",\"position\":2,\"name\":\"Advierten autoridades que desaparici\u00f3n de menores de la colonia Sat\u00e9lite y secuestro de mujer en Los \u00c1lamos se relacionan con la delincuencia organizada.\"}]},{\"@type\":\"WebSite\",\"@id\":\"https:\\\/\\\/canal7slp.tv\\\/2022\\\/#website\",\"url\":\"https:\\\/\\\/canal7slp.tv\\\/2022\\\/\",\"name\":\"N7 - Noticieros Canal 7\",\"description\":\"Somos Televisi\u00f3n\",\"publisher\":{\"@id\":\"https:\\\/\\\/canal7slp.tv\\\/2022\\\/#organization\"},\"potentialAction\":[{\"@type\":\"SearchAction\",\"target\":{\"@type\":\"EntryPoint\",\"urlTemplate\":\"https:\\\/\\\/canal7slp.tv\\\/2022\\\/?s={search_term_string}\"},\"query-input\":{\"@type\":\"PropertyValueSpecification\",\"valueRequired\":true,\"valueName\":\"search_term_string\"}}],\"inLanguage\":\"es\"},{\"@type\":\"Organization\",\"@id\":\"https:\\\/\\\/canal7slp.tv\\\/2022\\\/#organization\",\"name\":\"Noticieros Canal 7\",\"url\":\"https:\\\/\\\/canal7slp.tv\\\/2022\\\/\",\"logo\":{\"@type\":\"ImageObject\",\"inLanguage\":\"es\",\"@id\":\"https:\\\/\\\/canal7slp.tv\\\/2022\\\/#\\\/schema\\\/logo\\\/image\\\/\",\"url\":\"https:\\\/\\\/canal7slp.tv\\\/2022\\\/wp-content\\\/uploads\\\/2021\\\/01\\\/logo-noticieros@2x.png\",\"contentUrl\":\"https:\\\/\\\/canal7slp.tv\\\/2022\\\/wp-content\\\/uploads\\\/2021\\\/01\\\/logo-noticieros@2x.png\",\"width\":1017,\"height\":268,\"caption\":\"Noticieros Canal 7\"},\"image\":{\"@id\":\"https:\\\/\\\/canal7slp.tv\\\/2022\\\/#\\\/schema\\\/logo\\\/image\\\/\"},\"sameAs\":[\"https:\\\/\\\/www.facebook.com\\\/noticieroscanalsiete\",\"https:\\\/\\\/x.com\\\/NOTICIEROS7\",\"https:\\\/\\\/www.instagram.com\\\/canal7_slp\",\"https:\\\/\\\/www.youtube.com\\\/channel\\\/UCliiYs-gP3JfJeqdPrNdd5A\"]},{\"@type\":\"Person\",\"@id\":\"https:\\\/\\\/canal7slp.tv\\\/2022\\\/#\\\/schema\\\/person\\\/429704152a21f5f856ce29aa69a238da\",\"name\":\"Edici\u00f3n Web\",\"image\":{\"@type\":\"ImageObject\",\"inLanguage\":\"es\",\"@id\":\"https:\\\/\\\/secure.gravatar.com\\\/avatar\\\/eee448fc3f7164808013b816ba91ac7e43bbe82a70bebac296f8bc6f0addaa1a?s=96&d=mm&r=g\",\"url\":\"https:\\\/\\\/secure.gravatar.com\\\/avatar\\\/eee448fc3f7164808013b816ba91ac7e43bbe82a70bebac296f8bc6f0addaa1a?s=96&d=mm&r=g\",\"contentUrl\":\"https:\\\/\\\/secure.gravatar.com\\\/avatar\\\/eee448fc3f7164808013b816ba91ac7e43bbe82a70bebac296f8bc6f0addaa1a?s=96&d=mm&r=g\",\"caption\":\"Edici\u00f3n Web\"},\"url\":\"https:\\\/\\\/canal7slp.tv\\\/2022\\\/author\\\/edicionweb\\\/\"}]}<\/script>\n<!-- \/ Yoast SEO plugin. -->","yoast_head_json":{"title":"Advierten autoridades que desaparici\u00f3n de menores de la colonia Sat\u00e9lite y secuestro de mujer en Los \u00c1lamos se relacionan con la delincuencia organizada. - Canal 7 SLP - 2022","robots":{"index":"index","follow":"follow","max-snippet":"max-snippet:-1","max-image-preview":"max-image-preview:large","max-video-preview":"max-video-preview:-1"},"canonical":"https:\/\/canal7slp.tv\/2022\/advierten-autoridades-que-desaparicion-de-menores-de-la-colonia-satelite-y-secuestro-de-mujer-en-los-alamos-se-relacionan-con-la-delincuencia-organizada\/","og_locale":"es_ES","og_type":"article","og_title":"Advierten autoridades que desaparici\u00f3n de menores de la colonia Sat\u00e9lite y secuestro de mujer en Los \u00c1lamos se relacionan con la delincuencia organizada. - Canal 7 SLP - 2022","og_description":"SLP.- El titular de la Secretar\u00eda General del Gobierno de San Luis Potos\u00ed, J. Guadalupe Torres S\u00e1nchez, inform\u00f3 que las desapariciones de los menores de edad en la colonia Sat\u00e9lite y el secuestro de una mujer en el Fraccionamiento los \u00c1lamos, est\u00e1n relacionados con la delincuencia organizada. \u00abLa verdad de las cosas es que hay tres temas: la de los dos menores de 13 y 17 a\u00f1os, la de la persona que aparece en el video y la de Nayeli, esta \u00faltima tiene que ver con un tema pasional, no tiene nada absolutamente que ver con un asunto desaparici\u00f3n y [&hellip;]","og_url":"https:\/\/canal7slp.tv\/2022\/advierten-autoridades-que-desaparicion-de-menores-de-la-colonia-satelite-y-secuestro-de-mujer-en-los-alamos-se-relacionan-con-la-delincuencia-organizada\/","og_site_name":"Canal 7 SLP - 2022","article_publisher":"https:\/\/www.facebook.com\/noticieroscanalsiete","article_published_time":"2022-03-30T01:50:05+00:00","article_modified_time":"2022-03-30T01:50:37+00:00","og_image":[{"width":888,"height":500,"url":"https:\/\/canal7slp.tv\/2022\/wp-content\/uploads\/2022\/03\/Vazquez03Desapariciones.jpg","type":"image\/jpeg"}],"author":"Edici\u00f3n Web","twitter_card":"summary_large_image","twitter_creator":"@NOTICIEROS7","twitter_site":"@NOTICIEROS7","twitter_misc":{"Escrito por":"Edici\u00f3n Web","Tiempo de lectura":"1 minuto"},"schema":{"@context":"https:\/\/schema.org","@graph":[{"@type":"Article","@id":"https:\/\/canal7slp.tv\/2022\/advierten-autoridades-que-desaparicion-de-menores-de-la-colonia-satelite-y-secuestro-de-mujer-en-los-alamos-se-relacionan-con-la-delincuencia-organizada\/#article","isPartOf":{"@id":"https:\/\/canal7slp.tv\/2022\/advierten-autoridades-que-desaparicion-de-menores-de-la-colonia-satelite-y-secuestro-de-mujer-en-los-alamos-se-relacionan-con-la-delincuencia-organizada\/"},"author":{"name":"Edici\u00f3n Web","@id":"https:\/\/canal7slp.tv\/2022\/#\/schema\/person\/429704152a21f5f856ce29aa69a238da"},"headline":"Advierten autoridades que desaparici\u00f3n de menores de la colonia Sat\u00e9lite y secuestro de mujer en Los \u00c1lamos se relacionan con la delincuencia organizada.","datePublished":"2022-03-30T01:50:05+00:00","dateModified":"2022-03-30T01:50:37+00:00","mainEntityOfPage":{"@id":"https:\/\/canal7slp.tv\/2022\/advierten-autoridades-que-desaparicion-de-menores-de-la-colonia-satelite-y-secuestro-de-mujer-en-los-alamos-se-relacionan-con-la-delincuencia-organizada\/"},"wordCount":319,"publisher":{"@id":"https:\/\/canal7slp.tv\/2022\/#organization"},"image":{"@id":"https:\/\/canal7slp.tv\/2022\/advierten-autoridades-que-desaparicion-de-menores-de-la-colonia-satelite-y-secuestro-de-mujer-en-los-alamos-se-relacionan-con-la-delincuencia-organizada\/#primaryimage"},"thumbnailUrl":"https:\/\/canal7slp.tv\/2022\/wp-content\/uploads\/2022\/03\/Vazquez03Desapariciones.jpg","articleSection":["DESTACADAS","GOBEDOSLP","LOCALES Y REGIONALES"],"inLanguage":"es"},{"@type":"WebPage","@id":"https:\/\/canal7slp.tv\/2022\/advierten-autoridades-que-desaparicion-de-menores-de-la-colonia-satelite-y-secuestro-de-mujer-en-los-alamos-se-relacionan-con-la-delincuencia-organizada\/","url":"https:\/\/canal7slp.tv\/2022\/advierten-autoridades-que-desaparicion-de-menores-de-la-colonia-satelite-y-secuestro-de-mujer-en-los-alamos-se-relacionan-con-la-delincuencia-organizada\/","name":"Advierten autoridades que desaparici\u00f3n de menores de la colonia Sat\u00e9lite y secuestro de mujer en Los \u00c1lamos se relacionan con la delincuencia organizada. - Canal 7 SLP - 2022","isPartOf":{"@id":"https:\/\/canal7slp.tv\/2022\/#website"},"primaryImageOfPage":{"@id":"https:\/\/canal7slp.tv\/2022\/advierten-autoridades-que-desaparicion-de-menores-de-la-colonia-satelite-y-secuestro-de-mujer-en-los-alamos-se-relacionan-con-la-delincuencia-organizada\/#primaryimage"},"image":{"@id":"https:\/\/canal7slp.tv\/2022\/advierten-autoridades-que-desaparicion-de-menores-de-la-colonia-satelite-y-secuestro-de-mujer-en-los-alamos-se-relacionan-con-la-delincuencia-organizada\/#primaryimage"},"thumbnailUrl":"https:\/\/canal7slp.tv\/2022\/wp-content\/uploads\/2022\/03\/Vazquez03Desapariciones.jpg","datePublished":"2022-03-30T01:50:05+00:00","dateModified":"2022-03-30T01:50:37+00:00","breadcrumb":{"@id":"https:\/\/canal7slp.tv\/2022\/advierten-autoridades-que-desaparicion-de-menores-de-la-colonia-satelite-y-secuestro-de-mujer-en-los-alamos-se-relacionan-con-la-delincuencia-organizada\/#breadcrumb"},"inLanguage":"es","potentialAction":[{"@type":"ReadAction","target":["https:\/\/canal7slp.tv\/2022\/advierten-autoridades-que-desaparicion-de-menores-de-la-colonia-satelite-y-secuestro-de-mujer-en-los-alamos-se-relacionan-con-la-delincuencia-organizada\/"]}]},{"@type":"ImageObject","inLanguage":"es","@id":"https:\/\/canal7slp.tv\/2022\/advierten-autoridades-que-desaparicion-de-menores-de-la-colonia-satelite-y-secuestro-de-mujer-en-los-alamos-se-relacionan-con-la-delincuencia-organizada\/#primaryimage","url":"https:\/\/canal7slp.tv\/2022\/wp-content\/uploads\/2022\/03\/Vazquez03Desapariciones.jpg","contentUrl":"https:\/\/canal7slp.tv\/2022\/wp-content\/uploads\/2022\/03\/Vazquez03Desapariciones.jpg","width":888,"height":500},{"@type":"BreadcrumbList","@id":"https:\/\/canal7slp.tv\/2022\/advierten-autoridades-que-desaparicion-de-menores-de-la-colonia-satelite-y-secuestro-de-mujer-en-los-alamos-se-relacionan-con-la-delincuencia-organizada\/#breadcrumb","itemListElement":[{"@type":"ListItem","position":1,"name":"Portada","item":"https:\/\/canal7slp.tv\/2022\/"},{"@type":"ListItem","position":2,"name":"Advierten autoridades que desaparici\u00f3n de menores de la colonia Sat\u00e9lite y secuestro de mujer en Los \u00c1lamos se relacionan con la delincuencia organizada."}]},{"@type":"WebSite","@id":"https:\/\/canal7slp.tv\/2022\/#website","url":"https:\/\/canal7slp.tv\/2022\/","name":"N7 - Noticieros Canal 7","description":"Somos Televisi\u00f3n","publisher":{"@id":"https:\/\/canal7slp.tv\/2022\/#organization"},"potentialAction":[{"@type":"SearchAction","target":{"@type":"EntryPoint","urlTemplate":"https:\/\/canal7slp.tv\/2022\/?s={search_term_string}"},"query-input":{"@type":"PropertyValueSpecification","valueRequired":true,"valueName":"search_term_string"}}],"inLanguage":"es"},{"@type":"Organization","@id":"https:\/\/canal7slp.tv\/2022\/#organization","name":"Noticieros Canal 7","url":"https:\/\/canal7slp.tv\/2022\/","logo":{"@type":"ImageObject","inLanguage":"es","@id":"https:\/\/canal7slp.tv\/2022\/#\/schema\/logo\/image\/","url":"https:\/\/canal7slp.tv\/2022\/wp-content\/uploads\/2021\/01\/logo-noticieros@2x.png","contentUrl":"https:\/\/canal7slp.tv\/2022\/wp-content\/uploads\/2021\/01\/logo-noticieros@2x.png","width":1017,"height":268,"caption":"Noticieros Canal 7"},"image":{"@id":"https:\/\/canal7slp.tv\/2022\/#\/schema\/logo\/image\/"},"sameAs":["https:\/\/www.facebook.com\/noticieroscanalsiete","https:\/\/x.com\/NOTICIEROS7","https:\/\/www.instagram.com\/canal7_slp","https:\/\/www.youtube.com\/channel\/UCliiYs-gP3JfJeqdPrNdd5A"]},{"@type":"Person","@id":"https:\/\/canal7slp.tv\/2022\/#\/schema\/person\/429704152a21f5f856ce29aa69a238da","name":"Edici\u00f3n Web","image":{"@type":"ImageObject","inLanguage":"es","@id":"https:\/\/secure.gravatar.com\/avatar\/eee448fc3f7164808013b816ba91ac7e43bbe82a70bebac296f8bc6f0addaa1a?s=96&d=mm&r=g","url":"https:\/\/secure.gravatar.com\/avatar\/eee448fc3f7164808013b816ba91ac7e43bbe82a70bebac296f8bc6f0addaa1a?s=96&d=mm&r=g","contentUrl":"https:\/\/secure.gravatar.com\/avatar\/eee448fc3f7164808013b816ba91ac7e43bbe82a70bebac296f8bc6f0addaa1a?s=96&d=mm&r=g","caption":"Edici\u00f3n Web"},"url":"https:\/\/canal7slp.tv\/2022\/author\/edicionweb\/"}]}},"amp_enabled":true,"_links":{"self":[{"href":"https:\/\/canal7slp.tv\/2022\/wp-json\/wp\/v2\/posts\/55591","targetHints":{"allow":["GET"]}}],"collection":[{"href":"https:\/\/canal7slp.tv\/2022\/wp-json\/wp\/v2\/posts"}],"about":[{"href":"https:\/\/canal7slp.tv\/2022\/wp-json\/wp\/v2\/types\/post"}],"author":[{"embeddable":true,"href":"https:\/\/canal7slp.tv\/2022\/wp-json\/wp\/v2\/users\/2"}],"replies":[{"embeddable":true,"href":"https:\/\/canal7slp.tv\/2022\/wp-json\/wp\/v2\/comments?post=55591"}],"version-history":[{"count":5,"href":"https:\/\/canal7slp.tv\/2022\/wp-json\/wp\/v2\/posts\/55591\/revisions"}],"predecessor-version":[{"id":55644,"href":"https:\/\/canal7slp.tv\/2022\/wp-json\/wp\/v2\/posts\/55591\/revisions\/55644"}],"wp:featuredmedia":[{"embeddable":true,"href":"https:\/\/canal7slp.tv\/2022\/wp-json\/wp\/v2\/media\/55642"}],"wp:attachment":[{"href":"https:\/\/canal7slp.tv\/2022\/wp-json\/wp\/v2\/media?parent=55591"}],"wp:term":[{"taxonomy":"category","embeddable":true,"href":"https:\/\/canal7slp.tv\/2022\/wp-json\/wp\/v2\/categories?post=55591"},{"taxonomy":"post_tag","embeddable":true,"href":"https:\/\/canal7slp.tv\/2022\/wp-json\/wp\/v2\/tags?post=55591"}],"curies":[{"name":"wp","href":"https:\/\/api.w.org\/{rel}","templated":true}]}}