{"id":55558,"date":"2022-03-29T17:13:00","date_gmt":"2022-03-29T23:13:00","guid":{"rendered":"https:\/\/canal7slp.tv\/2022\/?p=55558"},"modified":"2022-03-29T17:13:00","modified_gmt":"2022-03-29T23:13:00","slug":"helicoptero-de-la-onu-es-derribado-por-rebeldes-en-el-congo","status":"publish","type":"post","link":"https:\/\/canal7slp.tv\/2022\/helicoptero-de-la-onu-es-derribado-por-rebeldes-en-el-congo\/","title":{"rendered":"Helic\u00f3ptero de la ONU es derribado por rebeldes en el Congo"},"content":{"rendered":"<p style=\"text-align: justify;\">Kinshasa.- El Ejercito de la Rep\u00fablica Democr\u00e1tica del Congo, inform\u00f3 que rebeldes derribaron un helic\u00f3ptero de la Organizaci\u00f3n de las Naciones Unidas (ONU) que transportaba a ocho soldados de paz y observadores de la organizaci\u00f3n.<\/p>\n<p style=\"text-align: justify;\">Cabe se\u00f1alar que la aeronave era uno de dos que realizaban vuelos de reconocimiento para la misi\u00f3n de paz de la ONU en el Congo<\/p>\n<p style=\"text-align: justify;\">La tripulaci\u00f3n de dicho helic\u00f3ptero se encontraba evaluando los movimientos de comunidades atacadas por un grupo rebelde, a fin de poder coordinar mejor la asistencia humanitaria.<\/p>\n<p style=\"text-align: justify;\">Aunado a esta informaci\u00f3n, Fuerzas del Congo y de la ONU se encuentran buscando el helic\u00f3ptero y posibles sobrevivientes.<\/p>\n","protected":false},"excerpt":{"rendered":"<p>Kinshasa.- El Ejercito de la Rep\u00fablica Democr\u00e1tica del Congo, inform\u00f3 que rebeldes derribaron un helic\u00f3ptero de la Organizaci\u00f3n de las Naciones Unidas (ONU) que transportaba a ocho soldados de paz y observadores de la organizaci\u00f3n. Cabe se\u00f1alar que la aeronave era uno de dos que realizaban vuelos de reconocimiento para la misi\u00f3n de paz de la ONU en el Congo La tripulaci\u00f3n de dicho helic\u00f3ptero se encontraba evaluando los movimientos de comunidades atacadas por un grupo rebelde, a fin de poder coordinar mejor la asistencia humanitaria. Aunado a esta informaci\u00f3n, Fuerzas del Congo y de la ONU se encuentran buscando [&hellip;]<\/p>\n","protected":false},"author":2,"featured_media":55569,"comment_status":"closed","ping_status":"closed","sticky":false,"template":"","format":"standard","meta":{"footnotes":""},"categories":[44],"tags":[],"class_list":["post-55558","post","type-post","status-publish","format-standard","has-post-thumbnail","hentry","category-internacional","post--single"],"yoast_head":"<!-- This site is optimized with the Yoast SEO plugin v27.4 - https:\/\/yoast.com\/product\/yoast-seo-wordpress\/ -->\n<title>Helic\u00f3ptero de la ONU es derribado por rebeldes en el Congo - Canal 7 SLP - 2022<\/title>\n<meta name=\"robots\" content=\"index, follow, max-snippet:-1, max-image-preview:large, max-video-preview:-1\" \/>\n<link rel=\"canonical\" href=\"https:\/\/canal7slp.tv\/2022\/helicoptero-de-la-onu-es-derribado-por-rebeldes-en-el-congo\/\" \/>\n<meta property=\"og:locale\" content=\"es_ES\" \/>\n<meta property=\"og:type\" content=\"article\" \/>\n<meta property=\"og:title\" content=\"Helic\u00f3ptero de la ONU es derribado por rebeldes en el Congo - Canal 7 SLP - 2022\" \/>\n<meta property=\"og:description\" content=\"Kinshasa.- El Ejercito de la Rep\u00fablica Democr\u00e1tica del Congo, inform\u00f3 que rebeldes derribaron un helic\u00f3ptero de la Organizaci\u00f3n de las Naciones Unidas (ONU) que transportaba a ocho soldados de paz y observadores de la organizaci\u00f3n. Cabe se\u00f1alar que la aeronave era uno de dos que realizaban vuelos de reconocimiento para la misi\u00f3n de paz de la ONU en el Congo La tripulaci\u00f3n de dicho helic\u00f3ptero se encontraba evaluando los movimientos de comunidades atacadas por un grupo rebelde, a fin de poder coordinar mejor la asistencia humanitaria. Aunado a esta informaci\u00f3n, Fuerzas del Congo y de la ONU se encuentran buscando [&hellip;]\" \/>\n<meta property=\"og:url\" content=\"https:\/\/canal7slp.tv\/2022\/helicoptero-de-la-onu-es-derribado-por-rebeldes-en-el-congo\/\" \/>\n<meta property=\"og:site_name\" content=\"Canal 7 SLP - 2022\" \/>\n<meta property=\"article:publisher\" content=\"https:\/\/www.facebook.com\/noticieroscanalsiete\" \/>\n<meta property=\"article:published_time\" content=\"2022-03-29T23:13:00+00:00\" \/>\n<meta property=\"og:image\" content=\"https:\/\/canal7slp.tv\/2022\/wp-content\/uploads\/2022\/03\/05-23.jpg\" \/>\n\t<meta property=\"og:image:width\" content=\"960\" \/>\n\t<meta property=\"og:image:height\" content=\"639\" \/>\n\t<meta property=\"og:image:type\" content=\"image\/jpeg\" \/>\n<meta name=\"author\" content=\"Edici\u00f3n Web\" \/>\n<meta name=\"twitter:card\" content=\"summary_large_image\" \/>\n<meta name=\"twitter:creator\" content=\"@NOTICIEROS7\" \/>\n<meta name=\"twitter:site\" content=\"@NOTICIEROS7\" \/>\n<meta name=\"twitter:label1\" content=\"Escrito por\" \/>\n\t<meta name=\"twitter:data1\" content=\"Edici\u00f3n Web\" \/>\n\t<meta name=\"twitter:label2\" content=\"Tiempo de lectura\" \/>\n\t<meta name=\"twitter:data2\" content=\"1 minuto\" \/>\n<script type=\"application\/ld+json\" class=\"yoast-schema-graph\">{\"@context\":\"https:\\\/\\\/schema.org\",\"@graph\":[{\"@type\":\"Article\",\"@id\":\"https:\\\/\\\/canal7slp.tv\\\/2022\\\/helicoptero-de-la-onu-es-derribado-por-rebeldes-en-el-congo\\\/#article\",\"isPartOf\":{\"@id\":\"https:\\\/\\\/canal7slp.tv\\\/2022\\\/helicoptero-de-la-onu-es-derribado-por-rebeldes-en-el-congo\\\/\"},\"author\":{\"name\":\"Edici\u00f3n Web\",\"@id\":\"https:\\\/\\\/canal7slp.tv\\\/2022\\\/#\\\/schema\\\/person\\\/429704152a21f5f856ce29aa69a238da\"},\"headline\":\"Helic\u00f3ptero de la ONU es derribado por rebeldes en el Congo\",\"datePublished\":\"2022-03-29T23:13:00+00:00\",\"mainEntityOfPage\":{\"@id\":\"https:\\\/\\\/canal7slp.tv\\\/2022\\\/helicoptero-de-la-onu-es-derribado-por-rebeldes-en-el-congo\\\/\"},\"wordCount\":129,\"publisher\":{\"@id\":\"https:\\\/\\\/canal7slp.tv\\\/2022\\\/#organization\"},\"image\":{\"@id\":\"https:\\\/\\\/canal7slp.tv\\\/2022\\\/helicoptero-de-la-onu-es-derribado-por-rebeldes-en-el-congo\\\/#primaryimage\"},\"thumbnailUrl\":\"https:\\\/\\\/canal7slp.tv\\\/2022\\\/wp-content\\\/uploads\\\/2022\\\/03\\\/05-23.jpg\",\"articleSection\":[\"INTERNACIONALES\"],\"inLanguage\":\"es\"},{\"@type\":\"WebPage\",\"@id\":\"https:\\\/\\\/canal7slp.tv\\\/2022\\\/helicoptero-de-la-onu-es-derribado-por-rebeldes-en-el-congo\\\/\",\"url\":\"https:\\\/\\\/canal7slp.tv\\\/2022\\\/helicoptero-de-la-onu-es-derribado-por-rebeldes-en-el-congo\\\/\",\"name\":\"Helic\u00f3ptero de la ONU es derribado por rebeldes en el Congo - Canal 7 SLP - 2022\",\"isPartOf\":{\"@id\":\"https:\\\/\\\/canal7slp.tv\\\/2022\\\/#website\"},\"primaryImageOfPage\":{\"@id\":\"https:\\\/\\\/canal7slp.tv\\\/2022\\\/helicoptero-de-la-onu-es-derribado-por-rebeldes-en-el-congo\\\/#primaryimage\"},\"image\":{\"@id\":\"https:\\\/\\\/canal7slp.tv\\\/2022\\\/helicoptero-de-la-onu-es-derribado-por-rebeldes-en-el-congo\\\/#primaryimage\"},\"thumbnailUrl\":\"https:\\\/\\\/canal7slp.tv\\\/2022\\\/wp-content\\\/uploads\\\/2022\\\/03\\\/05-23.jpg\",\"datePublished\":\"2022-03-29T23:13:00+00:00\",\"breadcrumb\":{\"@id\":\"https:\\\/\\\/canal7slp.tv\\\/2022\\\/helicoptero-de-la-onu-es-derribado-por-rebeldes-en-el-congo\\\/#breadcrumb\"},\"inLanguage\":\"es\",\"potentialAction\":[{\"@type\":\"ReadAction\",\"target\":[\"https:\\\/\\\/canal7slp.tv\\\/2022\\\/helicoptero-de-la-onu-es-derribado-por-rebeldes-en-el-congo\\\/\"]}]},{\"@type\":\"ImageObject\",\"inLanguage\":\"es\",\"@id\":\"https:\\\/\\\/canal7slp.tv\\\/2022\\\/helicoptero-de-la-onu-es-derribado-por-rebeldes-en-el-congo\\\/#primaryimage\",\"url\":\"https:\\\/\\\/canal7slp.tv\\\/2022\\\/wp-content\\\/uploads\\\/2022\\\/03\\\/05-23.jpg\",\"contentUrl\":\"https:\\\/\\\/canal7slp.tv\\\/2022\\\/wp-content\\\/uploads\\\/2022\\\/03\\\/05-23.jpg\",\"width\":960,\"height\":639},{\"@type\":\"BreadcrumbList\",\"@id\":\"https:\\\/\\\/canal7slp.tv\\\/2022\\\/helicoptero-de-la-onu-es-derribado-por-rebeldes-en-el-congo\\\/#breadcrumb\",\"itemListElement\":[{\"@type\":\"ListItem\",\"position\":1,\"name\":\"Portada\",\"item\":\"https:\\\/\\\/canal7slp.tv\\\/2022\\\/\"},{\"@type\":\"ListItem\",\"position\":2,\"name\":\"Helic\u00f3ptero de la ONU es derribado por rebeldes en el Congo\"}]},{\"@type\":\"WebSite\",\"@id\":\"https:\\\/\\\/canal7slp.tv\\\/2022\\\/#website\",\"url\":\"https:\\\/\\\/canal7slp.tv\\\/2022\\\/\",\"name\":\"N7 - Noticieros Canal 7\",\"description\":\"Somos Televisi\u00f3n\",\"publisher\":{\"@id\":\"https:\\\/\\\/canal7slp.tv\\\/2022\\\/#organization\"},\"potentialAction\":[{\"@type\":\"SearchAction\",\"target\":{\"@type\":\"EntryPoint\",\"urlTemplate\":\"https:\\\/\\\/canal7slp.tv\\\/2022\\\/?s={search_term_string}\"},\"query-input\":{\"@type\":\"PropertyValueSpecification\",\"valueRequired\":true,\"valueName\":\"search_term_string\"}}],\"inLanguage\":\"es\"},{\"@type\":\"Organization\",\"@id\":\"https:\\\/\\\/canal7slp.tv\\\/2022\\\/#organization\",\"name\":\"Noticieros Canal 7\",\"url\":\"https:\\\/\\\/canal7slp.tv\\\/2022\\\/\",\"logo\":{\"@type\":\"ImageObject\",\"inLanguage\":\"es\",\"@id\":\"https:\\\/\\\/canal7slp.tv\\\/2022\\\/#\\\/schema\\\/logo\\\/image\\\/\",\"url\":\"https:\\\/\\\/canal7slp.tv\\\/2022\\\/wp-content\\\/uploads\\\/2021\\\/01\\\/logo-noticieros@2x.png\",\"contentUrl\":\"https:\\\/\\\/canal7slp.tv\\\/2022\\\/wp-content\\\/uploads\\\/2021\\\/01\\\/logo-noticieros@2x.png\",\"width\":1017,\"height\":268,\"caption\":\"Noticieros Canal 7\"},\"image\":{\"@id\":\"https:\\\/\\\/canal7slp.tv\\\/2022\\\/#\\\/schema\\\/logo\\\/image\\\/\"},\"sameAs\":[\"https:\\\/\\\/www.facebook.com\\\/noticieroscanalsiete\",\"https:\\\/\\\/x.com\\\/NOTICIEROS7\",\"https:\\\/\\\/www.instagram.com\\\/canal7_slp\",\"https:\\\/\\\/www.youtube.com\\\/channel\\\/UCliiYs-gP3JfJeqdPrNdd5A\"]},{\"@type\":\"Person\",\"@id\":\"https:\\\/\\\/canal7slp.tv\\\/2022\\\/#\\\/schema\\\/person\\\/429704152a21f5f856ce29aa69a238da\",\"name\":\"Edici\u00f3n Web\",\"image\":{\"@type\":\"ImageObject\",\"inLanguage\":\"es\",\"@id\":\"https:\\\/\\\/secure.gravatar.com\\\/avatar\\\/eee448fc3f7164808013b816ba91ac7e43bbe82a70bebac296f8bc6f0addaa1a?s=96&d=mm&r=g\",\"url\":\"https:\\\/\\\/secure.gravatar.com\\\/avatar\\\/eee448fc3f7164808013b816ba91ac7e43bbe82a70bebac296f8bc6f0addaa1a?s=96&d=mm&r=g\",\"contentUrl\":\"https:\\\/\\\/secure.gravatar.com\\\/avatar\\\/eee448fc3f7164808013b816ba91ac7e43bbe82a70bebac296f8bc6f0addaa1a?s=96&d=mm&r=g\",\"caption\":\"Edici\u00f3n Web\"},\"url\":\"https:\\\/\\\/canal7slp.tv\\\/2022\\\/author\\\/edicionweb\\\/\"}]}<\/script>\n<!-- \/ Yoast SEO plugin. -->","yoast_head_json":{"title":"Helic\u00f3ptero de la ONU es derribado por rebeldes en el Congo - Canal 7 SLP - 2022","robots":{"index":"index","follow":"follow","max-snippet":"max-snippet:-1","max-image-preview":"max-image-preview:large","max-video-preview":"max-video-preview:-1"},"canonical":"https:\/\/canal7slp.tv\/2022\/helicoptero-de-la-onu-es-derribado-por-rebeldes-en-el-congo\/","og_locale":"es_ES","og_type":"article","og_title":"Helic\u00f3ptero de la ONU es derribado por rebeldes en el Congo - Canal 7 SLP - 2022","og_description":"Kinshasa.- El Ejercito de la Rep\u00fablica Democr\u00e1tica del Congo, inform\u00f3 que rebeldes derribaron un helic\u00f3ptero de la Organizaci\u00f3n de las Naciones Unidas (ONU) que transportaba a ocho soldados de paz y observadores de la organizaci\u00f3n. Cabe se\u00f1alar que la aeronave era uno de dos que realizaban vuelos de reconocimiento para la misi\u00f3n de paz de la ONU en el Congo La tripulaci\u00f3n de dicho helic\u00f3ptero se encontraba evaluando los movimientos de comunidades atacadas por un grupo rebelde, a fin de poder coordinar mejor la asistencia humanitaria. Aunado a esta informaci\u00f3n, Fuerzas del Congo y de la ONU se encuentran buscando [&hellip;]","og_url":"https:\/\/canal7slp.tv\/2022\/helicoptero-de-la-onu-es-derribado-por-rebeldes-en-el-congo\/","og_site_name":"Canal 7 SLP - 2022","article_publisher":"https:\/\/www.facebook.com\/noticieroscanalsiete","article_published_time":"2022-03-29T23:13:00+00:00","og_image":[{"width":960,"height":639,"url":"https:\/\/canal7slp.tv\/2022\/wp-content\/uploads\/2022\/03\/05-23.jpg","type":"image\/jpeg"}],"author":"Edici\u00f3n Web","twitter_card":"summary_large_image","twitter_creator":"@NOTICIEROS7","twitter_site":"@NOTICIEROS7","twitter_misc":{"Escrito por":"Edici\u00f3n Web","Tiempo de lectura":"1 minuto"},"schema":{"@context":"https:\/\/schema.org","@graph":[{"@type":"Article","@id":"https:\/\/canal7slp.tv\/2022\/helicoptero-de-la-onu-es-derribado-por-rebeldes-en-el-congo\/#article","isPartOf":{"@id":"https:\/\/canal7slp.tv\/2022\/helicoptero-de-la-onu-es-derribado-por-rebeldes-en-el-congo\/"},"author":{"name":"Edici\u00f3n Web","@id":"https:\/\/canal7slp.tv\/2022\/#\/schema\/person\/429704152a21f5f856ce29aa69a238da"},"headline":"Helic\u00f3ptero de la ONU es derribado por rebeldes en el Congo","datePublished":"2022-03-29T23:13:00+00:00","mainEntityOfPage":{"@id":"https:\/\/canal7slp.tv\/2022\/helicoptero-de-la-onu-es-derribado-por-rebeldes-en-el-congo\/"},"wordCount":129,"publisher":{"@id":"https:\/\/canal7slp.tv\/2022\/#organization"},"image":{"@id":"https:\/\/canal7slp.tv\/2022\/helicoptero-de-la-onu-es-derribado-por-rebeldes-en-el-congo\/#primaryimage"},"thumbnailUrl":"https:\/\/canal7slp.tv\/2022\/wp-content\/uploads\/2022\/03\/05-23.jpg","articleSection":["INTERNACIONALES"],"inLanguage":"es"},{"@type":"WebPage","@id":"https:\/\/canal7slp.tv\/2022\/helicoptero-de-la-onu-es-derribado-por-rebeldes-en-el-congo\/","url":"https:\/\/canal7slp.tv\/2022\/helicoptero-de-la-onu-es-derribado-por-rebeldes-en-el-congo\/","name":"Helic\u00f3ptero de la ONU es derribado por rebeldes en el Congo - Canal 7 SLP - 2022","isPartOf":{"@id":"https:\/\/canal7slp.tv\/2022\/#website"},"primaryImageOfPage":{"@id":"https:\/\/canal7slp.tv\/2022\/helicoptero-de-la-onu-es-derribado-por-rebeldes-en-el-congo\/#primaryimage"},"image":{"@id":"https:\/\/canal7slp.tv\/2022\/helicoptero-de-la-onu-es-derribado-por-rebeldes-en-el-congo\/#primaryimage"},"thumbnailUrl":"https:\/\/canal7slp.tv\/2022\/wp-content\/uploads\/2022\/03\/05-23.jpg","datePublished":"2022-03-29T23:13:00+00:00","breadcrumb":{"@id":"https:\/\/canal7slp.tv\/2022\/helicoptero-de-la-onu-es-derribado-por-rebeldes-en-el-congo\/#breadcrumb"},"inLanguage":"es","potentialAction":[{"@type":"ReadAction","target":["https:\/\/canal7slp.tv\/2022\/helicoptero-de-la-onu-es-derribado-por-rebeldes-en-el-congo\/"]}]},{"@type":"ImageObject","inLanguage":"es","@id":"https:\/\/canal7slp.tv\/2022\/helicoptero-de-la-onu-es-derribado-por-rebeldes-en-el-congo\/#primaryimage","url":"https:\/\/canal7slp.tv\/2022\/wp-content\/uploads\/2022\/03\/05-23.jpg","contentUrl":"https:\/\/canal7slp.tv\/2022\/wp-content\/uploads\/2022\/03\/05-23.jpg","width":960,"height":639},{"@type":"BreadcrumbList","@id":"https:\/\/canal7slp.tv\/2022\/helicoptero-de-la-onu-es-derribado-por-rebeldes-en-el-congo\/#breadcrumb","itemListElement":[{"@type":"ListItem","position":1,"name":"Portada","item":"https:\/\/canal7slp.tv\/2022\/"},{"@type":"ListItem","position":2,"name":"Helic\u00f3ptero de la ONU es derribado por rebeldes en el Congo"}]},{"@type":"WebSite","@id":"https:\/\/canal7slp.tv\/2022\/#website","url":"https:\/\/canal7slp.tv\/2022\/","name":"N7 - Noticieros Canal 7","description":"Somos Televisi\u00f3n","publisher":{"@id":"https:\/\/canal7slp.tv\/2022\/#organization"},"potentialAction":[{"@type":"SearchAction","target":{"@type":"EntryPoint","urlTemplate":"https:\/\/canal7slp.tv\/2022\/?s={search_term_string}"},"query-input":{"@type":"PropertyValueSpecification","valueRequired":true,"valueName":"search_term_string"}}],"inLanguage":"es"},{"@type":"Organization","@id":"https:\/\/canal7slp.tv\/2022\/#organization","name":"Noticieros Canal 7","url":"https:\/\/canal7slp.tv\/2022\/","logo":{"@type":"ImageObject","inLanguage":"es","@id":"https:\/\/canal7slp.tv\/2022\/#\/schema\/logo\/image\/","url":"https:\/\/canal7slp.tv\/2022\/wp-content\/uploads\/2021\/01\/logo-noticieros@2x.png","contentUrl":"https:\/\/canal7slp.tv\/2022\/wp-content\/uploads\/2021\/01\/logo-noticieros@2x.png","width":1017,"height":268,"caption":"Noticieros Canal 7"},"image":{"@id":"https:\/\/canal7slp.tv\/2022\/#\/schema\/logo\/image\/"},"sameAs":["https:\/\/www.facebook.com\/noticieroscanalsiete","https:\/\/x.com\/NOTICIEROS7","https:\/\/www.instagram.com\/canal7_slp","https:\/\/www.youtube.com\/channel\/UCliiYs-gP3JfJeqdPrNdd5A"]},{"@type":"Person","@id":"https:\/\/canal7slp.tv\/2022\/#\/schema\/person\/429704152a21f5f856ce29aa69a238da","name":"Edici\u00f3n Web","image":{"@type":"ImageObject","inLanguage":"es","@id":"https:\/\/secure.gravatar.com\/avatar\/eee448fc3f7164808013b816ba91ac7e43bbe82a70bebac296f8bc6f0addaa1a?s=96&d=mm&r=g","url":"https:\/\/secure.gravatar.com\/avatar\/eee448fc3f7164808013b816ba91ac7e43bbe82a70bebac296f8bc6f0addaa1a?s=96&d=mm&r=g","contentUrl":"https:\/\/secure.gravatar.com\/avatar\/eee448fc3f7164808013b816ba91ac7e43bbe82a70bebac296f8bc6f0addaa1a?s=96&d=mm&r=g","caption":"Edici\u00f3n Web"},"url":"https:\/\/canal7slp.tv\/2022\/author\/edicionweb\/"}]}},"amp_enabled":true,"_links":{"self":[{"href":"https:\/\/canal7slp.tv\/2022\/wp-json\/wp\/v2\/posts\/55558","targetHints":{"allow":["GET"]}}],"collection":[{"href":"https:\/\/canal7slp.tv\/2022\/wp-json\/wp\/v2\/posts"}],"about":[{"href":"https:\/\/canal7slp.tv\/2022\/wp-json\/wp\/v2\/types\/post"}],"author":[{"embeddable":true,"href":"https:\/\/canal7slp.tv\/2022\/wp-json\/wp\/v2\/users\/2"}],"replies":[{"embeddable":true,"href":"https:\/\/canal7slp.tv\/2022\/wp-json\/wp\/v2\/comments?post=55558"}],"version-history":[{"count":3,"href":"https:\/\/canal7slp.tv\/2022\/wp-json\/wp\/v2\/posts\/55558\/revisions"}],"predecessor-version":[{"id":55601,"href":"https:\/\/canal7slp.tv\/2022\/wp-json\/wp\/v2\/posts\/55558\/revisions\/55601"}],"wp:featuredmedia":[{"embeddable":true,"href":"https:\/\/canal7slp.tv\/2022\/wp-json\/wp\/v2\/media\/55569"}],"wp:attachment":[{"href":"https:\/\/canal7slp.tv\/2022\/wp-json\/wp\/v2\/media?parent=55558"}],"wp:term":[{"taxonomy":"category","embeddable":true,"href":"https:\/\/canal7slp.tv\/2022\/wp-json\/wp\/v2\/categories?post=55558"},{"taxonomy":"post_tag","embeddable":true,"href":"https:\/\/canal7slp.tv\/2022\/wp-json\/wp\/v2\/tags?post=55558"}],"curies":[{"name":"wp","href":"https:\/\/api.w.org\/{rel}","templated":true}]}}