{"id":55557,"date":"2022-03-29T17:13:01","date_gmt":"2022-03-29T23:13:01","guid":{"rendered":"https:\/\/canal7slp.tv\/2022\/?p=55557"},"modified":"2022-03-29T17:13:01","modified_gmt":"2022-03-29T23:13:01","slug":"onu-pide-un-alto-al-fuego-humanitario-en-ucrania","status":"publish","type":"post","link":"https:\/\/canal7slp.tv\/2022\/onu-pide-un-alto-al-fuego-humanitario-en-ucrania\/","title":{"rendered":"ONU pide un alto al fuego humanitario en Ucrania"},"content":{"rendered":"<p style=\"text-align: justify;\">Nueva York.- Ant\u00f3nio Manuel Guterres de Oliveira, Secretario General de la Organizaci\u00f3n de las Naciones Unidas (ONU), dio a conocer que se va a explorar de manera inmediata acuerdos y arreglos para un posible alto al fuego en Ucrania.<\/p>\n<p style=\"text-align: justify;\">Ant\u00f3nio Guterres se\u00f1al\u00f3 que ser\u00e1 Martin Friffiths, Jefe Humanitario de Naciones Unidas, quien se encargar\u00e1 de dichas gestiones.<\/p>\n<p style=\"text-align: justify;\">Asimismo, el Secretario General de la ONU recalc\u00f3 que un alto el fuego humanitario salvar\u00eda vidas, facilitar\u00eda el suministro de ayuda y permitir\u00eda progresar en negociaciones para lograr un acuerdo de paz.<\/p>\n<p style=\"text-align: justify;\">\u201cDesde el inicio de la invasi\u00f3n rusa hace un mes, la guerra ha llevado a la p\u00e9rdida sin sentido de miles de vidas; al desplazamiento de 10 millones de personas, sobre todo mujeres y ni\u00f1os; a la destrucci\u00f3n sistem\u00e1tica de infraestructura esencial y a un aumento vertiginoso de los precios de la comida y la energ\u00eda en todo el mundo\u201d, se\u00f1al\u00f3 Guterres de Oliveira.<\/p>\n","protected":false},"excerpt":{"rendered":"<p>Nueva York.- Ant\u00f3nio Manuel Guterres de Oliveira, Secretario General de la Organizaci\u00f3n de las Naciones Unidas (ONU), dio a conocer que se va a explorar de manera inmediata acuerdos y arreglos para un posible alto al fuego en Ucrania. Ant\u00f3nio Guterres se\u00f1al\u00f3 que ser\u00e1 Martin Friffiths, Jefe Humanitario de Naciones Unidas, quien se encargar\u00e1 de dichas gestiones. Asimismo, el Secretario General de la ONU recalc\u00f3 que un alto el fuego humanitario salvar\u00eda vidas, facilitar\u00eda el suministro de ayuda y permitir\u00eda progresar en negociaciones para lograr un acuerdo de paz. \u201cDesde el inicio de la invasi\u00f3n rusa hace un mes, la [&hellip;]<\/p>\n","protected":false},"author":2,"featured_media":55570,"comment_status":"closed","ping_status":"closed","sticky":false,"template":"","format":"standard","meta":{"footnotes":""},"categories":[44],"tags":[],"class_list":["post-55557","post","type-post","status-publish","format-standard","has-post-thumbnail","hentry","category-internacional","post--single"],"yoast_head":"<!-- This site is optimized with the Yoast SEO plugin v27.4 - https:\/\/yoast.com\/product\/yoast-seo-wordpress\/ -->\n<title>ONU pide un alto al fuego humanitario en Ucrania - Canal 7 SLP - 2022<\/title>\n<meta name=\"robots\" content=\"index, follow, max-snippet:-1, max-image-preview:large, max-video-preview:-1\" \/>\n<link rel=\"canonical\" href=\"https:\/\/canal7slp.tv\/2022\/onu-pide-un-alto-al-fuego-humanitario-en-ucrania\/\" \/>\n<meta property=\"og:locale\" content=\"es_ES\" \/>\n<meta property=\"og:type\" content=\"article\" \/>\n<meta property=\"og:title\" content=\"ONU pide un alto al fuego humanitario en Ucrania - Canal 7 SLP - 2022\" \/>\n<meta property=\"og:description\" content=\"Nueva York.- Ant\u00f3nio Manuel Guterres de Oliveira, Secretario General de la Organizaci\u00f3n de las Naciones Unidas (ONU), dio a conocer que se va a explorar de manera inmediata acuerdos y arreglos para un posible alto al fuego en Ucrania. Ant\u00f3nio Guterres se\u00f1al\u00f3 que ser\u00e1 Martin Friffiths, Jefe Humanitario de Naciones Unidas, quien se encargar\u00e1 de dichas gestiones. Asimismo, el Secretario General de la ONU recalc\u00f3 que un alto el fuego humanitario salvar\u00eda vidas, facilitar\u00eda el suministro de ayuda y permitir\u00eda progresar en negociaciones para lograr un acuerdo de paz. \u201cDesde el inicio de la invasi\u00f3n rusa hace un mes, la [&hellip;]\" \/>\n<meta property=\"og:url\" content=\"https:\/\/canal7slp.tv\/2022\/onu-pide-un-alto-al-fuego-humanitario-en-ucrania\/\" \/>\n<meta property=\"og:site_name\" content=\"Canal 7 SLP - 2022\" \/>\n<meta property=\"article:publisher\" content=\"https:\/\/www.facebook.com\/noticieroscanalsiete\" \/>\n<meta property=\"article:published_time\" content=\"2022-03-29T23:13:01+00:00\" \/>\n<meta property=\"og:image\" content=\"https:\/\/canal7slp.tv\/2022\/wp-content\/uploads\/2022\/03\/04-24.jpg\" \/>\n\t<meta property=\"og:image:width\" content=\"840\" \/>\n\t<meta property=\"og:image:height\" content=\"598\" \/>\n\t<meta property=\"og:image:type\" content=\"image\/jpeg\" \/>\n<meta name=\"author\" content=\"Edici\u00f3n Web\" \/>\n<meta name=\"twitter:card\" content=\"summary_large_image\" \/>\n<meta name=\"twitter:creator\" content=\"@NOTICIEROS7\" \/>\n<meta name=\"twitter:site\" content=\"@NOTICIEROS7\" \/>\n<meta name=\"twitter:label1\" content=\"Escrito por\" \/>\n\t<meta name=\"twitter:data1\" content=\"Edici\u00f3n Web\" \/>\n\t<meta name=\"twitter:label2\" content=\"Tiempo de lectura\" \/>\n\t<meta name=\"twitter:data2\" content=\"1 minuto\" \/>\n<script type=\"application\/ld+json\" class=\"yoast-schema-graph\">{\"@context\":\"https:\\\/\\\/schema.org\",\"@graph\":[{\"@type\":\"Article\",\"@id\":\"https:\\\/\\\/canal7slp.tv\\\/2022\\\/onu-pide-un-alto-al-fuego-humanitario-en-ucrania\\\/#article\",\"isPartOf\":{\"@id\":\"https:\\\/\\\/canal7slp.tv\\\/2022\\\/onu-pide-un-alto-al-fuego-humanitario-en-ucrania\\\/\"},\"author\":{\"name\":\"Edici\u00f3n Web\",\"@id\":\"https:\\\/\\\/canal7slp.tv\\\/2022\\\/#\\\/schema\\\/person\\\/429704152a21f5f856ce29aa69a238da\"},\"headline\":\"ONU pide un alto al fuego humanitario en Ucrania\",\"datePublished\":\"2022-03-29T23:13:01+00:00\",\"mainEntityOfPage\":{\"@id\":\"https:\\\/\\\/canal7slp.tv\\\/2022\\\/onu-pide-un-alto-al-fuego-humanitario-en-ucrania\\\/\"},\"wordCount\":176,\"publisher\":{\"@id\":\"https:\\\/\\\/canal7slp.tv\\\/2022\\\/#organization\"},\"image\":{\"@id\":\"https:\\\/\\\/canal7slp.tv\\\/2022\\\/onu-pide-un-alto-al-fuego-humanitario-en-ucrania\\\/#primaryimage\"},\"thumbnailUrl\":\"https:\\\/\\\/canal7slp.tv\\\/2022\\\/wp-content\\\/uploads\\\/2022\\\/03\\\/04-24.jpg\",\"articleSection\":[\"INTERNACIONALES\"],\"inLanguage\":\"es\"},{\"@type\":\"WebPage\",\"@id\":\"https:\\\/\\\/canal7slp.tv\\\/2022\\\/onu-pide-un-alto-al-fuego-humanitario-en-ucrania\\\/\",\"url\":\"https:\\\/\\\/canal7slp.tv\\\/2022\\\/onu-pide-un-alto-al-fuego-humanitario-en-ucrania\\\/\",\"name\":\"ONU pide un alto al fuego humanitario en Ucrania - Canal 7 SLP - 2022\",\"isPartOf\":{\"@id\":\"https:\\\/\\\/canal7slp.tv\\\/2022\\\/#website\"},\"primaryImageOfPage\":{\"@id\":\"https:\\\/\\\/canal7slp.tv\\\/2022\\\/onu-pide-un-alto-al-fuego-humanitario-en-ucrania\\\/#primaryimage\"},\"image\":{\"@id\":\"https:\\\/\\\/canal7slp.tv\\\/2022\\\/onu-pide-un-alto-al-fuego-humanitario-en-ucrania\\\/#primaryimage\"},\"thumbnailUrl\":\"https:\\\/\\\/canal7slp.tv\\\/2022\\\/wp-content\\\/uploads\\\/2022\\\/03\\\/04-24.jpg\",\"datePublished\":\"2022-03-29T23:13:01+00:00\",\"breadcrumb\":{\"@id\":\"https:\\\/\\\/canal7slp.tv\\\/2022\\\/onu-pide-un-alto-al-fuego-humanitario-en-ucrania\\\/#breadcrumb\"},\"inLanguage\":\"es\",\"potentialAction\":[{\"@type\":\"ReadAction\",\"target\":[\"https:\\\/\\\/canal7slp.tv\\\/2022\\\/onu-pide-un-alto-al-fuego-humanitario-en-ucrania\\\/\"]}]},{\"@type\":\"ImageObject\",\"inLanguage\":\"es\",\"@id\":\"https:\\\/\\\/canal7slp.tv\\\/2022\\\/onu-pide-un-alto-al-fuego-humanitario-en-ucrania\\\/#primaryimage\",\"url\":\"https:\\\/\\\/canal7slp.tv\\\/2022\\\/wp-content\\\/uploads\\\/2022\\\/03\\\/04-24.jpg\",\"contentUrl\":\"https:\\\/\\\/canal7slp.tv\\\/2022\\\/wp-content\\\/uploads\\\/2022\\\/03\\\/04-24.jpg\",\"width\":840,\"height\":598},{\"@type\":\"BreadcrumbList\",\"@id\":\"https:\\\/\\\/canal7slp.tv\\\/2022\\\/onu-pide-un-alto-al-fuego-humanitario-en-ucrania\\\/#breadcrumb\",\"itemListElement\":[{\"@type\":\"ListItem\",\"position\":1,\"name\":\"Portada\",\"item\":\"https:\\\/\\\/canal7slp.tv\\\/2022\\\/\"},{\"@type\":\"ListItem\",\"position\":2,\"name\":\"ONU pide un alto al fuego humanitario en Ucrania\"}]},{\"@type\":\"WebSite\",\"@id\":\"https:\\\/\\\/canal7slp.tv\\\/2022\\\/#website\",\"url\":\"https:\\\/\\\/canal7slp.tv\\\/2022\\\/\",\"name\":\"N7 - Noticieros Canal 7\",\"description\":\"Somos Televisi\u00f3n\",\"publisher\":{\"@id\":\"https:\\\/\\\/canal7slp.tv\\\/2022\\\/#organization\"},\"potentialAction\":[{\"@type\":\"SearchAction\",\"target\":{\"@type\":\"EntryPoint\",\"urlTemplate\":\"https:\\\/\\\/canal7slp.tv\\\/2022\\\/?s={search_term_string}\"},\"query-input\":{\"@type\":\"PropertyValueSpecification\",\"valueRequired\":true,\"valueName\":\"search_term_string\"}}],\"inLanguage\":\"es\"},{\"@type\":\"Organization\",\"@id\":\"https:\\\/\\\/canal7slp.tv\\\/2022\\\/#organization\",\"name\":\"Noticieros Canal 7\",\"url\":\"https:\\\/\\\/canal7slp.tv\\\/2022\\\/\",\"logo\":{\"@type\":\"ImageObject\",\"inLanguage\":\"es\",\"@id\":\"https:\\\/\\\/canal7slp.tv\\\/2022\\\/#\\\/schema\\\/logo\\\/image\\\/\",\"url\":\"https:\\\/\\\/canal7slp.tv\\\/2022\\\/wp-content\\\/uploads\\\/2021\\\/01\\\/logo-noticieros@2x.png\",\"contentUrl\":\"https:\\\/\\\/canal7slp.tv\\\/2022\\\/wp-content\\\/uploads\\\/2021\\\/01\\\/logo-noticieros@2x.png\",\"width\":1017,\"height\":268,\"caption\":\"Noticieros Canal 7\"},\"image\":{\"@id\":\"https:\\\/\\\/canal7slp.tv\\\/2022\\\/#\\\/schema\\\/logo\\\/image\\\/\"},\"sameAs\":[\"https:\\\/\\\/www.facebook.com\\\/noticieroscanalsiete\",\"https:\\\/\\\/x.com\\\/NOTICIEROS7\",\"https:\\\/\\\/www.instagram.com\\\/canal7_slp\",\"https:\\\/\\\/www.youtube.com\\\/channel\\\/UCliiYs-gP3JfJeqdPrNdd5A\"]},{\"@type\":\"Person\",\"@id\":\"https:\\\/\\\/canal7slp.tv\\\/2022\\\/#\\\/schema\\\/person\\\/429704152a21f5f856ce29aa69a238da\",\"name\":\"Edici\u00f3n Web\",\"image\":{\"@type\":\"ImageObject\",\"inLanguage\":\"es\",\"@id\":\"https:\\\/\\\/secure.gravatar.com\\\/avatar\\\/eee448fc3f7164808013b816ba91ac7e43bbe82a70bebac296f8bc6f0addaa1a?s=96&d=mm&r=g\",\"url\":\"https:\\\/\\\/secure.gravatar.com\\\/avatar\\\/eee448fc3f7164808013b816ba91ac7e43bbe82a70bebac296f8bc6f0addaa1a?s=96&d=mm&r=g\",\"contentUrl\":\"https:\\\/\\\/secure.gravatar.com\\\/avatar\\\/eee448fc3f7164808013b816ba91ac7e43bbe82a70bebac296f8bc6f0addaa1a?s=96&d=mm&r=g\",\"caption\":\"Edici\u00f3n Web\"},\"url\":\"https:\\\/\\\/canal7slp.tv\\\/2022\\\/author\\\/edicionweb\\\/\"}]}<\/script>\n<!-- \/ Yoast SEO plugin. -->","yoast_head_json":{"title":"ONU pide un alto al fuego humanitario en Ucrania - Canal 7 SLP - 2022","robots":{"index":"index","follow":"follow","max-snippet":"max-snippet:-1","max-image-preview":"max-image-preview:large","max-video-preview":"max-video-preview:-1"},"canonical":"https:\/\/canal7slp.tv\/2022\/onu-pide-un-alto-al-fuego-humanitario-en-ucrania\/","og_locale":"es_ES","og_type":"article","og_title":"ONU pide un alto al fuego humanitario en Ucrania - Canal 7 SLP - 2022","og_description":"Nueva York.- Ant\u00f3nio Manuel Guterres de Oliveira, Secretario General de la Organizaci\u00f3n de las Naciones Unidas (ONU), dio a conocer que se va a explorar de manera inmediata acuerdos y arreglos para un posible alto al fuego en Ucrania. Ant\u00f3nio Guterres se\u00f1al\u00f3 que ser\u00e1 Martin Friffiths, Jefe Humanitario de Naciones Unidas, quien se encargar\u00e1 de dichas gestiones. Asimismo, el Secretario General de la ONU recalc\u00f3 que un alto el fuego humanitario salvar\u00eda vidas, facilitar\u00eda el suministro de ayuda y permitir\u00eda progresar en negociaciones para lograr un acuerdo de paz. \u201cDesde el inicio de la invasi\u00f3n rusa hace un mes, la [&hellip;]","og_url":"https:\/\/canal7slp.tv\/2022\/onu-pide-un-alto-al-fuego-humanitario-en-ucrania\/","og_site_name":"Canal 7 SLP - 2022","article_publisher":"https:\/\/www.facebook.com\/noticieroscanalsiete","article_published_time":"2022-03-29T23:13:01+00:00","og_image":[{"width":840,"height":598,"url":"https:\/\/canal7slp.tv\/2022\/wp-content\/uploads\/2022\/03\/04-24.jpg","type":"image\/jpeg"}],"author":"Edici\u00f3n Web","twitter_card":"summary_large_image","twitter_creator":"@NOTICIEROS7","twitter_site":"@NOTICIEROS7","twitter_misc":{"Escrito por":"Edici\u00f3n Web","Tiempo de lectura":"1 minuto"},"schema":{"@context":"https:\/\/schema.org","@graph":[{"@type":"Article","@id":"https:\/\/canal7slp.tv\/2022\/onu-pide-un-alto-al-fuego-humanitario-en-ucrania\/#article","isPartOf":{"@id":"https:\/\/canal7slp.tv\/2022\/onu-pide-un-alto-al-fuego-humanitario-en-ucrania\/"},"author":{"name":"Edici\u00f3n Web","@id":"https:\/\/canal7slp.tv\/2022\/#\/schema\/person\/429704152a21f5f856ce29aa69a238da"},"headline":"ONU pide un alto al fuego humanitario en Ucrania","datePublished":"2022-03-29T23:13:01+00:00","mainEntityOfPage":{"@id":"https:\/\/canal7slp.tv\/2022\/onu-pide-un-alto-al-fuego-humanitario-en-ucrania\/"},"wordCount":176,"publisher":{"@id":"https:\/\/canal7slp.tv\/2022\/#organization"},"image":{"@id":"https:\/\/canal7slp.tv\/2022\/onu-pide-un-alto-al-fuego-humanitario-en-ucrania\/#primaryimage"},"thumbnailUrl":"https:\/\/canal7slp.tv\/2022\/wp-content\/uploads\/2022\/03\/04-24.jpg","articleSection":["INTERNACIONALES"],"inLanguage":"es"},{"@type":"WebPage","@id":"https:\/\/canal7slp.tv\/2022\/onu-pide-un-alto-al-fuego-humanitario-en-ucrania\/","url":"https:\/\/canal7slp.tv\/2022\/onu-pide-un-alto-al-fuego-humanitario-en-ucrania\/","name":"ONU pide un alto al fuego humanitario en Ucrania - Canal 7 SLP - 2022","isPartOf":{"@id":"https:\/\/canal7slp.tv\/2022\/#website"},"primaryImageOfPage":{"@id":"https:\/\/canal7slp.tv\/2022\/onu-pide-un-alto-al-fuego-humanitario-en-ucrania\/#primaryimage"},"image":{"@id":"https:\/\/canal7slp.tv\/2022\/onu-pide-un-alto-al-fuego-humanitario-en-ucrania\/#primaryimage"},"thumbnailUrl":"https:\/\/canal7slp.tv\/2022\/wp-content\/uploads\/2022\/03\/04-24.jpg","datePublished":"2022-03-29T23:13:01+00:00","breadcrumb":{"@id":"https:\/\/canal7slp.tv\/2022\/onu-pide-un-alto-al-fuego-humanitario-en-ucrania\/#breadcrumb"},"inLanguage":"es","potentialAction":[{"@type":"ReadAction","target":["https:\/\/canal7slp.tv\/2022\/onu-pide-un-alto-al-fuego-humanitario-en-ucrania\/"]}]},{"@type":"ImageObject","inLanguage":"es","@id":"https:\/\/canal7slp.tv\/2022\/onu-pide-un-alto-al-fuego-humanitario-en-ucrania\/#primaryimage","url":"https:\/\/canal7slp.tv\/2022\/wp-content\/uploads\/2022\/03\/04-24.jpg","contentUrl":"https:\/\/canal7slp.tv\/2022\/wp-content\/uploads\/2022\/03\/04-24.jpg","width":840,"height":598},{"@type":"BreadcrumbList","@id":"https:\/\/canal7slp.tv\/2022\/onu-pide-un-alto-al-fuego-humanitario-en-ucrania\/#breadcrumb","itemListElement":[{"@type":"ListItem","position":1,"name":"Portada","item":"https:\/\/canal7slp.tv\/2022\/"},{"@type":"ListItem","position":2,"name":"ONU pide un alto al fuego humanitario en Ucrania"}]},{"@type":"WebSite","@id":"https:\/\/canal7slp.tv\/2022\/#website","url":"https:\/\/canal7slp.tv\/2022\/","name":"N7 - Noticieros Canal 7","description":"Somos Televisi\u00f3n","publisher":{"@id":"https:\/\/canal7slp.tv\/2022\/#organization"},"potentialAction":[{"@type":"SearchAction","target":{"@type":"EntryPoint","urlTemplate":"https:\/\/canal7slp.tv\/2022\/?s={search_term_string}"},"query-input":{"@type":"PropertyValueSpecification","valueRequired":true,"valueName":"search_term_string"}}],"inLanguage":"es"},{"@type":"Organization","@id":"https:\/\/canal7slp.tv\/2022\/#organization","name":"Noticieros Canal 7","url":"https:\/\/canal7slp.tv\/2022\/","logo":{"@type":"ImageObject","inLanguage":"es","@id":"https:\/\/canal7slp.tv\/2022\/#\/schema\/logo\/image\/","url":"https:\/\/canal7slp.tv\/2022\/wp-content\/uploads\/2021\/01\/logo-noticieros@2x.png","contentUrl":"https:\/\/canal7slp.tv\/2022\/wp-content\/uploads\/2021\/01\/logo-noticieros@2x.png","width":1017,"height":268,"caption":"Noticieros Canal 7"},"image":{"@id":"https:\/\/canal7slp.tv\/2022\/#\/schema\/logo\/image\/"},"sameAs":["https:\/\/www.facebook.com\/noticieroscanalsiete","https:\/\/x.com\/NOTICIEROS7","https:\/\/www.instagram.com\/canal7_slp","https:\/\/www.youtube.com\/channel\/UCliiYs-gP3JfJeqdPrNdd5A"]},{"@type":"Person","@id":"https:\/\/canal7slp.tv\/2022\/#\/schema\/person\/429704152a21f5f856ce29aa69a238da","name":"Edici\u00f3n Web","image":{"@type":"ImageObject","inLanguage":"es","@id":"https:\/\/secure.gravatar.com\/avatar\/eee448fc3f7164808013b816ba91ac7e43bbe82a70bebac296f8bc6f0addaa1a?s=96&d=mm&r=g","url":"https:\/\/secure.gravatar.com\/avatar\/eee448fc3f7164808013b816ba91ac7e43bbe82a70bebac296f8bc6f0addaa1a?s=96&d=mm&r=g","contentUrl":"https:\/\/secure.gravatar.com\/avatar\/eee448fc3f7164808013b816ba91ac7e43bbe82a70bebac296f8bc6f0addaa1a?s=96&d=mm&r=g","caption":"Edici\u00f3n Web"},"url":"https:\/\/canal7slp.tv\/2022\/author\/edicionweb\/"}]}},"amp_enabled":true,"_links":{"self":[{"href":"https:\/\/canal7slp.tv\/2022\/wp-json\/wp\/v2\/posts\/55557","targetHints":{"allow":["GET"]}}],"collection":[{"href":"https:\/\/canal7slp.tv\/2022\/wp-json\/wp\/v2\/posts"}],"about":[{"href":"https:\/\/canal7slp.tv\/2022\/wp-json\/wp\/v2\/types\/post"}],"author":[{"embeddable":true,"href":"https:\/\/canal7slp.tv\/2022\/wp-json\/wp\/v2\/users\/2"}],"replies":[{"embeddable":true,"href":"https:\/\/canal7slp.tv\/2022\/wp-json\/wp\/v2\/comments?post=55557"}],"version-history":[{"count":2,"href":"https:\/\/canal7slp.tv\/2022\/wp-json\/wp\/v2\/posts\/55557\/revisions"}],"predecessor-version":[{"id":55575,"href":"https:\/\/canal7slp.tv\/2022\/wp-json\/wp\/v2\/posts\/55557\/revisions\/55575"}],"wp:featuredmedia":[{"embeddable":true,"href":"https:\/\/canal7slp.tv\/2022\/wp-json\/wp\/v2\/media\/55570"}],"wp:attachment":[{"href":"https:\/\/canal7slp.tv\/2022\/wp-json\/wp\/v2\/media?parent=55557"}],"wp:term":[{"taxonomy":"category","embeddable":true,"href":"https:\/\/canal7slp.tv\/2022\/wp-json\/wp\/v2\/categories?post=55557"},{"taxonomy":"post_tag","embeddable":true,"href":"https:\/\/canal7slp.tv\/2022\/wp-json\/wp\/v2\/tags?post=55557"}],"curies":[{"name":"wp","href":"https:\/\/api.w.org\/{rel}","templated":true}]}}