{"id":55556,"date":"2022-03-29T17:13:07","date_gmt":"2022-03-29T23:13:07","guid":{"rendered":"https:\/\/canal7slp.tv\/2022\/?p=55556"},"modified":"2022-03-29T17:13:07","modified_gmt":"2022-03-29T23:13:07","slug":"federacion-anuncia-reunion-con-gobernadores-de-nuevo-leon-y-jalisco","status":"publish","type":"post","link":"https:\/\/canal7slp.tv\/2022\/federacion-anuncia-reunion-con-gobernadores-de-nuevo-leon-y-jalisco\/","title":{"rendered":"Federaci\u00f3n anuncia reuni\u00f3n con gobernadores de Nuevo Le\u00f3n y Jalisco"},"content":{"rendered":"<p style=\"text-align: justify;\">M\u00e9xico.- El presidente Andr\u00e9s Manuel L\u00f3pez Obrador dio a conocer que se reunir\u00e1 con los gobernadores de Jalisco y Nuevo Le\u00f3n a fin de tratar el desabasto de agua en dichas entidades.<\/p>\n<p style=\"text-align: justify;\">\u201cHoy tengo reuni\u00f3n con el gobernador de Nuevo Le\u00f3n y Jalisco y en los dos casos el tema principal es el agua, m\u00e1s en lo que corresponde a Nuevo Le\u00f3n, aunque tambi\u00e9n se atiende el problema de agua en Jalisco\u201d, coment\u00f3.<\/p>\n<p style=\"text-align: justify;\">L\u00f3pez Obrador se\u00f1al\u00f3 que en el caso de Nuevo Le\u00f3n, la federaci\u00f3n ha invertido dos mil millones de pesos para garantizar el abasto del vital l\u00edquido en la zona metropolitana de Monterrey.<\/p>\n<p style=\"text-align: justify;\">Asimismo, el presidente de M\u00e9xico descart\u00f3 que se utilice agua del R\u00edo P\u00e1nuco para el caso de Nuevo Le\u00f3n, ya que existe una negativa por parte de los gobiernos de San Luis Potos\u00ed, Hidalgo, Tamaulipas y Veracruz.<\/p>\n","protected":false},"excerpt":{"rendered":"<p>M\u00e9xico.- El presidente Andr\u00e9s Manuel L\u00f3pez Obrador dio a conocer que se reunir\u00e1 con los gobernadores de Jalisco y Nuevo Le\u00f3n a fin de tratar el desabasto de agua en dichas entidades. \u201cHoy tengo reuni\u00f3n con el gobernador de Nuevo Le\u00f3n y Jalisco y en los dos casos el tema principal es el agua, m\u00e1s en lo que corresponde a Nuevo Le\u00f3n, aunque tambi\u00e9n se atiende el problema de agua en Jalisco\u201d, coment\u00f3. L\u00f3pez Obrador se\u00f1al\u00f3 que en el caso de Nuevo Le\u00f3n, la federaci\u00f3n ha invertido dos mil millones de pesos para garantizar el abasto del vital l\u00edquido en [&hellip;]<\/p>\n","protected":false},"author":2,"featured_media":55568,"comment_status":"closed","ping_status":"closed","sticky":false,"template":"","format":"standard","meta":{"footnotes":""},"categories":[46],"tags":[],"class_list":["post-55556","post","type-post","status-publish","format-standard","has-post-thumbnail","hentry","category-nacional","post--single"],"yoast_head":"<!-- This site is optimized with the Yoast SEO plugin v27.4 - https:\/\/yoast.com\/product\/yoast-seo-wordpress\/ -->\n<title>Federaci\u00f3n anuncia reuni\u00f3n con gobernadores de Nuevo Le\u00f3n y Jalisco - Canal 7 SLP - 2022<\/title>\n<meta name=\"robots\" content=\"index, follow, max-snippet:-1, max-image-preview:large, max-video-preview:-1\" \/>\n<link rel=\"canonical\" href=\"https:\/\/canal7slp.tv\/2022\/federacion-anuncia-reunion-con-gobernadores-de-nuevo-leon-y-jalisco\/\" \/>\n<meta property=\"og:locale\" content=\"es_ES\" \/>\n<meta property=\"og:type\" content=\"article\" \/>\n<meta property=\"og:title\" content=\"Federaci\u00f3n anuncia reuni\u00f3n con gobernadores de Nuevo Le\u00f3n y Jalisco - Canal 7 SLP - 2022\" \/>\n<meta property=\"og:description\" content=\"M\u00e9xico.- El presidente Andr\u00e9s Manuel L\u00f3pez Obrador dio a conocer que se reunir\u00e1 con los gobernadores de Jalisco y Nuevo Le\u00f3n a fin de tratar el desabasto de agua en dichas entidades. \u201cHoy tengo reuni\u00f3n con el gobernador de Nuevo Le\u00f3n y Jalisco y en los dos casos el tema principal es el agua, m\u00e1s en lo que corresponde a Nuevo Le\u00f3n, aunque tambi\u00e9n se atiende el problema de agua en Jalisco\u201d, coment\u00f3. L\u00f3pez Obrador se\u00f1al\u00f3 que en el caso de Nuevo Le\u00f3n, la federaci\u00f3n ha invertido dos mil millones de pesos para garantizar el abasto del vital l\u00edquido en [&hellip;]\" \/>\n<meta property=\"og:url\" content=\"https:\/\/canal7slp.tv\/2022\/federacion-anuncia-reunion-con-gobernadores-de-nuevo-leon-y-jalisco\/\" \/>\n<meta property=\"og:site_name\" content=\"Canal 7 SLP - 2022\" \/>\n<meta property=\"article:publisher\" content=\"https:\/\/www.facebook.com\/noticieroscanalsiete\" \/>\n<meta property=\"article:published_time\" content=\"2022-03-29T23:13:07+00:00\" \/>\n<meta property=\"og:image\" content=\"https:\/\/canal7slp.tv\/2022\/wp-content\/uploads\/2022\/03\/03-22.jpg\" \/>\n\t<meta property=\"og:image:width\" content=\"1200\" \/>\n\t<meta property=\"og:image:height\" content=\"746\" \/>\n\t<meta property=\"og:image:type\" content=\"image\/jpeg\" \/>\n<meta name=\"author\" content=\"Edici\u00f3n Web\" \/>\n<meta name=\"twitter:card\" content=\"summary_large_image\" \/>\n<meta name=\"twitter:creator\" content=\"@NOTICIEROS7\" \/>\n<meta name=\"twitter:site\" content=\"@NOTICIEROS7\" \/>\n<meta name=\"twitter:label1\" content=\"Escrito por\" \/>\n\t<meta name=\"twitter:data1\" content=\"Edici\u00f3n Web\" \/>\n\t<meta name=\"twitter:label2\" content=\"Tiempo de lectura\" \/>\n\t<meta name=\"twitter:data2\" content=\"1 minuto\" \/>\n<script type=\"application\/ld+json\" class=\"yoast-schema-graph\">{\"@context\":\"https:\\\/\\\/schema.org\",\"@graph\":[{\"@type\":\"Article\",\"@id\":\"https:\\\/\\\/canal7slp.tv\\\/2022\\\/federacion-anuncia-reunion-con-gobernadores-de-nuevo-leon-y-jalisco\\\/#article\",\"isPartOf\":{\"@id\":\"https:\\\/\\\/canal7slp.tv\\\/2022\\\/federacion-anuncia-reunion-con-gobernadores-de-nuevo-leon-y-jalisco\\\/\"},\"author\":{\"name\":\"Edici\u00f3n Web\",\"@id\":\"https:\\\/\\\/canal7slp.tv\\\/2022\\\/#\\\/schema\\\/person\\\/429704152a21f5f856ce29aa69a238da\"},\"headline\":\"Federaci\u00f3n anuncia reuni\u00f3n con gobernadores de Nuevo Le\u00f3n y Jalisco\",\"datePublished\":\"2022-03-29T23:13:07+00:00\",\"mainEntityOfPage\":{\"@id\":\"https:\\\/\\\/canal7slp.tv\\\/2022\\\/federacion-anuncia-reunion-con-gobernadores-de-nuevo-leon-y-jalisco\\\/\"},\"wordCount\":174,\"publisher\":{\"@id\":\"https:\\\/\\\/canal7slp.tv\\\/2022\\\/#organization\"},\"image\":{\"@id\":\"https:\\\/\\\/canal7slp.tv\\\/2022\\\/federacion-anuncia-reunion-con-gobernadores-de-nuevo-leon-y-jalisco\\\/#primaryimage\"},\"thumbnailUrl\":\"https:\\\/\\\/canal7slp.tv\\\/2022\\\/wp-content\\\/uploads\\\/2022\\\/03\\\/03-22.jpg\",\"articleSection\":[\"NACIONALES\"],\"inLanguage\":\"es\"},{\"@type\":\"WebPage\",\"@id\":\"https:\\\/\\\/canal7slp.tv\\\/2022\\\/federacion-anuncia-reunion-con-gobernadores-de-nuevo-leon-y-jalisco\\\/\",\"url\":\"https:\\\/\\\/canal7slp.tv\\\/2022\\\/federacion-anuncia-reunion-con-gobernadores-de-nuevo-leon-y-jalisco\\\/\",\"name\":\"Federaci\u00f3n anuncia reuni\u00f3n con gobernadores de Nuevo Le\u00f3n y Jalisco - Canal 7 SLP - 2022\",\"isPartOf\":{\"@id\":\"https:\\\/\\\/canal7slp.tv\\\/2022\\\/#website\"},\"primaryImageOfPage\":{\"@id\":\"https:\\\/\\\/canal7slp.tv\\\/2022\\\/federacion-anuncia-reunion-con-gobernadores-de-nuevo-leon-y-jalisco\\\/#primaryimage\"},\"image\":{\"@id\":\"https:\\\/\\\/canal7slp.tv\\\/2022\\\/federacion-anuncia-reunion-con-gobernadores-de-nuevo-leon-y-jalisco\\\/#primaryimage\"},\"thumbnailUrl\":\"https:\\\/\\\/canal7slp.tv\\\/2022\\\/wp-content\\\/uploads\\\/2022\\\/03\\\/03-22.jpg\",\"datePublished\":\"2022-03-29T23:13:07+00:00\",\"breadcrumb\":{\"@id\":\"https:\\\/\\\/canal7slp.tv\\\/2022\\\/federacion-anuncia-reunion-con-gobernadores-de-nuevo-leon-y-jalisco\\\/#breadcrumb\"},\"inLanguage\":\"es\",\"potentialAction\":[{\"@type\":\"ReadAction\",\"target\":[\"https:\\\/\\\/canal7slp.tv\\\/2022\\\/federacion-anuncia-reunion-con-gobernadores-de-nuevo-leon-y-jalisco\\\/\"]}]},{\"@type\":\"ImageObject\",\"inLanguage\":\"es\",\"@id\":\"https:\\\/\\\/canal7slp.tv\\\/2022\\\/federacion-anuncia-reunion-con-gobernadores-de-nuevo-leon-y-jalisco\\\/#primaryimage\",\"url\":\"https:\\\/\\\/canal7slp.tv\\\/2022\\\/wp-content\\\/uploads\\\/2022\\\/03\\\/03-22.jpg\",\"contentUrl\":\"https:\\\/\\\/canal7slp.tv\\\/2022\\\/wp-content\\\/uploads\\\/2022\\\/03\\\/03-22.jpg\",\"width\":1200,\"height\":746},{\"@type\":\"BreadcrumbList\",\"@id\":\"https:\\\/\\\/canal7slp.tv\\\/2022\\\/federacion-anuncia-reunion-con-gobernadores-de-nuevo-leon-y-jalisco\\\/#breadcrumb\",\"itemListElement\":[{\"@type\":\"ListItem\",\"position\":1,\"name\":\"Portada\",\"item\":\"https:\\\/\\\/canal7slp.tv\\\/2022\\\/\"},{\"@type\":\"ListItem\",\"position\":2,\"name\":\"Federaci\u00f3n anuncia reuni\u00f3n con gobernadores de Nuevo Le\u00f3n y Jalisco\"}]},{\"@type\":\"WebSite\",\"@id\":\"https:\\\/\\\/canal7slp.tv\\\/2022\\\/#website\",\"url\":\"https:\\\/\\\/canal7slp.tv\\\/2022\\\/\",\"name\":\"N7 - Noticieros Canal 7\",\"description\":\"Somos Televisi\u00f3n\",\"publisher\":{\"@id\":\"https:\\\/\\\/canal7slp.tv\\\/2022\\\/#organization\"},\"potentialAction\":[{\"@type\":\"SearchAction\",\"target\":{\"@type\":\"EntryPoint\",\"urlTemplate\":\"https:\\\/\\\/canal7slp.tv\\\/2022\\\/?s={search_term_string}\"},\"query-input\":{\"@type\":\"PropertyValueSpecification\",\"valueRequired\":true,\"valueName\":\"search_term_string\"}}],\"inLanguage\":\"es\"},{\"@type\":\"Organization\",\"@id\":\"https:\\\/\\\/canal7slp.tv\\\/2022\\\/#organization\",\"name\":\"Noticieros Canal 7\",\"url\":\"https:\\\/\\\/canal7slp.tv\\\/2022\\\/\",\"logo\":{\"@type\":\"ImageObject\",\"inLanguage\":\"es\",\"@id\":\"https:\\\/\\\/canal7slp.tv\\\/2022\\\/#\\\/schema\\\/logo\\\/image\\\/\",\"url\":\"https:\\\/\\\/canal7slp.tv\\\/2022\\\/wp-content\\\/uploads\\\/2021\\\/01\\\/logo-noticieros@2x.png\",\"contentUrl\":\"https:\\\/\\\/canal7slp.tv\\\/2022\\\/wp-content\\\/uploads\\\/2021\\\/01\\\/logo-noticieros@2x.png\",\"width\":1017,\"height\":268,\"caption\":\"Noticieros Canal 7\"},\"image\":{\"@id\":\"https:\\\/\\\/canal7slp.tv\\\/2022\\\/#\\\/schema\\\/logo\\\/image\\\/\"},\"sameAs\":[\"https:\\\/\\\/www.facebook.com\\\/noticieroscanalsiete\",\"https:\\\/\\\/x.com\\\/NOTICIEROS7\",\"https:\\\/\\\/www.instagram.com\\\/canal7_slp\",\"https:\\\/\\\/www.youtube.com\\\/channel\\\/UCliiYs-gP3JfJeqdPrNdd5A\"]},{\"@type\":\"Person\",\"@id\":\"https:\\\/\\\/canal7slp.tv\\\/2022\\\/#\\\/schema\\\/person\\\/429704152a21f5f856ce29aa69a238da\",\"name\":\"Edici\u00f3n Web\",\"image\":{\"@type\":\"ImageObject\",\"inLanguage\":\"es\",\"@id\":\"https:\\\/\\\/secure.gravatar.com\\\/avatar\\\/eee448fc3f7164808013b816ba91ac7e43bbe82a70bebac296f8bc6f0addaa1a?s=96&d=mm&r=g\",\"url\":\"https:\\\/\\\/secure.gravatar.com\\\/avatar\\\/eee448fc3f7164808013b816ba91ac7e43bbe82a70bebac296f8bc6f0addaa1a?s=96&d=mm&r=g\",\"contentUrl\":\"https:\\\/\\\/secure.gravatar.com\\\/avatar\\\/eee448fc3f7164808013b816ba91ac7e43bbe82a70bebac296f8bc6f0addaa1a?s=96&d=mm&r=g\",\"caption\":\"Edici\u00f3n Web\"},\"url\":\"https:\\\/\\\/canal7slp.tv\\\/2022\\\/author\\\/edicionweb\\\/\"}]}<\/script>\n<!-- \/ Yoast SEO plugin. -->","yoast_head_json":{"title":"Federaci\u00f3n anuncia reuni\u00f3n con gobernadores de Nuevo Le\u00f3n y Jalisco - Canal 7 SLP - 2022","robots":{"index":"index","follow":"follow","max-snippet":"max-snippet:-1","max-image-preview":"max-image-preview:large","max-video-preview":"max-video-preview:-1"},"canonical":"https:\/\/canal7slp.tv\/2022\/federacion-anuncia-reunion-con-gobernadores-de-nuevo-leon-y-jalisco\/","og_locale":"es_ES","og_type":"article","og_title":"Federaci\u00f3n anuncia reuni\u00f3n con gobernadores de Nuevo Le\u00f3n y Jalisco - Canal 7 SLP - 2022","og_description":"M\u00e9xico.- El presidente Andr\u00e9s Manuel L\u00f3pez Obrador dio a conocer que se reunir\u00e1 con los gobernadores de Jalisco y Nuevo Le\u00f3n a fin de tratar el desabasto de agua en dichas entidades. \u201cHoy tengo reuni\u00f3n con el gobernador de Nuevo Le\u00f3n y Jalisco y en los dos casos el tema principal es el agua, m\u00e1s en lo que corresponde a Nuevo Le\u00f3n, aunque tambi\u00e9n se atiende el problema de agua en Jalisco\u201d, coment\u00f3. L\u00f3pez Obrador se\u00f1al\u00f3 que en el caso de Nuevo Le\u00f3n, la federaci\u00f3n ha invertido dos mil millones de pesos para garantizar el abasto del vital l\u00edquido en [&hellip;]","og_url":"https:\/\/canal7slp.tv\/2022\/federacion-anuncia-reunion-con-gobernadores-de-nuevo-leon-y-jalisco\/","og_site_name":"Canal 7 SLP - 2022","article_publisher":"https:\/\/www.facebook.com\/noticieroscanalsiete","article_published_time":"2022-03-29T23:13:07+00:00","og_image":[{"width":1200,"height":746,"url":"https:\/\/canal7slp.tv\/2022\/wp-content\/uploads\/2022\/03\/03-22.jpg","type":"image\/jpeg"}],"author":"Edici\u00f3n Web","twitter_card":"summary_large_image","twitter_creator":"@NOTICIEROS7","twitter_site":"@NOTICIEROS7","twitter_misc":{"Escrito por":"Edici\u00f3n Web","Tiempo de lectura":"1 minuto"},"schema":{"@context":"https:\/\/schema.org","@graph":[{"@type":"Article","@id":"https:\/\/canal7slp.tv\/2022\/federacion-anuncia-reunion-con-gobernadores-de-nuevo-leon-y-jalisco\/#article","isPartOf":{"@id":"https:\/\/canal7slp.tv\/2022\/federacion-anuncia-reunion-con-gobernadores-de-nuevo-leon-y-jalisco\/"},"author":{"name":"Edici\u00f3n Web","@id":"https:\/\/canal7slp.tv\/2022\/#\/schema\/person\/429704152a21f5f856ce29aa69a238da"},"headline":"Federaci\u00f3n anuncia reuni\u00f3n con gobernadores de Nuevo Le\u00f3n y Jalisco","datePublished":"2022-03-29T23:13:07+00:00","mainEntityOfPage":{"@id":"https:\/\/canal7slp.tv\/2022\/federacion-anuncia-reunion-con-gobernadores-de-nuevo-leon-y-jalisco\/"},"wordCount":174,"publisher":{"@id":"https:\/\/canal7slp.tv\/2022\/#organization"},"image":{"@id":"https:\/\/canal7slp.tv\/2022\/federacion-anuncia-reunion-con-gobernadores-de-nuevo-leon-y-jalisco\/#primaryimage"},"thumbnailUrl":"https:\/\/canal7slp.tv\/2022\/wp-content\/uploads\/2022\/03\/03-22.jpg","articleSection":["NACIONALES"],"inLanguage":"es"},{"@type":"WebPage","@id":"https:\/\/canal7slp.tv\/2022\/federacion-anuncia-reunion-con-gobernadores-de-nuevo-leon-y-jalisco\/","url":"https:\/\/canal7slp.tv\/2022\/federacion-anuncia-reunion-con-gobernadores-de-nuevo-leon-y-jalisco\/","name":"Federaci\u00f3n anuncia reuni\u00f3n con gobernadores de Nuevo Le\u00f3n y Jalisco - Canal 7 SLP - 2022","isPartOf":{"@id":"https:\/\/canal7slp.tv\/2022\/#website"},"primaryImageOfPage":{"@id":"https:\/\/canal7slp.tv\/2022\/federacion-anuncia-reunion-con-gobernadores-de-nuevo-leon-y-jalisco\/#primaryimage"},"image":{"@id":"https:\/\/canal7slp.tv\/2022\/federacion-anuncia-reunion-con-gobernadores-de-nuevo-leon-y-jalisco\/#primaryimage"},"thumbnailUrl":"https:\/\/canal7slp.tv\/2022\/wp-content\/uploads\/2022\/03\/03-22.jpg","datePublished":"2022-03-29T23:13:07+00:00","breadcrumb":{"@id":"https:\/\/canal7slp.tv\/2022\/federacion-anuncia-reunion-con-gobernadores-de-nuevo-leon-y-jalisco\/#breadcrumb"},"inLanguage":"es","potentialAction":[{"@type":"ReadAction","target":["https:\/\/canal7slp.tv\/2022\/federacion-anuncia-reunion-con-gobernadores-de-nuevo-leon-y-jalisco\/"]}]},{"@type":"ImageObject","inLanguage":"es","@id":"https:\/\/canal7slp.tv\/2022\/federacion-anuncia-reunion-con-gobernadores-de-nuevo-leon-y-jalisco\/#primaryimage","url":"https:\/\/canal7slp.tv\/2022\/wp-content\/uploads\/2022\/03\/03-22.jpg","contentUrl":"https:\/\/canal7slp.tv\/2022\/wp-content\/uploads\/2022\/03\/03-22.jpg","width":1200,"height":746},{"@type":"BreadcrumbList","@id":"https:\/\/canal7slp.tv\/2022\/federacion-anuncia-reunion-con-gobernadores-de-nuevo-leon-y-jalisco\/#breadcrumb","itemListElement":[{"@type":"ListItem","position":1,"name":"Portada","item":"https:\/\/canal7slp.tv\/2022\/"},{"@type":"ListItem","position":2,"name":"Federaci\u00f3n anuncia reuni\u00f3n con gobernadores de Nuevo Le\u00f3n y Jalisco"}]},{"@type":"WebSite","@id":"https:\/\/canal7slp.tv\/2022\/#website","url":"https:\/\/canal7slp.tv\/2022\/","name":"N7 - Noticieros Canal 7","description":"Somos Televisi\u00f3n","publisher":{"@id":"https:\/\/canal7slp.tv\/2022\/#organization"},"potentialAction":[{"@type":"SearchAction","target":{"@type":"EntryPoint","urlTemplate":"https:\/\/canal7slp.tv\/2022\/?s={search_term_string}"},"query-input":{"@type":"PropertyValueSpecification","valueRequired":true,"valueName":"search_term_string"}}],"inLanguage":"es"},{"@type":"Organization","@id":"https:\/\/canal7slp.tv\/2022\/#organization","name":"Noticieros Canal 7","url":"https:\/\/canal7slp.tv\/2022\/","logo":{"@type":"ImageObject","inLanguage":"es","@id":"https:\/\/canal7slp.tv\/2022\/#\/schema\/logo\/image\/","url":"https:\/\/canal7slp.tv\/2022\/wp-content\/uploads\/2021\/01\/logo-noticieros@2x.png","contentUrl":"https:\/\/canal7slp.tv\/2022\/wp-content\/uploads\/2021\/01\/logo-noticieros@2x.png","width":1017,"height":268,"caption":"Noticieros Canal 7"},"image":{"@id":"https:\/\/canal7slp.tv\/2022\/#\/schema\/logo\/image\/"},"sameAs":["https:\/\/www.facebook.com\/noticieroscanalsiete","https:\/\/x.com\/NOTICIEROS7","https:\/\/www.instagram.com\/canal7_slp","https:\/\/www.youtube.com\/channel\/UCliiYs-gP3JfJeqdPrNdd5A"]},{"@type":"Person","@id":"https:\/\/canal7slp.tv\/2022\/#\/schema\/person\/429704152a21f5f856ce29aa69a238da","name":"Edici\u00f3n Web","image":{"@type":"ImageObject","inLanguage":"es","@id":"https:\/\/secure.gravatar.com\/avatar\/eee448fc3f7164808013b816ba91ac7e43bbe82a70bebac296f8bc6f0addaa1a?s=96&d=mm&r=g","url":"https:\/\/secure.gravatar.com\/avatar\/eee448fc3f7164808013b816ba91ac7e43bbe82a70bebac296f8bc6f0addaa1a?s=96&d=mm&r=g","contentUrl":"https:\/\/secure.gravatar.com\/avatar\/eee448fc3f7164808013b816ba91ac7e43bbe82a70bebac296f8bc6f0addaa1a?s=96&d=mm&r=g","caption":"Edici\u00f3n Web"},"url":"https:\/\/canal7slp.tv\/2022\/author\/edicionweb\/"}]}},"amp_enabled":true,"_links":{"self":[{"href":"https:\/\/canal7slp.tv\/2022\/wp-json\/wp\/v2\/posts\/55556","targetHints":{"allow":["GET"]}}],"collection":[{"href":"https:\/\/canal7slp.tv\/2022\/wp-json\/wp\/v2\/posts"}],"about":[{"href":"https:\/\/canal7slp.tv\/2022\/wp-json\/wp\/v2\/types\/post"}],"author":[{"embeddable":true,"href":"https:\/\/canal7slp.tv\/2022\/wp-json\/wp\/v2\/users\/2"}],"replies":[{"embeddable":true,"href":"https:\/\/canal7slp.tv\/2022\/wp-json\/wp\/v2\/comments?post=55556"}],"version-history":[{"count":2,"href":"https:\/\/canal7slp.tv\/2022\/wp-json\/wp\/v2\/posts\/55556\/revisions"}],"predecessor-version":[{"id":55574,"href":"https:\/\/canal7slp.tv\/2022\/wp-json\/wp\/v2\/posts\/55556\/revisions\/55574"}],"wp:featuredmedia":[{"embeddable":true,"href":"https:\/\/canal7slp.tv\/2022\/wp-json\/wp\/v2\/media\/55568"}],"wp:attachment":[{"href":"https:\/\/canal7slp.tv\/2022\/wp-json\/wp\/v2\/media?parent=55556"}],"wp:term":[{"taxonomy":"category","embeddable":true,"href":"https:\/\/canal7slp.tv\/2022\/wp-json\/wp\/v2\/categories?post=55556"},{"taxonomy":"post_tag","embeddable":true,"href":"https:\/\/canal7slp.tv\/2022\/wp-json\/wp\/v2\/tags?post=55556"}],"curies":[{"name":"wp","href":"https:\/\/api.w.org\/{rel}","templated":true}]}}