{"id":55555,"date":"2022-03-29T17:13:08","date_gmt":"2022-03-29T23:13:08","guid":{"rendered":"https:\/\/canal7slp.tv\/2022\/?p=55555"},"modified":"2022-03-29T17:13:08","modified_gmt":"2022-03-29T23:13:08","slug":"sep-y-ss-hacen-un-llamado-a-un-regreso-total-de-clases-presenciales","status":"publish","type":"post","link":"https:\/\/canal7slp.tv\/2022\/sep-y-ss-hacen-un-llamado-a-un-regreso-total-de-clases-presenciales\/","title":{"rendered":"SEP y SS hacen un llamado a un regreso total de clases presenciales"},"content":{"rendered":"<p style=\"text-align: justify;\">M\u00e9xico.- La Secretar\u00edas de Educaci\u00f3n P\u00fablica y Salud hicieron un llamado para que todos los planteles educativos regresen en su totalidad a clases presenciales.<\/p>\n<p style=\"text-align: justify;\">Hugo L\u00f3pez-Gatell, subsecretario de Prevenci\u00f3n y Promoci\u00f3n de la Salud, se\u00f1al\u00f3 que es necesario que los menores de edad regresen al modelos presencial porque su desarrollo neuropsicol\u00f3gico se ve afectado.<\/p>\n<p style=\"text-align: justify;\">Detall\u00f3 que las escuelas \u201cno fueron sitios especiales de contagio\u201d de Coronavirus.<\/p>\n<p style=\"text-align: justify;\">El funcionario agreg\u00f3 que entre el 21 y 25 de marzo s\u00f3lo el 0.01% de 115 mil 051 escuelas fueron afectadas por casos de COVID-19.<\/p>\n<p style=\"text-align: justify;\">Delfina G\u00f3mez, titular de la SEP, coment\u00f3 que en las escuelas se han conducido con respeto a la decisi\u00f3n de cada instituci\u00f3n.<\/p>\n<p style=\"text-align: justify;\">Agreg\u00f3 que existen condiciones para que todos los ni\u00f1os, adolescentes y j\u00f3venes acudan a clases presenciales de manera normal por su salud mental y f\u00edsica, as\u00ed como para atender los rezagos.<\/p>\n<p style=\"text-align: justify;\">Asimismo, enfatiz\u00f3 que habr\u00e1 m\u00e1s beneficios para las y los alumnos si el regreso normal a clases es de manera r\u00e1pida.<\/p>\n","protected":false},"excerpt":{"rendered":"<p>M\u00e9xico.- La Secretar\u00edas de Educaci\u00f3n P\u00fablica y Salud hicieron un llamado para que todos los planteles educativos regresen en su totalidad a clases presenciales. Hugo L\u00f3pez-Gatell, subsecretario de Prevenci\u00f3n y Promoci\u00f3n de la Salud, se\u00f1al\u00f3 que es necesario que los menores de edad regresen al modelos presencial porque su desarrollo neuropsicol\u00f3gico se ve afectado. Detall\u00f3 que las escuelas \u201cno fueron sitios especiales de contagio\u201d de Coronavirus. El funcionario agreg\u00f3 que entre el 21 y 25 de marzo s\u00f3lo el 0.01% de 115 mil 051 escuelas fueron afectadas por casos de COVID-19. Delfina G\u00f3mez, titular de la SEP, coment\u00f3 que en [&hellip;]<\/p>\n","protected":false},"author":2,"featured_media":55567,"comment_status":"closed","ping_status":"closed","sticky":false,"template":"","format":"standard","meta":{"footnotes":""},"categories":[4,46],"tags":[],"class_list":["post-55555","post","type-post","status-publish","format-standard","has-post-thumbnail","hentry","category-covid-19","category-nacional","post--single"],"yoast_head":"<!-- This site is optimized with the Yoast SEO plugin v27.4 - https:\/\/yoast.com\/product\/yoast-seo-wordpress\/ -->\n<title>SEP y SS hacen un llamado a un regreso total de clases presenciales - Canal 7 SLP - 2022<\/title>\n<meta name=\"robots\" content=\"index, follow, max-snippet:-1, max-image-preview:large, max-video-preview:-1\" \/>\n<link rel=\"canonical\" href=\"https:\/\/canal7slp.tv\/2022\/sep-y-ss-hacen-un-llamado-a-un-regreso-total-de-clases-presenciales\/\" \/>\n<meta property=\"og:locale\" content=\"es_ES\" \/>\n<meta property=\"og:type\" content=\"article\" \/>\n<meta property=\"og:title\" content=\"SEP y SS hacen un llamado a un regreso total de clases presenciales - Canal 7 SLP - 2022\" \/>\n<meta property=\"og:description\" content=\"M\u00e9xico.- La Secretar\u00edas de Educaci\u00f3n P\u00fablica y Salud hicieron un llamado para que todos los planteles educativos regresen en su totalidad a clases presenciales. Hugo L\u00f3pez-Gatell, subsecretario de Prevenci\u00f3n y Promoci\u00f3n de la Salud, se\u00f1al\u00f3 que es necesario que los menores de edad regresen al modelos presencial porque su desarrollo neuropsicol\u00f3gico se ve afectado. Detall\u00f3 que las escuelas \u201cno fueron sitios especiales de contagio\u201d de Coronavirus. El funcionario agreg\u00f3 que entre el 21 y 25 de marzo s\u00f3lo el 0.01% de 115 mil 051 escuelas fueron afectadas por casos de COVID-19. Delfina G\u00f3mez, titular de la SEP, coment\u00f3 que en [&hellip;]\" \/>\n<meta property=\"og:url\" content=\"https:\/\/canal7slp.tv\/2022\/sep-y-ss-hacen-un-llamado-a-un-regreso-total-de-clases-presenciales\/\" \/>\n<meta property=\"og:site_name\" content=\"Canal 7 SLP - 2022\" \/>\n<meta property=\"article:publisher\" content=\"https:\/\/www.facebook.com\/noticieroscanalsiete\" \/>\n<meta property=\"article:published_time\" content=\"2022-03-29T23:13:08+00:00\" \/>\n<meta property=\"og:image\" content=\"https:\/\/canal7slp.tv\/2022\/wp-content\/uploads\/2022\/03\/02-2.png\" \/>\n\t<meta property=\"og:image:width\" content=\"1200\" \/>\n\t<meta property=\"og:image:height\" content=\"750\" \/>\n\t<meta property=\"og:image:type\" content=\"image\/png\" \/>\n<meta name=\"author\" content=\"Edici\u00f3n Web\" \/>\n<meta name=\"twitter:card\" content=\"summary_large_image\" \/>\n<meta name=\"twitter:creator\" content=\"@NOTICIEROS7\" \/>\n<meta name=\"twitter:site\" content=\"@NOTICIEROS7\" \/>\n<meta name=\"twitter:label1\" content=\"Escrito por\" \/>\n\t<meta name=\"twitter:data1\" content=\"Edici\u00f3n Web\" \/>\n\t<meta name=\"twitter:label2\" content=\"Tiempo de lectura\" \/>\n\t<meta name=\"twitter:data2\" content=\"1 minuto\" \/>\n<script type=\"application\/ld+json\" class=\"yoast-schema-graph\">{\"@context\":\"https:\\\/\\\/schema.org\",\"@graph\":[{\"@type\":\"Article\",\"@id\":\"https:\\\/\\\/canal7slp.tv\\\/2022\\\/sep-y-ss-hacen-un-llamado-a-un-regreso-total-de-clases-presenciales\\\/#article\",\"isPartOf\":{\"@id\":\"https:\\\/\\\/canal7slp.tv\\\/2022\\\/sep-y-ss-hacen-un-llamado-a-un-regreso-total-de-clases-presenciales\\\/\"},\"author\":{\"name\":\"Edici\u00f3n Web\",\"@id\":\"https:\\\/\\\/canal7slp.tv\\\/2022\\\/#\\\/schema\\\/person\\\/429704152a21f5f856ce29aa69a238da\"},\"headline\":\"SEP y SS hacen un llamado a un regreso total de clases presenciales\",\"datePublished\":\"2022-03-29T23:13:08+00:00\",\"mainEntityOfPage\":{\"@id\":\"https:\\\/\\\/canal7slp.tv\\\/2022\\\/sep-y-ss-hacen-un-llamado-a-un-regreso-total-de-clases-presenciales\\\/\"},\"wordCount\":192,\"publisher\":{\"@id\":\"https:\\\/\\\/canal7slp.tv\\\/2022\\\/#organization\"},\"image\":{\"@id\":\"https:\\\/\\\/canal7slp.tv\\\/2022\\\/sep-y-ss-hacen-un-llamado-a-un-regreso-total-de-clases-presenciales\\\/#primaryimage\"},\"thumbnailUrl\":\"https:\\\/\\\/canal7slp.tv\\\/2022\\\/wp-content\\\/uploads\\\/2022\\\/03\\\/02-2.png\",\"articleSection\":[\"COVID-19\",\"NACIONALES\"],\"inLanguage\":\"es\"},{\"@type\":\"WebPage\",\"@id\":\"https:\\\/\\\/canal7slp.tv\\\/2022\\\/sep-y-ss-hacen-un-llamado-a-un-regreso-total-de-clases-presenciales\\\/\",\"url\":\"https:\\\/\\\/canal7slp.tv\\\/2022\\\/sep-y-ss-hacen-un-llamado-a-un-regreso-total-de-clases-presenciales\\\/\",\"name\":\"SEP y SS hacen un llamado a un regreso total de clases presenciales - Canal 7 SLP - 2022\",\"isPartOf\":{\"@id\":\"https:\\\/\\\/canal7slp.tv\\\/2022\\\/#website\"},\"primaryImageOfPage\":{\"@id\":\"https:\\\/\\\/canal7slp.tv\\\/2022\\\/sep-y-ss-hacen-un-llamado-a-un-regreso-total-de-clases-presenciales\\\/#primaryimage\"},\"image\":{\"@id\":\"https:\\\/\\\/canal7slp.tv\\\/2022\\\/sep-y-ss-hacen-un-llamado-a-un-regreso-total-de-clases-presenciales\\\/#primaryimage\"},\"thumbnailUrl\":\"https:\\\/\\\/canal7slp.tv\\\/2022\\\/wp-content\\\/uploads\\\/2022\\\/03\\\/02-2.png\",\"datePublished\":\"2022-03-29T23:13:08+00:00\",\"breadcrumb\":{\"@id\":\"https:\\\/\\\/canal7slp.tv\\\/2022\\\/sep-y-ss-hacen-un-llamado-a-un-regreso-total-de-clases-presenciales\\\/#breadcrumb\"},\"inLanguage\":\"es\",\"potentialAction\":[{\"@type\":\"ReadAction\",\"target\":[\"https:\\\/\\\/canal7slp.tv\\\/2022\\\/sep-y-ss-hacen-un-llamado-a-un-regreso-total-de-clases-presenciales\\\/\"]}]},{\"@type\":\"ImageObject\",\"inLanguage\":\"es\",\"@id\":\"https:\\\/\\\/canal7slp.tv\\\/2022\\\/sep-y-ss-hacen-un-llamado-a-un-regreso-total-de-clases-presenciales\\\/#primaryimage\",\"url\":\"https:\\\/\\\/canal7slp.tv\\\/2022\\\/wp-content\\\/uploads\\\/2022\\\/03\\\/02-2.png\",\"contentUrl\":\"https:\\\/\\\/canal7slp.tv\\\/2022\\\/wp-content\\\/uploads\\\/2022\\\/03\\\/02-2.png\",\"width\":1200,\"height\":750},{\"@type\":\"BreadcrumbList\",\"@id\":\"https:\\\/\\\/canal7slp.tv\\\/2022\\\/sep-y-ss-hacen-un-llamado-a-un-regreso-total-de-clases-presenciales\\\/#breadcrumb\",\"itemListElement\":[{\"@type\":\"ListItem\",\"position\":1,\"name\":\"Portada\",\"item\":\"https:\\\/\\\/canal7slp.tv\\\/2022\\\/\"},{\"@type\":\"ListItem\",\"position\":2,\"name\":\"SEP y SS hacen un llamado a un regreso total de clases presenciales\"}]},{\"@type\":\"WebSite\",\"@id\":\"https:\\\/\\\/canal7slp.tv\\\/2022\\\/#website\",\"url\":\"https:\\\/\\\/canal7slp.tv\\\/2022\\\/\",\"name\":\"N7 - Noticieros Canal 7\",\"description\":\"Somos Televisi\u00f3n\",\"publisher\":{\"@id\":\"https:\\\/\\\/canal7slp.tv\\\/2022\\\/#organization\"},\"potentialAction\":[{\"@type\":\"SearchAction\",\"target\":{\"@type\":\"EntryPoint\",\"urlTemplate\":\"https:\\\/\\\/canal7slp.tv\\\/2022\\\/?s={search_term_string}\"},\"query-input\":{\"@type\":\"PropertyValueSpecification\",\"valueRequired\":true,\"valueName\":\"search_term_string\"}}],\"inLanguage\":\"es\"},{\"@type\":\"Organization\",\"@id\":\"https:\\\/\\\/canal7slp.tv\\\/2022\\\/#organization\",\"name\":\"Noticieros Canal 7\",\"url\":\"https:\\\/\\\/canal7slp.tv\\\/2022\\\/\",\"logo\":{\"@type\":\"ImageObject\",\"inLanguage\":\"es\",\"@id\":\"https:\\\/\\\/canal7slp.tv\\\/2022\\\/#\\\/schema\\\/logo\\\/image\\\/\",\"url\":\"https:\\\/\\\/canal7slp.tv\\\/2022\\\/wp-content\\\/uploads\\\/2021\\\/01\\\/logo-noticieros@2x.png\",\"contentUrl\":\"https:\\\/\\\/canal7slp.tv\\\/2022\\\/wp-content\\\/uploads\\\/2021\\\/01\\\/logo-noticieros@2x.png\",\"width\":1017,\"height\":268,\"caption\":\"Noticieros Canal 7\"},\"image\":{\"@id\":\"https:\\\/\\\/canal7slp.tv\\\/2022\\\/#\\\/schema\\\/logo\\\/image\\\/\"},\"sameAs\":[\"https:\\\/\\\/www.facebook.com\\\/noticieroscanalsiete\",\"https:\\\/\\\/x.com\\\/NOTICIEROS7\",\"https:\\\/\\\/www.instagram.com\\\/canal7_slp\",\"https:\\\/\\\/www.youtube.com\\\/channel\\\/UCliiYs-gP3JfJeqdPrNdd5A\"]},{\"@type\":\"Person\",\"@id\":\"https:\\\/\\\/canal7slp.tv\\\/2022\\\/#\\\/schema\\\/person\\\/429704152a21f5f856ce29aa69a238da\",\"name\":\"Edici\u00f3n Web\",\"image\":{\"@type\":\"ImageObject\",\"inLanguage\":\"es\",\"@id\":\"https:\\\/\\\/secure.gravatar.com\\\/avatar\\\/eee448fc3f7164808013b816ba91ac7e43bbe82a70bebac296f8bc6f0addaa1a?s=96&d=mm&r=g\",\"url\":\"https:\\\/\\\/secure.gravatar.com\\\/avatar\\\/eee448fc3f7164808013b816ba91ac7e43bbe82a70bebac296f8bc6f0addaa1a?s=96&d=mm&r=g\",\"contentUrl\":\"https:\\\/\\\/secure.gravatar.com\\\/avatar\\\/eee448fc3f7164808013b816ba91ac7e43bbe82a70bebac296f8bc6f0addaa1a?s=96&d=mm&r=g\",\"caption\":\"Edici\u00f3n Web\"},\"url\":\"https:\\\/\\\/canal7slp.tv\\\/2022\\\/author\\\/edicionweb\\\/\"}]}<\/script>\n<!-- \/ Yoast SEO plugin. -->","yoast_head_json":{"title":"SEP y SS hacen un llamado a un regreso total de clases presenciales - Canal 7 SLP - 2022","robots":{"index":"index","follow":"follow","max-snippet":"max-snippet:-1","max-image-preview":"max-image-preview:large","max-video-preview":"max-video-preview:-1"},"canonical":"https:\/\/canal7slp.tv\/2022\/sep-y-ss-hacen-un-llamado-a-un-regreso-total-de-clases-presenciales\/","og_locale":"es_ES","og_type":"article","og_title":"SEP y SS hacen un llamado a un regreso total de clases presenciales - Canal 7 SLP - 2022","og_description":"M\u00e9xico.- La Secretar\u00edas de Educaci\u00f3n P\u00fablica y Salud hicieron un llamado para que todos los planteles educativos regresen en su totalidad a clases presenciales. Hugo L\u00f3pez-Gatell, subsecretario de Prevenci\u00f3n y Promoci\u00f3n de la Salud, se\u00f1al\u00f3 que es necesario que los menores de edad regresen al modelos presencial porque su desarrollo neuropsicol\u00f3gico se ve afectado. Detall\u00f3 que las escuelas \u201cno fueron sitios especiales de contagio\u201d de Coronavirus. El funcionario agreg\u00f3 que entre el 21 y 25 de marzo s\u00f3lo el 0.01% de 115 mil 051 escuelas fueron afectadas por casos de COVID-19. Delfina G\u00f3mez, titular de la SEP, coment\u00f3 que en [&hellip;]","og_url":"https:\/\/canal7slp.tv\/2022\/sep-y-ss-hacen-un-llamado-a-un-regreso-total-de-clases-presenciales\/","og_site_name":"Canal 7 SLP - 2022","article_publisher":"https:\/\/www.facebook.com\/noticieroscanalsiete","article_published_time":"2022-03-29T23:13:08+00:00","og_image":[{"width":1200,"height":750,"url":"https:\/\/canal7slp.tv\/2022\/wp-content\/uploads\/2022\/03\/02-2.png","type":"image\/png"}],"author":"Edici\u00f3n Web","twitter_card":"summary_large_image","twitter_creator":"@NOTICIEROS7","twitter_site":"@NOTICIEROS7","twitter_misc":{"Escrito por":"Edici\u00f3n Web","Tiempo de lectura":"1 minuto"},"schema":{"@context":"https:\/\/schema.org","@graph":[{"@type":"Article","@id":"https:\/\/canal7slp.tv\/2022\/sep-y-ss-hacen-un-llamado-a-un-regreso-total-de-clases-presenciales\/#article","isPartOf":{"@id":"https:\/\/canal7slp.tv\/2022\/sep-y-ss-hacen-un-llamado-a-un-regreso-total-de-clases-presenciales\/"},"author":{"name":"Edici\u00f3n Web","@id":"https:\/\/canal7slp.tv\/2022\/#\/schema\/person\/429704152a21f5f856ce29aa69a238da"},"headline":"SEP y SS hacen un llamado a un regreso total de clases presenciales","datePublished":"2022-03-29T23:13:08+00:00","mainEntityOfPage":{"@id":"https:\/\/canal7slp.tv\/2022\/sep-y-ss-hacen-un-llamado-a-un-regreso-total-de-clases-presenciales\/"},"wordCount":192,"publisher":{"@id":"https:\/\/canal7slp.tv\/2022\/#organization"},"image":{"@id":"https:\/\/canal7slp.tv\/2022\/sep-y-ss-hacen-un-llamado-a-un-regreso-total-de-clases-presenciales\/#primaryimage"},"thumbnailUrl":"https:\/\/canal7slp.tv\/2022\/wp-content\/uploads\/2022\/03\/02-2.png","articleSection":["COVID-19","NACIONALES"],"inLanguage":"es"},{"@type":"WebPage","@id":"https:\/\/canal7slp.tv\/2022\/sep-y-ss-hacen-un-llamado-a-un-regreso-total-de-clases-presenciales\/","url":"https:\/\/canal7slp.tv\/2022\/sep-y-ss-hacen-un-llamado-a-un-regreso-total-de-clases-presenciales\/","name":"SEP y SS hacen un llamado a un regreso total de clases presenciales - Canal 7 SLP - 2022","isPartOf":{"@id":"https:\/\/canal7slp.tv\/2022\/#website"},"primaryImageOfPage":{"@id":"https:\/\/canal7slp.tv\/2022\/sep-y-ss-hacen-un-llamado-a-un-regreso-total-de-clases-presenciales\/#primaryimage"},"image":{"@id":"https:\/\/canal7slp.tv\/2022\/sep-y-ss-hacen-un-llamado-a-un-regreso-total-de-clases-presenciales\/#primaryimage"},"thumbnailUrl":"https:\/\/canal7slp.tv\/2022\/wp-content\/uploads\/2022\/03\/02-2.png","datePublished":"2022-03-29T23:13:08+00:00","breadcrumb":{"@id":"https:\/\/canal7slp.tv\/2022\/sep-y-ss-hacen-un-llamado-a-un-regreso-total-de-clases-presenciales\/#breadcrumb"},"inLanguage":"es","potentialAction":[{"@type":"ReadAction","target":["https:\/\/canal7slp.tv\/2022\/sep-y-ss-hacen-un-llamado-a-un-regreso-total-de-clases-presenciales\/"]}]},{"@type":"ImageObject","inLanguage":"es","@id":"https:\/\/canal7slp.tv\/2022\/sep-y-ss-hacen-un-llamado-a-un-regreso-total-de-clases-presenciales\/#primaryimage","url":"https:\/\/canal7slp.tv\/2022\/wp-content\/uploads\/2022\/03\/02-2.png","contentUrl":"https:\/\/canal7slp.tv\/2022\/wp-content\/uploads\/2022\/03\/02-2.png","width":1200,"height":750},{"@type":"BreadcrumbList","@id":"https:\/\/canal7slp.tv\/2022\/sep-y-ss-hacen-un-llamado-a-un-regreso-total-de-clases-presenciales\/#breadcrumb","itemListElement":[{"@type":"ListItem","position":1,"name":"Portada","item":"https:\/\/canal7slp.tv\/2022\/"},{"@type":"ListItem","position":2,"name":"SEP y SS hacen un llamado a un regreso total de clases presenciales"}]},{"@type":"WebSite","@id":"https:\/\/canal7slp.tv\/2022\/#website","url":"https:\/\/canal7slp.tv\/2022\/","name":"N7 - Noticieros Canal 7","description":"Somos Televisi\u00f3n","publisher":{"@id":"https:\/\/canal7slp.tv\/2022\/#organization"},"potentialAction":[{"@type":"SearchAction","target":{"@type":"EntryPoint","urlTemplate":"https:\/\/canal7slp.tv\/2022\/?s={search_term_string}"},"query-input":{"@type":"PropertyValueSpecification","valueRequired":true,"valueName":"search_term_string"}}],"inLanguage":"es"},{"@type":"Organization","@id":"https:\/\/canal7slp.tv\/2022\/#organization","name":"Noticieros Canal 7","url":"https:\/\/canal7slp.tv\/2022\/","logo":{"@type":"ImageObject","inLanguage":"es","@id":"https:\/\/canal7slp.tv\/2022\/#\/schema\/logo\/image\/","url":"https:\/\/canal7slp.tv\/2022\/wp-content\/uploads\/2021\/01\/logo-noticieros@2x.png","contentUrl":"https:\/\/canal7slp.tv\/2022\/wp-content\/uploads\/2021\/01\/logo-noticieros@2x.png","width":1017,"height":268,"caption":"Noticieros Canal 7"},"image":{"@id":"https:\/\/canal7slp.tv\/2022\/#\/schema\/logo\/image\/"},"sameAs":["https:\/\/www.facebook.com\/noticieroscanalsiete","https:\/\/x.com\/NOTICIEROS7","https:\/\/www.instagram.com\/canal7_slp","https:\/\/www.youtube.com\/channel\/UCliiYs-gP3JfJeqdPrNdd5A"]},{"@type":"Person","@id":"https:\/\/canal7slp.tv\/2022\/#\/schema\/person\/429704152a21f5f856ce29aa69a238da","name":"Edici\u00f3n Web","image":{"@type":"ImageObject","inLanguage":"es","@id":"https:\/\/secure.gravatar.com\/avatar\/eee448fc3f7164808013b816ba91ac7e43bbe82a70bebac296f8bc6f0addaa1a?s=96&d=mm&r=g","url":"https:\/\/secure.gravatar.com\/avatar\/eee448fc3f7164808013b816ba91ac7e43bbe82a70bebac296f8bc6f0addaa1a?s=96&d=mm&r=g","contentUrl":"https:\/\/secure.gravatar.com\/avatar\/eee448fc3f7164808013b816ba91ac7e43bbe82a70bebac296f8bc6f0addaa1a?s=96&d=mm&r=g","caption":"Edici\u00f3n Web"},"url":"https:\/\/canal7slp.tv\/2022\/author\/edicionweb\/"}]}},"amp_enabled":true,"_links":{"self":[{"href":"https:\/\/canal7slp.tv\/2022\/wp-json\/wp\/v2\/posts\/55555","targetHints":{"allow":["GET"]}}],"collection":[{"href":"https:\/\/canal7slp.tv\/2022\/wp-json\/wp\/v2\/posts"}],"about":[{"href":"https:\/\/canal7slp.tv\/2022\/wp-json\/wp\/v2\/types\/post"}],"author":[{"embeddable":true,"href":"https:\/\/canal7slp.tv\/2022\/wp-json\/wp\/v2\/users\/2"}],"replies":[{"embeddable":true,"href":"https:\/\/canal7slp.tv\/2022\/wp-json\/wp\/v2\/comments?post=55555"}],"version-history":[{"count":2,"href":"https:\/\/canal7slp.tv\/2022\/wp-json\/wp\/v2\/posts\/55555\/revisions"}],"predecessor-version":[{"id":55573,"href":"https:\/\/canal7slp.tv\/2022\/wp-json\/wp\/v2\/posts\/55555\/revisions\/55573"}],"wp:featuredmedia":[{"embeddable":true,"href":"https:\/\/canal7slp.tv\/2022\/wp-json\/wp\/v2\/media\/55567"}],"wp:attachment":[{"href":"https:\/\/canal7slp.tv\/2022\/wp-json\/wp\/v2\/media?parent=55555"}],"wp:term":[{"taxonomy":"category","embeddable":true,"href":"https:\/\/canal7slp.tv\/2022\/wp-json\/wp\/v2\/categories?post=55555"},{"taxonomy":"post_tag","embeddable":true,"href":"https:\/\/canal7slp.tv\/2022\/wp-json\/wp\/v2\/tags?post=55555"}],"curies":[{"name":"wp","href":"https:\/\/api.w.org\/{rel}","templated":true}]}}