{"id":55554,"date":"2022-03-29T17:13:10","date_gmt":"2022-03-29T23:13:10","guid":{"rendered":"https:\/\/canal7slp.tv\/2022\/?p=55554"},"modified":"2022-03-29T17:13:10","modified_gmt":"2022-03-29T23:13:10","slug":"mexico-hila-nueve-semanas-a-la-baja-por-contagios-de-covid-19","status":"publish","type":"post","link":"https:\/\/canal7slp.tv\/2022\/mexico-hila-nueve-semanas-a-la-baja-por-contagios-de-covid-19\/","title":{"rendered":"M\u00e9xico hila nueve semanas a la baja por contagios de COVID-19"},"content":{"rendered":"<p style=\"text-align: justify;\">M\u00e9xico.- Hugo L\u00f3pez-Gatell Ram\u00edrez, subsecretario de Salud, se\u00f1al\u00f3 que a fecha ya son nueve semanas consecutivas que los contagiados por COVID-19 tienen una tendencia a la baja.<\/p>\n<p style=\"text-align: justify;\">Asimismo, recalc\u00f3 que las unidades Covid de los hospitales del pa\u00eds est\u00e1n \u201cpr\u00e1cticamente vac\u00edas\u201d.<\/p>\n<p style=\"text-align: justify;\">\u201cTenemos un remanso en el curso de la epidemia, en este momento tenemos nueve semanas consecutivas en donde ha estado descendiendo,\u00a0disminuyendo cada vez m\u00e1s la cantidad de personas que enferman de COVID, y lo mismo, las personas que estaban enfermas en hospitales y\u00a0las que ingresan cada vez son menos y est\u00e1n pr\u00e1cticamente vac\u00edas las unidades COVID de los hospitales\u201d, coment\u00f3.<\/p>\n<p style=\"text-align: justify;\">L\u00f3pez-Gatell refiri\u00f3 que en el \u00faltimo par de meses han disminuido las hospitalizaciones, mismas que se encuentran en un -98%.<\/p>\n<p style=\"text-align: justify;\">\u201cLa mortalidad, que es la indicaci\u00f3n m\u00e1s grave, m\u00e1s delicada y m\u00e1s dolorosa de la epidemia, tambi\u00e9n una reducci\u00f3n absoluta de -98% cuando comparamos lo que vivimos en este momento con lo que tuvimos en la cresta de la segunda ola, desde luego el factor m\u00e1s importante ha sido la vacunaci\u00f3n\u201d, agreg\u00f3.<\/p>\n","protected":false},"excerpt":{"rendered":"<p>M\u00e9xico.- Hugo L\u00f3pez-Gatell Ram\u00edrez, subsecretario de Salud, se\u00f1al\u00f3 que a fecha ya son nueve semanas consecutivas que los contagiados por COVID-19 tienen una tendencia a la baja. Asimismo, recalc\u00f3 que las unidades Covid de los hospitales del pa\u00eds est\u00e1n \u201cpr\u00e1cticamente vac\u00edas\u201d. \u201cTenemos un remanso en el curso de la epidemia, en este momento tenemos nueve semanas consecutivas en donde ha estado descendiendo,\u00a0disminuyendo cada vez m\u00e1s la cantidad de personas que enferman de COVID, y lo mismo, las personas que estaban enfermas en hospitales y\u00a0las que ingresan cada vez son menos y est\u00e1n pr\u00e1cticamente vac\u00edas las unidades COVID de los hospitales\u201d, [&hellip;]<\/p>\n","protected":false},"author":2,"featured_media":55566,"comment_status":"closed","ping_status":"closed","sticky":false,"template":"","format":"standard","meta":{"footnotes":""},"categories":[4,46],"tags":[],"class_list":["post-55554","post","type-post","status-publish","format-standard","has-post-thumbnail","hentry","category-covid-19","category-nacional","post--single"],"yoast_head":"<!-- This site is optimized with the Yoast SEO plugin v27.4 - https:\/\/yoast.com\/product\/yoast-seo-wordpress\/ -->\n<title>M\u00e9xico hila nueve semanas a la baja por contagios de COVID-19 - Canal 7 SLP - 2022<\/title>\n<meta name=\"robots\" content=\"index, follow, max-snippet:-1, max-image-preview:large, max-video-preview:-1\" \/>\n<link rel=\"canonical\" href=\"https:\/\/canal7slp.tv\/2022\/mexico-hila-nueve-semanas-a-la-baja-por-contagios-de-covid-19\/\" \/>\n<meta property=\"og:locale\" content=\"es_ES\" \/>\n<meta property=\"og:type\" content=\"article\" \/>\n<meta property=\"og:title\" content=\"M\u00e9xico hila nueve semanas a la baja por contagios de COVID-19 - Canal 7 SLP - 2022\" \/>\n<meta property=\"og:description\" content=\"M\u00e9xico.- Hugo L\u00f3pez-Gatell Ram\u00edrez, subsecretario de Salud, se\u00f1al\u00f3 que a fecha ya son nueve semanas consecutivas que los contagiados por COVID-19 tienen una tendencia a la baja. Asimismo, recalc\u00f3 que las unidades Covid de los hospitales del pa\u00eds est\u00e1n \u201cpr\u00e1cticamente vac\u00edas\u201d. \u201cTenemos un remanso en el curso de la epidemia, en este momento tenemos nueve semanas consecutivas en donde ha estado descendiendo,\u00a0disminuyendo cada vez m\u00e1s la cantidad de personas que enferman de COVID, y lo mismo, las personas que estaban enfermas en hospitales y\u00a0las que ingresan cada vez son menos y est\u00e1n pr\u00e1cticamente vac\u00edas las unidades COVID de los hospitales\u201d, [&hellip;]\" \/>\n<meta property=\"og:url\" content=\"https:\/\/canal7slp.tv\/2022\/mexico-hila-nueve-semanas-a-la-baja-por-contagios-de-covid-19\/\" \/>\n<meta property=\"og:site_name\" content=\"Canal 7 SLP - 2022\" \/>\n<meta property=\"article:publisher\" content=\"https:\/\/www.facebook.com\/noticieroscanalsiete\" \/>\n<meta property=\"article:published_time\" content=\"2022-03-29T23:13:10+00:00\" \/>\n<meta property=\"og:image\" content=\"https:\/\/canal7slp.tv\/2022\/wp-content\/uploads\/2022\/03\/01-21.jpg\" \/>\n\t<meta property=\"og:image:width\" content=\"580\" \/>\n\t<meta property=\"og:image:height\" content=\"330\" \/>\n\t<meta property=\"og:image:type\" content=\"image\/jpeg\" \/>\n<meta name=\"author\" content=\"Edici\u00f3n Web\" \/>\n<meta name=\"twitter:card\" content=\"summary_large_image\" \/>\n<meta name=\"twitter:creator\" content=\"@NOTICIEROS7\" \/>\n<meta name=\"twitter:site\" content=\"@NOTICIEROS7\" \/>\n<meta name=\"twitter:label1\" content=\"Escrito por\" \/>\n\t<meta name=\"twitter:data1\" content=\"Edici\u00f3n Web\" \/>\n\t<meta name=\"twitter:label2\" content=\"Tiempo de lectura\" \/>\n\t<meta name=\"twitter:data2\" content=\"1 minuto\" \/>\n<script type=\"application\/ld+json\" class=\"yoast-schema-graph\">{\"@context\":\"https:\\\/\\\/schema.org\",\"@graph\":[{\"@type\":\"Article\",\"@id\":\"https:\\\/\\\/canal7slp.tv\\\/2022\\\/mexico-hila-nueve-semanas-a-la-baja-por-contagios-de-covid-19\\\/#article\",\"isPartOf\":{\"@id\":\"https:\\\/\\\/canal7slp.tv\\\/2022\\\/mexico-hila-nueve-semanas-a-la-baja-por-contagios-de-covid-19\\\/\"},\"author\":{\"name\":\"Edici\u00f3n Web\",\"@id\":\"https:\\\/\\\/canal7slp.tv\\\/2022\\\/#\\\/schema\\\/person\\\/429704152a21f5f856ce29aa69a238da\"},\"headline\":\"M\u00e9xico hila nueve semanas a la baja por contagios de COVID-19\",\"datePublished\":\"2022-03-29T23:13:10+00:00\",\"mainEntityOfPage\":{\"@id\":\"https:\\\/\\\/canal7slp.tv\\\/2022\\\/mexico-hila-nueve-semanas-a-la-baja-por-contagios-de-covid-19\\\/\"},\"wordCount\":209,\"publisher\":{\"@id\":\"https:\\\/\\\/canal7slp.tv\\\/2022\\\/#organization\"},\"image\":{\"@id\":\"https:\\\/\\\/canal7slp.tv\\\/2022\\\/mexico-hila-nueve-semanas-a-la-baja-por-contagios-de-covid-19\\\/#primaryimage\"},\"thumbnailUrl\":\"https:\\\/\\\/canal7slp.tv\\\/2022\\\/wp-content\\\/uploads\\\/2022\\\/03\\\/01-21.jpg\",\"articleSection\":[\"COVID-19\",\"NACIONALES\"],\"inLanguage\":\"es\"},{\"@type\":\"WebPage\",\"@id\":\"https:\\\/\\\/canal7slp.tv\\\/2022\\\/mexico-hila-nueve-semanas-a-la-baja-por-contagios-de-covid-19\\\/\",\"url\":\"https:\\\/\\\/canal7slp.tv\\\/2022\\\/mexico-hila-nueve-semanas-a-la-baja-por-contagios-de-covid-19\\\/\",\"name\":\"M\u00e9xico hila nueve semanas a la baja por contagios de COVID-19 - Canal 7 SLP - 2022\",\"isPartOf\":{\"@id\":\"https:\\\/\\\/canal7slp.tv\\\/2022\\\/#website\"},\"primaryImageOfPage\":{\"@id\":\"https:\\\/\\\/canal7slp.tv\\\/2022\\\/mexico-hila-nueve-semanas-a-la-baja-por-contagios-de-covid-19\\\/#primaryimage\"},\"image\":{\"@id\":\"https:\\\/\\\/canal7slp.tv\\\/2022\\\/mexico-hila-nueve-semanas-a-la-baja-por-contagios-de-covid-19\\\/#primaryimage\"},\"thumbnailUrl\":\"https:\\\/\\\/canal7slp.tv\\\/2022\\\/wp-content\\\/uploads\\\/2022\\\/03\\\/01-21.jpg\",\"datePublished\":\"2022-03-29T23:13:10+00:00\",\"breadcrumb\":{\"@id\":\"https:\\\/\\\/canal7slp.tv\\\/2022\\\/mexico-hila-nueve-semanas-a-la-baja-por-contagios-de-covid-19\\\/#breadcrumb\"},\"inLanguage\":\"es\",\"potentialAction\":[{\"@type\":\"ReadAction\",\"target\":[\"https:\\\/\\\/canal7slp.tv\\\/2022\\\/mexico-hila-nueve-semanas-a-la-baja-por-contagios-de-covid-19\\\/\"]}]},{\"@type\":\"ImageObject\",\"inLanguage\":\"es\",\"@id\":\"https:\\\/\\\/canal7slp.tv\\\/2022\\\/mexico-hila-nueve-semanas-a-la-baja-por-contagios-de-covid-19\\\/#primaryimage\",\"url\":\"https:\\\/\\\/canal7slp.tv\\\/2022\\\/wp-content\\\/uploads\\\/2022\\\/03\\\/01-21.jpg\",\"contentUrl\":\"https:\\\/\\\/canal7slp.tv\\\/2022\\\/wp-content\\\/uploads\\\/2022\\\/03\\\/01-21.jpg\",\"width\":580,\"height\":330},{\"@type\":\"BreadcrumbList\",\"@id\":\"https:\\\/\\\/canal7slp.tv\\\/2022\\\/mexico-hila-nueve-semanas-a-la-baja-por-contagios-de-covid-19\\\/#breadcrumb\",\"itemListElement\":[{\"@type\":\"ListItem\",\"position\":1,\"name\":\"Portada\",\"item\":\"https:\\\/\\\/canal7slp.tv\\\/2022\\\/\"},{\"@type\":\"ListItem\",\"position\":2,\"name\":\"M\u00e9xico hila nueve semanas a la baja por contagios de COVID-19\"}]},{\"@type\":\"WebSite\",\"@id\":\"https:\\\/\\\/canal7slp.tv\\\/2022\\\/#website\",\"url\":\"https:\\\/\\\/canal7slp.tv\\\/2022\\\/\",\"name\":\"N7 - Noticieros Canal 7\",\"description\":\"Somos Televisi\u00f3n\",\"publisher\":{\"@id\":\"https:\\\/\\\/canal7slp.tv\\\/2022\\\/#organization\"},\"potentialAction\":[{\"@type\":\"SearchAction\",\"target\":{\"@type\":\"EntryPoint\",\"urlTemplate\":\"https:\\\/\\\/canal7slp.tv\\\/2022\\\/?s={search_term_string}\"},\"query-input\":{\"@type\":\"PropertyValueSpecification\",\"valueRequired\":true,\"valueName\":\"search_term_string\"}}],\"inLanguage\":\"es\"},{\"@type\":\"Organization\",\"@id\":\"https:\\\/\\\/canal7slp.tv\\\/2022\\\/#organization\",\"name\":\"Noticieros Canal 7\",\"url\":\"https:\\\/\\\/canal7slp.tv\\\/2022\\\/\",\"logo\":{\"@type\":\"ImageObject\",\"inLanguage\":\"es\",\"@id\":\"https:\\\/\\\/canal7slp.tv\\\/2022\\\/#\\\/schema\\\/logo\\\/image\\\/\",\"url\":\"https:\\\/\\\/canal7slp.tv\\\/2022\\\/wp-content\\\/uploads\\\/2021\\\/01\\\/logo-noticieros@2x.png\",\"contentUrl\":\"https:\\\/\\\/canal7slp.tv\\\/2022\\\/wp-content\\\/uploads\\\/2021\\\/01\\\/logo-noticieros@2x.png\",\"width\":1017,\"height\":268,\"caption\":\"Noticieros Canal 7\"},\"image\":{\"@id\":\"https:\\\/\\\/canal7slp.tv\\\/2022\\\/#\\\/schema\\\/logo\\\/image\\\/\"},\"sameAs\":[\"https:\\\/\\\/www.facebook.com\\\/noticieroscanalsiete\",\"https:\\\/\\\/x.com\\\/NOTICIEROS7\",\"https:\\\/\\\/www.instagram.com\\\/canal7_slp\",\"https:\\\/\\\/www.youtube.com\\\/channel\\\/UCliiYs-gP3JfJeqdPrNdd5A\"]},{\"@type\":\"Person\",\"@id\":\"https:\\\/\\\/canal7slp.tv\\\/2022\\\/#\\\/schema\\\/person\\\/429704152a21f5f856ce29aa69a238da\",\"name\":\"Edici\u00f3n Web\",\"image\":{\"@type\":\"ImageObject\",\"inLanguage\":\"es\",\"@id\":\"https:\\\/\\\/secure.gravatar.com\\\/avatar\\\/eee448fc3f7164808013b816ba91ac7e43bbe82a70bebac296f8bc6f0addaa1a?s=96&d=mm&r=g\",\"url\":\"https:\\\/\\\/secure.gravatar.com\\\/avatar\\\/eee448fc3f7164808013b816ba91ac7e43bbe82a70bebac296f8bc6f0addaa1a?s=96&d=mm&r=g\",\"contentUrl\":\"https:\\\/\\\/secure.gravatar.com\\\/avatar\\\/eee448fc3f7164808013b816ba91ac7e43bbe82a70bebac296f8bc6f0addaa1a?s=96&d=mm&r=g\",\"caption\":\"Edici\u00f3n Web\"},\"url\":\"https:\\\/\\\/canal7slp.tv\\\/2022\\\/author\\\/edicionweb\\\/\"}]}<\/script>\n<!-- \/ Yoast SEO plugin. -->","yoast_head_json":{"title":"M\u00e9xico hila nueve semanas a la baja por contagios de COVID-19 - Canal 7 SLP - 2022","robots":{"index":"index","follow":"follow","max-snippet":"max-snippet:-1","max-image-preview":"max-image-preview:large","max-video-preview":"max-video-preview:-1"},"canonical":"https:\/\/canal7slp.tv\/2022\/mexico-hila-nueve-semanas-a-la-baja-por-contagios-de-covid-19\/","og_locale":"es_ES","og_type":"article","og_title":"M\u00e9xico hila nueve semanas a la baja por contagios de COVID-19 - Canal 7 SLP - 2022","og_description":"M\u00e9xico.- Hugo L\u00f3pez-Gatell Ram\u00edrez, subsecretario de Salud, se\u00f1al\u00f3 que a fecha ya son nueve semanas consecutivas que los contagiados por COVID-19 tienen una tendencia a la baja. Asimismo, recalc\u00f3 que las unidades Covid de los hospitales del pa\u00eds est\u00e1n \u201cpr\u00e1cticamente vac\u00edas\u201d. \u201cTenemos un remanso en el curso de la epidemia, en este momento tenemos nueve semanas consecutivas en donde ha estado descendiendo,\u00a0disminuyendo cada vez m\u00e1s la cantidad de personas que enferman de COVID, y lo mismo, las personas que estaban enfermas en hospitales y\u00a0las que ingresan cada vez son menos y est\u00e1n pr\u00e1cticamente vac\u00edas las unidades COVID de los hospitales\u201d, [&hellip;]","og_url":"https:\/\/canal7slp.tv\/2022\/mexico-hila-nueve-semanas-a-la-baja-por-contagios-de-covid-19\/","og_site_name":"Canal 7 SLP - 2022","article_publisher":"https:\/\/www.facebook.com\/noticieroscanalsiete","article_published_time":"2022-03-29T23:13:10+00:00","og_image":[{"width":580,"height":330,"url":"https:\/\/canal7slp.tv\/2022\/wp-content\/uploads\/2022\/03\/01-21.jpg","type":"image\/jpeg"}],"author":"Edici\u00f3n Web","twitter_card":"summary_large_image","twitter_creator":"@NOTICIEROS7","twitter_site":"@NOTICIEROS7","twitter_misc":{"Escrito por":"Edici\u00f3n Web","Tiempo de lectura":"1 minuto"},"schema":{"@context":"https:\/\/schema.org","@graph":[{"@type":"Article","@id":"https:\/\/canal7slp.tv\/2022\/mexico-hila-nueve-semanas-a-la-baja-por-contagios-de-covid-19\/#article","isPartOf":{"@id":"https:\/\/canal7slp.tv\/2022\/mexico-hila-nueve-semanas-a-la-baja-por-contagios-de-covid-19\/"},"author":{"name":"Edici\u00f3n Web","@id":"https:\/\/canal7slp.tv\/2022\/#\/schema\/person\/429704152a21f5f856ce29aa69a238da"},"headline":"M\u00e9xico hila nueve semanas a la baja por contagios de COVID-19","datePublished":"2022-03-29T23:13:10+00:00","mainEntityOfPage":{"@id":"https:\/\/canal7slp.tv\/2022\/mexico-hila-nueve-semanas-a-la-baja-por-contagios-de-covid-19\/"},"wordCount":209,"publisher":{"@id":"https:\/\/canal7slp.tv\/2022\/#organization"},"image":{"@id":"https:\/\/canal7slp.tv\/2022\/mexico-hila-nueve-semanas-a-la-baja-por-contagios-de-covid-19\/#primaryimage"},"thumbnailUrl":"https:\/\/canal7slp.tv\/2022\/wp-content\/uploads\/2022\/03\/01-21.jpg","articleSection":["COVID-19","NACIONALES"],"inLanguage":"es"},{"@type":"WebPage","@id":"https:\/\/canal7slp.tv\/2022\/mexico-hila-nueve-semanas-a-la-baja-por-contagios-de-covid-19\/","url":"https:\/\/canal7slp.tv\/2022\/mexico-hila-nueve-semanas-a-la-baja-por-contagios-de-covid-19\/","name":"M\u00e9xico hila nueve semanas a la baja por contagios de COVID-19 - Canal 7 SLP - 2022","isPartOf":{"@id":"https:\/\/canal7slp.tv\/2022\/#website"},"primaryImageOfPage":{"@id":"https:\/\/canal7slp.tv\/2022\/mexico-hila-nueve-semanas-a-la-baja-por-contagios-de-covid-19\/#primaryimage"},"image":{"@id":"https:\/\/canal7slp.tv\/2022\/mexico-hila-nueve-semanas-a-la-baja-por-contagios-de-covid-19\/#primaryimage"},"thumbnailUrl":"https:\/\/canal7slp.tv\/2022\/wp-content\/uploads\/2022\/03\/01-21.jpg","datePublished":"2022-03-29T23:13:10+00:00","breadcrumb":{"@id":"https:\/\/canal7slp.tv\/2022\/mexico-hila-nueve-semanas-a-la-baja-por-contagios-de-covid-19\/#breadcrumb"},"inLanguage":"es","potentialAction":[{"@type":"ReadAction","target":["https:\/\/canal7slp.tv\/2022\/mexico-hila-nueve-semanas-a-la-baja-por-contagios-de-covid-19\/"]}]},{"@type":"ImageObject","inLanguage":"es","@id":"https:\/\/canal7slp.tv\/2022\/mexico-hila-nueve-semanas-a-la-baja-por-contagios-de-covid-19\/#primaryimage","url":"https:\/\/canal7slp.tv\/2022\/wp-content\/uploads\/2022\/03\/01-21.jpg","contentUrl":"https:\/\/canal7slp.tv\/2022\/wp-content\/uploads\/2022\/03\/01-21.jpg","width":580,"height":330},{"@type":"BreadcrumbList","@id":"https:\/\/canal7slp.tv\/2022\/mexico-hila-nueve-semanas-a-la-baja-por-contagios-de-covid-19\/#breadcrumb","itemListElement":[{"@type":"ListItem","position":1,"name":"Portada","item":"https:\/\/canal7slp.tv\/2022\/"},{"@type":"ListItem","position":2,"name":"M\u00e9xico hila nueve semanas a la baja por contagios de COVID-19"}]},{"@type":"WebSite","@id":"https:\/\/canal7slp.tv\/2022\/#website","url":"https:\/\/canal7slp.tv\/2022\/","name":"N7 - Noticieros Canal 7","description":"Somos Televisi\u00f3n","publisher":{"@id":"https:\/\/canal7slp.tv\/2022\/#organization"},"potentialAction":[{"@type":"SearchAction","target":{"@type":"EntryPoint","urlTemplate":"https:\/\/canal7slp.tv\/2022\/?s={search_term_string}"},"query-input":{"@type":"PropertyValueSpecification","valueRequired":true,"valueName":"search_term_string"}}],"inLanguage":"es"},{"@type":"Organization","@id":"https:\/\/canal7slp.tv\/2022\/#organization","name":"Noticieros Canal 7","url":"https:\/\/canal7slp.tv\/2022\/","logo":{"@type":"ImageObject","inLanguage":"es","@id":"https:\/\/canal7slp.tv\/2022\/#\/schema\/logo\/image\/","url":"https:\/\/canal7slp.tv\/2022\/wp-content\/uploads\/2021\/01\/logo-noticieros@2x.png","contentUrl":"https:\/\/canal7slp.tv\/2022\/wp-content\/uploads\/2021\/01\/logo-noticieros@2x.png","width":1017,"height":268,"caption":"Noticieros Canal 7"},"image":{"@id":"https:\/\/canal7slp.tv\/2022\/#\/schema\/logo\/image\/"},"sameAs":["https:\/\/www.facebook.com\/noticieroscanalsiete","https:\/\/x.com\/NOTICIEROS7","https:\/\/www.instagram.com\/canal7_slp","https:\/\/www.youtube.com\/channel\/UCliiYs-gP3JfJeqdPrNdd5A"]},{"@type":"Person","@id":"https:\/\/canal7slp.tv\/2022\/#\/schema\/person\/429704152a21f5f856ce29aa69a238da","name":"Edici\u00f3n Web","image":{"@type":"ImageObject","inLanguage":"es","@id":"https:\/\/secure.gravatar.com\/avatar\/eee448fc3f7164808013b816ba91ac7e43bbe82a70bebac296f8bc6f0addaa1a?s=96&d=mm&r=g","url":"https:\/\/secure.gravatar.com\/avatar\/eee448fc3f7164808013b816ba91ac7e43bbe82a70bebac296f8bc6f0addaa1a?s=96&d=mm&r=g","contentUrl":"https:\/\/secure.gravatar.com\/avatar\/eee448fc3f7164808013b816ba91ac7e43bbe82a70bebac296f8bc6f0addaa1a?s=96&d=mm&r=g","caption":"Edici\u00f3n Web"},"url":"https:\/\/canal7slp.tv\/2022\/author\/edicionweb\/"}]}},"amp_enabled":true,"_links":{"self":[{"href":"https:\/\/canal7slp.tv\/2022\/wp-json\/wp\/v2\/posts\/55554","targetHints":{"allow":["GET"]}}],"collection":[{"href":"https:\/\/canal7slp.tv\/2022\/wp-json\/wp\/v2\/posts"}],"about":[{"href":"https:\/\/canal7slp.tv\/2022\/wp-json\/wp\/v2\/types\/post"}],"author":[{"embeddable":true,"href":"https:\/\/canal7slp.tv\/2022\/wp-json\/wp\/v2\/users\/2"}],"replies":[{"embeddable":true,"href":"https:\/\/canal7slp.tv\/2022\/wp-json\/wp\/v2\/comments?post=55554"}],"version-history":[{"count":3,"href":"https:\/\/canal7slp.tv\/2022\/wp-json\/wp\/v2\/posts\/55554\/revisions"}],"predecessor-version":[{"id":55602,"href":"https:\/\/canal7slp.tv\/2022\/wp-json\/wp\/v2\/posts\/55554\/revisions\/55602"}],"wp:featuredmedia":[{"embeddable":true,"href":"https:\/\/canal7slp.tv\/2022\/wp-json\/wp\/v2\/media\/55566"}],"wp:attachment":[{"href":"https:\/\/canal7slp.tv\/2022\/wp-json\/wp\/v2\/media?parent=55554"}],"wp:term":[{"taxonomy":"category","embeddable":true,"href":"https:\/\/canal7slp.tv\/2022\/wp-json\/wp\/v2\/categories?post=55554"},{"taxonomy":"post_tag","embeddable":true,"href":"https:\/\/canal7slp.tv\/2022\/wp-json\/wp\/v2\/tags?post=55554"}],"curies":[{"name":"wp","href":"https:\/\/api.w.org\/{rel}","templated":true}]}}