{"id":55540,"date":"2022-03-29T05:34:21","date_gmt":"2022-03-29T11:34:21","guid":{"rendered":"https:\/\/canal7slp.tv\/2022\/?p=55540"},"modified":"2022-03-29T05:34:21","modified_gmt":"2022-03-29T11:34:21","slug":"familiares-de-menores-desaparecidos-se-manifestaron-en-la-fiscalia-piden-que-se-agilice-la-investigacion","status":"publish","type":"post","link":"https:\/\/canal7slp.tv\/2022\/familiares-de-menores-desaparecidos-se-manifestaron-en-la-fiscalia-piden-que-se-agilice-la-investigacion\/","title":{"rendered":"Familiares de menores desaparecidos se manifestaron en la Fiscal\u00eda\u2026 piden que se agilice la investigaci\u00f3n."},"content":{"rendered":"<p style=\"text-align: justify;\">SLP.- Familiares de los menores Omar Yashael y H\u00e9ctor Manuel se manifestaron al exterior de la Fiscal\u00eda General del Estado, con la solicitud a la autoridad de agilizar la b\u00fasqueda de quienes fueron vistos por \u00faltima vez el 19 de marzo.<\/p>\n<p style=\"text-align: justify;\">Con pancartas y un llamado constante al Ejecutivo Local, pidieron que se les regrese a salvo.<\/p>\n<p style=\"text-align: justify;\">Indicaron que la parte a la que ata\u00f1e la investigaci\u00f3n no ha dado resultado. Precis\u00f3 que la ficha de b\u00fasqueda no se mantuvo, ya que la autoridad expuso que era por el bien de quienes hoy no se han localizado.<\/p>\n<p style=\"text-align: justify;\">Reiteraron la solicitud de que el caso no se deje a un lado.<\/p>\n<p style=\"text-align: justify;\">Por: Paulina Rodr\u00edguez<\/p>\n","protected":false},"excerpt":{"rendered":"<p>SLP.- Familiares de los menores Omar Yashael y H\u00e9ctor Manuel se manifestaron al exterior de la Fiscal\u00eda General del Estado, con la solicitud a la autoridad de agilizar la b\u00fasqueda de quienes fueron vistos por \u00faltima vez el 19 de marzo. Con pancartas y un llamado constante al Ejecutivo Local, pidieron que se les regrese a salvo. Indicaron que la parte a la que ata\u00f1e la investigaci\u00f3n no ha dado resultado. Precis\u00f3 que la ficha de b\u00fasqueda no se mantuvo, ya que la autoridad expuso que era por el bien de quienes hoy no se han localizado. Reiteraron la solicitud [&hellip;]<\/p>\n","protected":false},"author":2,"featured_media":55541,"comment_status":"closed","ping_status":"closed","sticky":false,"template":"","format":"video","meta":{"footnotes":""},"categories":[5,45],"tags":[],"class_list":["post-55540","post","type-post","status-publish","format-video","has-post-thumbnail","hentry","category-destacadas","category-localesyregionales","post_format-post-format-video","post--single"],"yoast_head":"<!-- This site is optimized with the Yoast SEO plugin v27.4 - https:\/\/yoast.com\/product\/yoast-seo-wordpress\/ -->\n<title>Familiares de menores desaparecidos se manifestaron en la Fiscal\u00eda\u2026 piden que se agilice la investigaci\u00f3n. - Canal 7 SLP - 2022<\/title>\n<meta name=\"robots\" content=\"index, follow, max-snippet:-1, max-image-preview:large, max-video-preview:-1\" \/>\n<link rel=\"canonical\" href=\"https:\/\/canal7slp.tv\/2022\/familiares-de-menores-desaparecidos-se-manifestaron-en-la-fiscalia-piden-que-se-agilice-la-investigacion\/\" \/>\n<meta property=\"og:locale\" content=\"es_ES\" \/>\n<meta property=\"og:type\" content=\"article\" \/>\n<meta property=\"og:title\" content=\"Familiares de menores desaparecidos se manifestaron en la Fiscal\u00eda\u2026 piden que se agilice la investigaci\u00f3n. - Canal 7 SLP - 2022\" \/>\n<meta property=\"og:description\" content=\"SLP.- Familiares de los menores Omar Yashael y H\u00e9ctor Manuel se manifestaron al exterior de la Fiscal\u00eda General del Estado, con la solicitud a la autoridad de agilizar la b\u00fasqueda de quienes fueron vistos por \u00faltima vez el 19 de marzo. Con pancartas y un llamado constante al Ejecutivo Local, pidieron que se les regrese a salvo. Indicaron que la parte a la que ata\u00f1e la investigaci\u00f3n no ha dado resultado. Precis\u00f3 que la ficha de b\u00fasqueda no se mantuvo, ya que la autoridad expuso que era por el bien de quienes hoy no se han localizado. Reiteraron la solicitud [&hellip;]\" \/>\n<meta property=\"og:url\" content=\"https:\/\/canal7slp.tv\/2022\/familiares-de-menores-desaparecidos-se-manifestaron-en-la-fiscalia-piden-que-se-agilice-la-investigacion\/\" \/>\n<meta property=\"og:site_name\" content=\"Canal 7 SLP - 2022\" \/>\n<meta property=\"article:publisher\" content=\"https:\/\/www.facebook.com\/noticieroscanalsiete\" \/>\n<meta property=\"article:published_time\" content=\"2022-03-29T11:34:21+00:00\" \/>\n<meta property=\"og:image\" content=\"https:\/\/canal7slp.tv\/2022\/wp-content\/uploads\/2022\/03\/Pau03FGE.jpg\" \/>\n\t<meta property=\"og:image:width\" content=\"888\" \/>\n\t<meta property=\"og:image:height\" content=\"500\" \/>\n\t<meta property=\"og:image:type\" content=\"image\/jpeg\" \/>\n<meta name=\"author\" content=\"Edici\u00f3n Web\" \/>\n<meta name=\"twitter:card\" content=\"summary_large_image\" \/>\n<meta name=\"twitter:creator\" content=\"@NOTICIEROS7\" \/>\n<meta name=\"twitter:site\" content=\"@NOTICIEROS7\" \/>\n<meta name=\"twitter:label1\" content=\"Escrito por\" \/>\n\t<meta name=\"twitter:data1\" content=\"Edici\u00f3n Web\" \/>\n\t<meta name=\"twitter:label2\" content=\"Tiempo de lectura\" \/>\n\t<meta name=\"twitter:data2\" content=\"1 minuto\" \/>\n<script type=\"application\/ld+json\" class=\"yoast-schema-graph\">{\"@context\":\"https:\\\/\\\/schema.org\",\"@graph\":[{\"@type\":\"Article\",\"@id\":\"https:\\\/\\\/canal7slp.tv\\\/2022\\\/familiares-de-menores-desaparecidos-se-manifestaron-en-la-fiscalia-piden-que-se-agilice-la-investigacion\\\/#article\",\"isPartOf\":{\"@id\":\"https:\\\/\\\/canal7slp.tv\\\/2022\\\/familiares-de-menores-desaparecidos-se-manifestaron-en-la-fiscalia-piden-que-se-agilice-la-investigacion\\\/\"},\"author\":{\"name\":\"Edici\u00f3n Web\",\"@id\":\"https:\\\/\\\/canal7slp.tv\\\/2022\\\/#\\\/schema\\\/person\\\/429704152a21f5f856ce29aa69a238da\"},\"headline\":\"Familiares de menores desaparecidos se manifestaron en la Fiscal\u00eda\u2026 piden que se agilice la investigaci\u00f3n.\",\"datePublished\":\"2022-03-29T11:34:21+00:00\",\"mainEntityOfPage\":{\"@id\":\"https:\\\/\\\/canal7slp.tv\\\/2022\\\/familiares-de-menores-desaparecidos-se-manifestaron-en-la-fiscalia-piden-que-se-agilice-la-investigacion\\\/\"},\"wordCount\":137,\"publisher\":{\"@id\":\"https:\\\/\\\/canal7slp.tv\\\/2022\\\/#organization\"},\"image\":{\"@id\":\"https:\\\/\\\/canal7slp.tv\\\/2022\\\/familiares-de-menores-desaparecidos-se-manifestaron-en-la-fiscalia-piden-que-se-agilice-la-investigacion\\\/#primaryimage\"},\"thumbnailUrl\":\"https:\\\/\\\/canal7slp.tv\\\/2022\\\/wp-content\\\/uploads\\\/2022\\\/03\\\/Pau03FGE.jpg\",\"articleSection\":[\"DESTACADAS\",\"LOCALES Y REGIONALES\"],\"inLanguage\":\"es\"},{\"@type\":\"WebPage\",\"@id\":\"https:\\\/\\\/canal7slp.tv\\\/2022\\\/familiares-de-menores-desaparecidos-se-manifestaron-en-la-fiscalia-piden-que-se-agilice-la-investigacion\\\/\",\"url\":\"https:\\\/\\\/canal7slp.tv\\\/2022\\\/familiares-de-menores-desaparecidos-se-manifestaron-en-la-fiscalia-piden-que-se-agilice-la-investigacion\\\/\",\"name\":\"Familiares de menores desaparecidos se manifestaron en la Fiscal\u00eda\u2026 piden que se agilice la investigaci\u00f3n. - Canal 7 SLP - 2022\",\"isPartOf\":{\"@id\":\"https:\\\/\\\/canal7slp.tv\\\/2022\\\/#website\"},\"primaryImageOfPage\":{\"@id\":\"https:\\\/\\\/canal7slp.tv\\\/2022\\\/familiares-de-menores-desaparecidos-se-manifestaron-en-la-fiscalia-piden-que-se-agilice-la-investigacion\\\/#primaryimage\"},\"image\":{\"@id\":\"https:\\\/\\\/canal7slp.tv\\\/2022\\\/familiares-de-menores-desaparecidos-se-manifestaron-en-la-fiscalia-piden-que-se-agilice-la-investigacion\\\/#primaryimage\"},\"thumbnailUrl\":\"https:\\\/\\\/canal7slp.tv\\\/2022\\\/wp-content\\\/uploads\\\/2022\\\/03\\\/Pau03FGE.jpg\",\"datePublished\":\"2022-03-29T11:34:21+00:00\",\"breadcrumb\":{\"@id\":\"https:\\\/\\\/canal7slp.tv\\\/2022\\\/familiares-de-menores-desaparecidos-se-manifestaron-en-la-fiscalia-piden-que-se-agilice-la-investigacion\\\/#breadcrumb\"},\"inLanguage\":\"es\",\"potentialAction\":[{\"@type\":\"ReadAction\",\"target\":[\"https:\\\/\\\/canal7slp.tv\\\/2022\\\/familiares-de-menores-desaparecidos-se-manifestaron-en-la-fiscalia-piden-que-se-agilice-la-investigacion\\\/\"]}]},{\"@type\":\"ImageObject\",\"inLanguage\":\"es\",\"@id\":\"https:\\\/\\\/canal7slp.tv\\\/2022\\\/familiares-de-menores-desaparecidos-se-manifestaron-en-la-fiscalia-piden-que-se-agilice-la-investigacion\\\/#primaryimage\",\"url\":\"https:\\\/\\\/canal7slp.tv\\\/2022\\\/wp-content\\\/uploads\\\/2022\\\/03\\\/Pau03FGE.jpg\",\"contentUrl\":\"https:\\\/\\\/canal7slp.tv\\\/2022\\\/wp-content\\\/uploads\\\/2022\\\/03\\\/Pau03FGE.jpg\",\"width\":888,\"height\":500},{\"@type\":\"BreadcrumbList\",\"@id\":\"https:\\\/\\\/canal7slp.tv\\\/2022\\\/familiares-de-menores-desaparecidos-se-manifestaron-en-la-fiscalia-piden-que-se-agilice-la-investigacion\\\/#breadcrumb\",\"itemListElement\":[{\"@type\":\"ListItem\",\"position\":1,\"name\":\"Portada\",\"item\":\"https:\\\/\\\/canal7slp.tv\\\/2022\\\/\"},{\"@type\":\"ListItem\",\"position\":2,\"name\":\"Familiares de menores desaparecidos se manifestaron en la Fiscal\u00eda\u2026 piden que se agilice la investigaci\u00f3n.\"}]},{\"@type\":\"WebSite\",\"@id\":\"https:\\\/\\\/canal7slp.tv\\\/2022\\\/#website\",\"url\":\"https:\\\/\\\/canal7slp.tv\\\/2022\\\/\",\"name\":\"N7 - Noticieros Canal 7\",\"description\":\"Somos Televisi\u00f3n\",\"publisher\":{\"@id\":\"https:\\\/\\\/canal7slp.tv\\\/2022\\\/#organization\"},\"potentialAction\":[{\"@type\":\"SearchAction\",\"target\":{\"@type\":\"EntryPoint\",\"urlTemplate\":\"https:\\\/\\\/canal7slp.tv\\\/2022\\\/?s={search_term_string}\"},\"query-input\":{\"@type\":\"PropertyValueSpecification\",\"valueRequired\":true,\"valueName\":\"search_term_string\"}}],\"inLanguage\":\"es\"},{\"@type\":\"Organization\",\"@id\":\"https:\\\/\\\/canal7slp.tv\\\/2022\\\/#organization\",\"name\":\"Noticieros Canal 7\",\"url\":\"https:\\\/\\\/canal7slp.tv\\\/2022\\\/\",\"logo\":{\"@type\":\"ImageObject\",\"inLanguage\":\"es\",\"@id\":\"https:\\\/\\\/canal7slp.tv\\\/2022\\\/#\\\/schema\\\/logo\\\/image\\\/\",\"url\":\"https:\\\/\\\/canal7slp.tv\\\/2022\\\/wp-content\\\/uploads\\\/2021\\\/01\\\/logo-noticieros@2x.png\",\"contentUrl\":\"https:\\\/\\\/canal7slp.tv\\\/2022\\\/wp-content\\\/uploads\\\/2021\\\/01\\\/logo-noticieros@2x.png\",\"width\":1017,\"height\":268,\"caption\":\"Noticieros Canal 7\"},\"image\":{\"@id\":\"https:\\\/\\\/canal7slp.tv\\\/2022\\\/#\\\/schema\\\/logo\\\/image\\\/\"},\"sameAs\":[\"https:\\\/\\\/www.facebook.com\\\/noticieroscanalsiete\",\"https:\\\/\\\/x.com\\\/NOTICIEROS7\",\"https:\\\/\\\/www.instagram.com\\\/canal7_slp\",\"https:\\\/\\\/www.youtube.com\\\/channel\\\/UCliiYs-gP3JfJeqdPrNdd5A\"]},{\"@type\":\"Person\",\"@id\":\"https:\\\/\\\/canal7slp.tv\\\/2022\\\/#\\\/schema\\\/person\\\/429704152a21f5f856ce29aa69a238da\",\"name\":\"Edici\u00f3n Web\",\"image\":{\"@type\":\"ImageObject\",\"inLanguage\":\"es\",\"@id\":\"https:\\\/\\\/secure.gravatar.com\\\/avatar\\\/eee448fc3f7164808013b816ba91ac7e43bbe82a70bebac296f8bc6f0addaa1a?s=96&d=mm&r=g\",\"url\":\"https:\\\/\\\/secure.gravatar.com\\\/avatar\\\/eee448fc3f7164808013b816ba91ac7e43bbe82a70bebac296f8bc6f0addaa1a?s=96&d=mm&r=g\",\"contentUrl\":\"https:\\\/\\\/secure.gravatar.com\\\/avatar\\\/eee448fc3f7164808013b816ba91ac7e43bbe82a70bebac296f8bc6f0addaa1a?s=96&d=mm&r=g\",\"caption\":\"Edici\u00f3n Web\"},\"url\":\"https:\\\/\\\/canal7slp.tv\\\/2022\\\/author\\\/edicionweb\\\/\"}]}<\/script>\n<!-- \/ Yoast SEO plugin. -->","yoast_head_json":{"title":"Familiares de menores desaparecidos se manifestaron en la Fiscal\u00eda\u2026 piden que se agilice la investigaci\u00f3n. - Canal 7 SLP - 2022","robots":{"index":"index","follow":"follow","max-snippet":"max-snippet:-1","max-image-preview":"max-image-preview:large","max-video-preview":"max-video-preview:-1"},"canonical":"https:\/\/canal7slp.tv\/2022\/familiares-de-menores-desaparecidos-se-manifestaron-en-la-fiscalia-piden-que-se-agilice-la-investigacion\/","og_locale":"es_ES","og_type":"article","og_title":"Familiares de menores desaparecidos se manifestaron en la Fiscal\u00eda\u2026 piden que se agilice la investigaci\u00f3n. - Canal 7 SLP - 2022","og_description":"SLP.- Familiares de los menores Omar Yashael y H\u00e9ctor Manuel se manifestaron al exterior de la Fiscal\u00eda General del Estado, con la solicitud a la autoridad de agilizar la b\u00fasqueda de quienes fueron vistos por \u00faltima vez el 19 de marzo. Con pancartas y un llamado constante al Ejecutivo Local, pidieron que se les regrese a salvo. Indicaron que la parte a la que ata\u00f1e la investigaci\u00f3n no ha dado resultado. Precis\u00f3 que la ficha de b\u00fasqueda no se mantuvo, ya que la autoridad expuso que era por el bien de quienes hoy no se han localizado. Reiteraron la solicitud [&hellip;]","og_url":"https:\/\/canal7slp.tv\/2022\/familiares-de-menores-desaparecidos-se-manifestaron-en-la-fiscalia-piden-que-se-agilice-la-investigacion\/","og_site_name":"Canal 7 SLP - 2022","article_publisher":"https:\/\/www.facebook.com\/noticieroscanalsiete","article_published_time":"2022-03-29T11:34:21+00:00","og_image":[{"width":888,"height":500,"url":"https:\/\/canal7slp.tv\/2022\/wp-content\/uploads\/2022\/03\/Pau03FGE.jpg","type":"image\/jpeg"}],"author":"Edici\u00f3n Web","twitter_card":"summary_large_image","twitter_creator":"@NOTICIEROS7","twitter_site":"@NOTICIEROS7","twitter_misc":{"Escrito por":"Edici\u00f3n Web","Tiempo de lectura":"1 minuto"},"schema":{"@context":"https:\/\/schema.org","@graph":[{"@type":"Article","@id":"https:\/\/canal7slp.tv\/2022\/familiares-de-menores-desaparecidos-se-manifestaron-en-la-fiscalia-piden-que-se-agilice-la-investigacion\/#article","isPartOf":{"@id":"https:\/\/canal7slp.tv\/2022\/familiares-de-menores-desaparecidos-se-manifestaron-en-la-fiscalia-piden-que-se-agilice-la-investigacion\/"},"author":{"name":"Edici\u00f3n Web","@id":"https:\/\/canal7slp.tv\/2022\/#\/schema\/person\/429704152a21f5f856ce29aa69a238da"},"headline":"Familiares de menores desaparecidos se manifestaron en la Fiscal\u00eda\u2026 piden que se agilice la investigaci\u00f3n.","datePublished":"2022-03-29T11:34:21+00:00","mainEntityOfPage":{"@id":"https:\/\/canal7slp.tv\/2022\/familiares-de-menores-desaparecidos-se-manifestaron-en-la-fiscalia-piden-que-se-agilice-la-investigacion\/"},"wordCount":137,"publisher":{"@id":"https:\/\/canal7slp.tv\/2022\/#organization"},"image":{"@id":"https:\/\/canal7slp.tv\/2022\/familiares-de-menores-desaparecidos-se-manifestaron-en-la-fiscalia-piden-que-se-agilice-la-investigacion\/#primaryimage"},"thumbnailUrl":"https:\/\/canal7slp.tv\/2022\/wp-content\/uploads\/2022\/03\/Pau03FGE.jpg","articleSection":["DESTACADAS","LOCALES Y REGIONALES"],"inLanguage":"es"},{"@type":"WebPage","@id":"https:\/\/canal7slp.tv\/2022\/familiares-de-menores-desaparecidos-se-manifestaron-en-la-fiscalia-piden-que-se-agilice-la-investigacion\/","url":"https:\/\/canal7slp.tv\/2022\/familiares-de-menores-desaparecidos-se-manifestaron-en-la-fiscalia-piden-que-se-agilice-la-investigacion\/","name":"Familiares de menores desaparecidos se manifestaron en la Fiscal\u00eda\u2026 piden que se agilice la investigaci\u00f3n. - Canal 7 SLP - 2022","isPartOf":{"@id":"https:\/\/canal7slp.tv\/2022\/#website"},"primaryImageOfPage":{"@id":"https:\/\/canal7slp.tv\/2022\/familiares-de-menores-desaparecidos-se-manifestaron-en-la-fiscalia-piden-que-se-agilice-la-investigacion\/#primaryimage"},"image":{"@id":"https:\/\/canal7slp.tv\/2022\/familiares-de-menores-desaparecidos-se-manifestaron-en-la-fiscalia-piden-que-se-agilice-la-investigacion\/#primaryimage"},"thumbnailUrl":"https:\/\/canal7slp.tv\/2022\/wp-content\/uploads\/2022\/03\/Pau03FGE.jpg","datePublished":"2022-03-29T11:34:21+00:00","breadcrumb":{"@id":"https:\/\/canal7slp.tv\/2022\/familiares-de-menores-desaparecidos-se-manifestaron-en-la-fiscalia-piden-que-se-agilice-la-investigacion\/#breadcrumb"},"inLanguage":"es","potentialAction":[{"@type":"ReadAction","target":["https:\/\/canal7slp.tv\/2022\/familiares-de-menores-desaparecidos-se-manifestaron-en-la-fiscalia-piden-que-se-agilice-la-investigacion\/"]}]},{"@type":"ImageObject","inLanguage":"es","@id":"https:\/\/canal7slp.tv\/2022\/familiares-de-menores-desaparecidos-se-manifestaron-en-la-fiscalia-piden-que-se-agilice-la-investigacion\/#primaryimage","url":"https:\/\/canal7slp.tv\/2022\/wp-content\/uploads\/2022\/03\/Pau03FGE.jpg","contentUrl":"https:\/\/canal7slp.tv\/2022\/wp-content\/uploads\/2022\/03\/Pau03FGE.jpg","width":888,"height":500},{"@type":"BreadcrumbList","@id":"https:\/\/canal7slp.tv\/2022\/familiares-de-menores-desaparecidos-se-manifestaron-en-la-fiscalia-piden-que-se-agilice-la-investigacion\/#breadcrumb","itemListElement":[{"@type":"ListItem","position":1,"name":"Portada","item":"https:\/\/canal7slp.tv\/2022\/"},{"@type":"ListItem","position":2,"name":"Familiares de menores desaparecidos se manifestaron en la Fiscal\u00eda\u2026 piden que se agilice la investigaci\u00f3n."}]},{"@type":"WebSite","@id":"https:\/\/canal7slp.tv\/2022\/#website","url":"https:\/\/canal7slp.tv\/2022\/","name":"N7 - Noticieros Canal 7","description":"Somos Televisi\u00f3n","publisher":{"@id":"https:\/\/canal7slp.tv\/2022\/#organization"},"potentialAction":[{"@type":"SearchAction","target":{"@type":"EntryPoint","urlTemplate":"https:\/\/canal7slp.tv\/2022\/?s={search_term_string}"},"query-input":{"@type":"PropertyValueSpecification","valueRequired":true,"valueName":"search_term_string"}}],"inLanguage":"es"},{"@type":"Organization","@id":"https:\/\/canal7slp.tv\/2022\/#organization","name":"Noticieros Canal 7","url":"https:\/\/canal7slp.tv\/2022\/","logo":{"@type":"ImageObject","inLanguage":"es","@id":"https:\/\/canal7slp.tv\/2022\/#\/schema\/logo\/image\/","url":"https:\/\/canal7slp.tv\/2022\/wp-content\/uploads\/2021\/01\/logo-noticieros@2x.png","contentUrl":"https:\/\/canal7slp.tv\/2022\/wp-content\/uploads\/2021\/01\/logo-noticieros@2x.png","width":1017,"height":268,"caption":"Noticieros Canal 7"},"image":{"@id":"https:\/\/canal7slp.tv\/2022\/#\/schema\/logo\/image\/"},"sameAs":["https:\/\/www.facebook.com\/noticieroscanalsiete","https:\/\/x.com\/NOTICIEROS7","https:\/\/www.instagram.com\/canal7_slp","https:\/\/www.youtube.com\/channel\/UCliiYs-gP3JfJeqdPrNdd5A"]},{"@type":"Person","@id":"https:\/\/canal7slp.tv\/2022\/#\/schema\/person\/429704152a21f5f856ce29aa69a238da","name":"Edici\u00f3n Web","image":{"@type":"ImageObject","inLanguage":"es","@id":"https:\/\/secure.gravatar.com\/avatar\/eee448fc3f7164808013b816ba91ac7e43bbe82a70bebac296f8bc6f0addaa1a?s=96&d=mm&r=g","url":"https:\/\/secure.gravatar.com\/avatar\/eee448fc3f7164808013b816ba91ac7e43bbe82a70bebac296f8bc6f0addaa1a?s=96&d=mm&r=g","contentUrl":"https:\/\/secure.gravatar.com\/avatar\/eee448fc3f7164808013b816ba91ac7e43bbe82a70bebac296f8bc6f0addaa1a?s=96&d=mm&r=g","caption":"Edici\u00f3n Web"},"url":"https:\/\/canal7slp.tv\/2022\/author\/edicionweb\/"}]}},"amp_enabled":true,"_links":{"self":[{"href":"https:\/\/canal7slp.tv\/2022\/wp-json\/wp\/v2\/posts\/55540","targetHints":{"allow":["GET"]}}],"collection":[{"href":"https:\/\/canal7slp.tv\/2022\/wp-json\/wp\/v2\/posts"}],"about":[{"href":"https:\/\/canal7slp.tv\/2022\/wp-json\/wp\/v2\/types\/post"}],"author":[{"embeddable":true,"href":"https:\/\/canal7slp.tv\/2022\/wp-json\/wp\/v2\/users\/2"}],"replies":[{"embeddable":true,"href":"https:\/\/canal7slp.tv\/2022\/wp-json\/wp\/v2\/comments?post=55540"}],"version-history":[{"count":1,"href":"https:\/\/canal7slp.tv\/2022\/wp-json\/wp\/v2\/posts\/55540\/revisions"}],"predecessor-version":[{"id":55542,"href":"https:\/\/canal7slp.tv\/2022\/wp-json\/wp\/v2\/posts\/55540\/revisions\/55542"}],"wp:featuredmedia":[{"embeddable":true,"href":"https:\/\/canal7slp.tv\/2022\/wp-json\/wp\/v2\/media\/55541"}],"wp:attachment":[{"href":"https:\/\/canal7slp.tv\/2022\/wp-json\/wp\/v2\/media?parent=55540"}],"wp:term":[{"taxonomy":"category","embeddable":true,"href":"https:\/\/canal7slp.tv\/2022\/wp-json\/wp\/v2\/categories?post=55540"},{"taxonomy":"post_tag","embeddable":true,"href":"https:\/\/canal7slp.tv\/2022\/wp-json\/wp\/v2\/tags?post=55540"}],"curies":[{"name":"wp","href":"https:\/\/api.w.org\/{rel}","templated":true}]}}