{"id":55515,"date":"2022-03-28T19:40:28","date_gmt":"2022-03-29T01:40:28","guid":{"rendered":"https:\/\/canal7slp.tv\/2022\/?p=55515"},"modified":"2022-03-28T19:40:28","modified_gmt":"2022-03-29T01:40:28","slug":"fundacion-fuerza-memo-busca-salvar-vidas-de-ninos-con-cancer-en-el-altiplano","status":"publish","type":"post","link":"https:\/\/canal7slp.tv\/2022\/fundacion-fuerza-memo-busca-salvar-vidas-de-ninos-con-cancer-en-el-altiplano\/","title":{"rendered":"Fundaci\u00f3n Fuerza Memo busca salvar vidas de ni\u00f1os con c\u00e1ncer en el Altiplano."},"content":{"rendered":"<p style=\"text-align: justify;\">SLP.- A trav\u00e9s de la colocaci\u00f3n de m\u00f3dulos para la recolecci\u00f3n de tapitas, la Asociaci\u00f3n Fuerza Memo se encuentra en la b\u00fasqueda de padrinos que les permitan llenar de corazones las plazas y escuelas del Altiplano Potosino.<\/p>\n<p style=\"text-align: justify;\">Mildred Torres, coordinadora de la fundaci\u00f3n, coment\u00f3 al respecto, \u201cel proceso de las tapitas, como es una asociaci\u00f3n ya conformada, es todo un organismo que funciona, las tapas se van a una recicladora que las compra, le paga el kilo de tapa a la fundaci\u00f3n y est\u00e1 a su vez le hace la entrega en dep\u00f3sitos para poder pagar todos los gastos de los ni\u00f1os en los hospitales.<\/p>\n<p style=\"text-align: justify;\">Para Mildred, la responsabilidad social que se tiene con los ni\u00f1os debe ser promovida desde los organismos p\u00fablicos y privados, \u201clamentablemente en nuestro pa\u00eds no se solventan esos gastos tan costosos, entonces nosotros como ciudadanos estamos en esta encomienda de construir un mundo mejor ayudando si podemos con las tapitas de pl\u00e1stico\u201d.<\/p>\n<p style=\"text-align: justify;\">La fundaci\u00f3n Fuerza Memo tiene actualmente ocho corazones en Matehuala mientras que en Cedral cuentan con dos m\u00e1s, sin embargo, otros gobierno municipales, han hecho caso omiso a la solicitud de apoyo, \u201cse ha invitado a los diferentes municipios, solamente me dicen que s\u00ed, yo sigo esperando, aqu\u00ed la idea es seguir salvando ni\u00f1os, yo creo que si colabor\u00e1ramos todos, sobre todo las escuelas, ser\u00eda una ayuda m\u00e1s permanente, s\u00f3lida, esperemos que a futuro siga consolid\u00e1ndose como una ayuda permanente, no nos cuesta nada juntar las tapitas para ni\u00f1os que padecen c\u00e1ncer\u201d, finaliz\u00f3.<\/p>\n<p style=\"text-align: justify;\">Por: Jes\u00fas Valencia<\/p>\n","protected":false},"excerpt":{"rendered":"<p>SLP.- A trav\u00e9s de la colocaci\u00f3n de m\u00f3dulos para la recolecci\u00f3n de tapitas, la Asociaci\u00f3n Fuerza Memo se encuentra en la b\u00fasqueda de padrinos que les permitan llenar de corazones las plazas y escuelas del Altiplano Potosino. Mildred Torres, coordinadora de la fundaci\u00f3n, coment\u00f3 al respecto, \u201cel proceso de las tapitas, como es una asociaci\u00f3n ya conformada, es todo un organismo que funciona, las tapas se van a una recicladora que las compra, le paga el kilo de tapa a la fundaci\u00f3n y est\u00e1 a su vez le hace la entrega en dep\u00f3sitos para poder pagar todos los gastos de [&hellip;]<\/p>\n","protected":false},"author":2,"featured_media":55518,"comment_status":"closed","ping_status":"closed","sticky":false,"template":"","format":"video","meta":{"footnotes":""},"categories":[5,43],"tags":[],"class_list":["post-55515","post","type-post","status-publish","format-video","has-post-thumbnail","hentry","category-destacadas","category-interior","post_format-post-format-video","post--single"],"yoast_head":"<!-- This site is optimized with the Yoast SEO plugin v27.4 - https:\/\/yoast.com\/product\/yoast-seo-wordpress\/ -->\n<title>Fundaci\u00f3n Fuerza Memo busca salvar vidas de ni\u00f1os con c\u00e1ncer en el Altiplano. - Canal 7 SLP - 2022<\/title>\n<meta name=\"robots\" content=\"index, follow, max-snippet:-1, max-image-preview:large, max-video-preview:-1\" \/>\n<link rel=\"canonical\" href=\"https:\/\/canal7slp.tv\/2022\/fundacion-fuerza-memo-busca-salvar-vidas-de-ninos-con-cancer-en-el-altiplano\/\" \/>\n<meta property=\"og:locale\" content=\"es_ES\" \/>\n<meta property=\"og:type\" content=\"article\" \/>\n<meta property=\"og:title\" content=\"Fundaci\u00f3n Fuerza Memo busca salvar vidas de ni\u00f1os con c\u00e1ncer en el Altiplano. - Canal 7 SLP - 2022\" \/>\n<meta property=\"og:description\" content=\"SLP.- A trav\u00e9s de la colocaci\u00f3n de m\u00f3dulos para la recolecci\u00f3n de tapitas, la Asociaci\u00f3n Fuerza Memo se encuentra en la b\u00fasqueda de padrinos que les permitan llenar de corazones las plazas y escuelas del Altiplano Potosino. Mildred Torres, coordinadora de la fundaci\u00f3n, coment\u00f3 al respecto, \u201cel proceso de las tapitas, como es una asociaci\u00f3n ya conformada, es todo un organismo que funciona, las tapas se van a una recicladora que las compra, le paga el kilo de tapa a la fundaci\u00f3n y est\u00e1 a su vez le hace la entrega en dep\u00f3sitos para poder pagar todos los gastos de [&hellip;]\" \/>\n<meta property=\"og:url\" content=\"https:\/\/canal7slp.tv\/2022\/fundacion-fuerza-memo-busca-salvar-vidas-de-ninos-con-cancer-en-el-altiplano\/\" \/>\n<meta property=\"og:site_name\" content=\"Canal 7 SLP - 2022\" \/>\n<meta property=\"article:publisher\" content=\"https:\/\/www.facebook.com\/noticieroscanalsiete\" \/>\n<meta property=\"article:published_time\" content=\"2022-03-29T01:40:28+00:00\" \/>\n<meta property=\"og:image\" content=\"https:\/\/canal7slp.tv\/2022\/wp-content\/uploads\/2022\/03\/Valencia01Fundacion.jpg\" \/>\n\t<meta property=\"og:image:width\" content=\"888\" \/>\n\t<meta property=\"og:image:height\" content=\"500\" \/>\n\t<meta property=\"og:image:type\" content=\"image\/jpeg\" \/>\n<meta name=\"author\" content=\"Edici\u00f3n Web\" \/>\n<meta name=\"twitter:card\" content=\"summary_large_image\" \/>\n<meta name=\"twitter:creator\" content=\"@NOTICIEROS7\" \/>\n<meta name=\"twitter:site\" content=\"@NOTICIEROS7\" \/>\n<meta name=\"twitter:label1\" content=\"Escrito por\" \/>\n\t<meta name=\"twitter:data1\" content=\"Edici\u00f3n Web\" \/>\n\t<meta name=\"twitter:label2\" content=\"Tiempo de lectura\" \/>\n\t<meta name=\"twitter:data2\" content=\"2 minutos\" \/>\n<script type=\"application\/ld+json\" class=\"yoast-schema-graph\">{\"@context\":\"https:\\\/\\\/schema.org\",\"@graph\":[{\"@type\":\"Article\",\"@id\":\"https:\\\/\\\/canal7slp.tv\\\/2022\\\/fundacion-fuerza-memo-busca-salvar-vidas-de-ninos-con-cancer-en-el-altiplano\\\/#article\",\"isPartOf\":{\"@id\":\"https:\\\/\\\/canal7slp.tv\\\/2022\\\/fundacion-fuerza-memo-busca-salvar-vidas-de-ninos-con-cancer-en-el-altiplano\\\/\"},\"author\":{\"name\":\"Edici\u00f3n Web\",\"@id\":\"https:\\\/\\\/canal7slp.tv\\\/2022\\\/#\\\/schema\\\/person\\\/429704152a21f5f856ce29aa69a238da\"},\"headline\":\"Fundaci\u00f3n Fuerza Memo busca salvar vidas de ni\u00f1os con c\u00e1ncer en el Altiplano.\",\"datePublished\":\"2022-03-29T01:40:28+00:00\",\"mainEntityOfPage\":{\"@id\":\"https:\\\/\\\/canal7slp.tv\\\/2022\\\/fundacion-fuerza-memo-busca-salvar-vidas-de-ninos-con-cancer-en-el-altiplano\\\/\"},\"wordCount\":296,\"publisher\":{\"@id\":\"https:\\\/\\\/canal7slp.tv\\\/2022\\\/#organization\"},\"image\":{\"@id\":\"https:\\\/\\\/canal7slp.tv\\\/2022\\\/fundacion-fuerza-memo-busca-salvar-vidas-de-ninos-con-cancer-en-el-altiplano\\\/#primaryimage\"},\"thumbnailUrl\":\"https:\\\/\\\/canal7slp.tv\\\/2022\\\/wp-content\\\/uploads\\\/2022\\\/03\\\/Valencia01Fundacion.jpg\",\"articleSection\":[\"DESTACADAS\",\"INTERIOR DEL ESTADO\"],\"inLanguage\":\"es\"},{\"@type\":\"WebPage\",\"@id\":\"https:\\\/\\\/canal7slp.tv\\\/2022\\\/fundacion-fuerza-memo-busca-salvar-vidas-de-ninos-con-cancer-en-el-altiplano\\\/\",\"url\":\"https:\\\/\\\/canal7slp.tv\\\/2022\\\/fundacion-fuerza-memo-busca-salvar-vidas-de-ninos-con-cancer-en-el-altiplano\\\/\",\"name\":\"Fundaci\u00f3n Fuerza Memo busca salvar vidas de ni\u00f1os con c\u00e1ncer en el Altiplano. - Canal 7 SLP - 2022\",\"isPartOf\":{\"@id\":\"https:\\\/\\\/canal7slp.tv\\\/2022\\\/#website\"},\"primaryImageOfPage\":{\"@id\":\"https:\\\/\\\/canal7slp.tv\\\/2022\\\/fundacion-fuerza-memo-busca-salvar-vidas-de-ninos-con-cancer-en-el-altiplano\\\/#primaryimage\"},\"image\":{\"@id\":\"https:\\\/\\\/canal7slp.tv\\\/2022\\\/fundacion-fuerza-memo-busca-salvar-vidas-de-ninos-con-cancer-en-el-altiplano\\\/#primaryimage\"},\"thumbnailUrl\":\"https:\\\/\\\/canal7slp.tv\\\/2022\\\/wp-content\\\/uploads\\\/2022\\\/03\\\/Valencia01Fundacion.jpg\",\"datePublished\":\"2022-03-29T01:40:28+00:00\",\"breadcrumb\":{\"@id\":\"https:\\\/\\\/canal7slp.tv\\\/2022\\\/fundacion-fuerza-memo-busca-salvar-vidas-de-ninos-con-cancer-en-el-altiplano\\\/#breadcrumb\"},\"inLanguage\":\"es\",\"potentialAction\":[{\"@type\":\"ReadAction\",\"target\":[\"https:\\\/\\\/canal7slp.tv\\\/2022\\\/fundacion-fuerza-memo-busca-salvar-vidas-de-ninos-con-cancer-en-el-altiplano\\\/\"]}]},{\"@type\":\"ImageObject\",\"inLanguage\":\"es\",\"@id\":\"https:\\\/\\\/canal7slp.tv\\\/2022\\\/fundacion-fuerza-memo-busca-salvar-vidas-de-ninos-con-cancer-en-el-altiplano\\\/#primaryimage\",\"url\":\"https:\\\/\\\/canal7slp.tv\\\/2022\\\/wp-content\\\/uploads\\\/2022\\\/03\\\/Valencia01Fundacion.jpg\",\"contentUrl\":\"https:\\\/\\\/canal7slp.tv\\\/2022\\\/wp-content\\\/uploads\\\/2022\\\/03\\\/Valencia01Fundacion.jpg\",\"width\":888,\"height\":500},{\"@type\":\"BreadcrumbList\",\"@id\":\"https:\\\/\\\/canal7slp.tv\\\/2022\\\/fundacion-fuerza-memo-busca-salvar-vidas-de-ninos-con-cancer-en-el-altiplano\\\/#breadcrumb\",\"itemListElement\":[{\"@type\":\"ListItem\",\"position\":1,\"name\":\"Portada\",\"item\":\"https:\\\/\\\/canal7slp.tv\\\/2022\\\/\"},{\"@type\":\"ListItem\",\"position\":2,\"name\":\"Fundaci\u00f3n Fuerza Memo busca salvar vidas de ni\u00f1os con c\u00e1ncer en el Altiplano.\"}]},{\"@type\":\"WebSite\",\"@id\":\"https:\\\/\\\/canal7slp.tv\\\/2022\\\/#website\",\"url\":\"https:\\\/\\\/canal7slp.tv\\\/2022\\\/\",\"name\":\"N7 - Noticieros Canal 7\",\"description\":\"Somos Televisi\u00f3n\",\"publisher\":{\"@id\":\"https:\\\/\\\/canal7slp.tv\\\/2022\\\/#organization\"},\"potentialAction\":[{\"@type\":\"SearchAction\",\"target\":{\"@type\":\"EntryPoint\",\"urlTemplate\":\"https:\\\/\\\/canal7slp.tv\\\/2022\\\/?s={search_term_string}\"},\"query-input\":{\"@type\":\"PropertyValueSpecification\",\"valueRequired\":true,\"valueName\":\"search_term_string\"}}],\"inLanguage\":\"es\"},{\"@type\":\"Organization\",\"@id\":\"https:\\\/\\\/canal7slp.tv\\\/2022\\\/#organization\",\"name\":\"Noticieros Canal 7\",\"url\":\"https:\\\/\\\/canal7slp.tv\\\/2022\\\/\",\"logo\":{\"@type\":\"ImageObject\",\"inLanguage\":\"es\",\"@id\":\"https:\\\/\\\/canal7slp.tv\\\/2022\\\/#\\\/schema\\\/logo\\\/image\\\/\",\"url\":\"https:\\\/\\\/canal7slp.tv\\\/2022\\\/wp-content\\\/uploads\\\/2021\\\/01\\\/logo-noticieros@2x.png\",\"contentUrl\":\"https:\\\/\\\/canal7slp.tv\\\/2022\\\/wp-content\\\/uploads\\\/2021\\\/01\\\/logo-noticieros@2x.png\",\"width\":1017,\"height\":268,\"caption\":\"Noticieros Canal 7\"},\"image\":{\"@id\":\"https:\\\/\\\/canal7slp.tv\\\/2022\\\/#\\\/schema\\\/logo\\\/image\\\/\"},\"sameAs\":[\"https:\\\/\\\/www.facebook.com\\\/noticieroscanalsiete\",\"https:\\\/\\\/x.com\\\/NOTICIEROS7\",\"https:\\\/\\\/www.instagram.com\\\/canal7_slp\",\"https:\\\/\\\/www.youtube.com\\\/channel\\\/UCliiYs-gP3JfJeqdPrNdd5A\"]},{\"@type\":\"Person\",\"@id\":\"https:\\\/\\\/canal7slp.tv\\\/2022\\\/#\\\/schema\\\/person\\\/429704152a21f5f856ce29aa69a238da\",\"name\":\"Edici\u00f3n Web\",\"image\":{\"@type\":\"ImageObject\",\"inLanguage\":\"es\",\"@id\":\"https:\\\/\\\/secure.gravatar.com\\\/avatar\\\/eee448fc3f7164808013b816ba91ac7e43bbe82a70bebac296f8bc6f0addaa1a?s=96&d=mm&r=g\",\"url\":\"https:\\\/\\\/secure.gravatar.com\\\/avatar\\\/eee448fc3f7164808013b816ba91ac7e43bbe82a70bebac296f8bc6f0addaa1a?s=96&d=mm&r=g\",\"contentUrl\":\"https:\\\/\\\/secure.gravatar.com\\\/avatar\\\/eee448fc3f7164808013b816ba91ac7e43bbe82a70bebac296f8bc6f0addaa1a?s=96&d=mm&r=g\",\"caption\":\"Edici\u00f3n Web\"},\"url\":\"https:\\\/\\\/canal7slp.tv\\\/2022\\\/author\\\/edicionweb\\\/\"}]}<\/script>\n<!-- \/ Yoast SEO plugin. -->","yoast_head_json":{"title":"Fundaci\u00f3n Fuerza Memo busca salvar vidas de ni\u00f1os con c\u00e1ncer en el Altiplano. - Canal 7 SLP - 2022","robots":{"index":"index","follow":"follow","max-snippet":"max-snippet:-1","max-image-preview":"max-image-preview:large","max-video-preview":"max-video-preview:-1"},"canonical":"https:\/\/canal7slp.tv\/2022\/fundacion-fuerza-memo-busca-salvar-vidas-de-ninos-con-cancer-en-el-altiplano\/","og_locale":"es_ES","og_type":"article","og_title":"Fundaci\u00f3n Fuerza Memo busca salvar vidas de ni\u00f1os con c\u00e1ncer en el Altiplano. - Canal 7 SLP - 2022","og_description":"SLP.- A trav\u00e9s de la colocaci\u00f3n de m\u00f3dulos para la recolecci\u00f3n de tapitas, la Asociaci\u00f3n Fuerza Memo se encuentra en la b\u00fasqueda de padrinos que les permitan llenar de corazones las plazas y escuelas del Altiplano Potosino. Mildred Torres, coordinadora de la fundaci\u00f3n, coment\u00f3 al respecto, \u201cel proceso de las tapitas, como es una asociaci\u00f3n ya conformada, es todo un organismo que funciona, las tapas se van a una recicladora que las compra, le paga el kilo de tapa a la fundaci\u00f3n y est\u00e1 a su vez le hace la entrega en dep\u00f3sitos para poder pagar todos los gastos de [&hellip;]","og_url":"https:\/\/canal7slp.tv\/2022\/fundacion-fuerza-memo-busca-salvar-vidas-de-ninos-con-cancer-en-el-altiplano\/","og_site_name":"Canal 7 SLP - 2022","article_publisher":"https:\/\/www.facebook.com\/noticieroscanalsiete","article_published_time":"2022-03-29T01:40:28+00:00","og_image":[{"width":888,"height":500,"url":"https:\/\/canal7slp.tv\/2022\/wp-content\/uploads\/2022\/03\/Valencia01Fundacion.jpg","type":"image\/jpeg"}],"author":"Edici\u00f3n Web","twitter_card":"summary_large_image","twitter_creator":"@NOTICIEROS7","twitter_site":"@NOTICIEROS7","twitter_misc":{"Escrito por":"Edici\u00f3n Web","Tiempo de lectura":"2 minutos"},"schema":{"@context":"https:\/\/schema.org","@graph":[{"@type":"Article","@id":"https:\/\/canal7slp.tv\/2022\/fundacion-fuerza-memo-busca-salvar-vidas-de-ninos-con-cancer-en-el-altiplano\/#article","isPartOf":{"@id":"https:\/\/canal7slp.tv\/2022\/fundacion-fuerza-memo-busca-salvar-vidas-de-ninos-con-cancer-en-el-altiplano\/"},"author":{"name":"Edici\u00f3n Web","@id":"https:\/\/canal7slp.tv\/2022\/#\/schema\/person\/429704152a21f5f856ce29aa69a238da"},"headline":"Fundaci\u00f3n Fuerza Memo busca salvar vidas de ni\u00f1os con c\u00e1ncer en el Altiplano.","datePublished":"2022-03-29T01:40:28+00:00","mainEntityOfPage":{"@id":"https:\/\/canal7slp.tv\/2022\/fundacion-fuerza-memo-busca-salvar-vidas-de-ninos-con-cancer-en-el-altiplano\/"},"wordCount":296,"publisher":{"@id":"https:\/\/canal7slp.tv\/2022\/#organization"},"image":{"@id":"https:\/\/canal7slp.tv\/2022\/fundacion-fuerza-memo-busca-salvar-vidas-de-ninos-con-cancer-en-el-altiplano\/#primaryimage"},"thumbnailUrl":"https:\/\/canal7slp.tv\/2022\/wp-content\/uploads\/2022\/03\/Valencia01Fundacion.jpg","articleSection":["DESTACADAS","INTERIOR DEL ESTADO"],"inLanguage":"es"},{"@type":"WebPage","@id":"https:\/\/canal7slp.tv\/2022\/fundacion-fuerza-memo-busca-salvar-vidas-de-ninos-con-cancer-en-el-altiplano\/","url":"https:\/\/canal7slp.tv\/2022\/fundacion-fuerza-memo-busca-salvar-vidas-de-ninos-con-cancer-en-el-altiplano\/","name":"Fundaci\u00f3n Fuerza Memo busca salvar vidas de ni\u00f1os con c\u00e1ncer en el Altiplano. - Canal 7 SLP - 2022","isPartOf":{"@id":"https:\/\/canal7slp.tv\/2022\/#website"},"primaryImageOfPage":{"@id":"https:\/\/canal7slp.tv\/2022\/fundacion-fuerza-memo-busca-salvar-vidas-de-ninos-con-cancer-en-el-altiplano\/#primaryimage"},"image":{"@id":"https:\/\/canal7slp.tv\/2022\/fundacion-fuerza-memo-busca-salvar-vidas-de-ninos-con-cancer-en-el-altiplano\/#primaryimage"},"thumbnailUrl":"https:\/\/canal7slp.tv\/2022\/wp-content\/uploads\/2022\/03\/Valencia01Fundacion.jpg","datePublished":"2022-03-29T01:40:28+00:00","breadcrumb":{"@id":"https:\/\/canal7slp.tv\/2022\/fundacion-fuerza-memo-busca-salvar-vidas-de-ninos-con-cancer-en-el-altiplano\/#breadcrumb"},"inLanguage":"es","potentialAction":[{"@type":"ReadAction","target":["https:\/\/canal7slp.tv\/2022\/fundacion-fuerza-memo-busca-salvar-vidas-de-ninos-con-cancer-en-el-altiplano\/"]}]},{"@type":"ImageObject","inLanguage":"es","@id":"https:\/\/canal7slp.tv\/2022\/fundacion-fuerza-memo-busca-salvar-vidas-de-ninos-con-cancer-en-el-altiplano\/#primaryimage","url":"https:\/\/canal7slp.tv\/2022\/wp-content\/uploads\/2022\/03\/Valencia01Fundacion.jpg","contentUrl":"https:\/\/canal7slp.tv\/2022\/wp-content\/uploads\/2022\/03\/Valencia01Fundacion.jpg","width":888,"height":500},{"@type":"BreadcrumbList","@id":"https:\/\/canal7slp.tv\/2022\/fundacion-fuerza-memo-busca-salvar-vidas-de-ninos-con-cancer-en-el-altiplano\/#breadcrumb","itemListElement":[{"@type":"ListItem","position":1,"name":"Portada","item":"https:\/\/canal7slp.tv\/2022\/"},{"@type":"ListItem","position":2,"name":"Fundaci\u00f3n Fuerza Memo busca salvar vidas de ni\u00f1os con c\u00e1ncer en el Altiplano."}]},{"@type":"WebSite","@id":"https:\/\/canal7slp.tv\/2022\/#website","url":"https:\/\/canal7slp.tv\/2022\/","name":"N7 - Noticieros Canal 7","description":"Somos Televisi\u00f3n","publisher":{"@id":"https:\/\/canal7slp.tv\/2022\/#organization"},"potentialAction":[{"@type":"SearchAction","target":{"@type":"EntryPoint","urlTemplate":"https:\/\/canal7slp.tv\/2022\/?s={search_term_string}"},"query-input":{"@type":"PropertyValueSpecification","valueRequired":true,"valueName":"search_term_string"}}],"inLanguage":"es"},{"@type":"Organization","@id":"https:\/\/canal7slp.tv\/2022\/#organization","name":"Noticieros Canal 7","url":"https:\/\/canal7slp.tv\/2022\/","logo":{"@type":"ImageObject","inLanguage":"es","@id":"https:\/\/canal7slp.tv\/2022\/#\/schema\/logo\/image\/","url":"https:\/\/canal7slp.tv\/2022\/wp-content\/uploads\/2021\/01\/logo-noticieros@2x.png","contentUrl":"https:\/\/canal7slp.tv\/2022\/wp-content\/uploads\/2021\/01\/logo-noticieros@2x.png","width":1017,"height":268,"caption":"Noticieros Canal 7"},"image":{"@id":"https:\/\/canal7slp.tv\/2022\/#\/schema\/logo\/image\/"},"sameAs":["https:\/\/www.facebook.com\/noticieroscanalsiete","https:\/\/x.com\/NOTICIEROS7","https:\/\/www.instagram.com\/canal7_slp","https:\/\/www.youtube.com\/channel\/UCliiYs-gP3JfJeqdPrNdd5A"]},{"@type":"Person","@id":"https:\/\/canal7slp.tv\/2022\/#\/schema\/person\/429704152a21f5f856ce29aa69a238da","name":"Edici\u00f3n Web","image":{"@type":"ImageObject","inLanguage":"es","@id":"https:\/\/secure.gravatar.com\/avatar\/eee448fc3f7164808013b816ba91ac7e43bbe82a70bebac296f8bc6f0addaa1a?s=96&d=mm&r=g","url":"https:\/\/secure.gravatar.com\/avatar\/eee448fc3f7164808013b816ba91ac7e43bbe82a70bebac296f8bc6f0addaa1a?s=96&d=mm&r=g","contentUrl":"https:\/\/secure.gravatar.com\/avatar\/eee448fc3f7164808013b816ba91ac7e43bbe82a70bebac296f8bc6f0addaa1a?s=96&d=mm&r=g","caption":"Edici\u00f3n Web"},"url":"https:\/\/canal7slp.tv\/2022\/author\/edicionweb\/"}]}},"amp_enabled":true,"_links":{"self":[{"href":"https:\/\/canal7slp.tv\/2022\/wp-json\/wp\/v2\/posts\/55515","targetHints":{"allow":["GET"]}}],"collection":[{"href":"https:\/\/canal7slp.tv\/2022\/wp-json\/wp\/v2\/posts"}],"about":[{"href":"https:\/\/canal7slp.tv\/2022\/wp-json\/wp\/v2\/types\/post"}],"author":[{"embeddable":true,"href":"https:\/\/canal7slp.tv\/2022\/wp-json\/wp\/v2\/users\/2"}],"replies":[{"embeddable":true,"href":"https:\/\/canal7slp.tv\/2022\/wp-json\/wp\/v2\/comments?post=55515"}],"version-history":[{"count":1,"href":"https:\/\/canal7slp.tv\/2022\/wp-json\/wp\/v2\/posts\/55515\/revisions"}],"predecessor-version":[{"id":55517,"href":"https:\/\/canal7slp.tv\/2022\/wp-json\/wp\/v2\/posts\/55515\/revisions\/55517"}],"wp:featuredmedia":[{"embeddable":true,"href":"https:\/\/canal7slp.tv\/2022\/wp-json\/wp\/v2\/media\/55518"}],"wp:attachment":[{"href":"https:\/\/canal7slp.tv\/2022\/wp-json\/wp\/v2\/media?parent=55515"}],"wp:term":[{"taxonomy":"category","embeddable":true,"href":"https:\/\/canal7slp.tv\/2022\/wp-json\/wp\/v2\/categories?post=55515"},{"taxonomy":"post_tag","embeddable":true,"href":"https:\/\/canal7slp.tv\/2022\/wp-json\/wp\/v2\/tags?post=55515"}],"curies":[{"name":"wp","href":"https:\/\/api.w.org\/{rel}","templated":true}]}}