{"id":55502,"date":"2022-03-28T21:42:27","date_gmt":"2022-03-29T03:42:27","guid":{"rendered":"https:\/\/canal7slp.tv\/2022\/?p=55502"},"modified":"2022-03-28T21:42:27","modified_gmt":"2022-03-29T03:42:27","slug":"piden-a-autoridades-revisar-horarios-de-centros-nocturnos","status":"publish","type":"post","link":"https:\/\/canal7slp.tv\/2022\/piden-a-autoridades-revisar-horarios-de-centros-nocturnos\/","title":{"rendered":"Piden a autoridades revisar horarios de centros nocturnos."},"content":{"rendered":"<ul>\n<li>Legisladora afirma que operan hasta altas horas de la madrugada.<\/li>\n<\/ul>\n<p style=\"text-align: justify;\">SLP.- Ante la afluencia de visitantes al estado por el pr\u00f3ximo per\u00edodo vacacional de Semana Santa y al referirse a las ri\u00f1as que se han presentado recientemente, la \u00faltima la madrugada de este domingo afuera de un antro ubicado en la calle \u00c1lvaro Obreg\u00f3n, la diputada integrante de la comisi\u00f3n de Seguridad P\u00fablica Emma Idalia Salda\u00f1a, pidi\u00f3 a las autoridades revisar los horarios de estos establecimientos ya que algunos todav\u00eda funcionan a altas horas de la madrugada.<\/p>\n<p style=\"text-align: justify;\">La legisladora dijo tambi\u00e9n que se debe establecer un di\u00e1logo con los propietarios de estos antros al considerar que de repetirse este tipo de hechos en la v\u00eda p\u00fablica y en pleno centro hist\u00f3rico, ahuyentar\u00eda al turismo.<\/p>\n<p style=\"text-align: justify;\">Y es que en las redes sociales circul\u00f3 un video de una ri\u00f1a colectiva en donde participaron varios j\u00f3venes dejando por lo menos a dos de ellos seriamente lesionados, afuera de un antro que se ubica en la calle \u00c1lvaro Obreg\u00f3n entre Bol\u00edvar e Independencia.<\/p>\n<p style=\"text-align: justify;\">En este contexto, la diputada del partido Movimiento Ciudadano se pronunci\u00f3 porque la Direcci\u00f3n de Comercio del municipio haga una revisi\u00f3n exhaustiva en este tipo de establecimientos, y verificar que efectivamente cierren en el horario que la ley establece.<\/p>\n<p style=\"text-align: justify;\">Por: Claudio Ibarra<\/p>\n","protected":false},"excerpt":{"rendered":"<p>Legisladora afirma que operan hasta altas horas de la madrugada. SLP.- Ante la afluencia de visitantes al estado por el pr\u00f3ximo per\u00edodo vacacional de Semana Santa y al referirse a las ri\u00f1as que se han presentado recientemente, la \u00faltima la madrugada de este domingo afuera de un antro ubicado en la calle \u00c1lvaro Obreg\u00f3n, la diputada integrante de la comisi\u00f3n de Seguridad P\u00fablica Emma Idalia Salda\u00f1a, pidi\u00f3 a las autoridades revisar los horarios de estos establecimientos ya que algunos todav\u00eda funcionan a altas horas de la madrugada. La legisladora dijo tambi\u00e9n que se debe establecer un di\u00e1logo con los propietarios [&hellip;]<\/p>\n","protected":false},"author":2,"featured_media":55530,"comment_status":"closed","ping_status":"closed","sticky":false,"template":"","format":"video","meta":{"footnotes":""},"categories":[5,45],"tags":[],"class_list":["post-55502","post","type-post","status-publish","format-video","has-post-thumbnail","hentry","category-destacadas","category-localesyregionales","post_format-post-format-video","post--single"],"yoast_head":"<!-- This site is optimized with the Yoast SEO plugin v27.4 - https:\/\/yoast.com\/product\/yoast-seo-wordpress\/ -->\n<title>Piden a autoridades revisar horarios de centros nocturnos. - Canal 7 SLP - 2022<\/title>\n<meta name=\"robots\" content=\"index, follow, max-snippet:-1, max-image-preview:large, max-video-preview:-1\" \/>\n<link rel=\"canonical\" href=\"https:\/\/canal7slp.tv\/2022\/piden-a-autoridades-revisar-horarios-de-centros-nocturnos\/\" \/>\n<meta property=\"og:locale\" content=\"es_ES\" \/>\n<meta property=\"og:type\" content=\"article\" \/>\n<meta property=\"og:title\" content=\"Piden a autoridades revisar horarios de centros nocturnos. - Canal 7 SLP - 2022\" \/>\n<meta property=\"og:description\" content=\"Legisladora afirma que operan hasta altas horas de la madrugada. SLP.- Ante la afluencia de visitantes al estado por el pr\u00f3ximo per\u00edodo vacacional de Semana Santa y al referirse a las ri\u00f1as que se han presentado recientemente, la \u00faltima la madrugada de este domingo afuera de un antro ubicado en la calle \u00c1lvaro Obreg\u00f3n, la diputada integrante de la comisi\u00f3n de Seguridad P\u00fablica Emma Idalia Salda\u00f1a, pidi\u00f3 a las autoridades revisar los horarios de estos establecimientos ya que algunos todav\u00eda funcionan a altas horas de la madrugada. La legisladora dijo tambi\u00e9n que se debe establecer un di\u00e1logo con los propietarios [&hellip;]\" \/>\n<meta property=\"og:url\" content=\"https:\/\/canal7slp.tv\/2022\/piden-a-autoridades-revisar-horarios-de-centros-nocturnos\/\" \/>\n<meta property=\"og:site_name\" content=\"Canal 7 SLP - 2022\" \/>\n<meta property=\"article:publisher\" content=\"https:\/\/www.facebook.com\/noticieroscanalsiete\" \/>\n<meta property=\"article:published_time\" content=\"2022-03-29T03:42:27+00:00\" \/>\n<meta property=\"og:image\" content=\"https:\/\/canal7slp.tv\/2022\/wp-content\/uploads\/2022\/03\/Claudio04Prevencion.jpg\" \/>\n\t<meta property=\"og:image:width\" content=\"888\" \/>\n\t<meta property=\"og:image:height\" content=\"500\" \/>\n\t<meta property=\"og:image:type\" content=\"image\/jpeg\" \/>\n<meta name=\"author\" content=\"Edici\u00f3n Web\" \/>\n<meta name=\"twitter:card\" content=\"summary_large_image\" \/>\n<meta name=\"twitter:creator\" content=\"@NOTICIEROS7\" \/>\n<meta name=\"twitter:site\" content=\"@NOTICIEROS7\" \/>\n<meta name=\"twitter:label1\" content=\"Escrito por\" \/>\n\t<meta name=\"twitter:data1\" content=\"Edici\u00f3n Web\" \/>\n\t<meta name=\"twitter:label2\" content=\"Tiempo de lectura\" \/>\n\t<meta name=\"twitter:data2\" content=\"1 minuto\" \/>\n<script type=\"application\/ld+json\" class=\"yoast-schema-graph\">{\"@context\":\"https:\\\/\\\/schema.org\",\"@graph\":[{\"@type\":\"Article\",\"@id\":\"https:\\\/\\\/canal7slp.tv\\\/2022\\\/piden-a-autoridades-revisar-horarios-de-centros-nocturnos\\\/#article\",\"isPartOf\":{\"@id\":\"https:\\\/\\\/canal7slp.tv\\\/2022\\\/piden-a-autoridades-revisar-horarios-de-centros-nocturnos\\\/\"},\"author\":{\"name\":\"Edici\u00f3n Web\",\"@id\":\"https:\\\/\\\/canal7slp.tv\\\/2022\\\/#\\\/schema\\\/person\\\/429704152a21f5f856ce29aa69a238da\"},\"headline\":\"Piden a autoridades revisar horarios de centros nocturnos.\",\"datePublished\":\"2022-03-29T03:42:27+00:00\",\"mainEntityOfPage\":{\"@id\":\"https:\\\/\\\/canal7slp.tv\\\/2022\\\/piden-a-autoridades-revisar-horarios-de-centros-nocturnos\\\/\"},\"wordCount\":240,\"publisher\":{\"@id\":\"https:\\\/\\\/canal7slp.tv\\\/2022\\\/#organization\"},\"image\":{\"@id\":\"https:\\\/\\\/canal7slp.tv\\\/2022\\\/piden-a-autoridades-revisar-horarios-de-centros-nocturnos\\\/#primaryimage\"},\"thumbnailUrl\":\"https:\\\/\\\/canal7slp.tv\\\/2022\\\/wp-content\\\/uploads\\\/2022\\\/03\\\/Claudio04Prevencion.jpg\",\"articleSection\":[\"DESTACADAS\",\"LOCALES Y REGIONALES\"],\"inLanguage\":\"es\"},{\"@type\":\"WebPage\",\"@id\":\"https:\\\/\\\/canal7slp.tv\\\/2022\\\/piden-a-autoridades-revisar-horarios-de-centros-nocturnos\\\/\",\"url\":\"https:\\\/\\\/canal7slp.tv\\\/2022\\\/piden-a-autoridades-revisar-horarios-de-centros-nocturnos\\\/\",\"name\":\"Piden a autoridades revisar horarios de centros nocturnos. - Canal 7 SLP - 2022\",\"isPartOf\":{\"@id\":\"https:\\\/\\\/canal7slp.tv\\\/2022\\\/#website\"},\"primaryImageOfPage\":{\"@id\":\"https:\\\/\\\/canal7slp.tv\\\/2022\\\/piden-a-autoridades-revisar-horarios-de-centros-nocturnos\\\/#primaryimage\"},\"image\":{\"@id\":\"https:\\\/\\\/canal7slp.tv\\\/2022\\\/piden-a-autoridades-revisar-horarios-de-centros-nocturnos\\\/#primaryimage\"},\"thumbnailUrl\":\"https:\\\/\\\/canal7slp.tv\\\/2022\\\/wp-content\\\/uploads\\\/2022\\\/03\\\/Claudio04Prevencion.jpg\",\"datePublished\":\"2022-03-29T03:42:27+00:00\",\"breadcrumb\":{\"@id\":\"https:\\\/\\\/canal7slp.tv\\\/2022\\\/piden-a-autoridades-revisar-horarios-de-centros-nocturnos\\\/#breadcrumb\"},\"inLanguage\":\"es\",\"potentialAction\":[{\"@type\":\"ReadAction\",\"target\":[\"https:\\\/\\\/canal7slp.tv\\\/2022\\\/piden-a-autoridades-revisar-horarios-de-centros-nocturnos\\\/\"]}]},{\"@type\":\"ImageObject\",\"inLanguage\":\"es\",\"@id\":\"https:\\\/\\\/canal7slp.tv\\\/2022\\\/piden-a-autoridades-revisar-horarios-de-centros-nocturnos\\\/#primaryimage\",\"url\":\"https:\\\/\\\/canal7slp.tv\\\/2022\\\/wp-content\\\/uploads\\\/2022\\\/03\\\/Claudio04Prevencion.jpg\",\"contentUrl\":\"https:\\\/\\\/canal7slp.tv\\\/2022\\\/wp-content\\\/uploads\\\/2022\\\/03\\\/Claudio04Prevencion.jpg\",\"width\":888,\"height\":500},{\"@type\":\"BreadcrumbList\",\"@id\":\"https:\\\/\\\/canal7slp.tv\\\/2022\\\/piden-a-autoridades-revisar-horarios-de-centros-nocturnos\\\/#breadcrumb\",\"itemListElement\":[{\"@type\":\"ListItem\",\"position\":1,\"name\":\"Portada\",\"item\":\"https:\\\/\\\/canal7slp.tv\\\/2022\\\/\"},{\"@type\":\"ListItem\",\"position\":2,\"name\":\"Piden a autoridades revisar horarios de centros nocturnos.\"}]},{\"@type\":\"WebSite\",\"@id\":\"https:\\\/\\\/canal7slp.tv\\\/2022\\\/#website\",\"url\":\"https:\\\/\\\/canal7slp.tv\\\/2022\\\/\",\"name\":\"N7 - Noticieros Canal 7\",\"description\":\"Somos Televisi\u00f3n\",\"publisher\":{\"@id\":\"https:\\\/\\\/canal7slp.tv\\\/2022\\\/#organization\"},\"potentialAction\":[{\"@type\":\"SearchAction\",\"target\":{\"@type\":\"EntryPoint\",\"urlTemplate\":\"https:\\\/\\\/canal7slp.tv\\\/2022\\\/?s={search_term_string}\"},\"query-input\":{\"@type\":\"PropertyValueSpecification\",\"valueRequired\":true,\"valueName\":\"search_term_string\"}}],\"inLanguage\":\"es\"},{\"@type\":\"Organization\",\"@id\":\"https:\\\/\\\/canal7slp.tv\\\/2022\\\/#organization\",\"name\":\"Noticieros Canal 7\",\"url\":\"https:\\\/\\\/canal7slp.tv\\\/2022\\\/\",\"logo\":{\"@type\":\"ImageObject\",\"inLanguage\":\"es\",\"@id\":\"https:\\\/\\\/canal7slp.tv\\\/2022\\\/#\\\/schema\\\/logo\\\/image\\\/\",\"url\":\"https:\\\/\\\/canal7slp.tv\\\/2022\\\/wp-content\\\/uploads\\\/2021\\\/01\\\/logo-noticieros@2x.png\",\"contentUrl\":\"https:\\\/\\\/canal7slp.tv\\\/2022\\\/wp-content\\\/uploads\\\/2021\\\/01\\\/logo-noticieros@2x.png\",\"width\":1017,\"height\":268,\"caption\":\"Noticieros Canal 7\"},\"image\":{\"@id\":\"https:\\\/\\\/canal7slp.tv\\\/2022\\\/#\\\/schema\\\/logo\\\/image\\\/\"},\"sameAs\":[\"https:\\\/\\\/www.facebook.com\\\/noticieroscanalsiete\",\"https:\\\/\\\/x.com\\\/NOTICIEROS7\",\"https:\\\/\\\/www.instagram.com\\\/canal7_slp\",\"https:\\\/\\\/www.youtube.com\\\/channel\\\/UCliiYs-gP3JfJeqdPrNdd5A\"]},{\"@type\":\"Person\",\"@id\":\"https:\\\/\\\/canal7slp.tv\\\/2022\\\/#\\\/schema\\\/person\\\/429704152a21f5f856ce29aa69a238da\",\"name\":\"Edici\u00f3n Web\",\"image\":{\"@type\":\"ImageObject\",\"inLanguage\":\"es\",\"@id\":\"https:\\\/\\\/secure.gravatar.com\\\/avatar\\\/eee448fc3f7164808013b816ba91ac7e43bbe82a70bebac296f8bc6f0addaa1a?s=96&d=mm&r=g\",\"url\":\"https:\\\/\\\/secure.gravatar.com\\\/avatar\\\/eee448fc3f7164808013b816ba91ac7e43bbe82a70bebac296f8bc6f0addaa1a?s=96&d=mm&r=g\",\"contentUrl\":\"https:\\\/\\\/secure.gravatar.com\\\/avatar\\\/eee448fc3f7164808013b816ba91ac7e43bbe82a70bebac296f8bc6f0addaa1a?s=96&d=mm&r=g\",\"caption\":\"Edici\u00f3n Web\"},\"url\":\"https:\\\/\\\/canal7slp.tv\\\/2022\\\/author\\\/edicionweb\\\/\"}]}<\/script>\n<!-- \/ Yoast SEO plugin. -->","yoast_head_json":{"title":"Piden a autoridades revisar horarios de centros nocturnos. - Canal 7 SLP - 2022","robots":{"index":"index","follow":"follow","max-snippet":"max-snippet:-1","max-image-preview":"max-image-preview:large","max-video-preview":"max-video-preview:-1"},"canonical":"https:\/\/canal7slp.tv\/2022\/piden-a-autoridades-revisar-horarios-de-centros-nocturnos\/","og_locale":"es_ES","og_type":"article","og_title":"Piden a autoridades revisar horarios de centros nocturnos. - Canal 7 SLP - 2022","og_description":"Legisladora afirma que operan hasta altas horas de la madrugada. SLP.- Ante la afluencia de visitantes al estado por el pr\u00f3ximo per\u00edodo vacacional de Semana Santa y al referirse a las ri\u00f1as que se han presentado recientemente, la \u00faltima la madrugada de este domingo afuera de un antro ubicado en la calle \u00c1lvaro Obreg\u00f3n, la diputada integrante de la comisi\u00f3n de Seguridad P\u00fablica Emma Idalia Salda\u00f1a, pidi\u00f3 a las autoridades revisar los horarios de estos establecimientos ya que algunos todav\u00eda funcionan a altas horas de la madrugada. La legisladora dijo tambi\u00e9n que se debe establecer un di\u00e1logo con los propietarios [&hellip;]","og_url":"https:\/\/canal7slp.tv\/2022\/piden-a-autoridades-revisar-horarios-de-centros-nocturnos\/","og_site_name":"Canal 7 SLP - 2022","article_publisher":"https:\/\/www.facebook.com\/noticieroscanalsiete","article_published_time":"2022-03-29T03:42:27+00:00","og_image":[{"width":888,"height":500,"url":"https:\/\/canal7slp.tv\/2022\/wp-content\/uploads\/2022\/03\/Claudio04Prevencion.jpg","type":"image\/jpeg"}],"author":"Edici\u00f3n Web","twitter_card":"summary_large_image","twitter_creator":"@NOTICIEROS7","twitter_site":"@NOTICIEROS7","twitter_misc":{"Escrito por":"Edici\u00f3n Web","Tiempo de lectura":"1 minuto"},"schema":{"@context":"https:\/\/schema.org","@graph":[{"@type":"Article","@id":"https:\/\/canal7slp.tv\/2022\/piden-a-autoridades-revisar-horarios-de-centros-nocturnos\/#article","isPartOf":{"@id":"https:\/\/canal7slp.tv\/2022\/piden-a-autoridades-revisar-horarios-de-centros-nocturnos\/"},"author":{"name":"Edici\u00f3n Web","@id":"https:\/\/canal7slp.tv\/2022\/#\/schema\/person\/429704152a21f5f856ce29aa69a238da"},"headline":"Piden a autoridades revisar horarios de centros nocturnos.","datePublished":"2022-03-29T03:42:27+00:00","mainEntityOfPage":{"@id":"https:\/\/canal7slp.tv\/2022\/piden-a-autoridades-revisar-horarios-de-centros-nocturnos\/"},"wordCount":240,"publisher":{"@id":"https:\/\/canal7slp.tv\/2022\/#organization"},"image":{"@id":"https:\/\/canal7slp.tv\/2022\/piden-a-autoridades-revisar-horarios-de-centros-nocturnos\/#primaryimage"},"thumbnailUrl":"https:\/\/canal7slp.tv\/2022\/wp-content\/uploads\/2022\/03\/Claudio04Prevencion.jpg","articleSection":["DESTACADAS","LOCALES Y REGIONALES"],"inLanguage":"es"},{"@type":"WebPage","@id":"https:\/\/canal7slp.tv\/2022\/piden-a-autoridades-revisar-horarios-de-centros-nocturnos\/","url":"https:\/\/canal7slp.tv\/2022\/piden-a-autoridades-revisar-horarios-de-centros-nocturnos\/","name":"Piden a autoridades revisar horarios de centros nocturnos. - Canal 7 SLP - 2022","isPartOf":{"@id":"https:\/\/canal7slp.tv\/2022\/#website"},"primaryImageOfPage":{"@id":"https:\/\/canal7slp.tv\/2022\/piden-a-autoridades-revisar-horarios-de-centros-nocturnos\/#primaryimage"},"image":{"@id":"https:\/\/canal7slp.tv\/2022\/piden-a-autoridades-revisar-horarios-de-centros-nocturnos\/#primaryimage"},"thumbnailUrl":"https:\/\/canal7slp.tv\/2022\/wp-content\/uploads\/2022\/03\/Claudio04Prevencion.jpg","datePublished":"2022-03-29T03:42:27+00:00","breadcrumb":{"@id":"https:\/\/canal7slp.tv\/2022\/piden-a-autoridades-revisar-horarios-de-centros-nocturnos\/#breadcrumb"},"inLanguage":"es","potentialAction":[{"@type":"ReadAction","target":["https:\/\/canal7slp.tv\/2022\/piden-a-autoridades-revisar-horarios-de-centros-nocturnos\/"]}]},{"@type":"ImageObject","inLanguage":"es","@id":"https:\/\/canal7slp.tv\/2022\/piden-a-autoridades-revisar-horarios-de-centros-nocturnos\/#primaryimage","url":"https:\/\/canal7slp.tv\/2022\/wp-content\/uploads\/2022\/03\/Claudio04Prevencion.jpg","contentUrl":"https:\/\/canal7slp.tv\/2022\/wp-content\/uploads\/2022\/03\/Claudio04Prevencion.jpg","width":888,"height":500},{"@type":"BreadcrumbList","@id":"https:\/\/canal7slp.tv\/2022\/piden-a-autoridades-revisar-horarios-de-centros-nocturnos\/#breadcrumb","itemListElement":[{"@type":"ListItem","position":1,"name":"Portada","item":"https:\/\/canal7slp.tv\/2022\/"},{"@type":"ListItem","position":2,"name":"Piden a autoridades revisar horarios de centros nocturnos."}]},{"@type":"WebSite","@id":"https:\/\/canal7slp.tv\/2022\/#website","url":"https:\/\/canal7slp.tv\/2022\/","name":"N7 - Noticieros Canal 7","description":"Somos Televisi\u00f3n","publisher":{"@id":"https:\/\/canal7slp.tv\/2022\/#organization"},"potentialAction":[{"@type":"SearchAction","target":{"@type":"EntryPoint","urlTemplate":"https:\/\/canal7slp.tv\/2022\/?s={search_term_string}"},"query-input":{"@type":"PropertyValueSpecification","valueRequired":true,"valueName":"search_term_string"}}],"inLanguage":"es"},{"@type":"Organization","@id":"https:\/\/canal7slp.tv\/2022\/#organization","name":"Noticieros Canal 7","url":"https:\/\/canal7slp.tv\/2022\/","logo":{"@type":"ImageObject","inLanguage":"es","@id":"https:\/\/canal7slp.tv\/2022\/#\/schema\/logo\/image\/","url":"https:\/\/canal7slp.tv\/2022\/wp-content\/uploads\/2021\/01\/logo-noticieros@2x.png","contentUrl":"https:\/\/canal7slp.tv\/2022\/wp-content\/uploads\/2021\/01\/logo-noticieros@2x.png","width":1017,"height":268,"caption":"Noticieros Canal 7"},"image":{"@id":"https:\/\/canal7slp.tv\/2022\/#\/schema\/logo\/image\/"},"sameAs":["https:\/\/www.facebook.com\/noticieroscanalsiete","https:\/\/x.com\/NOTICIEROS7","https:\/\/www.instagram.com\/canal7_slp","https:\/\/www.youtube.com\/channel\/UCliiYs-gP3JfJeqdPrNdd5A"]},{"@type":"Person","@id":"https:\/\/canal7slp.tv\/2022\/#\/schema\/person\/429704152a21f5f856ce29aa69a238da","name":"Edici\u00f3n Web","image":{"@type":"ImageObject","inLanguage":"es","@id":"https:\/\/secure.gravatar.com\/avatar\/eee448fc3f7164808013b816ba91ac7e43bbe82a70bebac296f8bc6f0addaa1a?s=96&d=mm&r=g","url":"https:\/\/secure.gravatar.com\/avatar\/eee448fc3f7164808013b816ba91ac7e43bbe82a70bebac296f8bc6f0addaa1a?s=96&d=mm&r=g","contentUrl":"https:\/\/secure.gravatar.com\/avatar\/eee448fc3f7164808013b816ba91ac7e43bbe82a70bebac296f8bc6f0addaa1a?s=96&d=mm&r=g","caption":"Edici\u00f3n Web"},"url":"https:\/\/canal7slp.tv\/2022\/author\/edicionweb\/"}]}},"amp_enabled":true,"_links":{"self":[{"href":"https:\/\/canal7slp.tv\/2022\/wp-json\/wp\/v2\/posts\/55502","targetHints":{"allow":["GET"]}}],"collection":[{"href":"https:\/\/canal7slp.tv\/2022\/wp-json\/wp\/v2\/posts"}],"about":[{"href":"https:\/\/canal7slp.tv\/2022\/wp-json\/wp\/v2\/types\/post"}],"author":[{"embeddable":true,"href":"https:\/\/canal7slp.tv\/2022\/wp-json\/wp\/v2\/users\/2"}],"replies":[{"embeddable":true,"href":"https:\/\/canal7slp.tv\/2022\/wp-json\/wp\/v2\/comments?post=55502"}],"version-history":[{"count":3,"href":"https:\/\/canal7slp.tv\/2022\/wp-json\/wp\/v2\/posts\/55502\/revisions"}],"predecessor-version":[{"id":55531,"href":"https:\/\/canal7slp.tv\/2022\/wp-json\/wp\/v2\/posts\/55502\/revisions\/55531"}],"wp:featuredmedia":[{"embeddable":true,"href":"https:\/\/canal7slp.tv\/2022\/wp-json\/wp\/v2\/media\/55530"}],"wp:attachment":[{"href":"https:\/\/canal7slp.tv\/2022\/wp-json\/wp\/v2\/media?parent=55502"}],"wp:term":[{"taxonomy":"category","embeddable":true,"href":"https:\/\/canal7slp.tv\/2022\/wp-json\/wp\/v2\/categories?post=55502"},{"taxonomy":"post_tag","embeddable":true,"href":"https:\/\/canal7slp.tv\/2022\/wp-json\/wp\/v2\/tags?post=55502"}],"curies":[{"name":"wp","href":"https:\/\/api.w.org\/{rel}","templated":true}]}}