{"id":55501,"date":"2022-03-28T21:38:17","date_gmt":"2022-03-29T03:38:17","guid":{"rendered":"https:\/\/canal7slp.tv\/2022\/?p=55501"},"modified":"2022-03-28T21:38:17","modified_gmt":"2022-03-29T03:38:17","slug":"descarta-legisladora-recorte-presupuestal-en-la-consulta-indigena-en-el-estado","status":"publish","type":"post","link":"https:\/\/canal7slp.tv\/2022\/descarta-legisladora-recorte-presupuestal-en-la-consulta-indigena-en-el-estado\/","title":{"rendered":"Descarta legisladora recorte presupuestal en la Consulta Ind\u00edgena en el estado."},"content":{"rendered":"<p style=\"text-align: justify;\">SLP.- La diputada presidenta de la Comisi\u00f3n de Asuntos Ind\u00edgenas Bernarda Reyes Hern\u00e1ndez aclar\u00f3 que el recorte presupuestal por 29 millones de pesos al Consejo Estatal Electoral Electoral, no afecta al proceso para la Consulta Ind\u00edgena que realizar\u00e1 el Congreso del Estado.<\/p>\n<p style=\"text-align: justify;\">Se\u00f1al\u00f3 que son dos procesos diferentes aunque se trate del mismo tema indigenista al reiterar que la consulta a los Pueblos y Comunidades Ind\u00edgenas, est\u00e1 garantizada y que en este caso, los recursos y los convenios de colaboraci\u00f3n est\u00e1n disponibles.<\/p>\n<p style=\"text-align: justify;\">La legisladora reiter\u00f3 que en el desarrollo, planeaci\u00f3n y ejecuci\u00f3n de esta consulta existe el acuerdo y compromiso de todos los diputados integrantes de la actual legislatura, pero tambi\u00e9n con el CEEPAC independientemente de que en este \u00f3rgano electoral, se haya anunciado que tendr\u00e1 un recorte presupuestal.<\/p>\n<p style=\"text-align: justify;\">La presidenta de la Comisi\u00f3n de Asuntos Ind\u00edgenas reiter\u00f3 que no se debe confundir el trabajo que est\u00e1 realizando el Congreso del Estado, con lo que actualmente realiza el Consejo Estatal Electoral y de Participaci\u00f3n Ciudadana, porque es diferente a la del Poder Legislativo.<\/p>\n<p style=\"text-align: justify;\">Por: Claudio Ibarra<\/p>\n","protected":false},"excerpt":{"rendered":"<p>SLP.- La diputada presidenta de la Comisi\u00f3n de Asuntos Ind\u00edgenas Bernarda Reyes Hern\u00e1ndez aclar\u00f3 que el recorte presupuestal por 29 millones de pesos al Consejo Estatal Electoral Electoral, no afecta al proceso para la Consulta Ind\u00edgena que realizar\u00e1 el Congreso del Estado. Se\u00f1al\u00f3 que son dos procesos diferentes aunque se trate del mismo tema indigenista al reiterar que la consulta a los Pueblos y Comunidades Ind\u00edgenas, est\u00e1 garantizada y que en este caso, los recursos y los convenios de colaboraci\u00f3n est\u00e1n disponibles. La legisladora reiter\u00f3 que en el desarrollo, planeaci\u00f3n y ejecuci\u00f3n de esta consulta existe el acuerdo y compromiso [&hellip;]<\/p>\n","protected":false},"author":2,"featured_media":55528,"comment_status":"closed","ping_status":"closed","sticky":false,"template":"","format":"video","meta":{"footnotes":""},"categories":[5,45],"tags":[],"class_list":["post-55501","post","type-post","status-publish","format-video","has-post-thumbnail","hentry","category-destacadas","category-localesyregionales","post_format-post-format-video","post--single"],"yoast_head":"<!-- This site is optimized with the Yoast SEO plugin v27.4 - https:\/\/yoast.com\/product\/yoast-seo-wordpress\/ -->\n<title>Descarta legisladora recorte presupuestal en la Consulta Ind\u00edgena en el estado. - Canal 7 SLP - 2022<\/title>\n<meta name=\"robots\" content=\"index, follow, max-snippet:-1, max-image-preview:large, max-video-preview:-1\" \/>\n<link rel=\"canonical\" href=\"https:\/\/canal7slp.tv\/2022\/descarta-legisladora-recorte-presupuestal-en-la-consulta-indigena-en-el-estado\/\" \/>\n<meta property=\"og:locale\" content=\"es_ES\" \/>\n<meta property=\"og:type\" content=\"article\" \/>\n<meta property=\"og:title\" content=\"Descarta legisladora recorte presupuestal en la Consulta Ind\u00edgena en el estado. - Canal 7 SLP - 2022\" \/>\n<meta property=\"og:description\" content=\"SLP.- La diputada presidenta de la Comisi\u00f3n de Asuntos Ind\u00edgenas Bernarda Reyes Hern\u00e1ndez aclar\u00f3 que el recorte presupuestal por 29 millones de pesos al Consejo Estatal Electoral Electoral, no afecta al proceso para la Consulta Ind\u00edgena que realizar\u00e1 el Congreso del Estado. Se\u00f1al\u00f3 que son dos procesos diferentes aunque se trate del mismo tema indigenista al reiterar que la consulta a los Pueblos y Comunidades Ind\u00edgenas, est\u00e1 garantizada y que en este caso, los recursos y los convenios de colaboraci\u00f3n est\u00e1n disponibles. La legisladora reiter\u00f3 que en el desarrollo, planeaci\u00f3n y ejecuci\u00f3n de esta consulta existe el acuerdo y compromiso [&hellip;]\" \/>\n<meta property=\"og:url\" content=\"https:\/\/canal7slp.tv\/2022\/descarta-legisladora-recorte-presupuestal-en-la-consulta-indigena-en-el-estado\/\" \/>\n<meta property=\"og:site_name\" content=\"Canal 7 SLP - 2022\" \/>\n<meta property=\"article:publisher\" content=\"https:\/\/www.facebook.com\/noticieroscanalsiete\" \/>\n<meta property=\"article:published_time\" content=\"2022-03-29T03:38:17+00:00\" \/>\n<meta property=\"og:image\" content=\"https:\/\/canal7slp.tv\/2022\/wp-content\/uploads\/2022\/03\/Claudio03Aclaracion.jpg\" \/>\n\t<meta property=\"og:image:width\" content=\"888\" \/>\n\t<meta property=\"og:image:height\" content=\"500\" \/>\n\t<meta property=\"og:image:type\" content=\"image\/jpeg\" \/>\n<meta name=\"author\" content=\"Edici\u00f3n Web\" \/>\n<meta name=\"twitter:card\" content=\"summary_large_image\" \/>\n<meta name=\"twitter:creator\" content=\"@NOTICIEROS7\" \/>\n<meta name=\"twitter:site\" content=\"@NOTICIEROS7\" \/>\n<meta name=\"twitter:label1\" content=\"Escrito por\" \/>\n\t<meta name=\"twitter:data1\" content=\"Edici\u00f3n Web\" \/>\n\t<meta name=\"twitter:label2\" content=\"Tiempo de lectura\" \/>\n\t<meta name=\"twitter:data2\" content=\"1 minuto\" \/>\n<script type=\"application\/ld+json\" class=\"yoast-schema-graph\">{\"@context\":\"https:\\\/\\\/schema.org\",\"@graph\":[{\"@type\":\"Article\",\"@id\":\"https:\\\/\\\/canal7slp.tv\\\/2022\\\/descarta-legisladora-recorte-presupuestal-en-la-consulta-indigena-en-el-estado\\\/#article\",\"isPartOf\":{\"@id\":\"https:\\\/\\\/canal7slp.tv\\\/2022\\\/descarta-legisladora-recorte-presupuestal-en-la-consulta-indigena-en-el-estado\\\/\"},\"author\":{\"name\":\"Edici\u00f3n Web\",\"@id\":\"https:\\\/\\\/canal7slp.tv\\\/2022\\\/#\\\/schema\\\/person\\\/429704152a21f5f856ce29aa69a238da\"},\"headline\":\"Descarta legisladora recorte presupuestal en la Consulta Ind\u00edgena en el estado.\",\"datePublished\":\"2022-03-29T03:38:17+00:00\",\"mainEntityOfPage\":{\"@id\":\"https:\\\/\\\/canal7slp.tv\\\/2022\\\/descarta-legisladora-recorte-presupuestal-en-la-consulta-indigena-en-el-estado\\\/\"},\"wordCount\":202,\"publisher\":{\"@id\":\"https:\\\/\\\/canal7slp.tv\\\/2022\\\/#organization\"},\"image\":{\"@id\":\"https:\\\/\\\/canal7slp.tv\\\/2022\\\/descarta-legisladora-recorte-presupuestal-en-la-consulta-indigena-en-el-estado\\\/#primaryimage\"},\"thumbnailUrl\":\"https:\\\/\\\/canal7slp.tv\\\/2022\\\/wp-content\\\/uploads\\\/2022\\\/03\\\/Claudio03Aclaracion.jpg\",\"articleSection\":[\"DESTACADAS\",\"LOCALES Y REGIONALES\"],\"inLanguage\":\"es\"},{\"@type\":\"WebPage\",\"@id\":\"https:\\\/\\\/canal7slp.tv\\\/2022\\\/descarta-legisladora-recorte-presupuestal-en-la-consulta-indigena-en-el-estado\\\/\",\"url\":\"https:\\\/\\\/canal7slp.tv\\\/2022\\\/descarta-legisladora-recorte-presupuestal-en-la-consulta-indigena-en-el-estado\\\/\",\"name\":\"Descarta legisladora recorte presupuestal en la Consulta Ind\u00edgena en el estado. - Canal 7 SLP - 2022\",\"isPartOf\":{\"@id\":\"https:\\\/\\\/canal7slp.tv\\\/2022\\\/#website\"},\"primaryImageOfPage\":{\"@id\":\"https:\\\/\\\/canal7slp.tv\\\/2022\\\/descarta-legisladora-recorte-presupuestal-en-la-consulta-indigena-en-el-estado\\\/#primaryimage\"},\"image\":{\"@id\":\"https:\\\/\\\/canal7slp.tv\\\/2022\\\/descarta-legisladora-recorte-presupuestal-en-la-consulta-indigena-en-el-estado\\\/#primaryimage\"},\"thumbnailUrl\":\"https:\\\/\\\/canal7slp.tv\\\/2022\\\/wp-content\\\/uploads\\\/2022\\\/03\\\/Claudio03Aclaracion.jpg\",\"datePublished\":\"2022-03-29T03:38:17+00:00\",\"breadcrumb\":{\"@id\":\"https:\\\/\\\/canal7slp.tv\\\/2022\\\/descarta-legisladora-recorte-presupuestal-en-la-consulta-indigena-en-el-estado\\\/#breadcrumb\"},\"inLanguage\":\"es\",\"potentialAction\":[{\"@type\":\"ReadAction\",\"target\":[\"https:\\\/\\\/canal7slp.tv\\\/2022\\\/descarta-legisladora-recorte-presupuestal-en-la-consulta-indigena-en-el-estado\\\/\"]}]},{\"@type\":\"ImageObject\",\"inLanguage\":\"es\",\"@id\":\"https:\\\/\\\/canal7slp.tv\\\/2022\\\/descarta-legisladora-recorte-presupuestal-en-la-consulta-indigena-en-el-estado\\\/#primaryimage\",\"url\":\"https:\\\/\\\/canal7slp.tv\\\/2022\\\/wp-content\\\/uploads\\\/2022\\\/03\\\/Claudio03Aclaracion.jpg\",\"contentUrl\":\"https:\\\/\\\/canal7slp.tv\\\/2022\\\/wp-content\\\/uploads\\\/2022\\\/03\\\/Claudio03Aclaracion.jpg\",\"width\":888,\"height\":500},{\"@type\":\"BreadcrumbList\",\"@id\":\"https:\\\/\\\/canal7slp.tv\\\/2022\\\/descarta-legisladora-recorte-presupuestal-en-la-consulta-indigena-en-el-estado\\\/#breadcrumb\",\"itemListElement\":[{\"@type\":\"ListItem\",\"position\":1,\"name\":\"Portada\",\"item\":\"https:\\\/\\\/canal7slp.tv\\\/2022\\\/\"},{\"@type\":\"ListItem\",\"position\":2,\"name\":\"Descarta legisladora recorte presupuestal en la Consulta Ind\u00edgena en el estado.\"}]},{\"@type\":\"WebSite\",\"@id\":\"https:\\\/\\\/canal7slp.tv\\\/2022\\\/#website\",\"url\":\"https:\\\/\\\/canal7slp.tv\\\/2022\\\/\",\"name\":\"N7 - Noticieros Canal 7\",\"description\":\"Somos Televisi\u00f3n\",\"publisher\":{\"@id\":\"https:\\\/\\\/canal7slp.tv\\\/2022\\\/#organization\"},\"potentialAction\":[{\"@type\":\"SearchAction\",\"target\":{\"@type\":\"EntryPoint\",\"urlTemplate\":\"https:\\\/\\\/canal7slp.tv\\\/2022\\\/?s={search_term_string}\"},\"query-input\":{\"@type\":\"PropertyValueSpecification\",\"valueRequired\":true,\"valueName\":\"search_term_string\"}}],\"inLanguage\":\"es\"},{\"@type\":\"Organization\",\"@id\":\"https:\\\/\\\/canal7slp.tv\\\/2022\\\/#organization\",\"name\":\"Noticieros Canal 7\",\"url\":\"https:\\\/\\\/canal7slp.tv\\\/2022\\\/\",\"logo\":{\"@type\":\"ImageObject\",\"inLanguage\":\"es\",\"@id\":\"https:\\\/\\\/canal7slp.tv\\\/2022\\\/#\\\/schema\\\/logo\\\/image\\\/\",\"url\":\"https:\\\/\\\/canal7slp.tv\\\/2022\\\/wp-content\\\/uploads\\\/2021\\\/01\\\/logo-noticieros@2x.png\",\"contentUrl\":\"https:\\\/\\\/canal7slp.tv\\\/2022\\\/wp-content\\\/uploads\\\/2021\\\/01\\\/logo-noticieros@2x.png\",\"width\":1017,\"height\":268,\"caption\":\"Noticieros Canal 7\"},\"image\":{\"@id\":\"https:\\\/\\\/canal7slp.tv\\\/2022\\\/#\\\/schema\\\/logo\\\/image\\\/\"},\"sameAs\":[\"https:\\\/\\\/www.facebook.com\\\/noticieroscanalsiete\",\"https:\\\/\\\/x.com\\\/NOTICIEROS7\",\"https:\\\/\\\/www.instagram.com\\\/canal7_slp\",\"https:\\\/\\\/www.youtube.com\\\/channel\\\/UCliiYs-gP3JfJeqdPrNdd5A\"]},{\"@type\":\"Person\",\"@id\":\"https:\\\/\\\/canal7slp.tv\\\/2022\\\/#\\\/schema\\\/person\\\/429704152a21f5f856ce29aa69a238da\",\"name\":\"Edici\u00f3n Web\",\"image\":{\"@type\":\"ImageObject\",\"inLanguage\":\"es\",\"@id\":\"https:\\\/\\\/secure.gravatar.com\\\/avatar\\\/eee448fc3f7164808013b816ba91ac7e43bbe82a70bebac296f8bc6f0addaa1a?s=96&d=mm&r=g\",\"url\":\"https:\\\/\\\/secure.gravatar.com\\\/avatar\\\/eee448fc3f7164808013b816ba91ac7e43bbe82a70bebac296f8bc6f0addaa1a?s=96&d=mm&r=g\",\"contentUrl\":\"https:\\\/\\\/secure.gravatar.com\\\/avatar\\\/eee448fc3f7164808013b816ba91ac7e43bbe82a70bebac296f8bc6f0addaa1a?s=96&d=mm&r=g\",\"caption\":\"Edici\u00f3n Web\"},\"url\":\"https:\\\/\\\/canal7slp.tv\\\/2022\\\/author\\\/edicionweb\\\/\"}]}<\/script>\n<!-- \/ Yoast SEO plugin. -->","yoast_head_json":{"title":"Descarta legisladora recorte presupuestal en la Consulta Ind\u00edgena en el estado. - Canal 7 SLP - 2022","robots":{"index":"index","follow":"follow","max-snippet":"max-snippet:-1","max-image-preview":"max-image-preview:large","max-video-preview":"max-video-preview:-1"},"canonical":"https:\/\/canal7slp.tv\/2022\/descarta-legisladora-recorte-presupuestal-en-la-consulta-indigena-en-el-estado\/","og_locale":"es_ES","og_type":"article","og_title":"Descarta legisladora recorte presupuestal en la Consulta Ind\u00edgena en el estado. - Canal 7 SLP - 2022","og_description":"SLP.- La diputada presidenta de la Comisi\u00f3n de Asuntos Ind\u00edgenas Bernarda Reyes Hern\u00e1ndez aclar\u00f3 que el recorte presupuestal por 29 millones de pesos al Consejo Estatal Electoral Electoral, no afecta al proceso para la Consulta Ind\u00edgena que realizar\u00e1 el Congreso del Estado. Se\u00f1al\u00f3 que son dos procesos diferentes aunque se trate del mismo tema indigenista al reiterar que la consulta a los Pueblos y Comunidades Ind\u00edgenas, est\u00e1 garantizada y que en este caso, los recursos y los convenios de colaboraci\u00f3n est\u00e1n disponibles. La legisladora reiter\u00f3 que en el desarrollo, planeaci\u00f3n y ejecuci\u00f3n de esta consulta existe el acuerdo y compromiso [&hellip;]","og_url":"https:\/\/canal7slp.tv\/2022\/descarta-legisladora-recorte-presupuestal-en-la-consulta-indigena-en-el-estado\/","og_site_name":"Canal 7 SLP - 2022","article_publisher":"https:\/\/www.facebook.com\/noticieroscanalsiete","article_published_time":"2022-03-29T03:38:17+00:00","og_image":[{"width":888,"height":500,"url":"https:\/\/canal7slp.tv\/2022\/wp-content\/uploads\/2022\/03\/Claudio03Aclaracion.jpg","type":"image\/jpeg"}],"author":"Edici\u00f3n Web","twitter_card":"summary_large_image","twitter_creator":"@NOTICIEROS7","twitter_site":"@NOTICIEROS7","twitter_misc":{"Escrito por":"Edici\u00f3n Web","Tiempo de lectura":"1 minuto"},"schema":{"@context":"https:\/\/schema.org","@graph":[{"@type":"Article","@id":"https:\/\/canal7slp.tv\/2022\/descarta-legisladora-recorte-presupuestal-en-la-consulta-indigena-en-el-estado\/#article","isPartOf":{"@id":"https:\/\/canal7slp.tv\/2022\/descarta-legisladora-recorte-presupuestal-en-la-consulta-indigena-en-el-estado\/"},"author":{"name":"Edici\u00f3n Web","@id":"https:\/\/canal7slp.tv\/2022\/#\/schema\/person\/429704152a21f5f856ce29aa69a238da"},"headline":"Descarta legisladora recorte presupuestal en la Consulta Ind\u00edgena en el estado.","datePublished":"2022-03-29T03:38:17+00:00","mainEntityOfPage":{"@id":"https:\/\/canal7slp.tv\/2022\/descarta-legisladora-recorte-presupuestal-en-la-consulta-indigena-en-el-estado\/"},"wordCount":202,"publisher":{"@id":"https:\/\/canal7slp.tv\/2022\/#organization"},"image":{"@id":"https:\/\/canal7slp.tv\/2022\/descarta-legisladora-recorte-presupuestal-en-la-consulta-indigena-en-el-estado\/#primaryimage"},"thumbnailUrl":"https:\/\/canal7slp.tv\/2022\/wp-content\/uploads\/2022\/03\/Claudio03Aclaracion.jpg","articleSection":["DESTACADAS","LOCALES Y REGIONALES"],"inLanguage":"es"},{"@type":"WebPage","@id":"https:\/\/canal7slp.tv\/2022\/descarta-legisladora-recorte-presupuestal-en-la-consulta-indigena-en-el-estado\/","url":"https:\/\/canal7slp.tv\/2022\/descarta-legisladora-recorte-presupuestal-en-la-consulta-indigena-en-el-estado\/","name":"Descarta legisladora recorte presupuestal en la Consulta Ind\u00edgena en el estado. - Canal 7 SLP - 2022","isPartOf":{"@id":"https:\/\/canal7slp.tv\/2022\/#website"},"primaryImageOfPage":{"@id":"https:\/\/canal7slp.tv\/2022\/descarta-legisladora-recorte-presupuestal-en-la-consulta-indigena-en-el-estado\/#primaryimage"},"image":{"@id":"https:\/\/canal7slp.tv\/2022\/descarta-legisladora-recorte-presupuestal-en-la-consulta-indigena-en-el-estado\/#primaryimage"},"thumbnailUrl":"https:\/\/canal7slp.tv\/2022\/wp-content\/uploads\/2022\/03\/Claudio03Aclaracion.jpg","datePublished":"2022-03-29T03:38:17+00:00","breadcrumb":{"@id":"https:\/\/canal7slp.tv\/2022\/descarta-legisladora-recorte-presupuestal-en-la-consulta-indigena-en-el-estado\/#breadcrumb"},"inLanguage":"es","potentialAction":[{"@type":"ReadAction","target":["https:\/\/canal7slp.tv\/2022\/descarta-legisladora-recorte-presupuestal-en-la-consulta-indigena-en-el-estado\/"]}]},{"@type":"ImageObject","inLanguage":"es","@id":"https:\/\/canal7slp.tv\/2022\/descarta-legisladora-recorte-presupuestal-en-la-consulta-indigena-en-el-estado\/#primaryimage","url":"https:\/\/canal7slp.tv\/2022\/wp-content\/uploads\/2022\/03\/Claudio03Aclaracion.jpg","contentUrl":"https:\/\/canal7slp.tv\/2022\/wp-content\/uploads\/2022\/03\/Claudio03Aclaracion.jpg","width":888,"height":500},{"@type":"BreadcrumbList","@id":"https:\/\/canal7slp.tv\/2022\/descarta-legisladora-recorte-presupuestal-en-la-consulta-indigena-en-el-estado\/#breadcrumb","itemListElement":[{"@type":"ListItem","position":1,"name":"Portada","item":"https:\/\/canal7slp.tv\/2022\/"},{"@type":"ListItem","position":2,"name":"Descarta legisladora recorte presupuestal en la Consulta Ind\u00edgena en el estado."}]},{"@type":"WebSite","@id":"https:\/\/canal7slp.tv\/2022\/#website","url":"https:\/\/canal7slp.tv\/2022\/","name":"N7 - Noticieros Canal 7","description":"Somos Televisi\u00f3n","publisher":{"@id":"https:\/\/canal7slp.tv\/2022\/#organization"},"potentialAction":[{"@type":"SearchAction","target":{"@type":"EntryPoint","urlTemplate":"https:\/\/canal7slp.tv\/2022\/?s={search_term_string}"},"query-input":{"@type":"PropertyValueSpecification","valueRequired":true,"valueName":"search_term_string"}}],"inLanguage":"es"},{"@type":"Organization","@id":"https:\/\/canal7slp.tv\/2022\/#organization","name":"Noticieros Canal 7","url":"https:\/\/canal7slp.tv\/2022\/","logo":{"@type":"ImageObject","inLanguage":"es","@id":"https:\/\/canal7slp.tv\/2022\/#\/schema\/logo\/image\/","url":"https:\/\/canal7slp.tv\/2022\/wp-content\/uploads\/2021\/01\/logo-noticieros@2x.png","contentUrl":"https:\/\/canal7slp.tv\/2022\/wp-content\/uploads\/2021\/01\/logo-noticieros@2x.png","width":1017,"height":268,"caption":"Noticieros Canal 7"},"image":{"@id":"https:\/\/canal7slp.tv\/2022\/#\/schema\/logo\/image\/"},"sameAs":["https:\/\/www.facebook.com\/noticieroscanalsiete","https:\/\/x.com\/NOTICIEROS7","https:\/\/www.instagram.com\/canal7_slp","https:\/\/www.youtube.com\/channel\/UCliiYs-gP3JfJeqdPrNdd5A"]},{"@type":"Person","@id":"https:\/\/canal7slp.tv\/2022\/#\/schema\/person\/429704152a21f5f856ce29aa69a238da","name":"Edici\u00f3n Web","image":{"@type":"ImageObject","inLanguage":"es","@id":"https:\/\/secure.gravatar.com\/avatar\/eee448fc3f7164808013b816ba91ac7e43bbe82a70bebac296f8bc6f0addaa1a?s=96&d=mm&r=g","url":"https:\/\/secure.gravatar.com\/avatar\/eee448fc3f7164808013b816ba91ac7e43bbe82a70bebac296f8bc6f0addaa1a?s=96&d=mm&r=g","contentUrl":"https:\/\/secure.gravatar.com\/avatar\/eee448fc3f7164808013b816ba91ac7e43bbe82a70bebac296f8bc6f0addaa1a?s=96&d=mm&r=g","caption":"Edici\u00f3n Web"},"url":"https:\/\/canal7slp.tv\/2022\/author\/edicionweb\/"}]}},"amp_enabled":true,"_links":{"self":[{"href":"https:\/\/canal7slp.tv\/2022\/wp-json\/wp\/v2\/posts\/55501","targetHints":{"allow":["GET"]}}],"collection":[{"href":"https:\/\/canal7slp.tv\/2022\/wp-json\/wp\/v2\/posts"}],"about":[{"href":"https:\/\/canal7slp.tv\/2022\/wp-json\/wp\/v2\/types\/post"}],"author":[{"embeddable":true,"href":"https:\/\/canal7slp.tv\/2022\/wp-json\/wp\/v2\/users\/2"}],"replies":[{"embeddable":true,"href":"https:\/\/canal7slp.tv\/2022\/wp-json\/wp\/v2\/comments?post=55501"}],"version-history":[{"count":3,"href":"https:\/\/canal7slp.tv\/2022\/wp-json\/wp\/v2\/posts\/55501\/revisions"}],"predecessor-version":[{"id":55529,"href":"https:\/\/canal7slp.tv\/2022\/wp-json\/wp\/v2\/posts\/55501\/revisions\/55529"}],"wp:featuredmedia":[{"embeddable":true,"href":"https:\/\/canal7slp.tv\/2022\/wp-json\/wp\/v2\/media\/55528"}],"wp:attachment":[{"href":"https:\/\/canal7slp.tv\/2022\/wp-json\/wp\/v2\/media?parent=55501"}],"wp:term":[{"taxonomy":"category","embeddable":true,"href":"https:\/\/canal7slp.tv\/2022\/wp-json\/wp\/v2\/categories?post=55501"},{"taxonomy":"post_tag","embeddable":true,"href":"https:\/\/canal7slp.tv\/2022\/wp-json\/wp\/v2\/tags?post=55501"}],"curies":[{"name":"wp","href":"https:\/\/api.w.org\/{rel}","templated":true}]}}