{"id":55499,"date":"2022-03-28T21:34:17","date_gmt":"2022-03-29T03:34:17","guid":{"rendered":"https:\/\/canal7slp.tv\/2022\/?p=55499"},"modified":"2022-03-28T21:34:17","modified_gmt":"2022-03-29T03:34:17","slug":"congreso-y-uaslp-signan-convenio-de-fortalecimiento-a-la-vinculacion-academica-e-investigacion","status":"publish","type":"post","link":"https:\/\/canal7slp.tv\/2022\/congreso-y-uaslp-signan-convenio-de-fortalecimiento-a-la-vinculacion-academica-e-investigacion\/","title":{"rendered":"Congreso y UASLP signan convenio de fortalecimiento a la vinculaci\u00f3n acad\u00e9mica e investigaci\u00f3n."},"content":{"rendered":"<p style=\"text-align: justify;\">SLP.- Fortalecer la vinculaci\u00f3n acad\u00e9mica y de investigaci\u00f3n con el Poder Legislativo fue el objetivo de una firma de convenio de colaboraci\u00f3n institucional, entre la Universidad Aut\u00f3noma de San Luis Potos\u00ed y el Congreso del Estado.<\/p>\n<p style=\"text-align: justify;\">Adem\u00e1s, el diputado presidente de la Junta de Coordinaci\u00f3n Pol\u00edtica dej\u00f3 ver la posibilidad de establecer un acuerdo con la m\u00e1xima casa de estudios, para la evaluaci\u00f3n del trabajo legislativo.<\/p>\n<p style=\"text-align: justify;\">En su intervenci\u00f3n, la presidenta de la Directiva del Congreso destac\u00f3 la importancia de impulsar este tipo de convenios con la Universidad, al resaltar su reconocida excelencia acad\u00e9mica y el hecho de estar posicionada como entre las 5 mejores universidades del pa\u00eds.<\/p>\n<p style=\"text-align: justify;\">Por su parte, el rector de la Universidad Aut\u00f3noma de San Luis Potos\u00ed Alejandro Zerme\u00f1o Guerra, destac\u00f3 las bondades de este convenio de colaboraci\u00f3n institucional al afirmar que adem\u00e1s de que abona al desarrollo de proyectos legislativos, tambi\u00e9n beneficia a la sociedad.<\/p>\n<p style=\"text-align: justify;\">Por: Claudio Ibarra<\/p>\n","protected":false},"excerpt":{"rendered":"<p>SLP.- Fortalecer la vinculaci\u00f3n acad\u00e9mica y de investigaci\u00f3n con el Poder Legislativo fue el objetivo de una firma de convenio de colaboraci\u00f3n institucional, entre la Universidad Aut\u00f3noma de San Luis Potos\u00ed y el Congreso del Estado. Adem\u00e1s, el diputado presidente de la Junta de Coordinaci\u00f3n Pol\u00edtica dej\u00f3 ver la posibilidad de establecer un acuerdo con la m\u00e1xima casa de estudios, para la evaluaci\u00f3n del trabajo legislativo. En su intervenci\u00f3n, la presidenta de la Directiva del Congreso destac\u00f3 la importancia de impulsar este tipo de convenios con la Universidad, al resaltar su reconocida excelencia acad\u00e9mica y el hecho de estar posicionada [&hellip;]<\/p>\n","protected":false},"author":2,"featured_media":55526,"comment_status":"closed","ping_status":"closed","sticky":false,"template":"","format":"video","meta":{"footnotes":""},"categories":[3,5,45],"tags":[],"class_list":["post-55499","post","type-post","status-publish","format-video","has-post-thumbnail","hentry","category-congreso","category-destacadas","category-localesyregionales","post_format-post-format-video","post--single"],"yoast_head":"<!-- This site is optimized with the Yoast SEO plugin v27.4 - https:\/\/yoast.com\/product\/yoast-seo-wordpress\/ -->\n<title>Congreso y UASLP signan convenio de fortalecimiento a la vinculaci\u00f3n acad\u00e9mica e investigaci\u00f3n. - Canal 7 SLP - 2022<\/title>\n<meta name=\"robots\" content=\"index, follow, max-snippet:-1, max-image-preview:large, max-video-preview:-1\" \/>\n<link rel=\"canonical\" href=\"https:\/\/canal7slp.tv\/2022\/congreso-y-uaslp-signan-convenio-de-fortalecimiento-a-la-vinculacion-academica-e-investigacion\/\" \/>\n<meta property=\"og:locale\" content=\"es_ES\" \/>\n<meta property=\"og:type\" content=\"article\" \/>\n<meta property=\"og:title\" content=\"Congreso y UASLP signan convenio de fortalecimiento a la vinculaci\u00f3n acad\u00e9mica e investigaci\u00f3n. - Canal 7 SLP - 2022\" \/>\n<meta property=\"og:description\" content=\"SLP.- Fortalecer la vinculaci\u00f3n acad\u00e9mica y de investigaci\u00f3n con el Poder Legislativo fue el objetivo de una firma de convenio de colaboraci\u00f3n institucional, entre la Universidad Aut\u00f3noma de San Luis Potos\u00ed y el Congreso del Estado. Adem\u00e1s, el diputado presidente de la Junta de Coordinaci\u00f3n Pol\u00edtica dej\u00f3 ver la posibilidad de establecer un acuerdo con la m\u00e1xima casa de estudios, para la evaluaci\u00f3n del trabajo legislativo. En su intervenci\u00f3n, la presidenta de la Directiva del Congreso destac\u00f3 la importancia de impulsar este tipo de convenios con la Universidad, al resaltar su reconocida excelencia acad\u00e9mica y el hecho de estar posicionada [&hellip;]\" \/>\n<meta property=\"og:url\" content=\"https:\/\/canal7slp.tv\/2022\/congreso-y-uaslp-signan-convenio-de-fortalecimiento-a-la-vinculacion-academica-e-investigacion\/\" \/>\n<meta property=\"og:site_name\" content=\"Canal 7 SLP - 2022\" \/>\n<meta property=\"article:publisher\" content=\"https:\/\/www.facebook.com\/noticieroscanalsiete\" \/>\n<meta property=\"article:published_time\" content=\"2022-03-29T03:34:17+00:00\" \/>\n<meta property=\"og:image\" content=\"https:\/\/canal7slp.tv\/2022\/wp-content\/uploads\/2022\/03\/Claudio01Convenio.jpg\" \/>\n\t<meta property=\"og:image:width\" content=\"888\" \/>\n\t<meta property=\"og:image:height\" content=\"500\" \/>\n\t<meta property=\"og:image:type\" content=\"image\/jpeg\" \/>\n<meta name=\"author\" content=\"Edici\u00f3n Web\" \/>\n<meta name=\"twitter:card\" content=\"summary_large_image\" \/>\n<meta name=\"twitter:creator\" content=\"@NOTICIEROS7\" \/>\n<meta name=\"twitter:site\" content=\"@NOTICIEROS7\" \/>\n<meta name=\"twitter:label1\" content=\"Escrito por\" \/>\n\t<meta name=\"twitter:data1\" content=\"Edici\u00f3n Web\" \/>\n\t<meta name=\"twitter:label2\" content=\"Tiempo de lectura\" \/>\n\t<meta name=\"twitter:data2\" content=\"1 minuto\" \/>\n<script type=\"application\/ld+json\" class=\"yoast-schema-graph\">{\"@context\":\"https:\\\/\\\/schema.org\",\"@graph\":[{\"@type\":\"Article\",\"@id\":\"https:\\\/\\\/canal7slp.tv\\\/2022\\\/congreso-y-uaslp-signan-convenio-de-fortalecimiento-a-la-vinculacion-academica-e-investigacion\\\/#article\",\"isPartOf\":{\"@id\":\"https:\\\/\\\/canal7slp.tv\\\/2022\\\/congreso-y-uaslp-signan-convenio-de-fortalecimiento-a-la-vinculacion-academica-e-investigacion\\\/\"},\"author\":{\"name\":\"Edici\u00f3n Web\",\"@id\":\"https:\\\/\\\/canal7slp.tv\\\/2022\\\/#\\\/schema\\\/person\\\/429704152a21f5f856ce29aa69a238da\"},\"headline\":\"Congreso y UASLP signan convenio de fortalecimiento a la vinculaci\u00f3n acad\u00e9mica e investigaci\u00f3n.\",\"datePublished\":\"2022-03-29T03:34:17+00:00\",\"mainEntityOfPage\":{\"@id\":\"https:\\\/\\\/canal7slp.tv\\\/2022\\\/congreso-y-uaslp-signan-convenio-de-fortalecimiento-a-la-vinculacion-academica-e-investigacion\\\/\"},\"wordCount\":187,\"publisher\":{\"@id\":\"https:\\\/\\\/canal7slp.tv\\\/2022\\\/#organization\"},\"image\":{\"@id\":\"https:\\\/\\\/canal7slp.tv\\\/2022\\\/congreso-y-uaslp-signan-convenio-de-fortalecimiento-a-la-vinculacion-academica-e-investigacion\\\/#primaryimage\"},\"thumbnailUrl\":\"https:\\\/\\\/canal7slp.tv\\\/2022\\\/wp-content\\\/uploads\\\/2022\\\/03\\\/Claudio01Convenio.jpg\",\"articleSection\":[\"CONGRESO\",\"DESTACADAS\",\"LOCALES Y REGIONALES\"],\"inLanguage\":\"es\"},{\"@type\":\"WebPage\",\"@id\":\"https:\\\/\\\/canal7slp.tv\\\/2022\\\/congreso-y-uaslp-signan-convenio-de-fortalecimiento-a-la-vinculacion-academica-e-investigacion\\\/\",\"url\":\"https:\\\/\\\/canal7slp.tv\\\/2022\\\/congreso-y-uaslp-signan-convenio-de-fortalecimiento-a-la-vinculacion-academica-e-investigacion\\\/\",\"name\":\"Congreso y UASLP signan convenio de fortalecimiento a la vinculaci\u00f3n acad\u00e9mica e investigaci\u00f3n. - Canal 7 SLP - 2022\",\"isPartOf\":{\"@id\":\"https:\\\/\\\/canal7slp.tv\\\/2022\\\/#website\"},\"primaryImageOfPage\":{\"@id\":\"https:\\\/\\\/canal7slp.tv\\\/2022\\\/congreso-y-uaslp-signan-convenio-de-fortalecimiento-a-la-vinculacion-academica-e-investigacion\\\/#primaryimage\"},\"image\":{\"@id\":\"https:\\\/\\\/canal7slp.tv\\\/2022\\\/congreso-y-uaslp-signan-convenio-de-fortalecimiento-a-la-vinculacion-academica-e-investigacion\\\/#primaryimage\"},\"thumbnailUrl\":\"https:\\\/\\\/canal7slp.tv\\\/2022\\\/wp-content\\\/uploads\\\/2022\\\/03\\\/Claudio01Convenio.jpg\",\"datePublished\":\"2022-03-29T03:34:17+00:00\",\"breadcrumb\":{\"@id\":\"https:\\\/\\\/canal7slp.tv\\\/2022\\\/congreso-y-uaslp-signan-convenio-de-fortalecimiento-a-la-vinculacion-academica-e-investigacion\\\/#breadcrumb\"},\"inLanguage\":\"es\",\"potentialAction\":[{\"@type\":\"ReadAction\",\"target\":[\"https:\\\/\\\/canal7slp.tv\\\/2022\\\/congreso-y-uaslp-signan-convenio-de-fortalecimiento-a-la-vinculacion-academica-e-investigacion\\\/\"]}]},{\"@type\":\"ImageObject\",\"inLanguage\":\"es\",\"@id\":\"https:\\\/\\\/canal7slp.tv\\\/2022\\\/congreso-y-uaslp-signan-convenio-de-fortalecimiento-a-la-vinculacion-academica-e-investigacion\\\/#primaryimage\",\"url\":\"https:\\\/\\\/canal7slp.tv\\\/2022\\\/wp-content\\\/uploads\\\/2022\\\/03\\\/Claudio01Convenio.jpg\",\"contentUrl\":\"https:\\\/\\\/canal7slp.tv\\\/2022\\\/wp-content\\\/uploads\\\/2022\\\/03\\\/Claudio01Convenio.jpg\",\"width\":888,\"height\":500},{\"@type\":\"BreadcrumbList\",\"@id\":\"https:\\\/\\\/canal7slp.tv\\\/2022\\\/congreso-y-uaslp-signan-convenio-de-fortalecimiento-a-la-vinculacion-academica-e-investigacion\\\/#breadcrumb\",\"itemListElement\":[{\"@type\":\"ListItem\",\"position\":1,\"name\":\"Portada\",\"item\":\"https:\\\/\\\/canal7slp.tv\\\/2022\\\/\"},{\"@type\":\"ListItem\",\"position\":2,\"name\":\"Congreso y UASLP signan convenio de fortalecimiento a la vinculaci\u00f3n acad\u00e9mica e investigaci\u00f3n.\"}]},{\"@type\":\"WebSite\",\"@id\":\"https:\\\/\\\/canal7slp.tv\\\/2022\\\/#website\",\"url\":\"https:\\\/\\\/canal7slp.tv\\\/2022\\\/\",\"name\":\"N7 - Noticieros Canal 7\",\"description\":\"Somos Televisi\u00f3n\",\"publisher\":{\"@id\":\"https:\\\/\\\/canal7slp.tv\\\/2022\\\/#organization\"},\"potentialAction\":[{\"@type\":\"SearchAction\",\"target\":{\"@type\":\"EntryPoint\",\"urlTemplate\":\"https:\\\/\\\/canal7slp.tv\\\/2022\\\/?s={search_term_string}\"},\"query-input\":{\"@type\":\"PropertyValueSpecification\",\"valueRequired\":true,\"valueName\":\"search_term_string\"}}],\"inLanguage\":\"es\"},{\"@type\":\"Organization\",\"@id\":\"https:\\\/\\\/canal7slp.tv\\\/2022\\\/#organization\",\"name\":\"Noticieros Canal 7\",\"url\":\"https:\\\/\\\/canal7slp.tv\\\/2022\\\/\",\"logo\":{\"@type\":\"ImageObject\",\"inLanguage\":\"es\",\"@id\":\"https:\\\/\\\/canal7slp.tv\\\/2022\\\/#\\\/schema\\\/logo\\\/image\\\/\",\"url\":\"https:\\\/\\\/canal7slp.tv\\\/2022\\\/wp-content\\\/uploads\\\/2021\\\/01\\\/logo-noticieros@2x.png\",\"contentUrl\":\"https:\\\/\\\/canal7slp.tv\\\/2022\\\/wp-content\\\/uploads\\\/2021\\\/01\\\/logo-noticieros@2x.png\",\"width\":1017,\"height\":268,\"caption\":\"Noticieros Canal 7\"},\"image\":{\"@id\":\"https:\\\/\\\/canal7slp.tv\\\/2022\\\/#\\\/schema\\\/logo\\\/image\\\/\"},\"sameAs\":[\"https:\\\/\\\/www.facebook.com\\\/noticieroscanalsiete\",\"https:\\\/\\\/x.com\\\/NOTICIEROS7\",\"https:\\\/\\\/www.instagram.com\\\/canal7_slp\",\"https:\\\/\\\/www.youtube.com\\\/channel\\\/UCliiYs-gP3JfJeqdPrNdd5A\"]},{\"@type\":\"Person\",\"@id\":\"https:\\\/\\\/canal7slp.tv\\\/2022\\\/#\\\/schema\\\/person\\\/429704152a21f5f856ce29aa69a238da\",\"name\":\"Edici\u00f3n Web\",\"image\":{\"@type\":\"ImageObject\",\"inLanguage\":\"es\",\"@id\":\"https:\\\/\\\/secure.gravatar.com\\\/avatar\\\/eee448fc3f7164808013b816ba91ac7e43bbe82a70bebac296f8bc6f0addaa1a?s=96&d=mm&r=g\",\"url\":\"https:\\\/\\\/secure.gravatar.com\\\/avatar\\\/eee448fc3f7164808013b816ba91ac7e43bbe82a70bebac296f8bc6f0addaa1a?s=96&d=mm&r=g\",\"contentUrl\":\"https:\\\/\\\/secure.gravatar.com\\\/avatar\\\/eee448fc3f7164808013b816ba91ac7e43bbe82a70bebac296f8bc6f0addaa1a?s=96&d=mm&r=g\",\"caption\":\"Edici\u00f3n Web\"},\"url\":\"https:\\\/\\\/canal7slp.tv\\\/2022\\\/author\\\/edicionweb\\\/\"}]}<\/script>\n<!-- \/ Yoast SEO plugin. -->","yoast_head_json":{"title":"Congreso y UASLP signan convenio de fortalecimiento a la vinculaci\u00f3n acad\u00e9mica e investigaci\u00f3n. - Canal 7 SLP - 2022","robots":{"index":"index","follow":"follow","max-snippet":"max-snippet:-1","max-image-preview":"max-image-preview:large","max-video-preview":"max-video-preview:-1"},"canonical":"https:\/\/canal7slp.tv\/2022\/congreso-y-uaslp-signan-convenio-de-fortalecimiento-a-la-vinculacion-academica-e-investigacion\/","og_locale":"es_ES","og_type":"article","og_title":"Congreso y UASLP signan convenio de fortalecimiento a la vinculaci\u00f3n acad\u00e9mica e investigaci\u00f3n. - Canal 7 SLP - 2022","og_description":"SLP.- Fortalecer la vinculaci\u00f3n acad\u00e9mica y de investigaci\u00f3n con el Poder Legislativo fue el objetivo de una firma de convenio de colaboraci\u00f3n institucional, entre la Universidad Aut\u00f3noma de San Luis Potos\u00ed y el Congreso del Estado. Adem\u00e1s, el diputado presidente de la Junta de Coordinaci\u00f3n Pol\u00edtica dej\u00f3 ver la posibilidad de establecer un acuerdo con la m\u00e1xima casa de estudios, para la evaluaci\u00f3n del trabajo legislativo. En su intervenci\u00f3n, la presidenta de la Directiva del Congreso destac\u00f3 la importancia de impulsar este tipo de convenios con la Universidad, al resaltar su reconocida excelencia acad\u00e9mica y el hecho de estar posicionada [&hellip;]","og_url":"https:\/\/canal7slp.tv\/2022\/congreso-y-uaslp-signan-convenio-de-fortalecimiento-a-la-vinculacion-academica-e-investigacion\/","og_site_name":"Canal 7 SLP - 2022","article_publisher":"https:\/\/www.facebook.com\/noticieroscanalsiete","article_published_time":"2022-03-29T03:34:17+00:00","og_image":[{"width":888,"height":500,"url":"https:\/\/canal7slp.tv\/2022\/wp-content\/uploads\/2022\/03\/Claudio01Convenio.jpg","type":"image\/jpeg"}],"author":"Edici\u00f3n Web","twitter_card":"summary_large_image","twitter_creator":"@NOTICIEROS7","twitter_site":"@NOTICIEROS7","twitter_misc":{"Escrito por":"Edici\u00f3n Web","Tiempo de lectura":"1 minuto"},"schema":{"@context":"https:\/\/schema.org","@graph":[{"@type":"Article","@id":"https:\/\/canal7slp.tv\/2022\/congreso-y-uaslp-signan-convenio-de-fortalecimiento-a-la-vinculacion-academica-e-investigacion\/#article","isPartOf":{"@id":"https:\/\/canal7slp.tv\/2022\/congreso-y-uaslp-signan-convenio-de-fortalecimiento-a-la-vinculacion-academica-e-investigacion\/"},"author":{"name":"Edici\u00f3n Web","@id":"https:\/\/canal7slp.tv\/2022\/#\/schema\/person\/429704152a21f5f856ce29aa69a238da"},"headline":"Congreso y UASLP signan convenio de fortalecimiento a la vinculaci\u00f3n acad\u00e9mica e investigaci\u00f3n.","datePublished":"2022-03-29T03:34:17+00:00","mainEntityOfPage":{"@id":"https:\/\/canal7slp.tv\/2022\/congreso-y-uaslp-signan-convenio-de-fortalecimiento-a-la-vinculacion-academica-e-investigacion\/"},"wordCount":187,"publisher":{"@id":"https:\/\/canal7slp.tv\/2022\/#organization"},"image":{"@id":"https:\/\/canal7slp.tv\/2022\/congreso-y-uaslp-signan-convenio-de-fortalecimiento-a-la-vinculacion-academica-e-investigacion\/#primaryimage"},"thumbnailUrl":"https:\/\/canal7slp.tv\/2022\/wp-content\/uploads\/2022\/03\/Claudio01Convenio.jpg","articleSection":["CONGRESO","DESTACADAS","LOCALES Y REGIONALES"],"inLanguage":"es"},{"@type":"WebPage","@id":"https:\/\/canal7slp.tv\/2022\/congreso-y-uaslp-signan-convenio-de-fortalecimiento-a-la-vinculacion-academica-e-investigacion\/","url":"https:\/\/canal7slp.tv\/2022\/congreso-y-uaslp-signan-convenio-de-fortalecimiento-a-la-vinculacion-academica-e-investigacion\/","name":"Congreso y UASLP signan convenio de fortalecimiento a la vinculaci\u00f3n acad\u00e9mica e investigaci\u00f3n. - Canal 7 SLP - 2022","isPartOf":{"@id":"https:\/\/canal7slp.tv\/2022\/#website"},"primaryImageOfPage":{"@id":"https:\/\/canal7slp.tv\/2022\/congreso-y-uaslp-signan-convenio-de-fortalecimiento-a-la-vinculacion-academica-e-investigacion\/#primaryimage"},"image":{"@id":"https:\/\/canal7slp.tv\/2022\/congreso-y-uaslp-signan-convenio-de-fortalecimiento-a-la-vinculacion-academica-e-investigacion\/#primaryimage"},"thumbnailUrl":"https:\/\/canal7slp.tv\/2022\/wp-content\/uploads\/2022\/03\/Claudio01Convenio.jpg","datePublished":"2022-03-29T03:34:17+00:00","breadcrumb":{"@id":"https:\/\/canal7slp.tv\/2022\/congreso-y-uaslp-signan-convenio-de-fortalecimiento-a-la-vinculacion-academica-e-investigacion\/#breadcrumb"},"inLanguage":"es","potentialAction":[{"@type":"ReadAction","target":["https:\/\/canal7slp.tv\/2022\/congreso-y-uaslp-signan-convenio-de-fortalecimiento-a-la-vinculacion-academica-e-investigacion\/"]}]},{"@type":"ImageObject","inLanguage":"es","@id":"https:\/\/canal7slp.tv\/2022\/congreso-y-uaslp-signan-convenio-de-fortalecimiento-a-la-vinculacion-academica-e-investigacion\/#primaryimage","url":"https:\/\/canal7slp.tv\/2022\/wp-content\/uploads\/2022\/03\/Claudio01Convenio.jpg","contentUrl":"https:\/\/canal7slp.tv\/2022\/wp-content\/uploads\/2022\/03\/Claudio01Convenio.jpg","width":888,"height":500},{"@type":"BreadcrumbList","@id":"https:\/\/canal7slp.tv\/2022\/congreso-y-uaslp-signan-convenio-de-fortalecimiento-a-la-vinculacion-academica-e-investigacion\/#breadcrumb","itemListElement":[{"@type":"ListItem","position":1,"name":"Portada","item":"https:\/\/canal7slp.tv\/2022\/"},{"@type":"ListItem","position":2,"name":"Congreso y UASLP signan convenio de fortalecimiento a la vinculaci\u00f3n acad\u00e9mica e investigaci\u00f3n."}]},{"@type":"WebSite","@id":"https:\/\/canal7slp.tv\/2022\/#website","url":"https:\/\/canal7slp.tv\/2022\/","name":"N7 - Noticieros Canal 7","description":"Somos Televisi\u00f3n","publisher":{"@id":"https:\/\/canal7slp.tv\/2022\/#organization"},"potentialAction":[{"@type":"SearchAction","target":{"@type":"EntryPoint","urlTemplate":"https:\/\/canal7slp.tv\/2022\/?s={search_term_string}"},"query-input":{"@type":"PropertyValueSpecification","valueRequired":true,"valueName":"search_term_string"}}],"inLanguage":"es"},{"@type":"Organization","@id":"https:\/\/canal7slp.tv\/2022\/#organization","name":"Noticieros Canal 7","url":"https:\/\/canal7slp.tv\/2022\/","logo":{"@type":"ImageObject","inLanguage":"es","@id":"https:\/\/canal7slp.tv\/2022\/#\/schema\/logo\/image\/","url":"https:\/\/canal7slp.tv\/2022\/wp-content\/uploads\/2021\/01\/logo-noticieros@2x.png","contentUrl":"https:\/\/canal7slp.tv\/2022\/wp-content\/uploads\/2021\/01\/logo-noticieros@2x.png","width":1017,"height":268,"caption":"Noticieros Canal 7"},"image":{"@id":"https:\/\/canal7slp.tv\/2022\/#\/schema\/logo\/image\/"},"sameAs":["https:\/\/www.facebook.com\/noticieroscanalsiete","https:\/\/x.com\/NOTICIEROS7","https:\/\/www.instagram.com\/canal7_slp","https:\/\/www.youtube.com\/channel\/UCliiYs-gP3JfJeqdPrNdd5A"]},{"@type":"Person","@id":"https:\/\/canal7slp.tv\/2022\/#\/schema\/person\/429704152a21f5f856ce29aa69a238da","name":"Edici\u00f3n Web","image":{"@type":"ImageObject","inLanguage":"es","@id":"https:\/\/secure.gravatar.com\/avatar\/eee448fc3f7164808013b816ba91ac7e43bbe82a70bebac296f8bc6f0addaa1a?s=96&d=mm&r=g","url":"https:\/\/secure.gravatar.com\/avatar\/eee448fc3f7164808013b816ba91ac7e43bbe82a70bebac296f8bc6f0addaa1a?s=96&d=mm&r=g","contentUrl":"https:\/\/secure.gravatar.com\/avatar\/eee448fc3f7164808013b816ba91ac7e43bbe82a70bebac296f8bc6f0addaa1a?s=96&d=mm&r=g","caption":"Edici\u00f3n Web"},"url":"https:\/\/canal7slp.tv\/2022\/author\/edicionweb\/"}]}},"amp_enabled":true,"_links":{"self":[{"href":"https:\/\/canal7slp.tv\/2022\/wp-json\/wp\/v2\/posts\/55499","targetHints":{"allow":["GET"]}}],"collection":[{"href":"https:\/\/canal7slp.tv\/2022\/wp-json\/wp\/v2\/posts"}],"about":[{"href":"https:\/\/canal7slp.tv\/2022\/wp-json\/wp\/v2\/types\/post"}],"author":[{"embeddable":true,"href":"https:\/\/canal7slp.tv\/2022\/wp-json\/wp\/v2\/users\/2"}],"replies":[{"embeddable":true,"href":"https:\/\/canal7slp.tv\/2022\/wp-json\/wp\/v2\/comments?post=55499"}],"version-history":[{"count":3,"href":"https:\/\/canal7slp.tv\/2022\/wp-json\/wp\/v2\/posts\/55499\/revisions"}],"predecessor-version":[{"id":55527,"href":"https:\/\/canal7slp.tv\/2022\/wp-json\/wp\/v2\/posts\/55499\/revisions\/55527"}],"wp:featuredmedia":[{"embeddable":true,"href":"https:\/\/canal7slp.tv\/2022\/wp-json\/wp\/v2\/media\/55526"}],"wp:attachment":[{"href":"https:\/\/canal7slp.tv\/2022\/wp-json\/wp\/v2\/media?parent=55499"}],"wp:term":[{"taxonomy":"category","embeddable":true,"href":"https:\/\/canal7slp.tv\/2022\/wp-json\/wp\/v2\/categories?post=55499"},{"taxonomy":"post_tag","embeddable":true,"href":"https:\/\/canal7slp.tv\/2022\/wp-json\/wp\/v2\/tags?post=55499"}],"curies":[{"name":"wp","href":"https:\/\/api.w.org\/{rel}","templated":true}]}}