{"id":55484,"date":"2022-03-28T19:29:39","date_gmt":"2022-03-29T01:29:39","guid":{"rendered":"https:\/\/canal7slp.tv\/2022\/?p=55484"},"modified":"2022-03-28T19:29:39","modified_gmt":"2022-03-29T01:29:39","slug":"tras-cinco-meses-extraviada-joven-originaria-de-la-huasteca-fue-localizada-por-la-guardia-municipal","status":"publish","type":"post","link":"https:\/\/canal7slp.tv\/2022\/tras-cinco-meses-extraviada-joven-originaria-de-la-huasteca-fue-localizada-por-la-guardia-municipal\/","title":{"rendered":"Tras cinco meses extraviada, joven originaria de la huasteca fue localizada por la Guardia Municipal."},"content":{"rendered":"<p style=\"text-align: justify;\">SLP.- Ante un llamado que indic\u00f3 la presencia de una persona de sexo femenino que deambulaba desorientada por las calles de El Aguaje, en coordinaci\u00f3n con representantes de las juntas de participaci\u00f3n ciudadana, acudieron agentes de la Secretar\u00eda de Seguridad y Protecci\u00f3n Ciudadana (SSPC).<\/p>\n<p style=\"text-align: justify;\">Oficiales de la Guardia Municipal recibieron un reporte de una joven que deambulaba desorientada en la zona.<\/p>\n<p style=\"text-align: justify;\">Agentes llegaron al lugar y tuvieron contacto con ella, quien se identific\u00f3 como Francisca \u201cN\u201d de 18 a\u00f1os.<\/p>\n<p style=\"text-align: justify;\">Para seguridad de la joven, se traslad\u00f3 al \u00e1rea de Trabajo Social de la Comandancia de la Secretar\u00eda de Seguridad y Protecci\u00f3n Ciudadana. Ah\u00ed dijo tener su domicilio en la huasteca potosina, en Tampamol\u00f3n Corona.<\/p>\n<p style=\"text-align: justify;\">Enseguida iniciaron trabajos para localizar a sus familiares.<\/p>\n<p style=\"text-align: justify;\">Fueron contactados v\u00eda telef\u00f3nica y manifestaron haber perdido el rastro de su hija hace cinco meses, cuando la joven presuntamente viaj\u00f3 a la ciudad de Monterrey, Nuevo Le\u00f3n para emplearse.<\/p>\n<p style=\"text-align: justify;\">Los padres dijeron no contar con recursos para trasladarse a la capital y reencontrarse con su hija.<\/p>\n<p style=\"text-align: justify;\">La Guardia Municipal hizo la gesti\u00f3n a trav\u00e9s de organizaciones no gubernamentales.<\/p>\n<p style=\"text-align: justify;\">De esa manera la joven fue entregada a sus familiares.<\/p>\n<p style=\"text-align: justify;\">Por: Maximiliano V\u00e1zquez<\/p>\n","protected":false},"excerpt":{"rendered":"<p>SLP.- Ante un llamado que indic\u00f3 la presencia de una persona de sexo femenino que deambulaba desorientada por las calles de El Aguaje, en coordinaci\u00f3n con representantes de las juntas de participaci\u00f3n ciudadana, acudieron agentes de la Secretar\u00eda de Seguridad y Protecci\u00f3n Ciudadana (SSPC). Oficiales de la Guardia Municipal recibieron un reporte de una joven que deambulaba desorientada en la zona. Agentes llegaron al lugar y tuvieron contacto con ella, quien se identific\u00f3 como Francisca \u201cN\u201d de 18 a\u00f1os. Para seguridad de la joven, se traslad\u00f3 al \u00e1rea de Trabajo Social de la Comandancia de la Secretar\u00eda de Seguridad y [&hellip;]<\/p>\n","protected":false},"author":2,"featured_media":55512,"comment_status":"closed","ping_status":"closed","sticky":false,"template":"","format":"video","meta":{"footnotes":""},"categories":[5,45],"tags":[],"class_list":["post-55484","post","type-post","status-publish","format-video","has-post-thumbnail","hentry","category-destacadas","category-localesyregionales","post_format-post-format-video","post--single"],"yoast_head":"<!-- This site is optimized with the Yoast SEO plugin v27.4 - https:\/\/yoast.com\/product\/yoast-seo-wordpress\/ -->\n<title>Tras cinco meses extraviada, joven originaria de la huasteca fue localizada por la Guardia Municipal. - Canal 7 SLP - 2022<\/title>\n<meta name=\"robots\" content=\"index, follow, max-snippet:-1, max-image-preview:large, max-video-preview:-1\" \/>\n<link rel=\"canonical\" href=\"https:\/\/canal7slp.tv\/2022\/tras-cinco-meses-extraviada-joven-originaria-de-la-huasteca-fue-localizada-por-la-guardia-municipal\/\" \/>\n<meta property=\"og:locale\" content=\"es_ES\" \/>\n<meta property=\"og:type\" content=\"article\" \/>\n<meta property=\"og:title\" content=\"Tras cinco meses extraviada, joven originaria de la huasteca fue localizada por la Guardia Municipal. - Canal 7 SLP - 2022\" \/>\n<meta property=\"og:description\" content=\"SLP.- Ante un llamado que indic\u00f3 la presencia de una persona de sexo femenino que deambulaba desorientada por las calles de El Aguaje, en coordinaci\u00f3n con representantes de las juntas de participaci\u00f3n ciudadana, acudieron agentes de la Secretar\u00eda de Seguridad y Protecci\u00f3n Ciudadana (SSPC). Oficiales de la Guardia Municipal recibieron un reporte de una joven que deambulaba desorientada en la zona. Agentes llegaron al lugar y tuvieron contacto con ella, quien se identific\u00f3 como Francisca \u201cN\u201d de 18 a\u00f1os. Para seguridad de la joven, se traslad\u00f3 al \u00e1rea de Trabajo Social de la Comandancia de la Secretar\u00eda de Seguridad y [&hellip;]\" \/>\n<meta property=\"og:url\" content=\"https:\/\/canal7slp.tv\/2022\/tras-cinco-meses-extraviada-joven-originaria-de-la-huasteca-fue-localizada-por-la-guardia-municipal\/\" \/>\n<meta property=\"og:site_name\" content=\"Canal 7 SLP - 2022\" \/>\n<meta property=\"article:publisher\" content=\"https:\/\/www.facebook.com\/noticieroscanalsiete\" \/>\n<meta property=\"article:published_time\" content=\"2022-03-29T01:29:39+00:00\" \/>\n<meta property=\"og:image\" content=\"https:\/\/canal7slp.tv\/2022\/wp-content\/uploads\/2022\/03\/Max02Rescate.jpg\" \/>\n\t<meta property=\"og:image:width\" content=\"888\" \/>\n\t<meta property=\"og:image:height\" content=\"500\" \/>\n\t<meta property=\"og:image:type\" content=\"image\/jpeg\" \/>\n<meta name=\"author\" content=\"Edici\u00f3n Web\" \/>\n<meta name=\"twitter:card\" content=\"summary_large_image\" \/>\n<meta name=\"twitter:creator\" content=\"@NOTICIEROS7\" \/>\n<meta name=\"twitter:site\" content=\"@NOTICIEROS7\" \/>\n<meta name=\"twitter:label1\" content=\"Escrito por\" \/>\n\t<meta name=\"twitter:data1\" content=\"Edici\u00f3n Web\" \/>\n\t<meta name=\"twitter:label2\" content=\"Tiempo de lectura\" \/>\n\t<meta name=\"twitter:data2\" content=\"1 minuto\" \/>\n<script type=\"application\/ld+json\" class=\"yoast-schema-graph\">{\"@context\":\"https:\\\/\\\/schema.org\",\"@graph\":[{\"@type\":\"Article\",\"@id\":\"https:\\\/\\\/canal7slp.tv\\\/2022\\\/tras-cinco-meses-extraviada-joven-originaria-de-la-huasteca-fue-localizada-por-la-guardia-municipal\\\/#article\",\"isPartOf\":{\"@id\":\"https:\\\/\\\/canal7slp.tv\\\/2022\\\/tras-cinco-meses-extraviada-joven-originaria-de-la-huasteca-fue-localizada-por-la-guardia-municipal\\\/\"},\"author\":{\"name\":\"Edici\u00f3n Web\",\"@id\":\"https:\\\/\\\/canal7slp.tv\\\/2022\\\/#\\\/schema\\\/person\\\/429704152a21f5f856ce29aa69a238da\"},\"headline\":\"Tras cinco meses extraviada, joven originaria de la huasteca fue localizada por la Guardia Municipal.\",\"datePublished\":\"2022-03-29T01:29:39+00:00\",\"mainEntityOfPage\":{\"@id\":\"https:\\\/\\\/canal7slp.tv\\\/2022\\\/tras-cinco-meses-extraviada-joven-originaria-de-la-huasteca-fue-localizada-por-la-guardia-municipal\\\/\"},\"wordCount\":223,\"publisher\":{\"@id\":\"https:\\\/\\\/canal7slp.tv\\\/2022\\\/#organization\"},\"image\":{\"@id\":\"https:\\\/\\\/canal7slp.tv\\\/2022\\\/tras-cinco-meses-extraviada-joven-originaria-de-la-huasteca-fue-localizada-por-la-guardia-municipal\\\/#primaryimage\"},\"thumbnailUrl\":\"https:\\\/\\\/canal7slp.tv\\\/2022\\\/wp-content\\\/uploads\\\/2022\\\/03\\\/Max02Rescate.jpg\",\"articleSection\":[\"DESTACADAS\",\"LOCALES Y REGIONALES\"],\"inLanguage\":\"es\"},{\"@type\":\"WebPage\",\"@id\":\"https:\\\/\\\/canal7slp.tv\\\/2022\\\/tras-cinco-meses-extraviada-joven-originaria-de-la-huasteca-fue-localizada-por-la-guardia-municipal\\\/\",\"url\":\"https:\\\/\\\/canal7slp.tv\\\/2022\\\/tras-cinco-meses-extraviada-joven-originaria-de-la-huasteca-fue-localizada-por-la-guardia-municipal\\\/\",\"name\":\"Tras cinco meses extraviada, joven originaria de la huasteca fue localizada por la Guardia Municipal. - Canal 7 SLP - 2022\",\"isPartOf\":{\"@id\":\"https:\\\/\\\/canal7slp.tv\\\/2022\\\/#website\"},\"primaryImageOfPage\":{\"@id\":\"https:\\\/\\\/canal7slp.tv\\\/2022\\\/tras-cinco-meses-extraviada-joven-originaria-de-la-huasteca-fue-localizada-por-la-guardia-municipal\\\/#primaryimage\"},\"image\":{\"@id\":\"https:\\\/\\\/canal7slp.tv\\\/2022\\\/tras-cinco-meses-extraviada-joven-originaria-de-la-huasteca-fue-localizada-por-la-guardia-municipal\\\/#primaryimage\"},\"thumbnailUrl\":\"https:\\\/\\\/canal7slp.tv\\\/2022\\\/wp-content\\\/uploads\\\/2022\\\/03\\\/Max02Rescate.jpg\",\"datePublished\":\"2022-03-29T01:29:39+00:00\",\"breadcrumb\":{\"@id\":\"https:\\\/\\\/canal7slp.tv\\\/2022\\\/tras-cinco-meses-extraviada-joven-originaria-de-la-huasteca-fue-localizada-por-la-guardia-municipal\\\/#breadcrumb\"},\"inLanguage\":\"es\",\"potentialAction\":[{\"@type\":\"ReadAction\",\"target\":[\"https:\\\/\\\/canal7slp.tv\\\/2022\\\/tras-cinco-meses-extraviada-joven-originaria-de-la-huasteca-fue-localizada-por-la-guardia-municipal\\\/\"]}]},{\"@type\":\"ImageObject\",\"inLanguage\":\"es\",\"@id\":\"https:\\\/\\\/canal7slp.tv\\\/2022\\\/tras-cinco-meses-extraviada-joven-originaria-de-la-huasteca-fue-localizada-por-la-guardia-municipal\\\/#primaryimage\",\"url\":\"https:\\\/\\\/canal7slp.tv\\\/2022\\\/wp-content\\\/uploads\\\/2022\\\/03\\\/Max02Rescate.jpg\",\"contentUrl\":\"https:\\\/\\\/canal7slp.tv\\\/2022\\\/wp-content\\\/uploads\\\/2022\\\/03\\\/Max02Rescate.jpg\",\"width\":888,\"height\":500},{\"@type\":\"BreadcrumbList\",\"@id\":\"https:\\\/\\\/canal7slp.tv\\\/2022\\\/tras-cinco-meses-extraviada-joven-originaria-de-la-huasteca-fue-localizada-por-la-guardia-municipal\\\/#breadcrumb\",\"itemListElement\":[{\"@type\":\"ListItem\",\"position\":1,\"name\":\"Portada\",\"item\":\"https:\\\/\\\/canal7slp.tv\\\/2022\\\/\"},{\"@type\":\"ListItem\",\"position\":2,\"name\":\"Tras cinco meses extraviada, joven originaria de la huasteca fue localizada por la Guardia Municipal.\"}]},{\"@type\":\"WebSite\",\"@id\":\"https:\\\/\\\/canal7slp.tv\\\/2022\\\/#website\",\"url\":\"https:\\\/\\\/canal7slp.tv\\\/2022\\\/\",\"name\":\"N7 - Noticieros Canal 7\",\"description\":\"Somos Televisi\u00f3n\",\"publisher\":{\"@id\":\"https:\\\/\\\/canal7slp.tv\\\/2022\\\/#organization\"},\"potentialAction\":[{\"@type\":\"SearchAction\",\"target\":{\"@type\":\"EntryPoint\",\"urlTemplate\":\"https:\\\/\\\/canal7slp.tv\\\/2022\\\/?s={search_term_string}\"},\"query-input\":{\"@type\":\"PropertyValueSpecification\",\"valueRequired\":true,\"valueName\":\"search_term_string\"}}],\"inLanguage\":\"es\"},{\"@type\":\"Organization\",\"@id\":\"https:\\\/\\\/canal7slp.tv\\\/2022\\\/#organization\",\"name\":\"Noticieros Canal 7\",\"url\":\"https:\\\/\\\/canal7slp.tv\\\/2022\\\/\",\"logo\":{\"@type\":\"ImageObject\",\"inLanguage\":\"es\",\"@id\":\"https:\\\/\\\/canal7slp.tv\\\/2022\\\/#\\\/schema\\\/logo\\\/image\\\/\",\"url\":\"https:\\\/\\\/canal7slp.tv\\\/2022\\\/wp-content\\\/uploads\\\/2021\\\/01\\\/logo-noticieros@2x.png\",\"contentUrl\":\"https:\\\/\\\/canal7slp.tv\\\/2022\\\/wp-content\\\/uploads\\\/2021\\\/01\\\/logo-noticieros@2x.png\",\"width\":1017,\"height\":268,\"caption\":\"Noticieros Canal 7\"},\"image\":{\"@id\":\"https:\\\/\\\/canal7slp.tv\\\/2022\\\/#\\\/schema\\\/logo\\\/image\\\/\"},\"sameAs\":[\"https:\\\/\\\/www.facebook.com\\\/noticieroscanalsiete\",\"https:\\\/\\\/x.com\\\/NOTICIEROS7\",\"https:\\\/\\\/www.instagram.com\\\/canal7_slp\",\"https:\\\/\\\/www.youtube.com\\\/channel\\\/UCliiYs-gP3JfJeqdPrNdd5A\"]},{\"@type\":\"Person\",\"@id\":\"https:\\\/\\\/canal7slp.tv\\\/2022\\\/#\\\/schema\\\/person\\\/429704152a21f5f856ce29aa69a238da\",\"name\":\"Edici\u00f3n Web\",\"image\":{\"@type\":\"ImageObject\",\"inLanguage\":\"es\",\"@id\":\"https:\\\/\\\/secure.gravatar.com\\\/avatar\\\/eee448fc3f7164808013b816ba91ac7e43bbe82a70bebac296f8bc6f0addaa1a?s=96&d=mm&r=g\",\"url\":\"https:\\\/\\\/secure.gravatar.com\\\/avatar\\\/eee448fc3f7164808013b816ba91ac7e43bbe82a70bebac296f8bc6f0addaa1a?s=96&d=mm&r=g\",\"contentUrl\":\"https:\\\/\\\/secure.gravatar.com\\\/avatar\\\/eee448fc3f7164808013b816ba91ac7e43bbe82a70bebac296f8bc6f0addaa1a?s=96&d=mm&r=g\",\"caption\":\"Edici\u00f3n Web\"},\"url\":\"https:\\\/\\\/canal7slp.tv\\\/2022\\\/author\\\/edicionweb\\\/\"}]}<\/script>\n<!-- \/ Yoast SEO plugin. -->","yoast_head_json":{"title":"Tras cinco meses extraviada, joven originaria de la huasteca fue localizada por la Guardia Municipal. - Canal 7 SLP - 2022","robots":{"index":"index","follow":"follow","max-snippet":"max-snippet:-1","max-image-preview":"max-image-preview:large","max-video-preview":"max-video-preview:-1"},"canonical":"https:\/\/canal7slp.tv\/2022\/tras-cinco-meses-extraviada-joven-originaria-de-la-huasteca-fue-localizada-por-la-guardia-municipal\/","og_locale":"es_ES","og_type":"article","og_title":"Tras cinco meses extraviada, joven originaria de la huasteca fue localizada por la Guardia Municipal. - Canal 7 SLP - 2022","og_description":"SLP.- Ante un llamado que indic\u00f3 la presencia de una persona de sexo femenino que deambulaba desorientada por las calles de El Aguaje, en coordinaci\u00f3n con representantes de las juntas de participaci\u00f3n ciudadana, acudieron agentes de la Secretar\u00eda de Seguridad y Protecci\u00f3n Ciudadana (SSPC). Oficiales de la Guardia Municipal recibieron un reporte de una joven que deambulaba desorientada en la zona. Agentes llegaron al lugar y tuvieron contacto con ella, quien se identific\u00f3 como Francisca \u201cN\u201d de 18 a\u00f1os. Para seguridad de la joven, se traslad\u00f3 al \u00e1rea de Trabajo Social de la Comandancia de la Secretar\u00eda de Seguridad y [&hellip;]","og_url":"https:\/\/canal7slp.tv\/2022\/tras-cinco-meses-extraviada-joven-originaria-de-la-huasteca-fue-localizada-por-la-guardia-municipal\/","og_site_name":"Canal 7 SLP - 2022","article_publisher":"https:\/\/www.facebook.com\/noticieroscanalsiete","article_published_time":"2022-03-29T01:29:39+00:00","og_image":[{"width":888,"height":500,"url":"https:\/\/canal7slp.tv\/2022\/wp-content\/uploads\/2022\/03\/Max02Rescate.jpg","type":"image\/jpeg"}],"author":"Edici\u00f3n Web","twitter_card":"summary_large_image","twitter_creator":"@NOTICIEROS7","twitter_site":"@NOTICIEROS7","twitter_misc":{"Escrito por":"Edici\u00f3n Web","Tiempo de lectura":"1 minuto"},"schema":{"@context":"https:\/\/schema.org","@graph":[{"@type":"Article","@id":"https:\/\/canal7slp.tv\/2022\/tras-cinco-meses-extraviada-joven-originaria-de-la-huasteca-fue-localizada-por-la-guardia-municipal\/#article","isPartOf":{"@id":"https:\/\/canal7slp.tv\/2022\/tras-cinco-meses-extraviada-joven-originaria-de-la-huasteca-fue-localizada-por-la-guardia-municipal\/"},"author":{"name":"Edici\u00f3n Web","@id":"https:\/\/canal7slp.tv\/2022\/#\/schema\/person\/429704152a21f5f856ce29aa69a238da"},"headline":"Tras cinco meses extraviada, joven originaria de la huasteca fue localizada por la Guardia Municipal.","datePublished":"2022-03-29T01:29:39+00:00","mainEntityOfPage":{"@id":"https:\/\/canal7slp.tv\/2022\/tras-cinco-meses-extraviada-joven-originaria-de-la-huasteca-fue-localizada-por-la-guardia-municipal\/"},"wordCount":223,"publisher":{"@id":"https:\/\/canal7slp.tv\/2022\/#organization"},"image":{"@id":"https:\/\/canal7slp.tv\/2022\/tras-cinco-meses-extraviada-joven-originaria-de-la-huasteca-fue-localizada-por-la-guardia-municipal\/#primaryimage"},"thumbnailUrl":"https:\/\/canal7slp.tv\/2022\/wp-content\/uploads\/2022\/03\/Max02Rescate.jpg","articleSection":["DESTACADAS","LOCALES Y REGIONALES"],"inLanguage":"es"},{"@type":"WebPage","@id":"https:\/\/canal7slp.tv\/2022\/tras-cinco-meses-extraviada-joven-originaria-de-la-huasteca-fue-localizada-por-la-guardia-municipal\/","url":"https:\/\/canal7slp.tv\/2022\/tras-cinco-meses-extraviada-joven-originaria-de-la-huasteca-fue-localizada-por-la-guardia-municipal\/","name":"Tras cinco meses extraviada, joven originaria de la huasteca fue localizada por la Guardia Municipal. - Canal 7 SLP - 2022","isPartOf":{"@id":"https:\/\/canal7slp.tv\/2022\/#website"},"primaryImageOfPage":{"@id":"https:\/\/canal7slp.tv\/2022\/tras-cinco-meses-extraviada-joven-originaria-de-la-huasteca-fue-localizada-por-la-guardia-municipal\/#primaryimage"},"image":{"@id":"https:\/\/canal7slp.tv\/2022\/tras-cinco-meses-extraviada-joven-originaria-de-la-huasteca-fue-localizada-por-la-guardia-municipal\/#primaryimage"},"thumbnailUrl":"https:\/\/canal7slp.tv\/2022\/wp-content\/uploads\/2022\/03\/Max02Rescate.jpg","datePublished":"2022-03-29T01:29:39+00:00","breadcrumb":{"@id":"https:\/\/canal7slp.tv\/2022\/tras-cinco-meses-extraviada-joven-originaria-de-la-huasteca-fue-localizada-por-la-guardia-municipal\/#breadcrumb"},"inLanguage":"es","potentialAction":[{"@type":"ReadAction","target":["https:\/\/canal7slp.tv\/2022\/tras-cinco-meses-extraviada-joven-originaria-de-la-huasteca-fue-localizada-por-la-guardia-municipal\/"]}]},{"@type":"ImageObject","inLanguage":"es","@id":"https:\/\/canal7slp.tv\/2022\/tras-cinco-meses-extraviada-joven-originaria-de-la-huasteca-fue-localizada-por-la-guardia-municipal\/#primaryimage","url":"https:\/\/canal7slp.tv\/2022\/wp-content\/uploads\/2022\/03\/Max02Rescate.jpg","contentUrl":"https:\/\/canal7slp.tv\/2022\/wp-content\/uploads\/2022\/03\/Max02Rescate.jpg","width":888,"height":500},{"@type":"BreadcrumbList","@id":"https:\/\/canal7slp.tv\/2022\/tras-cinco-meses-extraviada-joven-originaria-de-la-huasteca-fue-localizada-por-la-guardia-municipal\/#breadcrumb","itemListElement":[{"@type":"ListItem","position":1,"name":"Portada","item":"https:\/\/canal7slp.tv\/2022\/"},{"@type":"ListItem","position":2,"name":"Tras cinco meses extraviada, joven originaria de la huasteca fue localizada por la Guardia Municipal."}]},{"@type":"WebSite","@id":"https:\/\/canal7slp.tv\/2022\/#website","url":"https:\/\/canal7slp.tv\/2022\/","name":"N7 - Noticieros Canal 7","description":"Somos Televisi\u00f3n","publisher":{"@id":"https:\/\/canal7slp.tv\/2022\/#organization"},"potentialAction":[{"@type":"SearchAction","target":{"@type":"EntryPoint","urlTemplate":"https:\/\/canal7slp.tv\/2022\/?s={search_term_string}"},"query-input":{"@type":"PropertyValueSpecification","valueRequired":true,"valueName":"search_term_string"}}],"inLanguage":"es"},{"@type":"Organization","@id":"https:\/\/canal7slp.tv\/2022\/#organization","name":"Noticieros Canal 7","url":"https:\/\/canal7slp.tv\/2022\/","logo":{"@type":"ImageObject","inLanguage":"es","@id":"https:\/\/canal7slp.tv\/2022\/#\/schema\/logo\/image\/","url":"https:\/\/canal7slp.tv\/2022\/wp-content\/uploads\/2021\/01\/logo-noticieros@2x.png","contentUrl":"https:\/\/canal7slp.tv\/2022\/wp-content\/uploads\/2021\/01\/logo-noticieros@2x.png","width":1017,"height":268,"caption":"Noticieros Canal 7"},"image":{"@id":"https:\/\/canal7slp.tv\/2022\/#\/schema\/logo\/image\/"},"sameAs":["https:\/\/www.facebook.com\/noticieroscanalsiete","https:\/\/x.com\/NOTICIEROS7","https:\/\/www.instagram.com\/canal7_slp","https:\/\/www.youtube.com\/channel\/UCliiYs-gP3JfJeqdPrNdd5A"]},{"@type":"Person","@id":"https:\/\/canal7slp.tv\/2022\/#\/schema\/person\/429704152a21f5f856ce29aa69a238da","name":"Edici\u00f3n Web","image":{"@type":"ImageObject","inLanguage":"es","@id":"https:\/\/secure.gravatar.com\/avatar\/eee448fc3f7164808013b816ba91ac7e43bbe82a70bebac296f8bc6f0addaa1a?s=96&d=mm&r=g","url":"https:\/\/secure.gravatar.com\/avatar\/eee448fc3f7164808013b816ba91ac7e43bbe82a70bebac296f8bc6f0addaa1a?s=96&d=mm&r=g","contentUrl":"https:\/\/secure.gravatar.com\/avatar\/eee448fc3f7164808013b816ba91ac7e43bbe82a70bebac296f8bc6f0addaa1a?s=96&d=mm&r=g","caption":"Edici\u00f3n Web"},"url":"https:\/\/canal7slp.tv\/2022\/author\/edicionweb\/"}]}},"amp_enabled":true,"_links":{"self":[{"href":"https:\/\/canal7slp.tv\/2022\/wp-json\/wp\/v2\/posts\/55484","targetHints":{"allow":["GET"]}}],"collection":[{"href":"https:\/\/canal7slp.tv\/2022\/wp-json\/wp\/v2\/posts"}],"about":[{"href":"https:\/\/canal7slp.tv\/2022\/wp-json\/wp\/v2\/types\/post"}],"author":[{"embeddable":true,"href":"https:\/\/canal7slp.tv\/2022\/wp-json\/wp\/v2\/users\/2"}],"replies":[{"embeddable":true,"href":"https:\/\/canal7slp.tv\/2022\/wp-json\/wp\/v2\/comments?post=55484"}],"version-history":[{"count":2,"href":"https:\/\/canal7slp.tv\/2022\/wp-json\/wp\/v2\/posts\/55484\/revisions"}],"predecessor-version":[{"id":55513,"href":"https:\/\/canal7slp.tv\/2022\/wp-json\/wp\/v2\/posts\/55484\/revisions\/55513"}],"wp:featuredmedia":[{"embeddable":true,"href":"https:\/\/canal7slp.tv\/2022\/wp-json\/wp\/v2\/media\/55512"}],"wp:attachment":[{"href":"https:\/\/canal7slp.tv\/2022\/wp-json\/wp\/v2\/media?parent=55484"}],"wp:term":[{"taxonomy":"category","embeddable":true,"href":"https:\/\/canal7slp.tv\/2022\/wp-json\/wp\/v2\/categories?post=55484"},{"taxonomy":"post_tag","embeddable":true,"href":"https:\/\/canal7slp.tv\/2022\/wp-json\/wp\/v2\/tags?post=55484"}],"curies":[{"name":"wp","href":"https:\/\/api.w.org\/{rel}","templated":true}]}}