{"id":55470,"date":"2022-03-28T18:00:49","date_gmt":"2022-03-29T00:00:49","guid":{"rendered":"https:\/\/canal7slp.tv\/2022\/?p=55470"},"modified":"2022-03-28T18:00:49","modified_gmt":"2022-03-29T00:00:49","slug":"con-una-vision-de-exportacion-fue-colocada-la-primera-piedra-del-centro-logistico-mercurio-windsor","status":"publish","type":"post","link":"https:\/\/canal7slp.tv\/2022\/con-una-vision-de-exportacion-fue-colocada-la-primera-piedra-del-centro-logistico-mercurio-windsor\/","title":{"rendered":"Con una visi\u00f3n de exportaci\u00f3n, fue colocada la primera piedra del Centro Log\u00edstico Mercurio-Windsor."},"content":{"rendered":"<p style=\"text-align: justify;\">SLP.- El director general de Windsor Ciclismo, Carlos Alejandro Rosales, encabez\u00f3 la colocaci\u00f3n de la primera piedra del Centro Log\u00edstico Mercurio-Windsor ubicado en la Zona Industrial de la capital potosina, cuyo objetivo principal es exportar hacia Norteam\u00e9rica.<\/p>\n<p style=\"text-align: justify;\">\u00abLa expectativa principal con este centro log\u00edstico es una: como ya sabemos San Luis Potos\u00ed est\u00e1 en una situaci\u00f3n privilegiada para el acceso de Mercado de Estados Unidos y nuestra idea aqu\u00ed es consolidar m\u00e1s manufacturas hechas en M\u00e9xico para poder dar un porcentaje de integraci\u00f3n en la bicicleta que nos permita acceder al mercado estadounidense con una tarifa preferencial; b\u00e1sicamente entrar al tratado para no pagar impuesto por ser una bicicleta hecha 100% o en su mayor\u00eda por mano de obra mexicana\u00bb, detall\u00f3.<\/p>\n<p style=\"text-align: justify;\">El empresario mencion\u00f3 la inversi\u00f3n que se hizo para lograr esta infraestructura y la que se espera aplicar para los pr\u00f3ximos a\u00f1os.<\/p>\n<p style=\"text-align: justify;\">\u00abLa inversi\u00f3n inicial de este centro log\u00edstico son de 43 millones de pesos y la idea es que nuestra empresa hermana, que es Bicicletas Mercurio invierta un monto similar en el cercano plazo para tratar de integrarnos a esta cadena de suministros hacia los Estados Unidos y estos montos son de 5 a 6 a\u00f1os\u00bb, dijo.<\/p>\n<p style=\"text-align: justify;\">El entrevistado destacado que actualmente el mercado principal de este grupo es el nacional, pero reiter\u00f3 que las miras est\u00e1n en Estados Unidos y en mitigar las problem\u00e1ticas que actualmente se presentan con las cadenas log\u00edsticas.<\/p>\n<p style=\"text-align: justify;\">\u00abHemos visto que las cadenas log\u00edsticas se han complicado mucho, los fletes mar\u00edtimos han subido, por ejemplo, un contenedor que costaba mil 200 d\u00f3lares a principios del 2020, ahora anda en precios de 12 mil o 14 mil, eso nos da una oportunidad importante para poder fabricar nacionalmente y exportar a Estados Unidos y salvar este asunto de las cadenas log\u00edsticas\u00bb, expuso.<\/p>\n<p style=\"text-align: justify;\">Al evento acudi\u00f3 el titular de la Secretar\u00eda de Desarrollo Econ\u00f3mico, Juan Carlos Valladares; Jaime Chalita Zarur, director de desarrollo econ\u00f3mico de la capital potosina; Rebeca Vald\u00e9s Davalo, presidente del Consejo de Administraci\u00f3n de Grupo Mercurio-Windsor; Javier Noyola Vald\u00e9s, presidente del grupo Mercurio-Windsor y Ver\u00f3nica Noyola Vald\u00e9s, directora corporativa del mismo grupo; as\u00ed como tambi\u00e9n Luis Fernando Larriba, director general de bicicletas Mercurio.<\/p>\n<p style=\"text-align: justify;\">Por: Jos\u00e9 Luis V\u00e1zquez<\/p>\n","protected":false},"excerpt":{"rendered":"<p>SLP.- El director general de Windsor Ciclismo, Carlos Alejandro Rosales, encabez\u00f3 la colocaci\u00f3n de la primera piedra del Centro Log\u00edstico Mercurio-Windsor ubicado en la Zona Industrial de la capital potosina, cuyo objetivo principal es exportar hacia Norteam\u00e9rica. \u00abLa expectativa principal con este centro log\u00edstico es una: como ya sabemos San Luis Potos\u00ed est\u00e1 en una situaci\u00f3n privilegiada para el acceso de Mercado de Estados Unidos y nuestra idea aqu\u00ed es consolidar m\u00e1s manufacturas hechas en M\u00e9xico para poder dar un porcentaje de integraci\u00f3n en la bicicleta que nos permita acceder al mercado estadounidense con una tarifa preferencial; b\u00e1sicamente entrar al [&hellip;]<\/p>\n","protected":false},"author":2,"featured_media":55492,"comment_status":"closed","ping_status":"closed","sticky":false,"template":"","format":"video","meta":{"footnotes":""},"categories":[2,5,45],"tags":[],"class_list":["post-55470","post","type-post","status-publish","format-video","has-post-thumbnail","hentry","category-clima","category-destacadas","category-localesyregionales","post_format-post-format-video","post--single"],"yoast_head":"<!-- This site is optimized with the Yoast SEO plugin v27.4 - https:\/\/yoast.com\/product\/yoast-seo-wordpress\/ -->\n<title>Con una visi\u00f3n de exportaci\u00f3n, fue colocada la primera piedra del Centro Log\u00edstico Mercurio-Windsor. - Canal 7 SLP - 2022<\/title>\n<meta name=\"robots\" content=\"index, follow, max-snippet:-1, max-image-preview:large, max-video-preview:-1\" \/>\n<link rel=\"canonical\" href=\"https:\/\/canal7slp.tv\/2022\/con-una-vision-de-exportacion-fue-colocada-la-primera-piedra-del-centro-logistico-mercurio-windsor\/\" \/>\n<meta property=\"og:locale\" content=\"es_ES\" \/>\n<meta property=\"og:type\" content=\"article\" \/>\n<meta property=\"og:title\" content=\"Con una visi\u00f3n de exportaci\u00f3n, fue colocada la primera piedra del Centro Log\u00edstico Mercurio-Windsor. - Canal 7 SLP - 2022\" \/>\n<meta property=\"og:description\" content=\"SLP.- El director general de Windsor Ciclismo, Carlos Alejandro Rosales, encabez\u00f3 la colocaci\u00f3n de la primera piedra del Centro Log\u00edstico Mercurio-Windsor ubicado en la Zona Industrial de la capital potosina, cuyo objetivo principal es exportar hacia Norteam\u00e9rica. \u00abLa expectativa principal con este centro log\u00edstico es una: como ya sabemos San Luis Potos\u00ed est\u00e1 en una situaci\u00f3n privilegiada para el acceso de Mercado de Estados Unidos y nuestra idea aqu\u00ed es consolidar m\u00e1s manufacturas hechas en M\u00e9xico para poder dar un porcentaje de integraci\u00f3n en la bicicleta que nos permita acceder al mercado estadounidense con una tarifa preferencial; b\u00e1sicamente entrar al [&hellip;]\" \/>\n<meta property=\"og:url\" content=\"https:\/\/canal7slp.tv\/2022\/con-una-vision-de-exportacion-fue-colocada-la-primera-piedra-del-centro-logistico-mercurio-windsor\/\" \/>\n<meta property=\"og:site_name\" content=\"Canal 7 SLP - 2022\" \/>\n<meta property=\"article:publisher\" content=\"https:\/\/www.facebook.com\/noticieroscanalsiete\" \/>\n<meta property=\"article:published_time\" content=\"2022-03-29T00:00:49+00:00\" \/>\n<meta property=\"og:image\" content=\"https:\/\/canal7slp.tv\/2022\/wp-content\/uploads\/2022\/03\/Vazquez04MercurioWindsor.jpg\" \/>\n\t<meta property=\"og:image:width\" content=\"888\" \/>\n\t<meta property=\"og:image:height\" content=\"500\" \/>\n\t<meta property=\"og:image:type\" content=\"image\/jpeg\" \/>\n<meta name=\"author\" content=\"Edici\u00f3n Web\" \/>\n<meta name=\"twitter:card\" content=\"summary_large_image\" \/>\n<meta name=\"twitter:creator\" content=\"@NOTICIEROS7\" \/>\n<meta name=\"twitter:site\" content=\"@NOTICIEROS7\" \/>\n<meta name=\"twitter:label1\" content=\"Escrito por\" \/>\n\t<meta name=\"twitter:data1\" content=\"Edici\u00f3n Web\" \/>\n\t<meta name=\"twitter:label2\" content=\"Tiempo de lectura\" \/>\n\t<meta name=\"twitter:data2\" content=\"2 minutos\" \/>\n<script type=\"application\/ld+json\" class=\"yoast-schema-graph\">{\"@context\":\"https:\\\/\\\/schema.org\",\"@graph\":[{\"@type\":\"Article\",\"@id\":\"https:\\\/\\\/canal7slp.tv\\\/2022\\\/con-una-vision-de-exportacion-fue-colocada-la-primera-piedra-del-centro-logistico-mercurio-windsor\\\/#article\",\"isPartOf\":{\"@id\":\"https:\\\/\\\/canal7slp.tv\\\/2022\\\/con-una-vision-de-exportacion-fue-colocada-la-primera-piedra-del-centro-logistico-mercurio-windsor\\\/\"},\"author\":{\"name\":\"Edici\u00f3n Web\",\"@id\":\"https:\\\/\\\/canal7slp.tv\\\/2022\\\/#\\\/schema\\\/person\\\/429704152a21f5f856ce29aa69a238da\"},\"headline\":\"Con una visi\u00f3n de exportaci\u00f3n, fue colocada la primera piedra del Centro Log\u00edstico Mercurio-Windsor.\",\"datePublished\":\"2022-03-29T00:00:49+00:00\",\"mainEntityOfPage\":{\"@id\":\"https:\\\/\\\/canal7slp.tv\\\/2022\\\/con-una-vision-de-exportacion-fue-colocada-la-primera-piedra-del-centro-logistico-mercurio-windsor\\\/\"},\"wordCount\":407,\"publisher\":{\"@id\":\"https:\\\/\\\/canal7slp.tv\\\/2022\\\/#organization\"},\"image\":{\"@id\":\"https:\\\/\\\/canal7slp.tv\\\/2022\\\/con-una-vision-de-exportacion-fue-colocada-la-primera-piedra-del-centro-logistico-mercurio-windsor\\\/#primaryimage\"},\"thumbnailUrl\":\"https:\\\/\\\/canal7slp.tv\\\/2022\\\/wp-content\\\/uploads\\\/2022\\\/03\\\/Vazquez04MercurioWindsor.jpg\",\"articleSection\":[\"CLIMA\",\"DESTACADAS\",\"LOCALES Y REGIONALES\"],\"inLanguage\":\"es\"},{\"@type\":\"WebPage\",\"@id\":\"https:\\\/\\\/canal7slp.tv\\\/2022\\\/con-una-vision-de-exportacion-fue-colocada-la-primera-piedra-del-centro-logistico-mercurio-windsor\\\/\",\"url\":\"https:\\\/\\\/canal7slp.tv\\\/2022\\\/con-una-vision-de-exportacion-fue-colocada-la-primera-piedra-del-centro-logistico-mercurio-windsor\\\/\",\"name\":\"Con una visi\u00f3n de exportaci\u00f3n, fue colocada la primera piedra del Centro Log\u00edstico Mercurio-Windsor. - Canal 7 SLP - 2022\",\"isPartOf\":{\"@id\":\"https:\\\/\\\/canal7slp.tv\\\/2022\\\/#website\"},\"primaryImageOfPage\":{\"@id\":\"https:\\\/\\\/canal7slp.tv\\\/2022\\\/con-una-vision-de-exportacion-fue-colocada-la-primera-piedra-del-centro-logistico-mercurio-windsor\\\/#primaryimage\"},\"image\":{\"@id\":\"https:\\\/\\\/canal7slp.tv\\\/2022\\\/con-una-vision-de-exportacion-fue-colocada-la-primera-piedra-del-centro-logistico-mercurio-windsor\\\/#primaryimage\"},\"thumbnailUrl\":\"https:\\\/\\\/canal7slp.tv\\\/2022\\\/wp-content\\\/uploads\\\/2022\\\/03\\\/Vazquez04MercurioWindsor.jpg\",\"datePublished\":\"2022-03-29T00:00:49+00:00\",\"breadcrumb\":{\"@id\":\"https:\\\/\\\/canal7slp.tv\\\/2022\\\/con-una-vision-de-exportacion-fue-colocada-la-primera-piedra-del-centro-logistico-mercurio-windsor\\\/#breadcrumb\"},\"inLanguage\":\"es\",\"potentialAction\":[{\"@type\":\"ReadAction\",\"target\":[\"https:\\\/\\\/canal7slp.tv\\\/2022\\\/con-una-vision-de-exportacion-fue-colocada-la-primera-piedra-del-centro-logistico-mercurio-windsor\\\/\"]}]},{\"@type\":\"ImageObject\",\"inLanguage\":\"es\",\"@id\":\"https:\\\/\\\/canal7slp.tv\\\/2022\\\/con-una-vision-de-exportacion-fue-colocada-la-primera-piedra-del-centro-logistico-mercurio-windsor\\\/#primaryimage\",\"url\":\"https:\\\/\\\/canal7slp.tv\\\/2022\\\/wp-content\\\/uploads\\\/2022\\\/03\\\/Vazquez04MercurioWindsor.jpg\",\"contentUrl\":\"https:\\\/\\\/canal7slp.tv\\\/2022\\\/wp-content\\\/uploads\\\/2022\\\/03\\\/Vazquez04MercurioWindsor.jpg\",\"width\":888,\"height\":500},{\"@type\":\"BreadcrumbList\",\"@id\":\"https:\\\/\\\/canal7slp.tv\\\/2022\\\/con-una-vision-de-exportacion-fue-colocada-la-primera-piedra-del-centro-logistico-mercurio-windsor\\\/#breadcrumb\",\"itemListElement\":[{\"@type\":\"ListItem\",\"position\":1,\"name\":\"Portada\",\"item\":\"https:\\\/\\\/canal7slp.tv\\\/2022\\\/\"},{\"@type\":\"ListItem\",\"position\":2,\"name\":\"Con una visi\u00f3n de exportaci\u00f3n, fue colocada la primera piedra del Centro Log\u00edstico Mercurio-Windsor.\"}]},{\"@type\":\"WebSite\",\"@id\":\"https:\\\/\\\/canal7slp.tv\\\/2022\\\/#website\",\"url\":\"https:\\\/\\\/canal7slp.tv\\\/2022\\\/\",\"name\":\"N7 - Noticieros Canal 7\",\"description\":\"Somos Televisi\u00f3n\",\"publisher\":{\"@id\":\"https:\\\/\\\/canal7slp.tv\\\/2022\\\/#organization\"},\"potentialAction\":[{\"@type\":\"SearchAction\",\"target\":{\"@type\":\"EntryPoint\",\"urlTemplate\":\"https:\\\/\\\/canal7slp.tv\\\/2022\\\/?s={search_term_string}\"},\"query-input\":{\"@type\":\"PropertyValueSpecification\",\"valueRequired\":true,\"valueName\":\"search_term_string\"}}],\"inLanguage\":\"es\"},{\"@type\":\"Organization\",\"@id\":\"https:\\\/\\\/canal7slp.tv\\\/2022\\\/#organization\",\"name\":\"Noticieros Canal 7\",\"url\":\"https:\\\/\\\/canal7slp.tv\\\/2022\\\/\",\"logo\":{\"@type\":\"ImageObject\",\"inLanguage\":\"es\",\"@id\":\"https:\\\/\\\/canal7slp.tv\\\/2022\\\/#\\\/schema\\\/logo\\\/image\\\/\",\"url\":\"https:\\\/\\\/canal7slp.tv\\\/2022\\\/wp-content\\\/uploads\\\/2021\\\/01\\\/logo-noticieros@2x.png\",\"contentUrl\":\"https:\\\/\\\/canal7slp.tv\\\/2022\\\/wp-content\\\/uploads\\\/2021\\\/01\\\/logo-noticieros@2x.png\",\"width\":1017,\"height\":268,\"caption\":\"Noticieros Canal 7\"},\"image\":{\"@id\":\"https:\\\/\\\/canal7slp.tv\\\/2022\\\/#\\\/schema\\\/logo\\\/image\\\/\"},\"sameAs\":[\"https:\\\/\\\/www.facebook.com\\\/noticieroscanalsiete\",\"https:\\\/\\\/x.com\\\/NOTICIEROS7\",\"https:\\\/\\\/www.instagram.com\\\/canal7_slp\",\"https:\\\/\\\/www.youtube.com\\\/channel\\\/UCliiYs-gP3JfJeqdPrNdd5A\"]},{\"@type\":\"Person\",\"@id\":\"https:\\\/\\\/canal7slp.tv\\\/2022\\\/#\\\/schema\\\/person\\\/429704152a21f5f856ce29aa69a238da\",\"name\":\"Edici\u00f3n Web\",\"image\":{\"@type\":\"ImageObject\",\"inLanguage\":\"es\",\"@id\":\"https:\\\/\\\/secure.gravatar.com\\\/avatar\\\/eee448fc3f7164808013b816ba91ac7e43bbe82a70bebac296f8bc6f0addaa1a?s=96&d=mm&r=g\",\"url\":\"https:\\\/\\\/secure.gravatar.com\\\/avatar\\\/eee448fc3f7164808013b816ba91ac7e43bbe82a70bebac296f8bc6f0addaa1a?s=96&d=mm&r=g\",\"contentUrl\":\"https:\\\/\\\/secure.gravatar.com\\\/avatar\\\/eee448fc3f7164808013b816ba91ac7e43bbe82a70bebac296f8bc6f0addaa1a?s=96&d=mm&r=g\",\"caption\":\"Edici\u00f3n Web\"},\"url\":\"https:\\\/\\\/canal7slp.tv\\\/2022\\\/author\\\/edicionweb\\\/\"}]}<\/script>\n<!-- \/ Yoast SEO plugin. -->","yoast_head_json":{"title":"Con una visi\u00f3n de exportaci\u00f3n, fue colocada la primera piedra del Centro Log\u00edstico Mercurio-Windsor. - Canal 7 SLP - 2022","robots":{"index":"index","follow":"follow","max-snippet":"max-snippet:-1","max-image-preview":"max-image-preview:large","max-video-preview":"max-video-preview:-1"},"canonical":"https:\/\/canal7slp.tv\/2022\/con-una-vision-de-exportacion-fue-colocada-la-primera-piedra-del-centro-logistico-mercurio-windsor\/","og_locale":"es_ES","og_type":"article","og_title":"Con una visi\u00f3n de exportaci\u00f3n, fue colocada la primera piedra del Centro Log\u00edstico Mercurio-Windsor. - Canal 7 SLP - 2022","og_description":"SLP.- El director general de Windsor Ciclismo, Carlos Alejandro Rosales, encabez\u00f3 la colocaci\u00f3n de la primera piedra del Centro Log\u00edstico Mercurio-Windsor ubicado en la Zona Industrial de la capital potosina, cuyo objetivo principal es exportar hacia Norteam\u00e9rica. \u00abLa expectativa principal con este centro log\u00edstico es una: como ya sabemos San Luis Potos\u00ed est\u00e1 en una situaci\u00f3n privilegiada para el acceso de Mercado de Estados Unidos y nuestra idea aqu\u00ed es consolidar m\u00e1s manufacturas hechas en M\u00e9xico para poder dar un porcentaje de integraci\u00f3n en la bicicleta que nos permita acceder al mercado estadounidense con una tarifa preferencial; b\u00e1sicamente entrar al [&hellip;]","og_url":"https:\/\/canal7slp.tv\/2022\/con-una-vision-de-exportacion-fue-colocada-la-primera-piedra-del-centro-logistico-mercurio-windsor\/","og_site_name":"Canal 7 SLP - 2022","article_publisher":"https:\/\/www.facebook.com\/noticieroscanalsiete","article_published_time":"2022-03-29T00:00:49+00:00","og_image":[{"width":888,"height":500,"url":"https:\/\/canal7slp.tv\/2022\/wp-content\/uploads\/2022\/03\/Vazquez04MercurioWindsor.jpg","type":"image\/jpeg"}],"author":"Edici\u00f3n Web","twitter_card":"summary_large_image","twitter_creator":"@NOTICIEROS7","twitter_site":"@NOTICIEROS7","twitter_misc":{"Escrito por":"Edici\u00f3n Web","Tiempo de lectura":"2 minutos"},"schema":{"@context":"https:\/\/schema.org","@graph":[{"@type":"Article","@id":"https:\/\/canal7slp.tv\/2022\/con-una-vision-de-exportacion-fue-colocada-la-primera-piedra-del-centro-logistico-mercurio-windsor\/#article","isPartOf":{"@id":"https:\/\/canal7slp.tv\/2022\/con-una-vision-de-exportacion-fue-colocada-la-primera-piedra-del-centro-logistico-mercurio-windsor\/"},"author":{"name":"Edici\u00f3n Web","@id":"https:\/\/canal7slp.tv\/2022\/#\/schema\/person\/429704152a21f5f856ce29aa69a238da"},"headline":"Con una visi\u00f3n de exportaci\u00f3n, fue colocada la primera piedra del Centro Log\u00edstico Mercurio-Windsor.","datePublished":"2022-03-29T00:00:49+00:00","mainEntityOfPage":{"@id":"https:\/\/canal7slp.tv\/2022\/con-una-vision-de-exportacion-fue-colocada-la-primera-piedra-del-centro-logistico-mercurio-windsor\/"},"wordCount":407,"publisher":{"@id":"https:\/\/canal7slp.tv\/2022\/#organization"},"image":{"@id":"https:\/\/canal7slp.tv\/2022\/con-una-vision-de-exportacion-fue-colocada-la-primera-piedra-del-centro-logistico-mercurio-windsor\/#primaryimage"},"thumbnailUrl":"https:\/\/canal7slp.tv\/2022\/wp-content\/uploads\/2022\/03\/Vazquez04MercurioWindsor.jpg","articleSection":["CLIMA","DESTACADAS","LOCALES Y REGIONALES"],"inLanguage":"es"},{"@type":"WebPage","@id":"https:\/\/canal7slp.tv\/2022\/con-una-vision-de-exportacion-fue-colocada-la-primera-piedra-del-centro-logistico-mercurio-windsor\/","url":"https:\/\/canal7slp.tv\/2022\/con-una-vision-de-exportacion-fue-colocada-la-primera-piedra-del-centro-logistico-mercurio-windsor\/","name":"Con una visi\u00f3n de exportaci\u00f3n, fue colocada la primera piedra del Centro Log\u00edstico Mercurio-Windsor. - Canal 7 SLP - 2022","isPartOf":{"@id":"https:\/\/canal7slp.tv\/2022\/#website"},"primaryImageOfPage":{"@id":"https:\/\/canal7slp.tv\/2022\/con-una-vision-de-exportacion-fue-colocada-la-primera-piedra-del-centro-logistico-mercurio-windsor\/#primaryimage"},"image":{"@id":"https:\/\/canal7slp.tv\/2022\/con-una-vision-de-exportacion-fue-colocada-la-primera-piedra-del-centro-logistico-mercurio-windsor\/#primaryimage"},"thumbnailUrl":"https:\/\/canal7slp.tv\/2022\/wp-content\/uploads\/2022\/03\/Vazquez04MercurioWindsor.jpg","datePublished":"2022-03-29T00:00:49+00:00","breadcrumb":{"@id":"https:\/\/canal7slp.tv\/2022\/con-una-vision-de-exportacion-fue-colocada-la-primera-piedra-del-centro-logistico-mercurio-windsor\/#breadcrumb"},"inLanguage":"es","potentialAction":[{"@type":"ReadAction","target":["https:\/\/canal7slp.tv\/2022\/con-una-vision-de-exportacion-fue-colocada-la-primera-piedra-del-centro-logistico-mercurio-windsor\/"]}]},{"@type":"ImageObject","inLanguage":"es","@id":"https:\/\/canal7slp.tv\/2022\/con-una-vision-de-exportacion-fue-colocada-la-primera-piedra-del-centro-logistico-mercurio-windsor\/#primaryimage","url":"https:\/\/canal7slp.tv\/2022\/wp-content\/uploads\/2022\/03\/Vazquez04MercurioWindsor.jpg","contentUrl":"https:\/\/canal7slp.tv\/2022\/wp-content\/uploads\/2022\/03\/Vazquez04MercurioWindsor.jpg","width":888,"height":500},{"@type":"BreadcrumbList","@id":"https:\/\/canal7slp.tv\/2022\/con-una-vision-de-exportacion-fue-colocada-la-primera-piedra-del-centro-logistico-mercurio-windsor\/#breadcrumb","itemListElement":[{"@type":"ListItem","position":1,"name":"Portada","item":"https:\/\/canal7slp.tv\/2022\/"},{"@type":"ListItem","position":2,"name":"Con una visi\u00f3n de exportaci\u00f3n, fue colocada la primera piedra del Centro Log\u00edstico Mercurio-Windsor."}]},{"@type":"WebSite","@id":"https:\/\/canal7slp.tv\/2022\/#website","url":"https:\/\/canal7slp.tv\/2022\/","name":"N7 - Noticieros Canal 7","description":"Somos Televisi\u00f3n","publisher":{"@id":"https:\/\/canal7slp.tv\/2022\/#organization"},"potentialAction":[{"@type":"SearchAction","target":{"@type":"EntryPoint","urlTemplate":"https:\/\/canal7slp.tv\/2022\/?s={search_term_string}"},"query-input":{"@type":"PropertyValueSpecification","valueRequired":true,"valueName":"search_term_string"}}],"inLanguage":"es"},{"@type":"Organization","@id":"https:\/\/canal7slp.tv\/2022\/#organization","name":"Noticieros Canal 7","url":"https:\/\/canal7slp.tv\/2022\/","logo":{"@type":"ImageObject","inLanguage":"es","@id":"https:\/\/canal7slp.tv\/2022\/#\/schema\/logo\/image\/","url":"https:\/\/canal7slp.tv\/2022\/wp-content\/uploads\/2021\/01\/logo-noticieros@2x.png","contentUrl":"https:\/\/canal7slp.tv\/2022\/wp-content\/uploads\/2021\/01\/logo-noticieros@2x.png","width":1017,"height":268,"caption":"Noticieros Canal 7"},"image":{"@id":"https:\/\/canal7slp.tv\/2022\/#\/schema\/logo\/image\/"},"sameAs":["https:\/\/www.facebook.com\/noticieroscanalsiete","https:\/\/x.com\/NOTICIEROS7","https:\/\/www.instagram.com\/canal7_slp","https:\/\/www.youtube.com\/channel\/UCliiYs-gP3JfJeqdPrNdd5A"]},{"@type":"Person","@id":"https:\/\/canal7slp.tv\/2022\/#\/schema\/person\/429704152a21f5f856ce29aa69a238da","name":"Edici\u00f3n Web","image":{"@type":"ImageObject","inLanguage":"es","@id":"https:\/\/secure.gravatar.com\/avatar\/eee448fc3f7164808013b816ba91ac7e43bbe82a70bebac296f8bc6f0addaa1a?s=96&d=mm&r=g","url":"https:\/\/secure.gravatar.com\/avatar\/eee448fc3f7164808013b816ba91ac7e43bbe82a70bebac296f8bc6f0addaa1a?s=96&d=mm&r=g","contentUrl":"https:\/\/secure.gravatar.com\/avatar\/eee448fc3f7164808013b816ba91ac7e43bbe82a70bebac296f8bc6f0addaa1a?s=96&d=mm&r=g","caption":"Edici\u00f3n Web"},"url":"https:\/\/canal7slp.tv\/2022\/author\/edicionweb\/"}]}},"amp_enabled":true,"_links":{"self":[{"href":"https:\/\/canal7slp.tv\/2022\/wp-json\/wp\/v2\/posts\/55470","targetHints":{"allow":["GET"]}}],"collection":[{"href":"https:\/\/canal7slp.tv\/2022\/wp-json\/wp\/v2\/posts"}],"about":[{"href":"https:\/\/canal7slp.tv\/2022\/wp-json\/wp\/v2\/types\/post"}],"author":[{"embeddable":true,"href":"https:\/\/canal7slp.tv\/2022\/wp-json\/wp\/v2\/users\/2"}],"replies":[{"embeddable":true,"href":"https:\/\/canal7slp.tv\/2022\/wp-json\/wp\/v2\/comments?post=55470"}],"version-history":[{"count":3,"href":"https:\/\/canal7slp.tv\/2022\/wp-json\/wp\/v2\/posts\/55470\/revisions"}],"predecessor-version":[{"id":55493,"href":"https:\/\/canal7slp.tv\/2022\/wp-json\/wp\/v2\/posts\/55470\/revisions\/55493"}],"wp:featuredmedia":[{"embeddable":true,"href":"https:\/\/canal7slp.tv\/2022\/wp-json\/wp\/v2\/media\/55492"}],"wp:attachment":[{"href":"https:\/\/canal7slp.tv\/2022\/wp-json\/wp\/v2\/media?parent=55470"}],"wp:term":[{"taxonomy":"category","embeddable":true,"href":"https:\/\/canal7slp.tv\/2022\/wp-json\/wp\/v2\/categories?post=55470"},{"taxonomy":"post_tag","embeddable":true,"href":"https:\/\/canal7slp.tv\/2022\/wp-json\/wp\/v2\/tags?post=55470"}],"curies":[{"name":"wp","href":"https:\/\/api.w.org\/{rel}","templated":true}]}}