{"id":55468,"date":"2022-03-28T17:58:24","date_gmt":"2022-03-28T23:58:24","guid":{"rendered":"https:\/\/canal7slp.tv\/2022\/?p=55468"},"modified":"2022-03-28T17:58:24","modified_gmt":"2022-03-28T23:58:24","slug":"en-lo-que-va-del-ano-600-hectareas-se-han-visto-afectadas-por-incendios-en-slp","status":"publish","type":"post","link":"https:\/\/canal7slp.tv\/2022\/en-lo-que-va-del-ano-600-hectareas-se-han-visto-afectadas-por-incendios-en-slp\/","title":{"rendered":"En lo que va del a\u00f1o, 600 hect\u00e1reas se han visto afectadas por incendios en SLP."},"content":{"rendered":"<p style=\"text-align: justify;\">SLP.- El titular de la Coordinaci\u00f3n Estatal de Protecci\u00f3n Civil en San Luis Potos\u00ed, Mauricio Ordaz Flores, asegur\u00f3 que los incendios originados en municipios de la Zona Huasteca ya est\u00e1n pr\u00e1cticamente sofocados.<\/p>\n<p style=\"text-align: justify;\">\u00abEsto ha sido gracias a las aeronaves que nos ha facilitado el gobernador que son dos y las cuales han sobrevolado para mitigar la situaci\u00f3n y por supuesto para hacer un an\u00e1lisis y pol\u00edgonos de cu\u00e1les son los resultados y las acciones a tomar\u00bb, dijo.<\/p>\n<p style=\"text-align: justify;\">Se\u00f1al\u00f3 que en lo que va del a\u00f1o se han presentado poco m\u00e1s de 30 siniestros que han resultado en la afectaci\u00f3n de m\u00e1s de 600 hect\u00e1reas en todo San Luis Potos\u00ed.<\/p>\n<p style=\"text-align: justify;\">\u00abDe los siete incendios que se presentaron, la mayor parte fueron en la Zona Huasteca, espec\u00edficamente en El Naranjo y Ciudad Valles y el que tuvimos aqu\u00ed en Mexquitic pr\u00e1cticamente ha sido liquidado en su totalidad\u00bb, detall\u00f3.<\/p>\n<p style=\"text-align: justify;\">Adelant\u00f3 que de continuar con la sequ\u00eda que se presenta en la entidad, los incendios podr\u00edan registrarse en mayor medida.<\/p>\n<p style=\"text-align: justify;\">Pese a ello, destac\u00f3 la respuesta por parte de los elementos de Protecci\u00f3n Civil, que han logrado liquidar los incendios en tiempo r\u00e9cord<\/p>\n<p style=\"text-align: justify;\">\u00abTenemos un gran ordenamiento una gran participaci\u00f3n por parte de Protecci\u00f3n Civil municipal, Conafor, Sedena y Protecci\u00f3n Civil del Estado que lleva el mando&#8230; La diferencia de hoy que han sido liquidados en menor tiempo que en los a\u00f1os pasados gracias a la suma de voluntades y esfuerzos y a la gran organizaci\u00f3n que tenemos por parte de Protecci\u00f3n Civil\u00bb, culmin\u00f3.<\/p>\n<p style=\"text-align: justify;\">Por: Jos\u00e9 Luis V\u00e1zquez<\/p>\n","protected":false},"excerpt":{"rendered":"<p>SLP.- El titular de la Coordinaci\u00f3n Estatal de Protecci\u00f3n Civil en San Luis Potos\u00ed, Mauricio Ordaz Flores, asegur\u00f3 que los incendios originados en municipios de la Zona Huasteca ya est\u00e1n pr\u00e1cticamente sofocados. \u00abEsto ha sido gracias a las aeronaves que nos ha facilitado el gobernador que son dos y las cuales han sobrevolado para mitigar la situaci\u00f3n y por supuesto para hacer un an\u00e1lisis y pol\u00edgonos de cu\u00e1les son los resultados y las acciones a tomar\u00bb, dijo. Se\u00f1al\u00f3 que en lo que va del a\u00f1o se han presentado poco m\u00e1s de 30 siniestros que han resultado en la afectaci\u00f3n de [&hellip;]<\/p>\n","protected":false},"author":2,"featured_media":55488,"comment_status":"closed","ping_status":"closed","sticky":false,"template":"","format":"video","meta":{"footnotes":""},"categories":[5,510,45],"tags":[],"class_list":["post-55468","post","type-post","status-publish","format-video","has-post-thumbnail","hentry","category-destacadas","category-gobedoslp","category-localesyregionales","post_format-post-format-video","post--single"],"yoast_head":"<!-- This site is optimized with the Yoast SEO plugin v27.4 - https:\/\/yoast.com\/product\/yoast-seo-wordpress\/ -->\n<title>En lo que va del a\u00f1o, 600 hect\u00e1reas se han visto afectadas por incendios en SLP. - Canal 7 SLP - 2022<\/title>\n<meta name=\"robots\" content=\"index, follow, max-snippet:-1, max-image-preview:large, max-video-preview:-1\" \/>\n<link rel=\"canonical\" href=\"https:\/\/canal7slp.tv\/2022\/en-lo-que-va-del-ano-600-hectareas-se-han-visto-afectadas-por-incendios-en-slp\/\" \/>\n<meta property=\"og:locale\" content=\"es_ES\" \/>\n<meta property=\"og:type\" content=\"article\" \/>\n<meta property=\"og:title\" content=\"En lo que va del a\u00f1o, 600 hect\u00e1reas se han visto afectadas por incendios en SLP. - Canal 7 SLP - 2022\" \/>\n<meta property=\"og:description\" content=\"SLP.- El titular de la Coordinaci\u00f3n Estatal de Protecci\u00f3n Civil en San Luis Potos\u00ed, Mauricio Ordaz Flores, asegur\u00f3 que los incendios originados en municipios de la Zona Huasteca ya est\u00e1n pr\u00e1cticamente sofocados. \u00abEsto ha sido gracias a las aeronaves que nos ha facilitado el gobernador que son dos y las cuales han sobrevolado para mitigar la situaci\u00f3n y por supuesto para hacer un an\u00e1lisis y pol\u00edgonos de cu\u00e1les son los resultados y las acciones a tomar\u00bb, dijo. Se\u00f1al\u00f3 que en lo que va del a\u00f1o se han presentado poco m\u00e1s de 30 siniestros que han resultado en la afectaci\u00f3n de [&hellip;]\" \/>\n<meta property=\"og:url\" content=\"https:\/\/canal7slp.tv\/2022\/en-lo-que-va-del-ano-600-hectareas-se-han-visto-afectadas-por-incendios-en-slp\/\" \/>\n<meta property=\"og:site_name\" content=\"Canal 7 SLP - 2022\" \/>\n<meta property=\"article:publisher\" content=\"https:\/\/www.facebook.com\/noticieroscanalsiete\" \/>\n<meta property=\"article:published_time\" content=\"2022-03-28T23:58:24+00:00\" \/>\n<meta property=\"og:image\" content=\"https:\/\/canal7slp.tv\/2022\/wp-content\/uploads\/2022\/03\/Vazquez02Incendios.jpg\" \/>\n\t<meta property=\"og:image:width\" content=\"888\" \/>\n\t<meta property=\"og:image:height\" content=\"500\" \/>\n\t<meta property=\"og:image:type\" content=\"image\/jpeg\" \/>\n<meta name=\"author\" content=\"Edici\u00f3n Web\" \/>\n<meta name=\"twitter:card\" content=\"summary_large_image\" \/>\n<meta name=\"twitter:creator\" content=\"@NOTICIEROS7\" \/>\n<meta name=\"twitter:site\" content=\"@NOTICIEROS7\" \/>\n<meta name=\"twitter:label1\" content=\"Escrito por\" \/>\n\t<meta name=\"twitter:data1\" content=\"Edici\u00f3n Web\" \/>\n\t<meta name=\"twitter:label2\" content=\"Tiempo de lectura\" \/>\n\t<meta name=\"twitter:data2\" content=\"2 minutos\" \/>\n<script type=\"application\/ld+json\" class=\"yoast-schema-graph\">{\"@context\":\"https:\\\/\\\/schema.org\",\"@graph\":[{\"@type\":\"Article\",\"@id\":\"https:\\\/\\\/canal7slp.tv\\\/2022\\\/en-lo-que-va-del-ano-600-hectareas-se-han-visto-afectadas-por-incendios-en-slp\\\/#article\",\"isPartOf\":{\"@id\":\"https:\\\/\\\/canal7slp.tv\\\/2022\\\/en-lo-que-va-del-ano-600-hectareas-se-han-visto-afectadas-por-incendios-en-slp\\\/\"},\"author\":{\"name\":\"Edici\u00f3n Web\",\"@id\":\"https:\\\/\\\/canal7slp.tv\\\/2022\\\/#\\\/schema\\\/person\\\/429704152a21f5f856ce29aa69a238da\"},\"headline\":\"En lo que va del a\u00f1o, 600 hect\u00e1reas se han visto afectadas por incendios en SLP.\",\"datePublished\":\"2022-03-28T23:58:24+00:00\",\"mainEntityOfPage\":{\"@id\":\"https:\\\/\\\/canal7slp.tv\\\/2022\\\/en-lo-que-va-del-ano-600-hectareas-se-han-visto-afectadas-por-incendios-en-slp\\\/\"},\"wordCount\":297,\"publisher\":{\"@id\":\"https:\\\/\\\/canal7slp.tv\\\/2022\\\/#organization\"},\"image\":{\"@id\":\"https:\\\/\\\/canal7slp.tv\\\/2022\\\/en-lo-que-va-del-ano-600-hectareas-se-han-visto-afectadas-por-incendios-en-slp\\\/#primaryimage\"},\"thumbnailUrl\":\"https:\\\/\\\/canal7slp.tv\\\/2022\\\/wp-content\\\/uploads\\\/2022\\\/03\\\/Vazquez02Incendios.jpg\",\"articleSection\":[\"DESTACADAS\",\"GOBEDOSLP\",\"LOCALES Y REGIONALES\"],\"inLanguage\":\"es\"},{\"@type\":\"WebPage\",\"@id\":\"https:\\\/\\\/canal7slp.tv\\\/2022\\\/en-lo-que-va-del-ano-600-hectareas-se-han-visto-afectadas-por-incendios-en-slp\\\/\",\"url\":\"https:\\\/\\\/canal7slp.tv\\\/2022\\\/en-lo-que-va-del-ano-600-hectareas-se-han-visto-afectadas-por-incendios-en-slp\\\/\",\"name\":\"En lo que va del a\u00f1o, 600 hect\u00e1reas se han visto afectadas por incendios en SLP. - Canal 7 SLP - 2022\",\"isPartOf\":{\"@id\":\"https:\\\/\\\/canal7slp.tv\\\/2022\\\/#website\"},\"primaryImageOfPage\":{\"@id\":\"https:\\\/\\\/canal7slp.tv\\\/2022\\\/en-lo-que-va-del-ano-600-hectareas-se-han-visto-afectadas-por-incendios-en-slp\\\/#primaryimage\"},\"image\":{\"@id\":\"https:\\\/\\\/canal7slp.tv\\\/2022\\\/en-lo-que-va-del-ano-600-hectareas-se-han-visto-afectadas-por-incendios-en-slp\\\/#primaryimage\"},\"thumbnailUrl\":\"https:\\\/\\\/canal7slp.tv\\\/2022\\\/wp-content\\\/uploads\\\/2022\\\/03\\\/Vazquez02Incendios.jpg\",\"datePublished\":\"2022-03-28T23:58:24+00:00\",\"breadcrumb\":{\"@id\":\"https:\\\/\\\/canal7slp.tv\\\/2022\\\/en-lo-que-va-del-ano-600-hectareas-se-han-visto-afectadas-por-incendios-en-slp\\\/#breadcrumb\"},\"inLanguage\":\"es\",\"potentialAction\":[{\"@type\":\"ReadAction\",\"target\":[\"https:\\\/\\\/canal7slp.tv\\\/2022\\\/en-lo-que-va-del-ano-600-hectareas-se-han-visto-afectadas-por-incendios-en-slp\\\/\"]}]},{\"@type\":\"ImageObject\",\"inLanguage\":\"es\",\"@id\":\"https:\\\/\\\/canal7slp.tv\\\/2022\\\/en-lo-que-va-del-ano-600-hectareas-se-han-visto-afectadas-por-incendios-en-slp\\\/#primaryimage\",\"url\":\"https:\\\/\\\/canal7slp.tv\\\/2022\\\/wp-content\\\/uploads\\\/2022\\\/03\\\/Vazquez02Incendios.jpg\",\"contentUrl\":\"https:\\\/\\\/canal7slp.tv\\\/2022\\\/wp-content\\\/uploads\\\/2022\\\/03\\\/Vazquez02Incendios.jpg\",\"width\":888,\"height\":500},{\"@type\":\"BreadcrumbList\",\"@id\":\"https:\\\/\\\/canal7slp.tv\\\/2022\\\/en-lo-que-va-del-ano-600-hectareas-se-han-visto-afectadas-por-incendios-en-slp\\\/#breadcrumb\",\"itemListElement\":[{\"@type\":\"ListItem\",\"position\":1,\"name\":\"Portada\",\"item\":\"https:\\\/\\\/canal7slp.tv\\\/2022\\\/\"},{\"@type\":\"ListItem\",\"position\":2,\"name\":\"En lo que va del a\u00f1o, 600 hect\u00e1reas se han visto afectadas por incendios en SLP.\"}]},{\"@type\":\"WebSite\",\"@id\":\"https:\\\/\\\/canal7slp.tv\\\/2022\\\/#website\",\"url\":\"https:\\\/\\\/canal7slp.tv\\\/2022\\\/\",\"name\":\"N7 - Noticieros Canal 7\",\"description\":\"Somos Televisi\u00f3n\",\"publisher\":{\"@id\":\"https:\\\/\\\/canal7slp.tv\\\/2022\\\/#organization\"},\"potentialAction\":[{\"@type\":\"SearchAction\",\"target\":{\"@type\":\"EntryPoint\",\"urlTemplate\":\"https:\\\/\\\/canal7slp.tv\\\/2022\\\/?s={search_term_string}\"},\"query-input\":{\"@type\":\"PropertyValueSpecification\",\"valueRequired\":true,\"valueName\":\"search_term_string\"}}],\"inLanguage\":\"es\"},{\"@type\":\"Organization\",\"@id\":\"https:\\\/\\\/canal7slp.tv\\\/2022\\\/#organization\",\"name\":\"Noticieros Canal 7\",\"url\":\"https:\\\/\\\/canal7slp.tv\\\/2022\\\/\",\"logo\":{\"@type\":\"ImageObject\",\"inLanguage\":\"es\",\"@id\":\"https:\\\/\\\/canal7slp.tv\\\/2022\\\/#\\\/schema\\\/logo\\\/image\\\/\",\"url\":\"https:\\\/\\\/canal7slp.tv\\\/2022\\\/wp-content\\\/uploads\\\/2021\\\/01\\\/logo-noticieros@2x.png\",\"contentUrl\":\"https:\\\/\\\/canal7slp.tv\\\/2022\\\/wp-content\\\/uploads\\\/2021\\\/01\\\/logo-noticieros@2x.png\",\"width\":1017,\"height\":268,\"caption\":\"Noticieros Canal 7\"},\"image\":{\"@id\":\"https:\\\/\\\/canal7slp.tv\\\/2022\\\/#\\\/schema\\\/logo\\\/image\\\/\"},\"sameAs\":[\"https:\\\/\\\/www.facebook.com\\\/noticieroscanalsiete\",\"https:\\\/\\\/x.com\\\/NOTICIEROS7\",\"https:\\\/\\\/www.instagram.com\\\/canal7_slp\",\"https:\\\/\\\/www.youtube.com\\\/channel\\\/UCliiYs-gP3JfJeqdPrNdd5A\"]},{\"@type\":\"Person\",\"@id\":\"https:\\\/\\\/canal7slp.tv\\\/2022\\\/#\\\/schema\\\/person\\\/429704152a21f5f856ce29aa69a238da\",\"name\":\"Edici\u00f3n Web\",\"image\":{\"@type\":\"ImageObject\",\"inLanguage\":\"es\",\"@id\":\"https:\\\/\\\/secure.gravatar.com\\\/avatar\\\/eee448fc3f7164808013b816ba91ac7e43bbe82a70bebac296f8bc6f0addaa1a?s=96&d=mm&r=g\",\"url\":\"https:\\\/\\\/secure.gravatar.com\\\/avatar\\\/eee448fc3f7164808013b816ba91ac7e43bbe82a70bebac296f8bc6f0addaa1a?s=96&d=mm&r=g\",\"contentUrl\":\"https:\\\/\\\/secure.gravatar.com\\\/avatar\\\/eee448fc3f7164808013b816ba91ac7e43bbe82a70bebac296f8bc6f0addaa1a?s=96&d=mm&r=g\",\"caption\":\"Edici\u00f3n Web\"},\"url\":\"https:\\\/\\\/canal7slp.tv\\\/2022\\\/author\\\/edicionweb\\\/\"}]}<\/script>\n<!-- \/ Yoast SEO plugin. -->","yoast_head_json":{"title":"En lo que va del a\u00f1o, 600 hect\u00e1reas se han visto afectadas por incendios en SLP. - Canal 7 SLP - 2022","robots":{"index":"index","follow":"follow","max-snippet":"max-snippet:-1","max-image-preview":"max-image-preview:large","max-video-preview":"max-video-preview:-1"},"canonical":"https:\/\/canal7slp.tv\/2022\/en-lo-que-va-del-ano-600-hectareas-se-han-visto-afectadas-por-incendios-en-slp\/","og_locale":"es_ES","og_type":"article","og_title":"En lo que va del a\u00f1o, 600 hect\u00e1reas se han visto afectadas por incendios en SLP. - Canal 7 SLP - 2022","og_description":"SLP.- El titular de la Coordinaci\u00f3n Estatal de Protecci\u00f3n Civil en San Luis Potos\u00ed, Mauricio Ordaz Flores, asegur\u00f3 que los incendios originados en municipios de la Zona Huasteca ya est\u00e1n pr\u00e1cticamente sofocados. \u00abEsto ha sido gracias a las aeronaves que nos ha facilitado el gobernador que son dos y las cuales han sobrevolado para mitigar la situaci\u00f3n y por supuesto para hacer un an\u00e1lisis y pol\u00edgonos de cu\u00e1les son los resultados y las acciones a tomar\u00bb, dijo. Se\u00f1al\u00f3 que en lo que va del a\u00f1o se han presentado poco m\u00e1s de 30 siniestros que han resultado en la afectaci\u00f3n de [&hellip;]","og_url":"https:\/\/canal7slp.tv\/2022\/en-lo-que-va-del-ano-600-hectareas-se-han-visto-afectadas-por-incendios-en-slp\/","og_site_name":"Canal 7 SLP - 2022","article_publisher":"https:\/\/www.facebook.com\/noticieroscanalsiete","article_published_time":"2022-03-28T23:58:24+00:00","og_image":[{"width":888,"height":500,"url":"https:\/\/canal7slp.tv\/2022\/wp-content\/uploads\/2022\/03\/Vazquez02Incendios.jpg","type":"image\/jpeg"}],"author":"Edici\u00f3n Web","twitter_card":"summary_large_image","twitter_creator":"@NOTICIEROS7","twitter_site":"@NOTICIEROS7","twitter_misc":{"Escrito por":"Edici\u00f3n Web","Tiempo de lectura":"2 minutos"},"schema":{"@context":"https:\/\/schema.org","@graph":[{"@type":"Article","@id":"https:\/\/canal7slp.tv\/2022\/en-lo-que-va-del-ano-600-hectareas-se-han-visto-afectadas-por-incendios-en-slp\/#article","isPartOf":{"@id":"https:\/\/canal7slp.tv\/2022\/en-lo-que-va-del-ano-600-hectareas-se-han-visto-afectadas-por-incendios-en-slp\/"},"author":{"name":"Edici\u00f3n Web","@id":"https:\/\/canal7slp.tv\/2022\/#\/schema\/person\/429704152a21f5f856ce29aa69a238da"},"headline":"En lo que va del a\u00f1o, 600 hect\u00e1reas se han visto afectadas por incendios en SLP.","datePublished":"2022-03-28T23:58:24+00:00","mainEntityOfPage":{"@id":"https:\/\/canal7slp.tv\/2022\/en-lo-que-va-del-ano-600-hectareas-se-han-visto-afectadas-por-incendios-en-slp\/"},"wordCount":297,"publisher":{"@id":"https:\/\/canal7slp.tv\/2022\/#organization"},"image":{"@id":"https:\/\/canal7slp.tv\/2022\/en-lo-que-va-del-ano-600-hectareas-se-han-visto-afectadas-por-incendios-en-slp\/#primaryimage"},"thumbnailUrl":"https:\/\/canal7slp.tv\/2022\/wp-content\/uploads\/2022\/03\/Vazquez02Incendios.jpg","articleSection":["DESTACADAS","GOBEDOSLP","LOCALES Y REGIONALES"],"inLanguage":"es"},{"@type":"WebPage","@id":"https:\/\/canal7slp.tv\/2022\/en-lo-que-va-del-ano-600-hectareas-se-han-visto-afectadas-por-incendios-en-slp\/","url":"https:\/\/canal7slp.tv\/2022\/en-lo-que-va-del-ano-600-hectareas-se-han-visto-afectadas-por-incendios-en-slp\/","name":"En lo que va del a\u00f1o, 600 hect\u00e1reas se han visto afectadas por incendios en SLP. - Canal 7 SLP - 2022","isPartOf":{"@id":"https:\/\/canal7slp.tv\/2022\/#website"},"primaryImageOfPage":{"@id":"https:\/\/canal7slp.tv\/2022\/en-lo-que-va-del-ano-600-hectareas-se-han-visto-afectadas-por-incendios-en-slp\/#primaryimage"},"image":{"@id":"https:\/\/canal7slp.tv\/2022\/en-lo-que-va-del-ano-600-hectareas-se-han-visto-afectadas-por-incendios-en-slp\/#primaryimage"},"thumbnailUrl":"https:\/\/canal7slp.tv\/2022\/wp-content\/uploads\/2022\/03\/Vazquez02Incendios.jpg","datePublished":"2022-03-28T23:58:24+00:00","breadcrumb":{"@id":"https:\/\/canal7slp.tv\/2022\/en-lo-que-va-del-ano-600-hectareas-se-han-visto-afectadas-por-incendios-en-slp\/#breadcrumb"},"inLanguage":"es","potentialAction":[{"@type":"ReadAction","target":["https:\/\/canal7slp.tv\/2022\/en-lo-que-va-del-ano-600-hectareas-se-han-visto-afectadas-por-incendios-en-slp\/"]}]},{"@type":"ImageObject","inLanguage":"es","@id":"https:\/\/canal7slp.tv\/2022\/en-lo-que-va-del-ano-600-hectareas-se-han-visto-afectadas-por-incendios-en-slp\/#primaryimage","url":"https:\/\/canal7slp.tv\/2022\/wp-content\/uploads\/2022\/03\/Vazquez02Incendios.jpg","contentUrl":"https:\/\/canal7slp.tv\/2022\/wp-content\/uploads\/2022\/03\/Vazquez02Incendios.jpg","width":888,"height":500},{"@type":"BreadcrumbList","@id":"https:\/\/canal7slp.tv\/2022\/en-lo-que-va-del-ano-600-hectareas-se-han-visto-afectadas-por-incendios-en-slp\/#breadcrumb","itemListElement":[{"@type":"ListItem","position":1,"name":"Portada","item":"https:\/\/canal7slp.tv\/2022\/"},{"@type":"ListItem","position":2,"name":"En lo que va del a\u00f1o, 600 hect\u00e1reas se han visto afectadas por incendios en SLP."}]},{"@type":"WebSite","@id":"https:\/\/canal7slp.tv\/2022\/#website","url":"https:\/\/canal7slp.tv\/2022\/","name":"N7 - Noticieros Canal 7","description":"Somos Televisi\u00f3n","publisher":{"@id":"https:\/\/canal7slp.tv\/2022\/#organization"},"potentialAction":[{"@type":"SearchAction","target":{"@type":"EntryPoint","urlTemplate":"https:\/\/canal7slp.tv\/2022\/?s={search_term_string}"},"query-input":{"@type":"PropertyValueSpecification","valueRequired":true,"valueName":"search_term_string"}}],"inLanguage":"es"},{"@type":"Organization","@id":"https:\/\/canal7slp.tv\/2022\/#organization","name":"Noticieros Canal 7","url":"https:\/\/canal7slp.tv\/2022\/","logo":{"@type":"ImageObject","inLanguage":"es","@id":"https:\/\/canal7slp.tv\/2022\/#\/schema\/logo\/image\/","url":"https:\/\/canal7slp.tv\/2022\/wp-content\/uploads\/2021\/01\/logo-noticieros@2x.png","contentUrl":"https:\/\/canal7slp.tv\/2022\/wp-content\/uploads\/2021\/01\/logo-noticieros@2x.png","width":1017,"height":268,"caption":"Noticieros Canal 7"},"image":{"@id":"https:\/\/canal7slp.tv\/2022\/#\/schema\/logo\/image\/"},"sameAs":["https:\/\/www.facebook.com\/noticieroscanalsiete","https:\/\/x.com\/NOTICIEROS7","https:\/\/www.instagram.com\/canal7_slp","https:\/\/www.youtube.com\/channel\/UCliiYs-gP3JfJeqdPrNdd5A"]},{"@type":"Person","@id":"https:\/\/canal7slp.tv\/2022\/#\/schema\/person\/429704152a21f5f856ce29aa69a238da","name":"Edici\u00f3n Web","image":{"@type":"ImageObject","inLanguage":"es","@id":"https:\/\/secure.gravatar.com\/avatar\/eee448fc3f7164808013b816ba91ac7e43bbe82a70bebac296f8bc6f0addaa1a?s=96&d=mm&r=g","url":"https:\/\/secure.gravatar.com\/avatar\/eee448fc3f7164808013b816ba91ac7e43bbe82a70bebac296f8bc6f0addaa1a?s=96&d=mm&r=g","contentUrl":"https:\/\/secure.gravatar.com\/avatar\/eee448fc3f7164808013b816ba91ac7e43bbe82a70bebac296f8bc6f0addaa1a?s=96&d=mm&r=g","caption":"Edici\u00f3n Web"},"url":"https:\/\/canal7slp.tv\/2022\/author\/edicionweb\/"}]}},"amp_enabled":true,"_links":{"self":[{"href":"https:\/\/canal7slp.tv\/2022\/wp-json\/wp\/v2\/posts\/55468","targetHints":{"allow":["GET"]}}],"collection":[{"href":"https:\/\/canal7slp.tv\/2022\/wp-json\/wp\/v2\/posts"}],"about":[{"href":"https:\/\/canal7slp.tv\/2022\/wp-json\/wp\/v2\/types\/post"}],"author":[{"embeddable":true,"href":"https:\/\/canal7slp.tv\/2022\/wp-json\/wp\/v2\/users\/2"}],"replies":[{"embeddable":true,"href":"https:\/\/canal7slp.tv\/2022\/wp-json\/wp\/v2\/comments?post=55468"}],"version-history":[{"count":3,"href":"https:\/\/canal7slp.tv\/2022\/wp-json\/wp\/v2\/posts\/55468\/revisions"}],"predecessor-version":[{"id":55489,"href":"https:\/\/canal7slp.tv\/2022\/wp-json\/wp\/v2\/posts\/55468\/revisions\/55489"}],"wp:featuredmedia":[{"embeddable":true,"href":"https:\/\/canal7slp.tv\/2022\/wp-json\/wp\/v2\/media\/55488"}],"wp:attachment":[{"href":"https:\/\/canal7slp.tv\/2022\/wp-json\/wp\/v2\/media?parent=55468"}],"wp:term":[{"taxonomy":"category","embeddable":true,"href":"https:\/\/canal7slp.tv\/2022\/wp-json\/wp\/v2\/categories?post=55468"},{"taxonomy":"post_tag","embeddable":true,"href":"https:\/\/canal7slp.tv\/2022\/wp-json\/wp\/v2\/tags?post=55468"}],"curies":[{"name":"wp","href":"https:\/\/api.w.org\/{rel}","templated":true}]}}