{"id":55436,"date":"2022-03-28T15:20:11","date_gmt":"2022-03-28T21:20:11","guid":{"rendered":"https:\/\/canal7slp.tv\/2022\/?p=55436"},"modified":"2022-03-28T15:20:11","modified_gmt":"2022-03-28T21:20:11","slug":"en-sesion-permanente-las-comisiones-de-energia-y-puntos-constitucionales","status":"publish","type":"post","link":"https:\/\/canal7slp.tv\/2022\/en-sesion-permanente-las-comisiones-de-energia-y-puntos-constitucionales\/","title":{"rendered":"En Sesi\u00f3n Permanente las Comisiones de Energ\u00eda y Puntos Constitucionales"},"content":{"rendered":"<p style=\"text-align: justify;\">M\u00e9xico.- Las Comisiones unidas de Energ\u00eda y Puntos Constitucionales de la C\u00e1mara de Diputados se instalaron en sesi\u00f3n permanente para aprobar la reforma el\u00e9ctrica impulsada por el presidente Andr\u00e9s Manuel L\u00f3pez Obrador.<\/p>\n<p style=\"text-align: justify;\">Asimismo, decretan instalados los trabajos para efectos de iniciar la dictaminaci\u00f3n y en su momento el an\u00e1lisis y discusi\u00f3n de la reforma el\u00e9ctrica.<\/p>\n<p style=\"text-align: justify;\">Se estima que a m\u00e1s tardar el 6 de abril se entregu\u00e9 el proyecto que dictaminen ambas comisiones.<\/p>\n<p style=\"text-align: justify;\">De acuerdo con Manuel Rodr\u00edguez Gonz\u00e1lez, presidente de la Comisi\u00f3n de Energ\u00eda, la pr\u00f3xima sesi\u00f3n ser\u00e1 el 11 de abril a las 11 horas.<\/p>\n","protected":false},"excerpt":{"rendered":"<p>M\u00e9xico.- Las Comisiones unidas de Energ\u00eda y Puntos Constitucionales de la C\u00e1mara de Diputados se instalaron en sesi\u00f3n permanente para aprobar la reforma el\u00e9ctrica impulsada por el presidente Andr\u00e9s Manuel L\u00f3pez Obrador. Asimismo, decretan instalados los trabajos para efectos de iniciar la dictaminaci\u00f3n y en su momento el an\u00e1lisis y discusi\u00f3n de la reforma el\u00e9ctrica. Se estima que a m\u00e1s tardar el 6 de abril se entregu\u00e9 el proyecto que dictaminen ambas comisiones. De acuerdo con Manuel Rodr\u00edguez Gonz\u00e1lez, presidente de la Comisi\u00f3n de Energ\u00eda, la pr\u00f3xima sesi\u00f3n ser\u00e1 el 11 de abril a las 11 horas.<\/p>\n","protected":false},"author":2,"featured_media":55446,"comment_status":"closed","ping_status":"closed","sticky":false,"template":"","format":"standard","meta":{"footnotes":""},"categories":[46],"tags":[],"class_list":["post-55436","post","type-post","status-publish","format-standard","has-post-thumbnail","hentry","category-nacional","post--single"],"yoast_head":"<!-- This site is optimized with the Yoast SEO plugin v27.4 - https:\/\/yoast.com\/product\/yoast-seo-wordpress\/ -->\n<title>En Sesi\u00f3n Permanente las Comisiones de Energ\u00eda y Puntos Constitucionales - Canal 7 SLP - 2022<\/title>\n<meta name=\"robots\" content=\"index, follow, max-snippet:-1, max-image-preview:large, max-video-preview:-1\" \/>\n<link rel=\"canonical\" href=\"https:\/\/canal7slp.tv\/2022\/en-sesion-permanente-las-comisiones-de-energia-y-puntos-constitucionales\/\" \/>\n<meta property=\"og:locale\" content=\"es_ES\" \/>\n<meta property=\"og:type\" content=\"article\" \/>\n<meta property=\"og:title\" content=\"En Sesi\u00f3n Permanente las Comisiones de Energ\u00eda y Puntos Constitucionales - Canal 7 SLP - 2022\" \/>\n<meta property=\"og:description\" content=\"M\u00e9xico.- Las Comisiones unidas de Energ\u00eda y Puntos Constitucionales de la C\u00e1mara de Diputados se instalaron en sesi\u00f3n permanente para aprobar la reforma el\u00e9ctrica impulsada por el presidente Andr\u00e9s Manuel L\u00f3pez Obrador. Asimismo, decretan instalados los trabajos para efectos de iniciar la dictaminaci\u00f3n y en su momento el an\u00e1lisis y discusi\u00f3n de la reforma el\u00e9ctrica. Se estima que a m\u00e1s tardar el 6 de abril se entregu\u00e9 el proyecto que dictaminen ambas comisiones. De acuerdo con Manuel Rodr\u00edguez Gonz\u00e1lez, presidente de la Comisi\u00f3n de Energ\u00eda, la pr\u00f3xima sesi\u00f3n ser\u00e1 el 11 de abril a las 11 horas.\" \/>\n<meta property=\"og:url\" content=\"https:\/\/canal7slp.tv\/2022\/en-sesion-permanente-las-comisiones-de-energia-y-puntos-constitucionales\/\" \/>\n<meta property=\"og:site_name\" content=\"Canal 7 SLP - 2022\" \/>\n<meta property=\"article:publisher\" content=\"https:\/\/www.facebook.com\/noticieroscanalsiete\" \/>\n<meta property=\"article:published_time\" content=\"2022-03-28T21:20:11+00:00\" \/>\n<meta property=\"og:image\" content=\"https:\/\/canal7slp.tv\/2022\/wp-content\/uploads\/2022\/03\/04-23.jpg\" \/>\n\t<meta property=\"og:image:width\" content=\"870\" \/>\n\t<meta property=\"og:image:height\" content=\"600\" \/>\n\t<meta property=\"og:image:type\" content=\"image\/jpeg\" \/>\n<meta name=\"author\" content=\"Edici\u00f3n Web\" \/>\n<meta name=\"twitter:card\" content=\"summary_large_image\" \/>\n<meta name=\"twitter:creator\" content=\"@NOTICIEROS7\" \/>\n<meta name=\"twitter:site\" content=\"@NOTICIEROS7\" \/>\n<meta name=\"twitter:label1\" content=\"Escrito por\" \/>\n\t<meta name=\"twitter:data1\" content=\"Edici\u00f3n Web\" \/>\n\t<meta name=\"twitter:label2\" content=\"Tiempo de lectura\" \/>\n\t<meta name=\"twitter:data2\" content=\"1 minuto\" \/>\n<script type=\"application\/ld+json\" class=\"yoast-schema-graph\">{\"@context\":\"https:\\\/\\\/schema.org\",\"@graph\":[{\"@type\":\"Article\",\"@id\":\"https:\\\/\\\/canal7slp.tv\\\/2022\\\/en-sesion-permanente-las-comisiones-de-energia-y-puntos-constitucionales\\\/#article\",\"isPartOf\":{\"@id\":\"https:\\\/\\\/canal7slp.tv\\\/2022\\\/en-sesion-permanente-las-comisiones-de-energia-y-puntos-constitucionales\\\/\"},\"author\":{\"name\":\"Edici\u00f3n Web\",\"@id\":\"https:\\\/\\\/canal7slp.tv\\\/2022\\\/#\\\/schema\\\/person\\\/429704152a21f5f856ce29aa69a238da\"},\"headline\":\"En Sesi\u00f3n Permanente las Comisiones de Energ\u00eda y Puntos Constitucionales\",\"datePublished\":\"2022-03-28T21:20:11+00:00\",\"mainEntityOfPage\":{\"@id\":\"https:\\\/\\\/canal7slp.tv\\\/2022\\\/en-sesion-permanente-las-comisiones-de-energia-y-puntos-constitucionales\\\/\"},\"wordCount\":125,\"publisher\":{\"@id\":\"https:\\\/\\\/canal7slp.tv\\\/2022\\\/#organization\"},\"image\":{\"@id\":\"https:\\\/\\\/canal7slp.tv\\\/2022\\\/en-sesion-permanente-las-comisiones-de-energia-y-puntos-constitucionales\\\/#primaryimage\"},\"thumbnailUrl\":\"https:\\\/\\\/canal7slp.tv\\\/2022\\\/wp-content\\\/uploads\\\/2022\\\/03\\\/04-23.jpg\",\"articleSection\":[\"NACIONALES\"],\"inLanguage\":\"es\"},{\"@type\":\"WebPage\",\"@id\":\"https:\\\/\\\/canal7slp.tv\\\/2022\\\/en-sesion-permanente-las-comisiones-de-energia-y-puntos-constitucionales\\\/\",\"url\":\"https:\\\/\\\/canal7slp.tv\\\/2022\\\/en-sesion-permanente-las-comisiones-de-energia-y-puntos-constitucionales\\\/\",\"name\":\"En Sesi\u00f3n Permanente las Comisiones de Energ\u00eda y Puntos Constitucionales - Canal 7 SLP - 2022\",\"isPartOf\":{\"@id\":\"https:\\\/\\\/canal7slp.tv\\\/2022\\\/#website\"},\"primaryImageOfPage\":{\"@id\":\"https:\\\/\\\/canal7slp.tv\\\/2022\\\/en-sesion-permanente-las-comisiones-de-energia-y-puntos-constitucionales\\\/#primaryimage\"},\"image\":{\"@id\":\"https:\\\/\\\/canal7slp.tv\\\/2022\\\/en-sesion-permanente-las-comisiones-de-energia-y-puntos-constitucionales\\\/#primaryimage\"},\"thumbnailUrl\":\"https:\\\/\\\/canal7slp.tv\\\/2022\\\/wp-content\\\/uploads\\\/2022\\\/03\\\/04-23.jpg\",\"datePublished\":\"2022-03-28T21:20:11+00:00\",\"breadcrumb\":{\"@id\":\"https:\\\/\\\/canal7slp.tv\\\/2022\\\/en-sesion-permanente-las-comisiones-de-energia-y-puntos-constitucionales\\\/#breadcrumb\"},\"inLanguage\":\"es\",\"potentialAction\":[{\"@type\":\"ReadAction\",\"target\":[\"https:\\\/\\\/canal7slp.tv\\\/2022\\\/en-sesion-permanente-las-comisiones-de-energia-y-puntos-constitucionales\\\/\"]}]},{\"@type\":\"ImageObject\",\"inLanguage\":\"es\",\"@id\":\"https:\\\/\\\/canal7slp.tv\\\/2022\\\/en-sesion-permanente-las-comisiones-de-energia-y-puntos-constitucionales\\\/#primaryimage\",\"url\":\"https:\\\/\\\/canal7slp.tv\\\/2022\\\/wp-content\\\/uploads\\\/2022\\\/03\\\/04-23.jpg\",\"contentUrl\":\"https:\\\/\\\/canal7slp.tv\\\/2022\\\/wp-content\\\/uploads\\\/2022\\\/03\\\/04-23.jpg\",\"width\":870,\"height\":600},{\"@type\":\"BreadcrumbList\",\"@id\":\"https:\\\/\\\/canal7slp.tv\\\/2022\\\/en-sesion-permanente-las-comisiones-de-energia-y-puntos-constitucionales\\\/#breadcrumb\",\"itemListElement\":[{\"@type\":\"ListItem\",\"position\":1,\"name\":\"Portada\",\"item\":\"https:\\\/\\\/canal7slp.tv\\\/2022\\\/\"},{\"@type\":\"ListItem\",\"position\":2,\"name\":\"En Sesi\u00f3n Permanente las Comisiones de Energ\u00eda y Puntos Constitucionales\"}]},{\"@type\":\"WebSite\",\"@id\":\"https:\\\/\\\/canal7slp.tv\\\/2022\\\/#website\",\"url\":\"https:\\\/\\\/canal7slp.tv\\\/2022\\\/\",\"name\":\"N7 - Noticieros Canal 7\",\"description\":\"Somos Televisi\u00f3n\",\"publisher\":{\"@id\":\"https:\\\/\\\/canal7slp.tv\\\/2022\\\/#organization\"},\"potentialAction\":[{\"@type\":\"SearchAction\",\"target\":{\"@type\":\"EntryPoint\",\"urlTemplate\":\"https:\\\/\\\/canal7slp.tv\\\/2022\\\/?s={search_term_string}\"},\"query-input\":{\"@type\":\"PropertyValueSpecification\",\"valueRequired\":true,\"valueName\":\"search_term_string\"}}],\"inLanguage\":\"es\"},{\"@type\":\"Organization\",\"@id\":\"https:\\\/\\\/canal7slp.tv\\\/2022\\\/#organization\",\"name\":\"Noticieros Canal 7\",\"url\":\"https:\\\/\\\/canal7slp.tv\\\/2022\\\/\",\"logo\":{\"@type\":\"ImageObject\",\"inLanguage\":\"es\",\"@id\":\"https:\\\/\\\/canal7slp.tv\\\/2022\\\/#\\\/schema\\\/logo\\\/image\\\/\",\"url\":\"https:\\\/\\\/canal7slp.tv\\\/2022\\\/wp-content\\\/uploads\\\/2021\\\/01\\\/logo-noticieros@2x.png\",\"contentUrl\":\"https:\\\/\\\/canal7slp.tv\\\/2022\\\/wp-content\\\/uploads\\\/2021\\\/01\\\/logo-noticieros@2x.png\",\"width\":1017,\"height\":268,\"caption\":\"Noticieros Canal 7\"},\"image\":{\"@id\":\"https:\\\/\\\/canal7slp.tv\\\/2022\\\/#\\\/schema\\\/logo\\\/image\\\/\"},\"sameAs\":[\"https:\\\/\\\/www.facebook.com\\\/noticieroscanalsiete\",\"https:\\\/\\\/x.com\\\/NOTICIEROS7\",\"https:\\\/\\\/www.instagram.com\\\/canal7_slp\",\"https:\\\/\\\/www.youtube.com\\\/channel\\\/UCliiYs-gP3JfJeqdPrNdd5A\"]},{\"@type\":\"Person\",\"@id\":\"https:\\\/\\\/canal7slp.tv\\\/2022\\\/#\\\/schema\\\/person\\\/429704152a21f5f856ce29aa69a238da\",\"name\":\"Edici\u00f3n Web\",\"image\":{\"@type\":\"ImageObject\",\"inLanguage\":\"es\",\"@id\":\"https:\\\/\\\/secure.gravatar.com\\\/avatar\\\/eee448fc3f7164808013b816ba91ac7e43bbe82a70bebac296f8bc6f0addaa1a?s=96&d=mm&r=g\",\"url\":\"https:\\\/\\\/secure.gravatar.com\\\/avatar\\\/eee448fc3f7164808013b816ba91ac7e43bbe82a70bebac296f8bc6f0addaa1a?s=96&d=mm&r=g\",\"contentUrl\":\"https:\\\/\\\/secure.gravatar.com\\\/avatar\\\/eee448fc3f7164808013b816ba91ac7e43bbe82a70bebac296f8bc6f0addaa1a?s=96&d=mm&r=g\",\"caption\":\"Edici\u00f3n Web\"},\"url\":\"https:\\\/\\\/canal7slp.tv\\\/2022\\\/author\\\/edicionweb\\\/\"}]}<\/script>\n<!-- \/ Yoast SEO plugin. -->","yoast_head_json":{"title":"En Sesi\u00f3n Permanente las Comisiones de Energ\u00eda y Puntos Constitucionales - Canal 7 SLP - 2022","robots":{"index":"index","follow":"follow","max-snippet":"max-snippet:-1","max-image-preview":"max-image-preview:large","max-video-preview":"max-video-preview:-1"},"canonical":"https:\/\/canal7slp.tv\/2022\/en-sesion-permanente-las-comisiones-de-energia-y-puntos-constitucionales\/","og_locale":"es_ES","og_type":"article","og_title":"En Sesi\u00f3n Permanente las Comisiones de Energ\u00eda y Puntos Constitucionales - Canal 7 SLP - 2022","og_description":"M\u00e9xico.- Las Comisiones unidas de Energ\u00eda y Puntos Constitucionales de la C\u00e1mara de Diputados se instalaron en sesi\u00f3n permanente para aprobar la reforma el\u00e9ctrica impulsada por el presidente Andr\u00e9s Manuel L\u00f3pez Obrador. Asimismo, decretan instalados los trabajos para efectos de iniciar la dictaminaci\u00f3n y en su momento el an\u00e1lisis y discusi\u00f3n de la reforma el\u00e9ctrica. Se estima que a m\u00e1s tardar el 6 de abril se entregu\u00e9 el proyecto que dictaminen ambas comisiones. De acuerdo con Manuel Rodr\u00edguez Gonz\u00e1lez, presidente de la Comisi\u00f3n de Energ\u00eda, la pr\u00f3xima sesi\u00f3n ser\u00e1 el 11 de abril a las 11 horas.","og_url":"https:\/\/canal7slp.tv\/2022\/en-sesion-permanente-las-comisiones-de-energia-y-puntos-constitucionales\/","og_site_name":"Canal 7 SLP - 2022","article_publisher":"https:\/\/www.facebook.com\/noticieroscanalsiete","article_published_time":"2022-03-28T21:20:11+00:00","og_image":[{"width":870,"height":600,"url":"https:\/\/canal7slp.tv\/2022\/wp-content\/uploads\/2022\/03\/04-23.jpg","type":"image\/jpeg"}],"author":"Edici\u00f3n Web","twitter_card":"summary_large_image","twitter_creator":"@NOTICIEROS7","twitter_site":"@NOTICIEROS7","twitter_misc":{"Escrito por":"Edici\u00f3n Web","Tiempo de lectura":"1 minuto"},"schema":{"@context":"https:\/\/schema.org","@graph":[{"@type":"Article","@id":"https:\/\/canal7slp.tv\/2022\/en-sesion-permanente-las-comisiones-de-energia-y-puntos-constitucionales\/#article","isPartOf":{"@id":"https:\/\/canal7slp.tv\/2022\/en-sesion-permanente-las-comisiones-de-energia-y-puntos-constitucionales\/"},"author":{"name":"Edici\u00f3n Web","@id":"https:\/\/canal7slp.tv\/2022\/#\/schema\/person\/429704152a21f5f856ce29aa69a238da"},"headline":"En Sesi\u00f3n Permanente las Comisiones de Energ\u00eda y Puntos Constitucionales","datePublished":"2022-03-28T21:20:11+00:00","mainEntityOfPage":{"@id":"https:\/\/canal7slp.tv\/2022\/en-sesion-permanente-las-comisiones-de-energia-y-puntos-constitucionales\/"},"wordCount":125,"publisher":{"@id":"https:\/\/canal7slp.tv\/2022\/#organization"},"image":{"@id":"https:\/\/canal7slp.tv\/2022\/en-sesion-permanente-las-comisiones-de-energia-y-puntos-constitucionales\/#primaryimage"},"thumbnailUrl":"https:\/\/canal7slp.tv\/2022\/wp-content\/uploads\/2022\/03\/04-23.jpg","articleSection":["NACIONALES"],"inLanguage":"es"},{"@type":"WebPage","@id":"https:\/\/canal7slp.tv\/2022\/en-sesion-permanente-las-comisiones-de-energia-y-puntos-constitucionales\/","url":"https:\/\/canal7slp.tv\/2022\/en-sesion-permanente-las-comisiones-de-energia-y-puntos-constitucionales\/","name":"En Sesi\u00f3n Permanente las Comisiones de Energ\u00eda y Puntos Constitucionales - Canal 7 SLP - 2022","isPartOf":{"@id":"https:\/\/canal7slp.tv\/2022\/#website"},"primaryImageOfPage":{"@id":"https:\/\/canal7slp.tv\/2022\/en-sesion-permanente-las-comisiones-de-energia-y-puntos-constitucionales\/#primaryimage"},"image":{"@id":"https:\/\/canal7slp.tv\/2022\/en-sesion-permanente-las-comisiones-de-energia-y-puntos-constitucionales\/#primaryimage"},"thumbnailUrl":"https:\/\/canal7slp.tv\/2022\/wp-content\/uploads\/2022\/03\/04-23.jpg","datePublished":"2022-03-28T21:20:11+00:00","breadcrumb":{"@id":"https:\/\/canal7slp.tv\/2022\/en-sesion-permanente-las-comisiones-de-energia-y-puntos-constitucionales\/#breadcrumb"},"inLanguage":"es","potentialAction":[{"@type":"ReadAction","target":["https:\/\/canal7slp.tv\/2022\/en-sesion-permanente-las-comisiones-de-energia-y-puntos-constitucionales\/"]}]},{"@type":"ImageObject","inLanguage":"es","@id":"https:\/\/canal7slp.tv\/2022\/en-sesion-permanente-las-comisiones-de-energia-y-puntos-constitucionales\/#primaryimage","url":"https:\/\/canal7slp.tv\/2022\/wp-content\/uploads\/2022\/03\/04-23.jpg","contentUrl":"https:\/\/canal7slp.tv\/2022\/wp-content\/uploads\/2022\/03\/04-23.jpg","width":870,"height":600},{"@type":"BreadcrumbList","@id":"https:\/\/canal7slp.tv\/2022\/en-sesion-permanente-las-comisiones-de-energia-y-puntos-constitucionales\/#breadcrumb","itemListElement":[{"@type":"ListItem","position":1,"name":"Portada","item":"https:\/\/canal7slp.tv\/2022\/"},{"@type":"ListItem","position":2,"name":"En Sesi\u00f3n Permanente las Comisiones de Energ\u00eda y Puntos Constitucionales"}]},{"@type":"WebSite","@id":"https:\/\/canal7slp.tv\/2022\/#website","url":"https:\/\/canal7slp.tv\/2022\/","name":"N7 - Noticieros Canal 7","description":"Somos Televisi\u00f3n","publisher":{"@id":"https:\/\/canal7slp.tv\/2022\/#organization"},"potentialAction":[{"@type":"SearchAction","target":{"@type":"EntryPoint","urlTemplate":"https:\/\/canal7slp.tv\/2022\/?s={search_term_string}"},"query-input":{"@type":"PropertyValueSpecification","valueRequired":true,"valueName":"search_term_string"}}],"inLanguage":"es"},{"@type":"Organization","@id":"https:\/\/canal7slp.tv\/2022\/#organization","name":"Noticieros Canal 7","url":"https:\/\/canal7slp.tv\/2022\/","logo":{"@type":"ImageObject","inLanguage":"es","@id":"https:\/\/canal7slp.tv\/2022\/#\/schema\/logo\/image\/","url":"https:\/\/canal7slp.tv\/2022\/wp-content\/uploads\/2021\/01\/logo-noticieros@2x.png","contentUrl":"https:\/\/canal7slp.tv\/2022\/wp-content\/uploads\/2021\/01\/logo-noticieros@2x.png","width":1017,"height":268,"caption":"Noticieros Canal 7"},"image":{"@id":"https:\/\/canal7slp.tv\/2022\/#\/schema\/logo\/image\/"},"sameAs":["https:\/\/www.facebook.com\/noticieroscanalsiete","https:\/\/x.com\/NOTICIEROS7","https:\/\/www.instagram.com\/canal7_slp","https:\/\/www.youtube.com\/channel\/UCliiYs-gP3JfJeqdPrNdd5A"]},{"@type":"Person","@id":"https:\/\/canal7slp.tv\/2022\/#\/schema\/person\/429704152a21f5f856ce29aa69a238da","name":"Edici\u00f3n Web","image":{"@type":"ImageObject","inLanguage":"es","@id":"https:\/\/secure.gravatar.com\/avatar\/eee448fc3f7164808013b816ba91ac7e43bbe82a70bebac296f8bc6f0addaa1a?s=96&d=mm&r=g","url":"https:\/\/secure.gravatar.com\/avatar\/eee448fc3f7164808013b816ba91ac7e43bbe82a70bebac296f8bc6f0addaa1a?s=96&d=mm&r=g","contentUrl":"https:\/\/secure.gravatar.com\/avatar\/eee448fc3f7164808013b816ba91ac7e43bbe82a70bebac296f8bc6f0addaa1a?s=96&d=mm&r=g","caption":"Edici\u00f3n Web"},"url":"https:\/\/canal7slp.tv\/2022\/author\/edicionweb\/"}]}},"amp_enabled":true,"_links":{"self":[{"href":"https:\/\/canal7slp.tv\/2022\/wp-json\/wp\/v2\/posts\/55436","targetHints":{"allow":["GET"]}}],"collection":[{"href":"https:\/\/canal7slp.tv\/2022\/wp-json\/wp\/v2\/posts"}],"about":[{"href":"https:\/\/canal7slp.tv\/2022\/wp-json\/wp\/v2\/types\/post"}],"author":[{"embeddable":true,"href":"https:\/\/canal7slp.tv\/2022\/wp-json\/wp\/v2\/users\/2"}],"replies":[{"embeddable":true,"href":"https:\/\/canal7slp.tv\/2022\/wp-json\/wp\/v2\/comments?post=55436"}],"version-history":[{"count":2,"href":"https:\/\/canal7slp.tv\/2022\/wp-json\/wp\/v2\/posts\/55436\/revisions"}],"predecessor-version":[{"id":55453,"href":"https:\/\/canal7slp.tv\/2022\/wp-json\/wp\/v2\/posts\/55436\/revisions\/55453"}],"wp:featuredmedia":[{"embeddable":true,"href":"https:\/\/canal7slp.tv\/2022\/wp-json\/wp\/v2\/media\/55446"}],"wp:attachment":[{"href":"https:\/\/canal7slp.tv\/2022\/wp-json\/wp\/v2\/media?parent=55436"}],"wp:term":[{"taxonomy":"category","embeddable":true,"href":"https:\/\/canal7slp.tv\/2022\/wp-json\/wp\/v2\/categories?post=55436"},{"taxonomy":"post_tag","embeddable":true,"href":"https:\/\/canal7slp.tv\/2022\/wp-json\/wp\/v2\/tags?post=55436"}],"curies":[{"name":"wp","href":"https:\/\/api.w.org\/{rel}","templated":true}]}}