{"id":55435,"date":"2022-03-28T15:20:07","date_gmt":"2022-03-28T21:20:07","guid":{"rendered":"https:\/\/canal7slp.tv\/2022\/?p=55435"},"modified":"2022-03-28T15:20:07","modified_gmt":"2022-03-28T21:20:07","slug":"pan-asegura-que-no-permitira-que-pase-la-reforma-electrica-tal-cual-esta","status":"publish","type":"post","link":"https:\/\/canal7slp.tv\/2022\/pan-asegura-que-no-permitira-que-pase-la-reforma-electrica-tal-cual-esta\/","title":{"rendered":"PAN asegura que no permitir\u00e1 que pase la reforma el\u00e9ctrica tal cual est\u00e1"},"content":{"rendered":"<p style=\"text-align: justify;\">M\u00e9xico.- Kenia L\u00f3pez Rabad\u00e1n, vicecoordinadora del Partido Acci\u00f3n Nacional (PAN) en el Senado, se\u00f1al\u00f3 que el \u201cBloque de Contenci\u00f3n\u201d no permitir\u00e1 que en la C\u00e1mara de Senadores se apruebe la \u201cReforma El\u00e9ctrica\u201d tal como la mand\u00f3 el presidente Andr\u00e9s Manuel L\u00f3pez Obrador.<\/p>\n<p style=\"text-align: justify;\">La panista destac\u00f3 que el hecho de que MORENA es incapaz de escuchar otras voces.<\/p>\n<p style=\"text-align: justify;\">L\u00f3pez Rabad\u00e1n se\u00f1al\u00f3 que el Parlamento Abierto que se celebr\u00f3 en la C\u00e1mara de Diputados s\u00f3lo fue circo.<\/p>\n<p style=\"text-align: justify;\">Asimismo, la legisladora record\u00f3 que MORENA no tiene los votos suficientes para que la reforma sea aprobada en el senado, por lo que advirti\u00f3 que el \u201cBloque de Contenci\u00f3n\u201d la va a frenar.<\/p>\n","protected":false},"excerpt":{"rendered":"<p>M\u00e9xico.- Kenia L\u00f3pez Rabad\u00e1n, vicecoordinadora del Partido Acci\u00f3n Nacional (PAN) en el Senado, se\u00f1al\u00f3 que el \u201cBloque de Contenci\u00f3n\u201d no permitir\u00e1 que en la C\u00e1mara de Senadores se apruebe la \u201cReforma El\u00e9ctrica\u201d tal como la mand\u00f3 el presidente Andr\u00e9s Manuel L\u00f3pez Obrador. La panista destac\u00f3 que el hecho de que MORENA es incapaz de escuchar otras voces. L\u00f3pez Rabad\u00e1n se\u00f1al\u00f3 que el Parlamento Abierto que se celebr\u00f3 en la C\u00e1mara de Diputados s\u00f3lo fue circo. Asimismo, la legisladora record\u00f3 que MORENA no tiene los votos suficientes para que la reforma sea aprobada en el senado, por lo que advirti\u00f3 que [&hellip;]<\/p>\n","protected":false},"author":2,"featured_media":55445,"comment_status":"closed","ping_status":"closed","sticky":false,"template":"","format":"standard","meta":{"footnotes":""},"categories":[46],"tags":[],"class_list":["post-55435","post","type-post","status-publish","format-standard","has-post-thumbnail","hentry","category-nacional","post--single"],"yoast_head":"<!-- This site is optimized with the Yoast SEO plugin v27.4 - https:\/\/yoast.com\/product\/yoast-seo-wordpress\/ -->\n<title>PAN asegura que no permitir\u00e1 que pase la reforma el\u00e9ctrica tal cual est\u00e1 - Canal 7 SLP - 2022<\/title>\n<meta name=\"robots\" content=\"index, follow, max-snippet:-1, max-image-preview:large, max-video-preview:-1\" \/>\n<link rel=\"canonical\" href=\"https:\/\/canal7slp.tv\/2022\/pan-asegura-que-no-permitira-que-pase-la-reforma-electrica-tal-cual-esta\/\" \/>\n<meta property=\"og:locale\" content=\"es_ES\" \/>\n<meta property=\"og:type\" content=\"article\" \/>\n<meta property=\"og:title\" content=\"PAN asegura que no permitir\u00e1 que pase la reforma el\u00e9ctrica tal cual est\u00e1 - Canal 7 SLP - 2022\" \/>\n<meta property=\"og:description\" content=\"M\u00e9xico.- Kenia L\u00f3pez Rabad\u00e1n, vicecoordinadora del Partido Acci\u00f3n Nacional (PAN) en el Senado, se\u00f1al\u00f3 que el \u201cBloque de Contenci\u00f3n\u201d no permitir\u00e1 que en la C\u00e1mara de Senadores se apruebe la \u201cReforma El\u00e9ctrica\u201d tal como la mand\u00f3 el presidente Andr\u00e9s Manuel L\u00f3pez Obrador. La panista destac\u00f3 que el hecho de que MORENA es incapaz de escuchar otras voces. L\u00f3pez Rabad\u00e1n se\u00f1al\u00f3 que el Parlamento Abierto que se celebr\u00f3 en la C\u00e1mara de Diputados s\u00f3lo fue circo. Asimismo, la legisladora record\u00f3 que MORENA no tiene los votos suficientes para que la reforma sea aprobada en el senado, por lo que advirti\u00f3 que [&hellip;]\" \/>\n<meta property=\"og:url\" content=\"https:\/\/canal7slp.tv\/2022\/pan-asegura-que-no-permitira-que-pase-la-reforma-electrica-tal-cual-esta\/\" \/>\n<meta property=\"og:site_name\" content=\"Canal 7 SLP - 2022\" \/>\n<meta property=\"article:publisher\" content=\"https:\/\/www.facebook.com\/noticieroscanalsiete\" \/>\n<meta property=\"article:published_time\" content=\"2022-03-28T21:20:07+00:00\" \/>\n<meta property=\"og:image\" content=\"https:\/\/canal7slp.tv\/2022\/wp-content\/uploads\/2022\/03\/03-21.jpg\" \/>\n\t<meta property=\"og:image:width\" content=\"1200\" \/>\n\t<meta property=\"og:image:height\" content=\"750\" \/>\n\t<meta property=\"og:image:type\" content=\"image\/jpeg\" \/>\n<meta name=\"author\" content=\"Edici\u00f3n Web\" \/>\n<meta name=\"twitter:card\" content=\"summary_large_image\" \/>\n<meta name=\"twitter:creator\" content=\"@NOTICIEROS7\" \/>\n<meta name=\"twitter:site\" content=\"@NOTICIEROS7\" \/>\n<meta name=\"twitter:label1\" content=\"Escrito por\" \/>\n\t<meta name=\"twitter:data1\" content=\"Edici\u00f3n Web\" \/>\n\t<meta name=\"twitter:label2\" content=\"Tiempo de lectura\" \/>\n\t<meta name=\"twitter:data2\" content=\"1 minuto\" \/>\n<script type=\"application\/ld+json\" class=\"yoast-schema-graph\">{\"@context\":\"https:\\\/\\\/schema.org\",\"@graph\":[{\"@type\":\"Article\",\"@id\":\"https:\\\/\\\/canal7slp.tv\\\/2022\\\/pan-asegura-que-no-permitira-que-pase-la-reforma-electrica-tal-cual-esta\\\/#article\",\"isPartOf\":{\"@id\":\"https:\\\/\\\/canal7slp.tv\\\/2022\\\/pan-asegura-que-no-permitira-que-pase-la-reforma-electrica-tal-cual-esta\\\/\"},\"author\":{\"name\":\"Edici\u00f3n Web\",\"@id\":\"https:\\\/\\\/canal7slp.tv\\\/2022\\\/#\\\/schema\\\/person\\\/429704152a21f5f856ce29aa69a238da\"},\"headline\":\"PAN asegura que no permitir\u00e1 que pase la reforma el\u00e9ctrica tal cual est\u00e1\",\"datePublished\":\"2022-03-28T21:20:07+00:00\",\"mainEntityOfPage\":{\"@id\":\"https:\\\/\\\/canal7slp.tv\\\/2022\\\/pan-asegura-que-no-permitira-que-pase-la-reforma-electrica-tal-cual-esta\\\/\"},\"wordCount\":139,\"publisher\":{\"@id\":\"https:\\\/\\\/canal7slp.tv\\\/2022\\\/#organization\"},\"image\":{\"@id\":\"https:\\\/\\\/canal7slp.tv\\\/2022\\\/pan-asegura-que-no-permitira-que-pase-la-reforma-electrica-tal-cual-esta\\\/#primaryimage\"},\"thumbnailUrl\":\"https:\\\/\\\/canal7slp.tv\\\/2022\\\/wp-content\\\/uploads\\\/2022\\\/03\\\/03-21.jpg\",\"articleSection\":[\"NACIONALES\"],\"inLanguage\":\"es\"},{\"@type\":\"WebPage\",\"@id\":\"https:\\\/\\\/canal7slp.tv\\\/2022\\\/pan-asegura-que-no-permitira-que-pase-la-reforma-electrica-tal-cual-esta\\\/\",\"url\":\"https:\\\/\\\/canal7slp.tv\\\/2022\\\/pan-asegura-que-no-permitira-que-pase-la-reforma-electrica-tal-cual-esta\\\/\",\"name\":\"PAN asegura que no permitir\u00e1 que pase la reforma el\u00e9ctrica tal cual est\u00e1 - Canal 7 SLP - 2022\",\"isPartOf\":{\"@id\":\"https:\\\/\\\/canal7slp.tv\\\/2022\\\/#website\"},\"primaryImageOfPage\":{\"@id\":\"https:\\\/\\\/canal7slp.tv\\\/2022\\\/pan-asegura-que-no-permitira-que-pase-la-reforma-electrica-tal-cual-esta\\\/#primaryimage\"},\"image\":{\"@id\":\"https:\\\/\\\/canal7slp.tv\\\/2022\\\/pan-asegura-que-no-permitira-que-pase-la-reforma-electrica-tal-cual-esta\\\/#primaryimage\"},\"thumbnailUrl\":\"https:\\\/\\\/canal7slp.tv\\\/2022\\\/wp-content\\\/uploads\\\/2022\\\/03\\\/03-21.jpg\",\"datePublished\":\"2022-03-28T21:20:07+00:00\",\"breadcrumb\":{\"@id\":\"https:\\\/\\\/canal7slp.tv\\\/2022\\\/pan-asegura-que-no-permitira-que-pase-la-reforma-electrica-tal-cual-esta\\\/#breadcrumb\"},\"inLanguage\":\"es\",\"potentialAction\":[{\"@type\":\"ReadAction\",\"target\":[\"https:\\\/\\\/canal7slp.tv\\\/2022\\\/pan-asegura-que-no-permitira-que-pase-la-reforma-electrica-tal-cual-esta\\\/\"]}]},{\"@type\":\"ImageObject\",\"inLanguage\":\"es\",\"@id\":\"https:\\\/\\\/canal7slp.tv\\\/2022\\\/pan-asegura-que-no-permitira-que-pase-la-reforma-electrica-tal-cual-esta\\\/#primaryimage\",\"url\":\"https:\\\/\\\/canal7slp.tv\\\/2022\\\/wp-content\\\/uploads\\\/2022\\\/03\\\/03-21.jpg\",\"contentUrl\":\"https:\\\/\\\/canal7slp.tv\\\/2022\\\/wp-content\\\/uploads\\\/2022\\\/03\\\/03-21.jpg\",\"width\":1200,\"height\":750},{\"@type\":\"BreadcrumbList\",\"@id\":\"https:\\\/\\\/canal7slp.tv\\\/2022\\\/pan-asegura-que-no-permitira-que-pase-la-reforma-electrica-tal-cual-esta\\\/#breadcrumb\",\"itemListElement\":[{\"@type\":\"ListItem\",\"position\":1,\"name\":\"Portada\",\"item\":\"https:\\\/\\\/canal7slp.tv\\\/2022\\\/\"},{\"@type\":\"ListItem\",\"position\":2,\"name\":\"PAN asegura que no permitir\u00e1 que pase la reforma el\u00e9ctrica tal cual est\u00e1\"}]},{\"@type\":\"WebSite\",\"@id\":\"https:\\\/\\\/canal7slp.tv\\\/2022\\\/#website\",\"url\":\"https:\\\/\\\/canal7slp.tv\\\/2022\\\/\",\"name\":\"N7 - Noticieros Canal 7\",\"description\":\"Somos Televisi\u00f3n\",\"publisher\":{\"@id\":\"https:\\\/\\\/canal7slp.tv\\\/2022\\\/#organization\"},\"potentialAction\":[{\"@type\":\"SearchAction\",\"target\":{\"@type\":\"EntryPoint\",\"urlTemplate\":\"https:\\\/\\\/canal7slp.tv\\\/2022\\\/?s={search_term_string}\"},\"query-input\":{\"@type\":\"PropertyValueSpecification\",\"valueRequired\":true,\"valueName\":\"search_term_string\"}}],\"inLanguage\":\"es\"},{\"@type\":\"Organization\",\"@id\":\"https:\\\/\\\/canal7slp.tv\\\/2022\\\/#organization\",\"name\":\"Noticieros Canal 7\",\"url\":\"https:\\\/\\\/canal7slp.tv\\\/2022\\\/\",\"logo\":{\"@type\":\"ImageObject\",\"inLanguage\":\"es\",\"@id\":\"https:\\\/\\\/canal7slp.tv\\\/2022\\\/#\\\/schema\\\/logo\\\/image\\\/\",\"url\":\"https:\\\/\\\/canal7slp.tv\\\/2022\\\/wp-content\\\/uploads\\\/2021\\\/01\\\/logo-noticieros@2x.png\",\"contentUrl\":\"https:\\\/\\\/canal7slp.tv\\\/2022\\\/wp-content\\\/uploads\\\/2021\\\/01\\\/logo-noticieros@2x.png\",\"width\":1017,\"height\":268,\"caption\":\"Noticieros Canal 7\"},\"image\":{\"@id\":\"https:\\\/\\\/canal7slp.tv\\\/2022\\\/#\\\/schema\\\/logo\\\/image\\\/\"},\"sameAs\":[\"https:\\\/\\\/www.facebook.com\\\/noticieroscanalsiete\",\"https:\\\/\\\/x.com\\\/NOTICIEROS7\",\"https:\\\/\\\/www.instagram.com\\\/canal7_slp\",\"https:\\\/\\\/www.youtube.com\\\/channel\\\/UCliiYs-gP3JfJeqdPrNdd5A\"]},{\"@type\":\"Person\",\"@id\":\"https:\\\/\\\/canal7slp.tv\\\/2022\\\/#\\\/schema\\\/person\\\/429704152a21f5f856ce29aa69a238da\",\"name\":\"Edici\u00f3n Web\",\"image\":{\"@type\":\"ImageObject\",\"inLanguage\":\"es\",\"@id\":\"https:\\\/\\\/secure.gravatar.com\\\/avatar\\\/eee448fc3f7164808013b816ba91ac7e43bbe82a70bebac296f8bc6f0addaa1a?s=96&d=mm&r=g\",\"url\":\"https:\\\/\\\/secure.gravatar.com\\\/avatar\\\/eee448fc3f7164808013b816ba91ac7e43bbe82a70bebac296f8bc6f0addaa1a?s=96&d=mm&r=g\",\"contentUrl\":\"https:\\\/\\\/secure.gravatar.com\\\/avatar\\\/eee448fc3f7164808013b816ba91ac7e43bbe82a70bebac296f8bc6f0addaa1a?s=96&d=mm&r=g\",\"caption\":\"Edici\u00f3n Web\"},\"url\":\"https:\\\/\\\/canal7slp.tv\\\/2022\\\/author\\\/edicionweb\\\/\"}]}<\/script>\n<!-- \/ Yoast SEO plugin. -->","yoast_head_json":{"title":"PAN asegura que no permitir\u00e1 que pase la reforma el\u00e9ctrica tal cual est\u00e1 - Canal 7 SLP - 2022","robots":{"index":"index","follow":"follow","max-snippet":"max-snippet:-1","max-image-preview":"max-image-preview:large","max-video-preview":"max-video-preview:-1"},"canonical":"https:\/\/canal7slp.tv\/2022\/pan-asegura-que-no-permitira-que-pase-la-reforma-electrica-tal-cual-esta\/","og_locale":"es_ES","og_type":"article","og_title":"PAN asegura que no permitir\u00e1 que pase la reforma el\u00e9ctrica tal cual est\u00e1 - Canal 7 SLP - 2022","og_description":"M\u00e9xico.- Kenia L\u00f3pez Rabad\u00e1n, vicecoordinadora del Partido Acci\u00f3n Nacional (PAN) en el Senado, se\u00f1al\u00f3 que el \u201cBloque de Contenci\u00f3n\u201d no permitir\u00e1 que en la C\u00e1mara de Senadores se apruebe la \u201cReforma El\u00e9ctrica\u201d tal como la mand\u00f3 el presidente Andr\u00e9s Manuel L\u00f3pez Obrador. La panista destac\u00f3 que el hecho de que MORENA es incapaz de escuchar otras voces. L\u00f3pez Rabad\u00e1n se\u00f1al\u00f3 que el Parlamento Abierto que se celebr\u00f3 en la C\u00e1mara de Diputados s\u00f3lo fue circo. Asimismo, la legisladora record\u00f3 que MORENA no tiene los votos suficientes para que la reforma sea aprobada en el senado, por lo que advirti\u00f3 que [&hellip;]","og_url":"https:\/\/canal7slp.tv\/2022\/pan-asegura-que-no-permitira-que-pase-la-reforma-electrica-tal-cual-esta\/","og_site_name":"Canal 7 SLP - 2022","article_publisher":"https:\/\/www.facebook.com\/noticieroscanalsiete","article_published_time":"2022-03-28T21:20:07+00:00","og_image":[{"width":1200,"height":750,"url":"https:\/\/canal7slp.tv\/2022\/wp-content\/uploads\/2022\/03\/03-21.jpg","type":"image\/jpeg"}],"author":"Edici\u00f3n Web","twitter_card":"summary_large_image","twitter_creator":"@NOTICIEROS7","twitter_site":"@NOTICIEROS7","twitter_misc":{"Escrito por":"Edici\u00f3n Web","Tiempo de lectura":"1 minuto"},"schema":{"@context":"https:\/\/schema.org","@graph":[{"@type":"Article","@id":"https:\/\/canal7slp.tv\/2022\/pan-asegura-que-no-permitira-que-pase-la-reforma-electrica-tal-cual-esta\/#article","isPartOf":{"@id":"https:\/\/canal7slp.tv\/2022\/pan-asegura-que-no-permitira-que-pase-la-reforma-electrica-tal-cual-esta\/"},"author":{"name":"Edici\u00f3n Web","@id":"https:\/\/canal7slp.tv\/2022\/#\/schema\/person\/429704152a21f5f856ce29aa69a238da"},"headline":"PAN asegura que no permitir\u00e1 que pase la reforma el\u00e9ctrica tal cual est\u00e1","datePublished":"2022-03-28T21:20:07+00:00","mainEntityOfPage":{"@id":"https:\/\/canal7slp.tv\/2022\/pan-asegura-que-no-permitira-que-pase-la-reforma-electrica-tal-cual-esta\/"},"wordCount":139,"publisher":{"@id":"https:\/\/canal7slp.tv\/2022\/#organization"},"image":{"@id":"https:\/\/canal7slp.tv\/2022\/pan-asegura-que-no-permitira-que-pase-la-reforma-electrica-tal-cual-esta\/#primaryimage"},"thumbnailUrl":"https:\/\/canal7slp.tv\/2022\/wp-content\/uploads\/2022\/03\/03-21.jpg","articleSection":["NACIONALES"],"inLanguage":"es"},{"@type":"WebPage","@id":"https:\/\/canal7slp.tv\/2022\/pan-asegura-que-no-permitira-que-pase-la-reforma-electrica-tal-cual-esta\/","url":"https:\/\/canal7slp.tv\/2022\/pan-asegura-que-no-permitira-que-pase-la-reforma-electrica-tal-cual-esta\/","name":"PAN asegura que no permitir\u00e1 que pase la reforma el\u00e9ctrica tal cual est\u00e1 - Canal 7 SLP - 2022","isPartOf":{"@id":"https:\/\/canal7slp.tv\/2022\/#website"},"primaryImageOfPage":{"@id":"https:\/\/canal7slp.tv\/2022\/pan-asegura-que-no-permitira-que-pase-la-reforma-electrica-tal-cual-esta\/#primaryimage"},"image":{"@id":"https:\/\/canal7slp.tv\/2022\/pan-asegura-que-no-permitira-que-pase-la-reforma-electrica-tal-cual-esta\/#primaryimage"},"thumbnailUrl":"https:\/\/canal7slp.tv\/2022\/wp-content\/uploads\/2022\/03\/03-21.jpg","datePublished":"2022-03-28T21:20:07+00:00","breadcrumb":{"@id":"https:\/\/canal7slp.tv\/2022\/pan-asegura-que-no-permitira-que-pase-la-reforma-electrica-tal-cual-esta\/#breadcrumb"},"inLanguage":"es","potentialAction":[{"@type":"ReadAction","target":["https:\/\/canal7slp.tv\/2022\/pan-asegura-que-no-permitira-que-pase-la-reforma-electrica-tal-cual-esta\/"]}]},{"@type":"ImageObject","inLanguage":"es","@id":"https:\/\/canal7slp.tv\/2022\/pan-asegura-que-no-permitira-que-pase-la-reforma-electrica-tal-cual-esta\/#primaryimage","url":"https:\/\/canal7slp.tv\/2022\/wp-content\/uploads\/2022\/03\/03-21.jpg","contentUrl":"https:\/\/canal7slp.tv\/2022\/wp-content\/uploads\/2022\/03\/03-21.jpg","width":1200,"height":750},{"@type":"BreadcrumbList","@id":"https:\/\/canal7slp.tv\/2022\/pan-asegura-que-no-permitira-que-pase-la-reforma-electrica-tal-cual-esta\/#breadcrumb","itemListElement":[{"@type":"ListItem","position":1,"name":"Portada","item":"https:\/\/canal7slp.tv\/2022\/"},{"@type":"ListItem","position":2,"name":"PAN asegura que no permitir\u00e1 que pase la reforma el\u00e9ctrica tal cual est\u00e1"}]},{"@type":"WebSite","@id":"https:\/\/canal7slp.tv\/2022\/#website","url":"https:\/\/canal7slp.tv\/2022\/","name":"N7 - Noticieros Canal 7","description":"Somos Televisi\u00f3n","publisher":{"@id":"https:\/\/canal7slp.tv\/2022\/#organization"},"potentialAction":[{"@type":"SearchAction","target":{"@type":"EntryPoint","urlTemplate":"https:\/\/canal7slp.tv\/2022\/?s={search_term_string}"},"query-input":{"@type":"PropertyValueSpecification","valueRequired":true,"valueName":"search_term_string"}}],"inLanguage":"es"},{"@type":"Organization","@id":"https:\/\/canal7slp.tv\/2022\/#organization","name":"Noticieros Canal 7","url":"https:\/\/canal7slp.tv\/2022\/","logo":{"@type":"ImageObject","inLanguage":"es","@id":"https:\/\/canal7slp.tv\/2022\/#\/schema\/logo\/image\/","url":"https:\/\/canal7slp.tv\/2022\/wp-content\/uploads\/2021\/01\/logo-noticieros@2x.png","contentUrl":"https:\/\/canal7slp.tv\/2022\/wp-content\/uploads\/2021\/01\/logo-noticieros@2x.png","width":1017,"height":268,"caption":"Noticieros Canal 7"},"image":{"@id":"https:\/\/canal7slp.tv\/2022\/#\/schema\/logo\/image\/"},"sameAs":["https:\/\/www.facebook.com\/noticieroscanalsiete","https:\/\/x.com\/NOTICIEROS7","https:\/\/www.instagram.com\/canal7_slp","https:\/\/www.youtube.com\/channel\/UCliiYs-gP3JfJeqdPrNdd5A"]},{"@type":"Person","@id":"https:\/\/canal7slp.tv\/2022\/#\/schema\/person\/429704152a21f5f856ce29aa69a238da","name":"Edici\u00f3n Web","image":{"@type":"ImageObject","inLanguage":"es","@id":"https:\/\/secure.gravatar.com\/avatar\/eee448fc3f7164808013b816ba91ac7e43bbe82a70bebac296f8bc6f0addaa1a?s=96&d=mm&r=g","url":"https:\/\/secure.gravatar.com\/avatar\/eee448fc3f7164808013b816ba91ac7e43bbe82a70bebac296f8bc6f0addaa1a?s=96&d=mm&r=g","contentUrl":"https:\/\/secure.gravatar.com\/avatar\/eee448fc3f7164808013b816ba91ac7e43bbe82a70bebac296f8bc6f0addaa1a?s=96&d=mm&r=g","caption":"Edici\u00f3n Web"},"url":"https:\/\/canal7slp.tv\/2022\/author\/edicionweb\/"}]}},"amp_enabled":true,"_links":{"self":[{"href":"https:\/\/canal7slp.tv\/2022\/wp-json\/wp\/v2\/posts\/55435","targetHints":{"allow":["GET"]}}],"collection":[{"href":"https:\/\/canal7slp.tv\/2022\/wp-json\/wp\/v2\/posts"}],"about":[{"href":"https:\/\/canal7slp.tv\/2022\/wp-json\/wp\/v2\/types\/post"}],"author":[{"embeddable":true,"href":"https:\/\/canal7slp.tv\/2022\/wp-json\/wp\/v2\/users\/2"}],"replies":[{"embeddable":true,"href":"https:\/\/canal7slp.tv\/2022\/wp-json\/wp\/v2\/comments?post=55435"}],"version-history":[{"count":2,"href":"https:\/\/canal7slp.tv\/2022\/wp-json\/wp\/v2\/posts\/55435\/revisions"}],"predecessor-version":[{"id":55452,"href":"https:\/\/canal7slp.tv\/2022\/wp-json\/wp\/v2\/posts\/55435\/revisions\/55452"}],"wp:featuredmedia":[{"embeddable":true,"href":"https:\/\/canal7slp.tv\/2022\/wp-json\/wp\/v2\/media\/55445"}],"wp:attachment":[{"href":"https:\/\/canal7slp.tv\/2022\/wp-json\/wp\/v2\/media?parent=55435"}],"wp:term":[{"taxonomy":"category","embeddable":true,"href":"https:\/\/canal7slp.tv\/2022\/wp-json\/wp\/v2\/categories?post=55435"},{"taxonomy":"post_tag","embeddable":true,"href":"https:\/\/canal7slp.tv\/2022\/wp-json\/wp\/v2\/tags?post=55435"}],"curies":[{"name":"wp","href":"https:\/\/api.w.org\/{rel}","templated":true}]}}