{"id":55429,"date":"2022-03-28T14:51:53","date_gmt":"2022-03-28T20:51:53","guid":{"rendered":"https:\/\/canal7slp.tv\/2022\/?p=55429"},"modified":"2022-03-28T14:51:53","modified_gmt":"2022-03-28T20:51:53","slug":"se-desploma-avioneta-sobre-tienda-de-autoservicio-en-morelos","status":"publish","type":"post","link":"https:\/\/canal7slp.tv\/2022\/se-desploma-avioneta-sobre-tienda-de-autoservicio-en-morelos\/","title":{"rendered":"Se desploma avioneta sobre tienda de autoservicio en Morelos"},"content":{"rendered":"<p style=\"text-align: justify;\">\n<ul style=\"text-align: justify;\">\n<li>Trasciende que hay al menos tres heridos<\/li>\n<\/ul>\n<p style=\"text-align: justify;\">Temixco.- Una avioneta -con matr\u00edcula N426EM- se desplom\u00f3 sobre un supermercado en el municipio de Temixco, Morelos.<\/p>\n<div style=\"width: 1200px;\" class=\"wp-video\"><video class=\"wp-video-shortcode\" id=\"video-55429-1\" width=\"1200\" height=\"675\" preload=\"metadata\" controls=\"controls\"><source type=\"video\/mp4\" src=\"https:\/\/canal7slp.tv\/2022\/wp-content\/uploads\/2022\/03\/avionazo.mp4?_=1\" \/><a href=\"https:\/\/canal7slp.tv\/2022\/wp-content\/uploads\/2022\/03\/avionazo.mp4\">https:\/\/canal7slp.tv\/2022\/wp-content\/uploads\/2022\/03\/avionazo.mp4<\/a><\/video><\/div>\n<p style=\"text-align: justify;\">Al momento, autoridades no han confirmado la cifra exacta de heridos por este incidente.<\/p>\n<p style=\"text-align: justify;\">Por su parte, el gobernador Cuauht\u00e9moc Blanco confirm\u00f3 el lamentable hecho.<\/p>\n<p style=\"text-align: justify;\">Asimismo, Protecci\u00f3n Civil del estado de Morelos se\u00f1al\u00f3, por medio de Redes Sociales, que personal de la dependencia acudieron a la zona a brindar auxilio.<\/p>\n<p style=\"text-align: justify;\">M\u00e1s informaci\u00f3n en unos momentos\u2026<\/p>\n","protected":false},"excerpt":{"rendered":"<p>Trasciende que hay al menos tres heridos Temixco.- Una avioneta -con matr\u00edcula N426EM- se desplom\u00f3 sobre un supermercado en el municipio de Temixco, Morelos. Al momento, autoridades no han confirmado la cifra exacta de heridos por este incidente. Por su parte, el gobernador Cuauht\u00e9moc Blanco confirm\u00f3 el lamentable hecho. Asimismo, Protecci\u00f3n Civil del estado de Morelos se\u00f1al\u00f3, por medio de Redes Sociales, que personal de la dependencia acudieron a la zona a brindar auxilio. M\u00e1s informaci\u00f3n en unos momentos\u2026<\/p>\n","protected":false},"author":2,"featured_media":55432,"comment_status":"closed","ping_status":"closed","sticky":false,"template":"","format":"standard","meta":{"footnotes":""},"categories":[46],"tags":[],"class_list":["post-55429","post","type-post","status-publish","format-standard","has-post-thumbnail","hentry","category-nacional","post--single"],"yoast_head":"<!-- This site is optimized with the Yoast SEO plugin v27.4 - https:\/\/yoast.com\/product\/yoast-seo-wordpress\/ -->\n<title>Se desploma avioneta sobre tienda de autoservicio en Morelos - Canal 7 SLP - 2022<\/title>\n<meta name=\"robots\" content=\"index, follow, max-snippet:-1, max-image-preview:large, max-video-preview:-1\" \/>\n<link rel=\"canonical\" href=\"https:\/\/canal7slp.tv\/2022\/se-desploma-avioneta-sobre-tienda-de-autoservicio-en-morelos\/\" \/>\n<meta property=\"og:locale\" content=\"es_ES\" \/>\n<meta property=\"og:type\" content=\"article\" \/>\n<meta property=\"og:title\" content=\"Se desploma avioneta sobre tienda de autoservicio en Morelos - Canal 7 SLP - 2022\" \/>\n<meta property=\"og:description\" content=\"Trasciende que hay al menos tres heridos Temixco.- Una avioneta -con matr\u00edcula N426EM- se desplom\u00f3 sobre un supermercado en el municipio de Temixco, Morelos. Al momento, autoridades no han confirmado la cifra exacta de heridos por este incidente. Por su parte, el gobernador Cuauht\u00e9moc Blanco confirm\u00f3 el lamentable hecho. Asimismo, Protecci\u00f3n Civil del estado de Morelos se\u00f1al\u00f3, por medio de Redes Sociales, que personal de la dependencia acudieron a la zona a brindar auxilio. M\u00e1s informaci\u00f3n en unos momentos\u2026\" \/>\n<meta property=\"og:url\" content=\"https:\/\/canal7slp.tv\/2022\/se-desploma-avioneta-sobre-tienda-de-autoservicio-en-morelos\/\" \/>\n<meta property=\"og:site_name\" content=\"Canal 7 SLP - 2022\" \/>\n<meta property=\"article:publisher\" content=\"https:\/\/www.facebook.com\/noticieroscanalsiete\" \/>\n<meta property=\"article:published_time\" content=\"2022-03-28T20:51:53+00:00\" \/>\n<meta property=\"og:image\" content=\"https:\/\/canal7slp.tv\/2022\/wp-content\/uploads\/2022\/03\/01-20.jpg\" \/>\n\t<meta property=\"og:image:width\" content=\"1280\" \/>\n\t<meta property=\"og:image:height\" content=\"720\" \/>\n\t<meta property=\"og:image:type\" content=\"image\/jpeg\" \/>\n<meta name=\"author\" content=\"Edici\u00f3n Web\" \/>\n<meta name=\"twitter:card\" content=\"summary_large_image\" \/>\n<meta name=\"twitter:creator\" content=\"@NOTICIEROS7\" \/>\n<meta name=\"twitter:site\" content=\"@NOTICIEROS7\" \/>\n<meta name=\"twitter:label1\" content=\"Escrito por\" \/>\n\t<meta name=\"twitter:data1\" content=\"Edici\u00f3n Web\" \/>\n\t<meta name=\"twitter:label2\" content=\"Tiempo de lectura\" \/>\n\t<meta name=\"twitter:data2\" content=\"1 minuto\" \/>\n<script type=\"application\/ld+json\" class=\"yoast-schema-graph\">{\"@context\":\"https:\\\/\\\/schema.org\",\"@graph\":[{\"@type\":\"Article\",\"@id\":\"https:\\\/\\\/canal7slp.tv\\\/2022\\\/se-desploma-avioneta-sobre-tienda-de-autoservicio-en-morelos\\\/#article\",\"isPartOf\":{\"@id\":\"https:\\\/\\\/canal7slp.tv\\\/2022\\\/se-desploma-avioneta-sobre-tienda-de-autoservicio-en-morelos\\\/\"},\"author\":{\"name\":\"Edici\u00f3n Web\",\"@id\":\"https:\\\/\\\/canal7slp.tv\\\/2022\\\/#\\\/schema\\\/person\\\/429704152a21f5f856ce29aa69a238da\"},\"headline\":\"Se desploma avioneta sobre tienda de autoservicio en Morelos\",\"datePublished\":\"2022-03-28T20:51:53+00:00\",\"mainEntityOfPage\":{\"@id\":\"https:\\\/\\\/canal7slp.tv\\\/2022\\\/se-desploma-avioneta-sobre-tienda-de-autoservicio-en-morelos\\\/\"},\"wordCount\":109,\"publisher\":{\"@id\":\"https:\\\/\\\/canal7slp.tv\\\/2022\\\/#organization\"},\"image\":{\"@id\":\"https:\\\/\\\/canal7slp.tv\\\/2022\\\/se-desploma-avioneta-sobre-tienda-de-autoservicio-en-morelos\\\/#primaryimage\"},\"thumbnailUrl\":\"https:\\\/\\\/canal7slp.tv\\\/2022\\\/wp-content\\\/uploads\\\/2022\\\/03\\\/01-20.jpg\",\"articleSection\":[\"NACIONALES\"],\"inLanguage\":\"es\"},{\"@type\":\"WebPage\",\"@id\":\"https:\\\/\\\/canal7slp.tv\\\/2022\\\/se-desploma-avioneta-sobre-tienda-de-autoservicio-en-morelos\\\/\",\"url\":\"https:\\\/\\\/canal7slp.tv\\\/2022\\\/se-desploma-avioneta-sobre-tienda-de-autoservicio-en-morelos\\\/\",\"name\":\"Se desploma avioneta sobre tienda de autoservicio en Morelos - Canal 7 SLP - 2022\",\"isPartOf\":{\"@id\":\"https:\\\/\\\/canal7slp.tv\\\/2022\\\/#website\"},\"primaryImageOfPage\":{\"@id\":\"https:\\\/\\\/canal7slp.tv\\\/2022\\\/se-desploma-avioneta-sobre-tienda-de-autoservicio-en-morelos\\\/#primaryimage\"},\"image\":{\"@id\":\"https:\\\/\\\/canal7slp.tv\\\/2022\\\/se-desploma-avioneta-sobre-tienda-de-autoservicio-en-morelos\\\/#primaryimage\"},\"thumbnailUrl\":\"https:\\\/\\\/canal7slp.tv\\\/2022\\\/wp-content\\\/uploads\\\/2022\\\/03\\\/01-20.jpg\",\"datePublished\":\"2022-03-28T20:51:53+00:00\",\"breadcrumb\":{\"@id\":\"https:\\\/\\\/canal7slp.tv\\\/2022\\\/se-desploma-avioneta-sobre-tienda-de-autoservicio-en-morelos\\\/#breadcrumb\"},\"inLanguage\":\"es\",\"potentialAction\":[{\"@type\":\"ReadAction\",\"target\":[\"https:\\\/\\\/canal7slp.tv\\\/2022\\\/se-desploma-avioneta-sobre-tienda-de-autoservicio-en-morelos\\\/\"]}]},{\"@type\":\"ImageObject\",\"inLanguage\":\"es\",\"@id\":\"https:\\\/\\\/canal7slp.tv\\\/2022\\\/se-desploma-avioneta-sobre-tienda-de-autoservicio-en-morelos\\\/#primaryimage\",\"url\":\"https:\\\/\\\/canal7slp.tv\\\/2022\\\/wp-content\\\/uploads\\\/2022\\\/03\\\/01-20.jpg\",\"contentUrl\":\"https:\\\/\\\/canal7slp.tv\\\/2022\\\/wp-content\\\/uploads\\\/2022\\\/03\\\/01-20.jpg\",\"width\":1280,\"height\":720},{\"@type\":\"BreadcrumbList\",\"@id\":\"https:\\\/\\\/canal7slp.tv\\\/2022\\\/se-desploma-avioneta-sobre-tienda-de-autoservicio-en-morelos\\\/#breadcrumb\",\"itemListElement\":[{\"@type\":\"ListItem\",\"position\":1,\"name\":\"Portada\",\"item\":\"https:\\\/\\\/canal7slp.tv\\\/2022\\\/\"},{\"@type\":\"ListItem\",\"position\":2,\"name\":\"Se desploma avioneta sobre tienda de autoservicio en Morelos\"}]},{\"@type\":\"WebSite\",\"@id\":\"https:\\\/\\\/canal7slp.tv\\\/2022\\\/#website\",\"url\":\"https:\\\/\\\/canal7slp.tv\\\/2022\\\/\",\"name\":\"N7 - Noticieros Canal 7\",\"description\":\"Somos Televisi\u00f3n\",\"publisher\":{\"@id\":\"https:\\\/\\\/canal7slp.tv\\\/2022\\\/#organization\"},\"potentialAction\":[{\"@type\":\"SearchAction\",\"target\":{\"@type\":\"EntryPoint\",\"urlTemplate\":\"https:\\\/\\\/canal7slp.tv\\\/2022\\\/?s={search_term_string}\"},\"query-input\":{\"@type\":\"PropertyValueSpecification\",\"valueRequired\":true,\"valueName\":\"search_term_string\"}}],\"inLanguage\":\"es\"},{\"@type\":\"Organization\",\"@id\":\"https:\\\/\\\/canal7slp.tv\\\/2022\\\/#organization\",\"name\":\"Noticieros Canal 7\",\"url\":\"https:\\\/\\\/canal7slp.tv\\\/2022\\\/\",\"logo\":{\"@type\":\"ImageObject\",\"inLanguage\":\"es\",\"@id\":\"https:\\\/\\\/canal7slp.tv\\\/2022\\\/#\\\/schema\\\/logo\\\/image\\\/\",\"url\":\"https:\\\/\\\/canal7slp.tv\\\/2022\\\/wp-content\\\/uploads\\\/2021\\\/01\\\/logo-noticieros@2x.png\",\"contentUrl\":\"https:\\\/\\\/canal7slp.tv\\\/2022\\\/wp-content\\\/uploads\\\/2021\\\/01\\\/logo-noticieros@2x.png\",\"width\":1017,\"height\":268,\"caption\":\"Noticieros Canal 7\"},\"image\":{\"@id\":\"https:\\\/\\\/canal7slp.tv\\\/2022\\\/#\\\/schema\\\/logo\\\/image\\\/\"},\"sameAs\":[\"https:\\\/\\\/www.facebook.com\\\/noticieroscanalsiete\",\"https:\\\/\\\/x.com\\\/NOTICIEROS7\",\"https:\\\/\\\/www.instagram.com\\\/canal7_slp\",\"https:\\\/\\\/www.youtube.com\\\/channel\\\/UCliiYs-gP3JfJeqdPrNdd5A\"]},{\"@type\":\"Person\",\"@id\":\"https:\\\/\\\/canal7slp.tv\\\/2022\\\/#\\\/schema\\\/person\\\/429704152a21f5f856ce29aa69a238da\",\"name\":\"Edici\u00f3n Web\",\"image\":{\"@type\":\"ImageObject\",\"inLanguage\":\"es\",\"@id\":\"https:\\\/\\\/secure.gravatar.com\\\/avatar\\\/eee448fc3f7164808013b816ba91ac7e43bbe82a70bebac296f8bc6f0addaa1a?s=96&d=mm&r=g\",\"url\":\"https:\\\/\\\/secure.gravatar.com\\\/avatar\\\/eee448fc3f7164808013b816ba91ac7e43bbe82a70bebac296f8bc6f0addaa1a?s=96&d=mm&r=g\",\"contentUrl\":\"https:\\\/\\\/secure.gravatar.com\\\/avatar\\\/eee448fc3f7164808013b816ba91ac7e43bbe82a70bebac296f8bc6f0addaa1a?s=96&d=mm&r=g\",\"caption\":\"Edici\u00f3n Web\"},\"url\":\"https:\\\/\\\/canal7slp.tv\\\/2022\\\/author\\\/edicionweb\\\/\"}]}<\/script>\n<!-- \/ Yoast SEO plugin. -->","yoast_head_json":{"title":"Se desploma avioneta sobre tienda de autoservicio en Morelos - Canal 7 SLP - 2022","robots":{"index":"index","follow":"follow","max-snippet":"max-snippet:-1","max-image-preview":"max-image-preview:large","max-video-preview":"max-video-preview:-1"},"canonical":"https:\/\/canal7slp.tv\/2022\/se-desploma-avioneta-sobre-tienda-de-autoservicio-en-morelos\/","og_locale":"es_ES","og_type":"article","og_title":"Se desploma avioneta sobre tienda de autoservicio en Morelos - Canal 7 SLP - 2022","og_description":"Trasciende que hay al menos tres heridos Temixco.- Una avioneta -con matr\u00edcula N426EM- se desplom\u00f3 sobre un supermercado en el municipio de Temixco, Morelos. Al momento, autoridades no han confirmado la cifra exacta de heridos por este incidente. Por su parte, el gobernador Cuauht\u00e9moc Blanco confirm\u00f3 el lamentable hecho. Asimismo, Protecci\u00f3n Civil del estado de Morelos se\u00f1al\u00f3, por medio de Redes Sociales, que personal de la dependencia acudieron a la zona a brindar auxilio. M\u00e1s informaci\u00f3n en unos momentos\u2026","og_url":"https:\/\/canal7slp.tv\/2022\/se-desploma-avioneta-sobre-tienda-de-autoservicio-en-morelos\/","og_site_name":"Canal 7 SLP - 2022","article_publisher":"https:\/\/www.facebook.com\/noticieroscanalsiete","article_published_time":"2022-03-28T20:51:53+00:00","og_image":[{"width":1280,"height":720,"url":"https:\/\/canal7slp.tv\/2022\/wp-content\/uploads\/2022\/03\/01-20.jpg","type":"image\/jpeg"}],"author":"Edici\u00f3n Web","twitter_card":"summary_large_image","twitter_creator":"@NOTICIEROS7","twitter_site":"@NOTICIEROS7","twitter_misc":{"Escrito por":"Edici\u00f3n Web","Tiempo de lectura":"1 minuto"},"schema":{"@context":"https:\/\/schema.org","@graph":[{"@type":"Article","@id":"https:\/\/canal7slp.tv\/2022\/se-desploma-avioneta-sobre-tienda-de-autoservicio-en-morelos\/#article","isPartOf":{"@id":"https:\/\/canal7slp.tv\/2022\/se-desploma-avioneta-sobre-tienda-de-autoservicio-en-morelos\/"},"author":{"name":"Edici\u00f3n Web","@id":"https:\/\/canal7slp.tv\/2022\/#\/schema\/person\/429704152a21f5f856ce29aa69a238da"},"headline":"Se desploma avioneta sobre tienda de autoservicio en Morelos","datePublished":"2022-03-28T20:51:53+00:00","mainEntityOfPage":{"@id":"https:\/\/canal7slp.tv\/2022\/se-desploma-avioneta-sobre-tienda-de-autoservicio-en-morelos\/"},"wordCount":109,"publisher":{"@id":"https:\/\/canal7slp.tv\/2022\/#organization"},"image":{"@id":"https:\/\/canal7slp.tv\/2022\/se-desploma-avioneta-sobre-tienda-de-autoservicio-en-morelos\/#primaryimage"},"thumbnailUrl":"https:\/\/canal7slp.tv\/2022\/wp-content\/uploads\/2022\/03\/01-20.jpg","articleSection":["NACIONALES"],"inLanguage":"es"},{"@type":"WebPage","@id":"https:\/\/canal7slp.tv\/2022\/se-desploma-avioneta-sobre-tienda-de-autoservicio-en-morelos\/","url":"https:\/\/canal7slp.tv\/2022\/se-desploma-avioneta-sobre-tienda-de-autoservicio-en-morelos\/","name":"Se desploma avioneta sobre tienda de autoservicio en Morelos - Canal 7 SLP - 2022","isPartOf":{"@id":"https:\/\/canal7slp.tv\/2022\/#website"},"primaryImageOfPage":{"@id":"https:\/\/canal7slp.tv\/2022\/se-desploma-avioneta-sobre-tienda-de-autoservicio-en-morelos\/#primaryimage"},"image":{"@id":"https:\/\/canal7slp.tv\/2022\/se-desploma-avioneta-sobre-tienda-de-autoservicio-en-morelos\/#primaryimage"},"thumbnailUrl":"https:\/\/canal7slp.tv\/2022\/wp-content\/uploads\/2022\/03\/01-20.jpg","datePublished":"2022-03-28T20:51:53+00:00","breadcrumb":{"@id":"https:\/\/canal7slp.tv\/2022\/se-desploma-avioneta-sobre-tienda-de-autoservicio-en-morelos\/#breadcrumb"},"inLanguage":"es","potentialAction":[{"@type":"ReadAction","target":["https:\/\/canal7slp.tv\/2022\/se-desploma-avioneta-sobre-tienda-de-autoservicio-en-morelos\/"]}]},{"@type":"ImageObject","inLanguage":"es","@id":"https:\/\/canal7slp.tv\/2022\/se-desploma-avioneta-sobre-tienda-de-autoservicio-en-morelos\/#primaryimage","url":"https:\/\/canal7slp.tv\/2022\/wp-content\/uploads\/2022\/03\/01-20.jpg","contentUrl":"https:\/\/canal7slp.tv\/2022\/wp-content\/uploads\/2022\/03\/01-20.jpg","width":1280,"height":720},{"@type":"BreadcrumbList","@id":"https:\/\/canal7slp.tv\/2022\/se-desploma-avioneta-sobre-tienda-de-autoservicio-en-morelos\/#breadcrumb","itemListElement":[{"@type":"ListItem","position":1,"name":"Portada","item":"https:\/\/canal7slp.tv\/2022\/"},{"@type":"ListItem","position":2,"name":"Se desploma avioneta sobre tienda de autoservicio en Morelos"}]},{"@type":"WebSite","@id":"https:\/\/canal7slp.tv\/2022\/#website","url":"https:\/\/canal7slp.tv\/2022\/","name":"N7 - Noticieros Canal 7","description":"Somos Televisi\u00f3n","publisher":{"@id":"https:\/\/canal7slp.tv\/2022\/#organization"},"potentialAction":[{"@type":"SearchAction","target":{"@type":"EntryPoint","urlTemplate":"https:\/\/canal7slp.tv\/2022\/?s={search_term_string}"},"query-input":{"@type":"PropertyValueSpecification","valueRequired":true,"valueName":"search_term_string"}}],"inLanguage":"es"},{"@type":"Organization","@id":"https:\/\/canal7slp.tv\/2022\/#organization","name":"Noticieros Canal 7","url":"https:\/\/canal7slp.tv\/2022\/","logo":{"@type":"ImageObject","inLanguage":"es","@id":"https:\/\/canal7slp.tv\/2022\/#\/schema\/logo\/image\/","url":"https:\/\/canal7slp.tv\/2022\/wp-content\/uploads\/2021\/01\/logo-noticieros@2x.png","contentUrl":"https:\/\/canal7slp.tv\/2022\/wp-content\/uploads\/2021\/01\/logo-noticieros@2x.png","width":1017,"height":268,"caption":"Noticieros Canal 7"},"image":{"@id":"https:\/\/canal7slp.tv\/2022\/#\/schema\/logo\/image\/"},"sameAs":["https:\/\/www.facebook.com\/noticieroscanalsiete","https:\/\/x.com\/NOTICIEROS7","https:\/\/www.instagram.com\/canal7_slp","https:\/\/www.youtube.com\/channel\/UCliiYs-gP3JfJeqdPrNdd5A"]},{"@type":"Person","@id":"https:\/\/canal7slp.tv\/2022\/#\/schema\/person\/429704152a21f5f856ce29aa69a238da","name":"Edici\u00f3n Web","image":{"@type":"ImageObject","inLanguage":"es","@id":"https:\/\/secure.gravatar.com\/avatar\/eee448fc3f7164808013b816ba91ac7e43bbe82a70bebac296f8bc6f0addaa1a?s=96&d=mm&r=g","url":"https:\/\/secure.gravatar.com\/avatar\/eee448fc3f7164808013b816ba91ac7e43bbe82a70bebac296f8bc6f0addaa1a?s=96&d=mm&r=g","contentUrl":"https:\/\/secure.gravatar.com\/avatar\/eee448fc3f7164808013b816ba91ac7e43bbe82a70bebac296f8bc6f0addaa1a?s=96&d=mm&r=g","caption":"Edici\u00f3n Web"},"url":"https:\/\/canal7slp.tv\/2022\/author\/edicionweb\/"}]}},"amp_enabled":true,"_links":{"self":[{"href":"https:\/\/canal7slp.tv\/2022\/wp-json\/wp\/v2\/posts\/55429","targetHints":{"allow":["GET"]}}],"collection":[{"href":"https:\/\/canal7slp.tv\/2022\/wp-json\/wp\/v2\/posts"}],"about":[{"href":"https:\/\/canal7slp.tv\/2022\/wp-json\/wp\/v2\/types\/post"}],"author":[{"embeddable":true,"href":"https:\/\/canal7slp.tv\/2022\/wp-json\/wp\/v2\/users\/2"}],"replies":[{"embeddable":true,"href":"https:\/\/canal7slp.tv\/2022\/wp-json\/wp\/v2\/comments?post=55429"}],"version-history":[{"count":1,"href":"https:\/\/canal7slp.tv\/2022\/wp-json\/wp\/v2\/posts\/55429\/revisions"}],"predecessor-version":[{"id":55433,"href":"https:\/\/canal7slp.tv\/2022\/wp-json\/wp\/v2\/posts\/55429\/revisions\/55433"}],"wp:featuredmedia":[{"embeddable":true,"href":"https:\/\/canal7slp.tv\/2022\/wp-json\/wp\/v2\/media\/55432"}],"wp:attachment":[{"href":"https:\/\/canal7slp.tv\/2022\/wp-json\/wp\/v2\/media?parent=55429"}],"wp:term":[{"taxonomy":"category","embeddable":true,"href":"https:\/\/canal7slp.tv\/2022\/wp-json\/wp\/v2\/categories?post=55429"},{"taxonomy":"post_tag","embeddable":true,"href":"https:\/\/canal7slp.tv\/2022\/wp-json\/wp\/v2\/tags?post=55429"}],"curies":[{"name":"wp","href":"https:\/\/api.w.org\/{rel}","templated":true}]}}