{"id":55400,"date":"2022-03-27T14:32:54","date_gmt":"2022-03-27T20:32:54","guid":{"rendered":"https:\/\/canal7slp.tv\/2022\/?p=55400"},"modified":"2022-03-27T14:32:54","modified_gmt":"2022-03-27T20:32:54","slug":"solicita-gobierno-que-aeropuerto-internacional-ponciano-arriaga-se-conecte-con-el-aifa","status":"publish","type":"post","link":"https:\/\/canal7slp.tv\/2022\/solicita-gobierno-que-aeropuerto-internacional-ponciano-arriaga-se-conecte-con-el-aifa\/","title":{"rendered":"Solicita Gobierno que Aeropuerto Internacional Ponciano Arriaga se conecte con el AIFA."},"content":{"rendered":"<p style=\"text-align: justify;\">SLP.- El gobernador del estado, Jos\u00e9 Ricardo Gallardo Cardona, asegur\u00f3 que ya se trabaja con Grupo Aeroportuario Centro Norte (OMA) para lograr que vuelos de San Luis Potos\u00ed se conecten con el Aeropuerto Internacional Felipe \u00c1ngeles<\/p>\n<p style=\"text-align: justify;\">Lament\u00f3 que actualmente el Aeropuerto Internacional Ponciano Arriaga en el estado potosino no figure entre las terminales que se enlazan con el AIFA en la Ciudad de M\u00e9xico.<\/p>\n<p style=\"text-align: justify;\">\u00abNosotros estamos pidiendo ya a las aerol\u00edneas que nos conectan con el Felipe \u00c1ngeles porque nada m\u00e1s estamos conectados con el aeropuerto anterior, necesitamos estar conectados al Felipe \u00c1ngeles, ya hicimos solicitudes a OMA y bueno, esperemos que ya nos respondan\u00bb, reiter\u00f3.<\/p>\n<p style=\"text-align: justify;\">Por otra parte, Gallardo Cardona mencion\u00f3 que adem\u00e1s de trabajar en una iniciativa para reducir los tiempos de campa\u00f1a, tambi\u00e9n se elabora una para eliminar la figura de diputado plurinominal.<\/p>\n<p style=\"text-align: justify;\">\u00abLa trae el secretario de gobierno y no nada m\u00e1s vamos a reducir a la mitad los tiempos de campa\u00f1a, sino vamos a hacer que se empiecen a acabar los plurinominales que eso es lo importante&#8230;que ya los diputados sean elegidos por el pueblo y no en base a plurinominales\u00bb, apunt\u00f3.<\/p>\n<p style=\"text-align: justify;\">Por: Jos\u00e9 Luis V\u00e1zquez<\/p>\n","protected":false},"excerpt":{"rendered":"<p>SLP.- El gobernador del estado, Jos\u00e9 Ricardo Gallardo Cardona, asegur\u00f3 que ya se trabaja con Grupo Aeroportuario Centro Norte (OMA) para lograr que vuelos de San Luis Potos\u00ed se conecten con el Aeropuerto Internacional Felipe \u00c1ngeles Lament\u00f3 que actualmente el Aeropuerto Internacional Ponciano Arriaga en el estado potosino no figure entre las terminales que se enlazan con el AIFA en la Ciudad de M\u00e9xico. \u00abNosotros estamos pidiendo ya a las aerol\u00edneas que nos conectan con el Felipe \u00c1ngeles porque nada m\u00e1s estamos conectados con el aeropuerto anterior, necesitamos estar conectados al Felipe \u00c1ngeles, ya hicimos solicitudes a OMA y bueno, [&hellip;]<\/p>\n","protected":false},"author":2,"featured_media":55401,"comment_status":"closed","ping_status":"closed","sticky":false,"template":"","format":"video","meta":{"footnotes":""},"categories":[5,510,45],"tags":[],"class_list":["post-55400","post","type-post","status-publish","format-video","has-post-thumbnail","hentry","category-destacadas","category-gobedoslp","category-localesyregionales","post_format-post-format-video","post--single"],"yoast_head":"<!-- This site is optimized with the Yoast SEO plugin v27.4 - https:\/\/yoast.com\/product\/yoast-seo-wordpress\/ -->\n<title>Solicita Gobierno que Aeropuerto Internacional Ponciano Arriaga se conecte con el AIFA. - Canal 7 SLP - 2022<\/title>\n<meta name=\"robots\" content=\"index, follow, max-snippet:-1, max-image-preview:large, max-video-preview:-1\" \/>\n<link rel=\"canonical\" href=\"https:\/\/canal7slp.tv\/2022\/solicita-gobierno-que-aeropuerto-internacional-ponciano-arriaga-se-conecte-con-el-aifa\/\" \/>\n<meta property=\"og:locale\" content=\"es_ES\" \/>\n<meta property=\"og:type\" content=\"article\" \/>\n<meta property=\"og:title\" content=\"Solicita Gobierno que Aeropuerto Internacional Ponciano Arriaga se conecte con el AIFA. - Canal 7 SLP - 2022\" \/>\n<meta property=\"og:description\" content=\"SLP.- El gobernador del estado, Jos\u00e9 Ricardo Gallardo Cardona, asegur\u00f3 que ya se trabaja con Grupo Aeroportuario Centro Norte (OMA) para lograr que vuelos de San Luis Potos\u00ed se conecten con el Aeropuerto Internacional Felipe \u00c1ngeles Lament\u00f3 que actualmente el Aeropuerto Internacional Ponciano Arriaga en el estado potosino no figure entre las terminales que se enlazan con el AIFA en la Ciudad de M\u00e9xico. \u00abNosotros estamos pidiendo ya a las aerol\u00edneas que nos conectan con el Felipe \u00c1ngeles porque nada m\u00e1s estamos conectados con el aeropuerto anterior, necesitamos estar conectados al Felipe \u00c1ngeles, ya hicimos solicitudes a OMA y bueno, [&hellip;]\" \/>\n<meta property=\"og:url\" content=\"https:\/\/canal7slp.tv\/2022\/solicita-gobierno-que-aeropuerto-internacional-ponciano-arriaga-se-conecte-con-el-aifa\/\" \/>\n<meta property=\"og:site_name\" content=\"Canal 7 SLP - 2022\" \/>\n<meta property=\"article:publisher\" content=\"https:\/\/www.facebook.com\/noticieroscanalsiete\" \/>\n<meta property=\"article:published_time\" content=\"2022-03-27T20:32:54+00:00\" \/>\n<meta property=\"og:image\" content=\"https:\/\/canal7slp.tv\/2022\/wp-content\/uploads\/2022\/03\/Vazquez92Gober.jpg\" \/>\n\t<meta property=\"og:image:width\" content=\"888\" \/>\n\t<meta property=\"og:image:height\" content=\"500\" \/>\n\t<meta property=\"og:image:type\" content=\"image\/jpeg\" \/>\n<meta name=\"author\" content=\"Edici\u00f3n Web\" \/>\n<meta name=\"twitter:card\" content=\"summary_large_image\" \/>\n<meta name=\"twitter:creator\" content=\"@NOTICIEROS7\" \/>\n<meta name=\"twitter:site\" content=\"@NOTICIEROS7\" \/>\n<meta name=\"twitter:label1\" content=\"Escrito por\" \/>\n\t<meta name=\"twitter:data1\" content=\"Edici\u00f3n Web\" \/>\n\t<meta name=\"twitter:label2\" content=\"Tiempo de lectura\" \/>\n\t<meta name=\"twitter:data2\" content=\"1 minuto\" \/>\n<script type=\"application\/ld+json\" class=\"yoast-schema-graph\">{\"@context\":\"https:\\\/\\\/schema.org\",\"@graph\":[{\"@type\":\"Article\",\"@id\":\"https:\\\/\\\/canal7slp.tv\\\/2022\\\/solicita-gobierno-que-aeropuerto-internacional-ponciano-arriaga-se-conecte-con-el-aifa\\\/#article\",\"isPartOf\":{\"@id\":\"https:\\\/\\\/canal7slp.tv\\\/2022\\\/solicita-gobierno-que-aeropuerto-internacional-ponciano-arriaga-se-conecte-con-el-aifa\\\/\"},\"author\":{\"name\":\"Edici\u00f3n Web\",\"@id\":\"https:\\\/\\\/canal7slp.tv\\\/2022\\\/#\\\/schema\\\/person\\\/429704152a21f5f856ce29aa69a238da\"},\"headline\":\"Solicita Gobierno que Aeropuerto Internacional Ponciano Arriaga se conecte con el AIFA.\",\"datePublished\":\"2022-03-27T20:32:54+00:00\",\"mainEntityOfPage\":{\"@id\":\"https:\\\/\\\/canal7slp.tv\\\/2022\\\/solicita-gobierno-que-aeropuerto-internacional-ponciano-arriaga-se-conecte-con-el-aifa\\\/\"},\"wordCount\":214,\"publisher\":{\"@id\":\"https:\\\/\\\/canal7slp.tv\\\/2022\\\/#organization\"},\"image\":{\"@id\":\"https:\\\/\\\/canal7slp.tv\\\/2022\\\/solicita-gobierno-que-aeropuerto-internacional-ponciano-arriaga-se-conecte-con-el-aifa\\\/#primaryimage\"},\"thumbnailUrl\":\"https:\\\/\\\/canal7slp.tv\\\/2022\\\/wp-content\\\/uploads\\\/2022\\\/03\\\/Vazquez92Gober.jpg\",\"articleSection\":[\"DESTACADAS\",\"GOBEDOSLP\",\"LOCALES Y REGIONALES\"],\"inLanguage\":\"es\"},{\"@type\":\"WebPage\",\"@id\":\"https:\\\/\\\/canal7slp.tv\\\/2022\\\/solicita-gobierno-que-aeropuerto-internacional-ponciano-arriaga-se-conecte-con-el-aifa\\\/\",\"url\":\"https:\\\/\\\/canal7slp.tv\\\/2022\\\/solicita-gobierno-que-aeropuerto-internacional-ponciano-arriaga-se-conecte-con-el-aifa\\\/\",\"name\":\"Solicita Gobierno que Aeropuerto Internacional Ponciano Arriaga se conecte con el AIFA. - Canal 7 SLP - 2022\",\"isPartOf\":{\"@id\":\"https:\\\/\\\/canal7slp.tv\\\/2022\\\/#website\"},\"primaryImageOfPage\":{\"@id\":\"https:\\\/\\\/canal7slp.tv\\\/2022\\\/solicita-gobierno-que-aeropuerto-internacional-ponciano-arriaga-se-conecte-con-el-aifa\\\/#primaryimage\"},\"image\":{\"@id\":\"https:\\\/\\\/canal7slp.tv\\\/2022\\\/solicita-gobierno-que-aeropuerto-internacional-ponciano-arriaga-se-conecte-con-el-aifa\\\/#primaryimage\"},\"thumbnailUrl\":\"https:\\\/\\\/canal7slp.tv\\\/2022\\\/wp-content\\\/uploads\\\/2022\\\/03\\\/Vazquez92Gober.jpg\",\"datePublished\":\"2022-03-27T20:32:54+00:00\",\"breadcrumb\":{\"@id\":\"https:\\\/\\\/canal7slp.tv\\\/2022\\\/solicita-gobierno-que-aeropuerto-internacional-ponciano-arriaga-se-conecte-con-el-aifa\\\/#breadcrumb\"},\"inLanguage\":\"es\",\"potentialAction\":[{\"@type\":\"ReadAction\",\"target\":[\"https:\\\/\\\/canal7slp.tv\\\/2022\\\/solicita-gobierno-que-aeropuerto-internacional-ponciano-arriaga-se-conecte-con-el-aifa\\\/\"]}]},{\"@type\":\"ImageObject\",\"inLanguage\":\"es\",\"@id\":\"https:\\\/\\\/canal7slp.tv\\\/2022\\\/solicita-gobierno-que-aeropuerto-internacional-ponciano-arriaga-se-conecte-con-el-aifa\\\/#primaryimage\",\"url\":\"https:\\\/\\\/canal7slp.tv\\\/2022\\\/wp-content\\\/uploads\\\/2022\\\/03\\\/Vazquez92Gober.jpg\",\"contentUrl\":\"https:\\\/\\\/canal7slp.tv\\\/2022\\\/wp-content\\\/uploads\\\/2022\\\/03\\\/Vazquez92Gober.jpg\",\"width\":888,\"height\":500},{\"@type\":\"BreadcrumbList\",\"@id\":\"https:\\\/\\\/canal7slp.tv\\\/2022\\\/solicita-gobierno-que-aeropuerto-internacional-ponciano-arriaga-se-conecte-con-el-aifa\\\/#breadcrumb\",\"itemListElement\":[{\"@type\":\"ListItem\",\"position\":1,\"name\":\"Portada\",\"item\":\"https:\\\/\\\/canal7slp.tv\\\/2022\\\/\"},{\"@type\":\"ListItem\",\"position\":2,\"name\":\"Solicita Gobierno que Aeropuerto Internacional Ponciano Arriaga se conecte con el AIFA.\"}]},{\"@type\":\"WebSite\",\"@id\":\"https:\\\/\\\/canal7slp.tv\\\/2022\\\/#website\",\"url\":\"https:\\\/\\\/canal7slp.tv\\\/2022\\\/\",\"name\":\"N7 - Noticieros Canal 7\",\"description\":\"Somos Televisi\u00f3n\",\"publisher\":{\"@id\":\"https:\\\/\\\/canal7slp.tv\\\/2022\\\/#organization\"},\"potentialAction\":[{\"@type\":\"SearchAction\",\"target\":{\"@type\":\"EntryPoint\",\"urlTemplate\":\"https:\\\/\\\/canal7slp.tv\\\/2022\\\/?s={search_term_string}\"},\"query-input\":{\"@type\":\"PropertyValueSpecification\",\"valueRequired\":true,\"valueName\":\"search_term_string\"}}],\"inLanguage\":\"es\"},{\"@type\":\"Organization\",\"@id\":\"https:\\\/\\\/canal7slp.tv\\\/2022\\\/#organization\",\"name\":\"Noticieros Canal 7\",\"url\":\"https:\\\/\\\/canal7slp.tv\\\/2022\\\/\",\"logo\":{\"@type\":\"ImageObject\",\"inLanguage\":\"es\",\"@id\":\"https:\\\/\\\/canal7slp.tv\\\/2022\\\/#\\\/schema\\\/logo\\\/image\\\/\",\"url\":\"https:\\\/\\\/canal7slp.tv\\\/2022\\\/wp-content\\\/uploads\\\/2021\\\/01\\\/logo-noticieros@2x.png\",\"contentUrl\":\"https:\\\/\\\/canal7slp.tv\\\/2022\\\/wp-content\\\/uploads\\\/2021\\\/01\\\/logo-noticieros@2x.png\",\"width\":1017,\"height\":268,\"caption\":\"Noticieros Canal 7\"},\"image\":{\"@id\":\"https:\\\/\\\/canal7slp.tv\\\/2022\\\/#\\\/schema\\\/logo\\\/image\\\/\"},\"sameAs\":[\"https:\\\/\\\/www.facebook.com\\\/noticieroscanalsiete\",\"https:\\\/\\\/x.com\\\/NOTICIEROS7\",\"https:\\\/\\\/www.instagram.com\\\/canal7_slp\",\"https:\\\/\\\/www.youtube.com\\\/channel\\\/UCliiYs-gP3JfJeqdPrNdd5A\"]},{\"@type\":\"Person\",\"@id\":\"https:\\\/\\\/canal7slp.tv\\\/2022\\\/#\\\/schema\\\/person\\\/429704152a21f5f856ce29aa69a238da\",\"name\":\"Edici\u00f3n Web\",\"image\":{\"@type\":\"ImageObject\",\"inLanguage\":\"es\",\"@id\":\"https:\\\/\\\/secure.gravatar.com\\\/avatar\\\/eee448fc3f7164808013b816ba91ac7e43bbe82a70bebac296f8bc6f0addaa1a?s=96&d=mm&r=g\",\"url\":\"https:\\\/\\\/secure.gravatar.com\\\/avatar\\\/eee448fc3f7164808013b816ba91ac7e43bbe82a70bebac296f8bc6f0addaa1a?s=96&d=mm&r=g\",\"contentUrl\":\"https:\\\/\\\/secure.gravatar.com\\\/avatar\\\/eee448fc3f7164808013b816ba91ac7e43bbe82a70bebac296f8bc6f0addaa1a?s=96&d=mm&r=g\",\"caption\":\"Edici\u00f3n Web\"},\"url\":\"https:\\\/\\\/canal7slp.tv\\\/2022\\\/author\\\/edicionweb\\\/\"}]}<\/script>\n<!-- \/ Yoast SEO plugin. -->","yoast_head_json":{"title":"Solicita Gobierno que Aeropuerto Internacional Ponciano Arriaga se conecte con el AIFA. - Canal 7 SLP - 2022","robots":{"index":"index","follow":"follow","max-snippet":"max-snippet:-1","max-image-preview":"max-image-preview:large","max-video-preview":"max-video-preview:-1"},"canonical":"https:\/\/canal7slp.tv\/2022\/solicita-gobierno-que-aeropuerto-internacional-ponciano-arriaga-se-conecte-con-el-aifa\/","og_locale":"es_ES","og_type":"article","og_title":"Solicita Gobierno que Aeropuerto Internacional Ponciano Arriaga se conecte con el AIFA. - Canal 7 SLP - 2022","og_description":"SLP.- El gobernador del estado, Jos\u00e9 Ricardo Gallardo Cardona, asegur\u00f3 que ya se trabaja con Grupo Aeroportuario Centro Norte (OMA) para lograr que vuelos de San Luis Potos\u00ed se conecten con el Aeropuerto Internacional Felipe \u00c1ngeles Lament\u00f3 que actualmente el Aeropuerto Internacional Ponciano Arriaga en el estado potosino no figure entre las terminales que se enlazan con el AIFA en la Ciudad de M\u00e9xico. \u00abNosotros estamos pidiendo ya a las aerol\u00edneas que nos conectan con el Felipe \u00c1ngeles porque nada m\u00e1s estamos conectados con el aeropuerto anterior, necesitamos estar conectados al Felipe \u00c1ngeles, ya hicimos solicitudes a OMA y bueno, [&hellip;]","og_url":"https:\/\/canal7slp.tv\/2022\/solicita-gobierno-que-aeropuerto-internacional-ponciano-arriaga-se-conecte-con-el-aifa\/","og_site_name":"Canal 7 SLP - 2022","article_publisher":"https:\/\/www.facebook.com\/noticieroscanalsiete","article_published_time":"2022-03-27T20:32:54+00:00","og_image":[{"width":888,"height":500,"url":"https:\/\/canal7slp.tv\/2022\/wp-content\/uploads\/2022\/03\/Vazquez92Gober.jpg","type":"image\/jpeg"}],"author":"Edici\u00f3n Web","twitter_card":"summary_large_image","twitter_creator":"@NOTICIEROS7","twitter_site":"@NOTICIEROS7","twitter_misc":{"Escrito por":"Edici\u00f3n Web","Tiempo de lectura":"1 minuto"},"schema":{"@context":"https:\/\/schema.org","@graph":[{"@type":"Article","@id":"https:\/\/canal7slp.tv\/2022\/solicita-gobierno-que-aeropuerto-internacional-ponciano-arriaga-se-conecte-con-el-aifa\/#article","isPartOf":{"@id":"https:\/\/canal7slp.tv\/2022\/solicita-gobierno-que-aeropuerto-internacional-ponciano-arriaga-se-conecte-con-el-aifa\/"},"author":{"name":"Edici\u00f3n Web","@id":"https:\/\/canal7slp.tv\/2022\/#\/schema\/person\/429704152a21f5f856ce29aa69a238da"},"headline":"Solicita Gobierno que Aeropuerto Internacional Ponciano Arriaga se conecte con el AIFA.","datePublished":"2022-03-27T20:32:54+00:00","mainEntityOfPage":{"@id":"https:\/\/canal7slp.tv\/2022\/solicita-gobierno-que-aeropuerto-internacional-ponciano-arriaga-se-conecte-con-el-aifa\/"},"wordCount":214,"publisher":{"@id":"https:\/\/canal7slp.tv\/2022\/#organization"},"image":{"@id":"https:\/\/canal7slp.tv\/2022\/solicita-gobierno-que-aeropuerto-internacional-ponciano-arriaga-se-conecte-con-el-aifa\/#primaryimage"},"thumbnailUrl":"https:\/\/canal7slp.tv\/2022\/wp-content\/uploads\/2022\/03\/Vazquez92Gober.jpg","articleSection":["DESTACADAS","GOBEDOSLP","LOCALES Y REGIONALES"],"inLanguage":"es"},{"@type":"WebPage","@id":"https:\/\/canal7slp.tv\/2022\/solicita-gobierno-que-aeropuerto-internacional-ponciano-arriaga-se-conecte-con-el-aifa\/","url":"https:\/\/canal7slp.tv\/2022\/solicita-gobierno-que-aeropuerto-internacional-ponciano-arriaga-se-conecte-con-el-aifa\/","name":"Solicita Gobierno que Aeropuerto Internacional Ponciano Arriaga se conecte con el AIFA. - Canal 7 SLP - 2022","isPartOf":{"@id":"https:\/\/canal7slp.tv\/2022\/#website"},"primaryImageOfPage":{"@id":"https:\/\/canal7slp.tv\/2022\/solicita-gobierno-que-aeropuerto-internacional-ponciano-arriaga-se-conecte-con-el-aifa\/#primaryimage"},"image":{"@id":"https:\/\/canal7slp.tv\/2022\/solicita-gobierno-que-aeropuerto-internacional-ponciano-arriaga-se-conecte-con-el-aifa\/#primaryimage"},"thumbnailUrl":"https:\/\/canal7slp.tv\/2022\/wp-content\/uploads\/2022\/03\/Vazquez92Gober.jpg","datePublished":"2022-03-27T20:32:54+00:00","breadcrumb":{"@id":"https:\/\/canal7slp.tv\/2022\/solicita-gobierno-que-aeropuerto-internacional-ponciano-arriaga-se-conecte-con-el-aifa\/#breadcrumb"},"inLanguage":"es","potentialAction":[{"@type":"ReadAction","target":["https:\/\/canal7slp.tv\/2022\/solicita-gobierno-que-aeropuerto-internacional-ponciano-arriaga-se-conecte-con-el-aifa\/"]}]},{"@type":"ImageObject","inLanguage":"es","@id":"https:\/\/canal7slp.tv\/2022\/solicita-gobierno-que-aeropuerto-internacional-ponciano-arriaga-se-conecte-con-el-aifa\/#primaryimage","url":"https:\/\/canal7slp.tv\/2022\/wp-content\/uploads\/2022\/03\/Vazquez92Gober.jpg","contentUrl":"https:\/\/canal7slp.tv\/2022\/wp-content\/uploads\/2022\/03\/Vazquez92Gober.jpg","width":888,"height":500},{"@type":"BreadcrumbList","@id":"https:\/\/canal7slp.tv\/2022\/solicita-gobierno-que-aeropuerto-internacional-ponciano-arriaga-se-conecte-con-el-aifa\/#breadcrumb","itemListElement":[{"@type":"ListItem","position":1,"name":"Portada","item":"https:\/\/canal7slp.tv\/2022\/"},{"@type":"ListItem","position":2,"name":"Solicita Gobierno que Aeropuerto Internacional Ponciano Arriaga se conecte con el AIFA."}]},{"@type":"WebSite","@id":"https:\/\/canal7slp.tv\/2022\/#website","url":"https:\/\/canal7slp.tv\/2022\/","name":"N7 - Noticieros Canal 7","description":"Somos Televisi\u00f3n","publisher":{"@id":"https:\/\/canal7slp.tv\/2022\/#organization"},"potentialAction":[{"@type":"SearchAction","target":{"@type":"EntryPoint","urlTemplate":"https:\/\/canal7slp.tv\/2022\/?s={search_term_string}"},"query-input":{"@type":"PropertyValueSpecification","valueRequired":true,"valueName":"search_term_string"}}],"inLanguage":"es"},{"@type":"Organization","@id":"https:\/\/canal7slp.tv\/2022\/#organization","name":"Noticieros Canal 7","url":"https:\/\/canal7slp.tv\/2022\/","logo":{"@type":"ImageObject","inLanguage":"es","@id":"https:\/\/canal7slp.tv\/2022\/#\/schema\/logo\/image\/","url":"https:\/\/canal7slp.tv\/2022\/wp-content\/uploads\/2021\/01\/logo-noticieros@2x.png","contentUrl":"https:\/\/canal7slp.tv\/2022\/wp-content\/uploads\/2021\/01\/logo-noticieros@2x.png","width":1017,"height":268,"caption":"Noticieros Canal 7"},"image":{"@id":"https:\/\/canal7slp.tv\/2022\/#\/schema\/logo\/image\/"},"sameAs":["https:\/\/www.facebook.com\/noticieroscanalsiete","https:\/\/x.com\/NOTICIEROS7","https:\/\/www.instagram.com\/canal7_slp","https:\/\/www.youtube.com\/channel\/UCliiYs-gP3JfJeqdPrNdd5A"]},{"@type":"Person","@id":"https:\/\/canal7slp.tv\/2022\/#\/schema\/person\/429704152a21f5f856ce29aa69a238da","name":"Edici\u00f3n Web","image":{"@type":"ImageObject","inLanguage":"es","@id":"https:\/\/secure.gravatar.com\/avatar\/eee448fc3f7164808013b816ba91ac7e43bbe82a70bebac296f8bc6f0addaa1a?s=96&d=mm&r=g","url":"https:\/\/secure.gravatar.com\/avatar\/eee448fc3f7164808013b816ba91ac7e43bbe82a70bebac296f8bc6f0addaa1a?s=96&d=mm&r=g","contentUrl":"https:\/\/secure.gravatar.com\/avatar\/eee448fc3f7164808013b816ba91ac7e43bbe82a70bebac296f8bc6f0addaa1a?s=96&d=mm&r=g","caption":"Edici\u00f3n Web"},"url":"https:\/\/canal7slp.tv\/2022\/author\/edicionweb\/"}]}},"amp_enabled":true,"_links":{"self":[{"href":"https:\/\/canal7slp.tv\/2022\/wp-json\/wp\/v2\/posts\/55400","targetHints":{"allow":["GET"]}}],"collection":[{"href":"https:\/\/canal7slp.tv\/2022\/wp-json\/wp\/v2\/posts"}],"about":[{"href":"https:\/\/canal7slp.tv\/2022\/wp-json\/wp\/v2\/types\/post"}],"author":[{"embeddable":true,"href":"https:\/\/canal7slp.tv\/2022\/wp-json\/wp\/v2\/users\/2"}],"replies":[{"embeddable":true,"href":"https:\/\/canal7slp.tv\/2022\/wp-json\/wp\/v2\/comments?post=55400"}],"version-history":[{"count":1,"href":"https:\/\/canal7slp.tv\/2022\/wp-json\/wp\/v2\/posts\/55400\/revisions"}],"predecessor-version":[{"id":55403,"href":"https:\/\/canal7slp.tv\/2022\/wp-json\/wp\/v2\/posts\/55400\/revisions\/55403"}],"wp:featuredmedia":[{"embeddable":true,"href":"https:\/\/canal7slp.tv\/2022\/wp-json\/wp\/v2\/media\/55401"}],"wp:attachment":[{"href":"https:\/\/canal7slp.tv\/2022\/wp-json\/wp\/v2\/media?parent=55400"}],"wp:term":[{"taxonomy":"category","embeddable":true,"href":"https:\/\/canal7slp.tv\/2022\/wp-json\/wp\/v2\/categories?post=55400"},{"taxonomy":"post_tag","embeddable":true,"href":"https:\/\/canal7slp.tv\/2022\/wp-json\/wp\/v2\/tags?post=55400"}],"curies":[{"name":"wp","href":"https:\/\/api.w.org\/{rel}","templated":true}]}}