{"id":55394,"date":"2022-03-27T13:28:06","date_gmt":"2022-03-27T19:28:06","guid":{"rendered":"https:\/\/canal7slp.tv\/2022\/?p=55394"},"modified":"2022-03-27T13:28:06","modified_gmt":"2022-03-27T19:28:06","slug":"hace-oficial-jesus-carlos-cabrero-romero-nombramiento-de-jorge-alberto-cavazos-arizpe-como-arzobispo-de-slp","status":"publish","type":"post","link":"https:\/\/canal7slp.tv\/2022\/hace-oficial-jesus-carlos-cabrero-romero-nombramiento-de-jorge-alberto-cavazos-arizpe-como-arzobispo-de-slp\/","title":{"rendered":"Hace oficial Jes\u00fas Carlos Cabrero Romero nombramiento de Jorge Alberto Cavazos Arizpe como Arzobispo de SLP"},"content":{"rendered":"<p style=\"text-align: justify;\">SLP.-\u00a0Por medio de una carta dirigida a los sacerdotes de la entidad, el ahora Arzobispo Em\u00e9rito, Jes\u00fas Carlos Cabrero Romero confirm\u00f3 la decisi\u00f3n del Papa Francisco de que Jorge Alberto Cavazos Arizpe sea el Arzobispo de San Luis Potos\u00ed.<\/p>\n<p style=\"text-align: justify;\">\nExpres\u00f3 gratitud hacia Dios y comparti\u00f3 datos sobre la trayectoria de Cavazos Arizpe, quien hasta ahora fungiera como Obispo de San Juan de los Lagos.<\/p>\n<p style=\"text-align: justify;\">\nEntre lo se\u00f1alado, refiri\u00f3 que recibi\u00f3 la formaci\u00f3n sacerdotal en el Seminario Arquidiocesano de Monterrey y curs\u00f3 la Licenciatura en Teolog\u00eda Moral en la Universidad Pontificia de M\u00e9xico.<\/p>\n","protected":false},"excerpt":{"rendered":"<p>SLP.-\u00a0Por medio de una carta dirigida a los sacerdotes de la entidad, el ahora Arzobispo Em\u00e9rito, Jes\u00fas Carlos Cabrero Romero confirm\u00f3 la decisi\u00f3n del Papa Francisco de que Jorge Alberto Cavazos Arizpe sea el Arzobispo de San Luis Potos\u00ed. Expres\u00f3 gratitud hacia Dios y comparti\u00f3 datos sobre la trayectoria de Cavazos Arizpe, quien hasta ahora fungiera como Obispo de San Juan de los Lagos. Entre lo se\u00f1alado, refiri\u00f3 que recibi\u00f3 la formaci\u00f3n sacerdotal en el Seminario Arquidiocesano de Monterrey y curs\u00f3 la Licenciatura en Teolog\u00eda Moral en la Universidad Pontificia de M\u00e9xico.<\/p>\n","protected":false},"author":2,"featured_media":55395,"comment_status":"closed","ping_status":"closed","sticky":false,"template":"","format":"standard","meta":{"footnotes":""},"categories":[45],"tags":[],"class_list":["post-55394","post","type-post","status-publish","format-standard","has-post-thumbnail","hentry","category-localesyregionales","post--single"],"yoast_head":"<!-- This site is optimized with the Yoast SEO plugin v27.4 - https:\/\/yoast.com\/product\/yoast-seo-wordpress\/ -->\n<title>Hace oficial Jes\u00fas Carlos Cabrero Romero nombramiento de Jorge Alberto Cavazos Arizpe como Arzobispo de SLP - Canal 7 SLP - 2022<\/title>\n<meta name=\"robots\" content=\"index, follow, max-snippet:-1, max-image-preview:large, max-video-preview:-1\" \/>\n<link rel=\"canonical\" href=\"https:\/\/canal7slp.tv\/2022\/hace-oficial-jesus-carlos-cabrero-romero-nombramiento-de-jorge-alberto-cavazos-arizpe-como-arzobispo-de-slp\/\" \/>\n<meta property=\"og:locale\" content=\"es_ES\" \/>\n<meta property=\"og:type\" content=\"article\" \/>\n<meta property=\"og:title\" content=\"Hace oficial Jes\u00fas Carlos Cabrero Romero nombramiento de Jorge Alberto Cavazos Arizpe como Arzobispo de SLP - Canal 7 SLP - 2022\" \/>\n<meta property=\"og:description\" content=\"SLP.-\u00a0Por medio de una carta dirigida a los sacerdotes de la entidad, el ahora Arzobispo Em\u00e9rito, Jes\u00fas Carlos Cabrero Romero confirm\u00f3 la decisi\u00f3n del Papa Francisco de que Jorge Alberto Cavazos Arizpe sea el Arzobispo de San Luis Potos\u00ed. Expres\u00f3 gratitud hacia Dios y comparti\u00f3 datos sobre la trayectoria de Cavazos Arizpe, quien hasta ahora fungiera como Obispo de San Juan de los Lagos. Entre lo se\u00f1alado, refiri\u00f3 que recibi\u00f3 la formaci\u00f3n sacerdotal en el Seminario Arquidiocesano de Monterrey y curs\u00f3 la Licenciatura en Teolog\u00eda Moral en la Universidad Pontificia de M\u00e9xico.\" \/>\n<meta property=\"og:url\" content=\"https:\/\/canal7slp.tv\/2022\/hace-oficial-jesus-carlos-cabrero-romero-nombramiento-de-jorge-alberto-cavazos-arizpe-como-arzobispo-de-slp\/\" \/>\n<meta property=\"og:site_name\" content=\"Canal 7 SLP - 2022\" \/>\n<meta property=\"article:publisher\" content=\"https:\/\/www.facebook.com\/noticieroscanalsiete\" \/>\n<meta property=\"article:published_time\" content=\"2022-03-27T19:28:06+00:00\" \/>\n<meta property=\"og:image\" content=\"https:\/\/canal7slp.tv\/2022\/wp-content\/uploads\/2022\/03\/rzobispoB.png\" \/>\n\t<meta property=\"og:image:width\" content=\"900\" \/>\n\t<meta property=\"og:image:height\" content=\"527\" \/>\n\t<meta property=\"og:image:type\" content=\"image\/png\" \/>\n<meta name=\"author\" content=\"Edici\u00f3n Web\" \/>\n<meta name=\"twitter:card\" content=\"summary_large_image\" \/>\n<meta name=\"twitter:creator\" content=\"@NOTICIEROS7\" \/>\n<meta name=\"twitter:site\" content=\"@NOTICIEROS7\" \/>\n<meta name=\"twitter:label1\" content=\"Escrito por\" \/>\n\t<meta name=\"twitter:data1\" content=\"Edici\u00f3n Web\" \/>\n\t<meta name=\"twitter:label2\" content=\"Tiempo de lectura\" \/>\n\t<meta name=\"twitter:data2\" content=\"1 minuto\" \/>\n<script type=\"application\/ld+json\" class=\"yoast-schema-graph\">{\"@context\":\"https:\\\/\\\/schema.org\",\"@graph\":[{\"@type\":\"Article\",\"@id\":\"https:\\\/\\\/canal7slp.tv\\\/2022\\\/hace-oficial-jesus-carlos-cabrero-romero-nombramiento-de-jorge-alberto-cavazos-arizpe-como-arzobispo-de-slp\\\/#article\",\"isPartOf\":{\"@id\":\"https:\\\/\\\/canal7slp.tv\\\/2022\\\/hace-oficial-jesus-carlos-cabrero-romero-nombramiento-de-jorge-alberto-cavazos-arizpe-como-arzobispo-de-slp\\\/\"},\"author\":{\"name\":\"Edici\u00f3n Web\",\"@id\":\"https:\\\/\\\/canal7slp.tv\\\/2022\\\/#\\\/schema\\\/person\\\/429704152a21f5f856ce29aa69a238da\"},\"headline\":\"Hace oficial Jes\u00fas Carlos Cabrero Romero nombramiento de Jorge Alberto Cavazos Arizpe como Arzobispo de SLP\",\"datePublished\":\"2022-03-27T19:28:06+00:00\",\"mainEntityOfPage\":{\"@id\":\"https:\\\/\\\/canal7slp.tv\\\/2022\\\/hace-oficial-jesus-carlos-cabrero-romero-nombramiento-de-jorge-alberto-cavazos-arizpe-como-arzobispo-de-slp\\\/\"},\"wordCount\":118,\"publisher\":{\"@id\":\"https:\\\/\\\/canal7slp.tv\\\/2022\\\/#organization\"},\"image\":{\"@id\":\"https:\\\/\\\/canal7slp.tv\\\/2022\\\/hace-oficial-jesus-carlos-cabrero-romero-nombramiento-de-jorge-alberto-cavazos-arizpe-como-arzobispo-de-slp\\\/#primaryimage\"},\"thumbnailUrl\":\"https:\\\/\\\/canal7slp.tv\\\/2022\\\/wp-content\\\/uploads\\\/2022\\\/03\\\/rzobispoB.png\",\"articleSection\":[\"LOCALES Y REGIONALES\"],\"inLanguage\":\"es\"},{\"@type\":\"WebPage\",\"@id\":\"https:\\\/\\\/canal7slp.tv\\\/2022\\\/hace-oficial-jesus-carlos-cabrero-romero-nombramiento-de-jorge-alberto-cavazos-arizpe-como-arzobispo-de-slp\\\/\",\"url\":\"https:\\\/\\\/canal7slp.tv\\\/2022\\\/hace-oficial-jesus-carlos-cabrero-romero-nombramiento-de-jorge-alberto-cavazos-arizpe-como-arzobispo-de-slp\\\/\",\"name\":\"Hace oficial Jes\u00fas Carlos Cabrero Romero nombramiento de Jorge Alberto Cavazos Arizpe como Arzobispo de SLP - Canal 7 SLP - 2022\",\"isPartOf\":{\"@id\":\"https:\\\/\\\/canal7slp.tv\\\/2022\\\/#website\"},\"primaryImageOfPage\":{\"@id\":\"https:\\\/\\\/canal7slp.tv\\\/2022\\\/hace-oficial-jesus-carlos-cabrero-romero-nombramiento-de-jorge-alberto-cavazos-arizpe-como-arzobispo-de-slp\\\/#primaryimage\"},\"image\":{\"@id\":\"https:\\\/\\\/canal7slp.tv\\\/2022\\\/hace-oficial-jesus-carlos-cabrero-romero-nombramiento-de-jorge-alberto-cavazos-arizpe-como-arzobispo-de-slp\\\/#primaryimage\"},\"thumbnailUrl\":\"https:\\\/\\\/canal7slp.tv\\\/2022\\\/wp-content\\\/uploads\\\/2022\\\/03\\\/rzobispoB.png\",\"datePublished\":\"2022-03-27T19:28:06+00:00\",\"breadcrumb\":{\"@id\":\"https:\\\/\\\/canal7slp.tv\\\/2022\\\/hace-oficial-jesus-carlos-cabrero-romero-nombramiento-de-jorge-alberto-cavazos-arizpe-como-arzobispo-de-slp\\\/#breadcrumb\"},\"inLanguage\":\"es\",\"potentialAction\":[{\"@type\":\"ReadAction\",\"target\":[\"https:\\\/\\\/canal7slp.tv\\\/2022\\\/hace-oficial-jesus-carlos-cabrero-romero-nombramiento-de-jorge-alberto-cavazos-arizpe-como-arzobispo-de-slp\\\/\"]}]},{\"@type\":\"ImageObject\",\"inLanguage\":\"es\",\"@id\":\"https:\\\/\\\/canal7slp.tv\\\/2022\\\/hace-oficial-jesus-carlos-cabrero-romero-nombramiento-de-jorge-alberto-cavazos-arizpe-como-arzobispo-de-slp\\\/#primaryimage\",\"url\":\"https:\\\/\\\/canal7slp.tv\\\/2022\\\/wp-content\\\/uploads\\\/2022\\\/03\\\/rzobispoB.png\",\"contentUrl\":\"https:\\\/\\\/canal7slp.tv\\\/2022\\\/wp-content\\\/uploads\\\/2022\\\/03\\\/rzobispoB.png\",\"width\":900,\"height\":527},{\"@type\":\"BreadcrumbList\",\"@id\":\"https:\\\/\\\/canal7slp.tv\\\/2022\\\/hace-oficial-jesus-carlos-cabrero-romero-nombramiento-de-jorge-alberto-cavazos-arizpe-como-arzobispo-de-slp\\\/#breadcrumb\",\"itemListElement\":[{\"@type\":\"ListItem\",\"position\":1,\"name\":\"Portada\",\"item\":\"https:\\\/\\\/canal7slp.tv\\\/2022\\\/\"},{\"@type\":\"ListItem\",\"position\":2,\"name\":\"Hace oficial Jes\u00fas Carlos Cabrero Romero nombramiento de Jorge Alberto Cavazos Arizpe como Arzobispo de SLP\"}]},{\"@type\":\"WebSite\",\"@id\":\"https:\\\/\\\/canal7slp.tv\\\/2022\\\/#website\",\"url\":\"https:\\\/\\\/canal7slp.tv\\\/2022\\\/\",\"name\":\"N7 - Noticieros Canal 7\",\"description\":\"Somos Televisi\u00f3n\",\"publisher\":{\"@id\":\"https:\\\/\\\/canal7slp.tv\\\/2022\\\/#organization\"},\"potentialAction\":[{\"@type\":\"SearchAction\",\"target\":{\"@type\":\"EntryPoint\",\"urlTemplate\":\"https:\\\/\\\/canal7slp.tv\\\/2022\\\/?s={search_term_string}\"},\"query-input\":{\"@type\":\"PropertyValueSpecification\",\"valueRequired\":true,\"valueName\":\"search_term_string\"}}],\"inLanguage\":\"es\"},{\"@type\":\"Organization\",\"@id\":\"https:\\\/\\\/canal7slp.tv\\\/2022\\\/#organization\",\"name\":\"Noticieros Canal 7\",\"url\":\"https:\\\/\\\/canal7slp.tv\\\/2022\\\/\",\"logo\":{\"@type\":\"ImageObject\",\"inLanguage\":\"es\",\"@id\":\"https:\\\/\\\/canal7slp.tv\\\/2022\\\/#\\\/schema\\\/logo\\\/image\\\/\",\"url\":\"https:\\\/\\\/canal7slp.tv\\\/2022\\\/wp-content\\\/uploads\\\/2021\\\/01\\\/logo-noticieros@2x.png\",\"contentUrl\":\"https:\\\/\\\/canal7slp.tv\\\/2022\\\/wp-content\\\/uploads\\\/2021\\\/01\\\/logo-noticieros@2x.png\",\"width\":1017,\"height\":268,\"caption\":\"Noticieros Canal 7\"},\"image\":{\"@id\":\"https:\\\/\\\/canal7slp.tv\\\/2022\\\/#\\\/schema\\\/logo\\\/image\\\/\"},\"sameAs\":[\"https:\\\/\\\/www.facebook.com\\\/noticieroscanalsiete\",\"https:\\\/\\\/x.com\\\/NOTICIEROS7\",\"https:\\\/\\\/www.instagram.com\\\/canal7_slp\",\"https:\\\/\\\/www.youtube.com\\\/channel\\\/UCliiYs-gP3JfJeqdPrNdd5A\"]},{\"@type\":\"Person\",\"@id\":\"https:\\\/\\\/canal7slp.tv\\\/2022\\\/#\\\/schema\\\/person\\\/429704152a21f5f856ce29aa69a238da\",\"name\":\"Edici\u00f3n Web\",\"image\":{\"@type\":\"ImageObject\",\"inLanguage\":\"es\",\"@id\":\"https:\\\/\\\/secure.gravatar.com\\\/avatar\\\/eee448fc3f7164808013b816ba91ac7e43bbe82a70bebac296f8bc6f0addaa1a?s=96&d=mm&r=g\",\"url\":\"https:\\\/\\\/secure.gravatar.com\\\/avatar\\\/eee448fc3f7164808013b816ba91ac7e43bbe82a70bebac296f8bc6f0addaa1a?s=96&d=mm&r=g\",\"contentUrl\":\"https:\\\/\\\/secure.gravatar.com\\\/avatar\\\/eee448fc3f7164808013b816ba91ac7e43bbe82a70bebac296f8bc6f0addaa1a?s=96&d=mm&r=g\",\"caption\":\"Edici\u00f3n Web\"},\"url\":\"https:\\\/\\\/canal7slp.tv\\\/2022\\\/author\\\/edicionweb\\\/\"}]}<\/script>\n<!-- \/ Yoast SEO plugin. -->","yoast_head_json":{"title":"Hace oficial Jes\u00fas Carlos Cabrero Romero nombramiento de Jorge Alberto Cavazos Arizpe como Arzobispo de SLP - Canal 7 SLP - 2022","robots":{"index":"index","follow":"follow","max-snippet":"max-snippet:-1","max-image-preview":"max-image-preview:large","max-video-preview":"max-video-preview:-1"},"canonical":"https:\/\/canal7slp.tv\/2022\/hace-oficial-jesus-carlos-cabrero-romero-nombramiento-de-jorge-alberto-cavazos-arizpe-como-arzobispo-de-slp\/","og_locale":"es_ES","og_type":"article","og_title":"Hace oficial Jes\u00fas Carlos Cabrero Romero nombramiento de Jorge Alberto Cavazos Arizpe como Arzobispo de SLP - Canal 7 SLP - 2022","og_description":"SLP.-\u00a0Por medio de una carta dirigida a los sacerdotes de la entidad, el ahora Arzobispo Em\u00e9rito, Jes\u00fas Carlos Cabrero Romero confirm\u00f3 la decisi\u00f3n del Papa Francisco de que Jorge Alberto Cavazos Arizpe sea el Arzobispo de San Luis Potos\u00ed. Expres\u00f3 gratitud hacia Dios y comparti\u00f3 datos sobre la trayectoria de Cavazos Arizpe, quien hasta ahora fungiera como Obispo de San Juan de los Lagos. Entre lo se\u00f1alado, refiri\u00f3 que recibi\u00f3 la formaci\u00f3n sacerdotal en el Seminario Arquidiocesano de Monterrey y curs\u00f3 la Licenciatura en Teolog\u00eda Moral en la Universidad Pontificia de M\u00e9xico.","og_url":"https:\/\/canal7slp.tv\/2022\/hace-oficial-jesus-carlos-cabrero-romero-nombramiento-de-jorge-alberto-cavazos-arizpe-como-arzobispo-de-slp\/","og_site_name":"Canal 7 SLP - 2022","article_publisher":"https:\/\/www.facebook.com\/noticieroscanalsiete","article_published_time":"2022-03-27T19:28:06+00:00","og_image":[{"width":900,"height":527,"url":"https:\/\/canal7slp.tv\/2022\/wp-content\/uploads\/2022\/03\/rzobispoB.png","type":"image\/png"}],"author":"Edici\u00f3n Web","twitter_card":"summary_large_image","twitter_creator":"@NOTICIEROS7","twitter_site":"@NOTICIEROS7","twitter_misc":{"Escrito por":"Edici\u00f3n Web","Tiempo de lectura":"1 minuto"},"schema":{"@context":"https:\/\/schema.org","@graph":[{"@type":"Article","@id":"https:\/\/canal7slp.tv\/2022\/hace-oficial-jesus-carlos-cabrero-romero-nombramiento-de-jorge-alberto-cavazos-arizpe-como-arzobispo-de-slp\/#article","isPartOf":{"@id":"https:\/\/canal7slp.tv\/2022\/hace-oficial-jesus-carlos-cabrero-romero-nombramiento-de-jorge-alberto-cavazos-arizpe-como-arzobispo-de-slp\/"},"author":{"name":"Edici\u00f3n Web","@id":"https:\/\/canal7slp.tv\/2022\/#\/schema\/person\/429704152a21f5f856ce29aa69a238da"},"headline":"Hace oficial Jes\u00fas Carlos Cabrero Romero nombramiento de Jorge Alberto Cavazos Arizpe como Arzobispo de SLP","datePublished":"2022-03-27T19:28:06+00:00","mainEntityOfPage":{"@id":"https:\/\/canal7slp.tv\/2022\/hace-oficial-jesus-carlos-cabrero-romero-nombramiento-de-jorge-alberto-cavazos-arizpe-como-arzobispo-de-slp\/"},"wordCount":118,"publisher":{"@id":"https:\/\/canal7slp.tv\/2022\/#organization"},"image":{"@id":"https:\/\/canal7slp.tv\/2022\/hace-oficial-jesus-carlos-cabrero-romero-nombramiento-de-jorge-alberto-cavazos-arizpe-como-arzobispo-de-slp\/#primaryimage"},"thumbnailUrl":"https:\/\/canal7slp.tv\/2022\/wp-content\/uploads\/2022\/03\/rzobispoB.png","articleSection":["LOCALES Y REGIONALES"],"inLanguage":"es"},{"@type":"WebPage","@id":"https:\/\/canal7slp.tv\/2022\/hace-oficial-jesus-carlos-cabrero-romero-nombramiento-de-jorge-alberto-cavazos-arizpe-como-arzobispo-de-slp\/","url":"https:\/\/canal7slp.tv\/2022\/hace-oficial-jesus-carlos-cabrero-romero-nombramiento-de-jorge-alberto-cavazos-arizpe-como-arzobispo-de-slp\/","name":"Hace oficial Jes\u00fas Carlos Cabrero Romero nombramiento de Jorge Alberto Cavazos Arizpe como Arzobispo de SLP - Canal 7 SLP - 2022","isPartOf":{"@id":"https:\/\/canal7slp.tv\/2022\/#website"},"primaryImageOfPage":{"@id":"https:\/\/canal7slp.tv\/2022\/hace-oficial-jesus-carlos-cabrero-romero-nombramiento-de-jorge-alberto-cavazos-arizpe-como-arzobispo-de-slp\/#primaryimage"},"image":{"@id":"https:\/\/canal7slp.tv\/2022\/hace-oficial-jesus-carlos-cabrero-romero-nombramiento-de-jorge-alberto-cavazos-arizpe-como-arzobispo-de-slp\/#primaryimage"},"thumbnailUrl":"https:\/\/canal7slp.tv\/2022\/wp-content\/uploads\/2022\/03\/rzobispoB.png","datePublished":"2022-03-27T19:28:06+00:00","breadcrumb":{"@id":"https:\/\/canal7slp.tv\/2022\/hace-oficial-jesus-carlos-cabrero-romero-nombramiento-de-jorge-alberto-cavazos-arizpe-como-arzobispo-de-slp\/#breadcrumb"},"inLanguage":"es","potentialAction":[{"@type":"ReadAction","target":["https:\/\/canal7slp.tv\/2022\/hace-oficial-jesus-carlos-cabrero-romero-nombramiento-de-jorge-alberto-cavazos-arizpe-como-arzobispo-de-slp\/"]}]},{"@type":"ImageObject","inLanguage":"es","@id":"https:\/\/canal7slp.tv\/2022\/hace-oficial-jesus-carlos-cabrero-romero-nombramiento-de-jorge-alberto-cavazos-arizpe-como-arzobispo-de-slp\/#primaryimage","url":"https:\/\/canal7slp.tv\/2022\/wp-content\/uploads\/2022\/03\/rzobispoB.png","contentUrl":"https:\/\/canal7slp.tv\/2022\/wp-content\/uploads\/2022\/03\/rzobispoB.png","width":900,"height":527},{"@type":"BreadcrumbList","@id":"https:\/\/canal7slp.tv\/2022\/hace-oficial-jesus-carlos-cabrero-romero-nombramiento-de-jorge-alberto-cavazos-arizpe-como-arzobispo-de-slp\/#breadcrumb","itemListElement":[{"@type":"ListItem","position":1,"name":"Portada","item":"https:\/\/canal7slp.tv\/2022\/"},{"@type":"ListItem","position":2,"name":"Hace oficial Jes\u00fas Carlos Cabrero Romero nombramiento de Jorge Alberto Cavazos Arizpe como Arzobispo de SLP"}]},{"@type":"WebSite","@id":"https:\/\/canal7slp.tv\/2022\/#website","url":"https:\/\/canal7slp.tv\/2022\/","name":"N7 - Noticieros Canal 7","description":"Somos Televisi\u00f3n","publisher":{"@id":"https:\/\/canal7slp.tv\/2022\/#organization"},"potentialAction":[{"@type":"SearchAction","target":{"@type":"EntryPoint","urlTemplate":"https:\/\/canal7slp.tv\/2022\/?s={search_term_string}"},"query-input":{"@type":"PropertyValueSpecification","valueRequired":true,"valueName":"search_term_string"}}],"inLanguage":"es"},{"@type":"Organization","@id":"https:\/\/canal7slp.tv\/2022\/#organization","name":"Noticieros Canal 7","url":"https:\/\/canal7slp.tv\/2022\/","logo":{"@type":"ImageObject","inLanguage":"es","@id":"https:\/\/canal7slp.tv\/2022\/#\/schema\/logo\/image\/","url":"https:\/\/canal7slp.tv\/2022\/wp-content\/uploads\/2021\/01\/logo-noticieros@2x.png","contentUrl":"https:\/\/canal7slp.tv\/2022\/wp-content\/uploads\/2021\/01\/logo-noticieros@2x.png","width":1017,"height":268,"caption":"Noticieros Canal 7"},"image":{"@id":"https:\/\/canal7slp.tv\/2022\/#\/schema\/logo\/image\/"},"sameAs":["https:\/\/www.facebook.com\/noticieroscanalsiete","https:\/\/x.com\/NOTICIEROS7","https:\/\/www.instagram.com\/canal7_slp","https:\/\/www.youtube.com\/channel\/UCliiYs-gP3JfJeqdPrNdd5A"]},{"@type":"Person","@id":"https:\/\/canal7slp.tv\/2022\/#\/schema\/person\/429704152a21f5f856ce29aa69a238da","name":"Edici\u00f3n Web","image":{"@type":"ImageObject","inLanguage":"es","@id":"https:\/\/secure.gravatar.com\/avatar\/eee448fc3f7164808013b816ba91ac7e43bbe82a70bebac296f8bc6f0addaa1a?s=96&d=mm&r=g","url":"https:\/\/secure.gravatar.com\/avatar\/eee448fc3f7164808013b816ba91ac7e43bbe82a70bebac296f8bc6f0addaa1a?s=96&d=mm&r=g","contentUrl":"https:\/\/secure.gravatar.com\/avatar\/eee448fc3f7164808013b816ba91ac7e43bbe82a70bebac296f8bc6f0addaa1a?s=96&d=mm&r=g","caption":"Edici\u00f3n Web"},"url":"https:\/\/canal7slp.tv\/2022\/author\/edicionweb\/"}]}},"amp_enabled":true,"_links":{"self":[{"href":"https:\/\/canal7slp.tv\/2022\/wp-json\/wp\/v2\/posts\/55394","targetHints":{"allow":["GET"]}}],"collection":[{"href":"https:\/\/canal7slp.tv\/2022\/wp-json\/wp\/v2\/posts"}],"about":[{"href":"https:\/\/canal7slp.tv\/2022\/wp-json\/wp\/v2\/types\/post"}],"author":[{"embeddable":true,"href":"https:\/\/canal7slp.tv\/2022\/wp-json\/wp\/v2\/users\/2"}],"replies":[{"embeddable":true,"href":"https:\/\/canal7slp.tv\/2022\/wp-json\/wp\/v2\/comments?post=55394"}],"version-history":[{"count":1,"href":"https:\/\/canal7slp.tv\/2022\/wp-json\/wp\/v2\/posts\/55394\/revisions"}],"predecessor-version":[{"id":55396,"href":"https:\/\/canal7slp.tv\/2022\/wp-json\/wp\/v2\/posts\/55394\/revisions\/55396"}],"wp:featuredmedia":[{"embeddable":true,"href":"https:\/\/canal7slp.tv\/2022\/wp-json\/wp\/v2\/media\/55395"}],"wp:attachment":[{"href":"https:\/\/canal7slp.tv\/2022\/wp-json\/wp\/v2\/media?parent=55394"}],"wp:term":[{"taxonomy":"category","embeddable":true,"href":"https:\/\/canal7slp.tv\/2022\/wp-json\/wp\/v2\/categories?post=55394"},{"taxonomy":"post_tag","embeddable":true,"href":"https:\/\/canal7slp.tv\/2022\/wp-json\/wp\/v2\/tags?post=55394"}],"curies":[{"name":"wp","href":"https:\/\/api.w.org\/{rel}","templated":true}]}}