{"id":55383,"date":"2022-03-26T19:11:09","date_gmt":"2022-03-27T01:11:09","guid":{"rendered":"https:\/\/canal7slp.tv\/2022\/?p=55383"},"modified":"2022-03-26T19:11:09","modified_gmt":"2022-03-27T01:11:09","slug":"nombra-el-papa-a-jorge-cavazos-arizpe-nuevo-arzobispo-de-slp","status":"publish","type":"post","link":"https:\/\/canal7slp.tv\/2022\/nombra-el-papa-a-jorge-cavazos-arizpe-nuevo-arzobispo-de-slp\/","title":{"rendered":"Nombra el Papa a Jorge Cavazos Arizpe, nuevo Arzobispo de SLP"},"content":{"rendered":"<p style=\"text-align: justify;\">SLP.-\u00a0El Papa Francisco nombr\u00f3 a Monse\u00f1or Jorge Alberto Cavazos Arizpe como nuevo Arzobispo de San Luis Potos\u00ed.<\/p>\n<p style=\"text-align: justify;\">Este fin de semana fue dada a conocer la decisi\u00f3n sobre el Obispo de San Juan de los Lagos, por la Conferencia del Episcopado Mexicano.<\/p>\n<p style=\"text-align: justify;\">Monse\u00f1or Jes\u00fas Carlos Cabrero Romero se convierte en Arzobispo Em\u00e9rito.<br \/>\nHab\u00eda presentado su renuncia al cumplir 75 a\u00f1os.<\/p>\n<p style=\"text-align: justify;\">El Papa Francisco agradeci\u00f3 el desempe\u00f1o de Jes\u00fas Carlos Cabrero Romero, quien estuvo va en el cargo desde mayo de 2012.<\/p>\n<p style=\"text-align: justify;\">Jorge Alberto Cavazos Arizpe naci\u00f3 en Monterrey, Nuevo Le\u00f3n el 31 de julio de 1962.<\/p>\n<p style=\"text-align: justify;\">Su ordenaci\u00f3n sacerdotal fue el 31 de marzo de 1989 y la ordenaci\u00f3n episcopal el 26 de marzo de 2009.<\/p>\n","protected":false},"excerpt":{"rendered":"<p>SLP.-\u00a0El Papa Francisco nombr\u00f3 a Monse\u00f1or Jorge Alberto Cavazos Arizpe como nuevo Arzobispo de San Luis Potos\u00ed. Este fin de semana fue dada a conocer la decisi\u00f3n sobre el Obispo de San Juan de los Lagos, por la Conferencia del Episcopado Mexicano. Monse\u00f1or Jes\u00fas Carlos Cabrero Romero se convierte en Arzobispo Em\u00e9rito. Hab\u00eda presentado su renuncia al cumplir 75 a\u00f1os. El Papa Francisco agradeci\u00f3 el desempe\u00f1o de Jes\u00fas Carlos Cabrero Romero, quien estuvo va en el cargo desde mayo de 2012. Jorge Alberto Cavazos Arizpe naci\u00f3 en Monterrey, Nuevo Le\u00f3n el 31 de julio de 1962. Su ordenaci\u00f3n sacerdotal fue [&hellip;]<\/p>\n","protected":false},"author":2,"featured_media":55384,"comment_status":"closed","ping_status":"closed","sticky":false,"template":"","format":"standard","meta":{"footnotes":""},"categories":[45],"tags":[],"class_list":["post-55383","post","type-post","status-publish","format-standard","has-post-thumbnail","hentry","category-localesyregionales","post--single"],"yoast_head":"<!-- This site is optimized with the Yoast SEO plugin v27.4 - https:\/\/yoast.com\/product\/yoast-seo-wordpress\/ -->\n<title>Nombra el Papa a Jorge Cavazos Arizpe, nuevo Arzobispo de SLP - Canal 7 SLP - 2022<\/title>\n<meta name=\"robots\" content=\"index, follow, max-snippet:-1, max-image-preview:large, max-video-preview:-1\" \/>\n<link rel=\"canonical\" href=\"https:\/\/canal7slp.tv\/2022\/nombra-el-papa-a-jorge-cavazos-arizpe-nuevo-arzobispo-de-slp\/\" \/>\n<meta property=\"og:locale\" content=\"es_ES\" \/>\n<meta property=\"og:type\" content=\"article\" \/>\n<meta property=\"og:title\" content=\"Nombra el Papa a Jorge Cavazos Arizpe, nuevo Arzobispo de SLP - Canal 7 SLP - 2022\" \/>\n<meta property=\"og:description\" content=\"SLP.-\u00a0El Papa Francisco nombr\u00f3 a Monse\u00f1or Jorge Alberto Cavazos Arizpe como nuevo Arzobispo de San Luis Potos\u00ed. Este fin de semana fue dada a conocer la decisi\u00f3n sobre el Obispo de San Juan de los Lagos, por la Conferencia del Episcopado Mexicano. Monse\u00f1or Jes\u00fas Carlos Cabrero Romero se convierte en Arzobispo Em\u00e9rito. Hab\u00eda presentado su renuncia al cumplir 75 a\u00f1os. El Papa Francisco agradeci\u00f3 el desempe\u00f1o de Jes\u00fas Carlos Cabrero Romero, quien estuvo va en el cargo desde mayo de 2012. Jorge Alberto Cavazos Arizpe naci\u00f3 en Monterrey, Nuevo Le\u00f3n el 31 de julio de 1962. Su ordenaci\u00f3n sacerdotal fue [&hellip;]\" \/>\n<meta property=\"og:url\" content=\"https:\/\/canal7slp.tv\/2022\/nombra-el-papa-a-jorge-cavazos-arizpe-nuevo-arzobispo-de-slp\/\" \/>\n<meta property=\"og:site_name\" content=\"Canal 7 SLP - 2022\" \/>\n<meta property=\"article:publisher\" content=\"https:\/\/www.facebook.com\/noticieroscanalsiete\" \/>\n<meta property=\"article:published_time\" content=\"2022-03-27T01:11:09+00:00\" \/>\n<meta property=\"og:image\" content=\"https:\/\/canal7slp.tv\/2022\/wp-content\/uploads\/2022\/03\/arzobispoB.png\" \/>\n\t<meta property=\"og:image:width\" content=\"1380\" \/>\n\t<meta property=\"og:image:height\" content=\"819\" \/>\n\t<meta property=\"og:image:type\" content=\"image\/png\" \/>\n<meta name=\"author\" content=\"Edici\u00f3n Web\" \/>\n<meta name=\"twitter:card\" content=\"summary_large_image\" \/>\n<meta name=\"twitter:creator\" content=\"@NOTICIEROS7\" \/>\n<meta name=\"twitter:site\" content=\"@NOTICIEROS7\" \/>\n<meta name=\"twitter:label1\" content=\"Escrito por\" \/>\n\t<meta name=\"twitter:data1\" content=\"Edici\u00f3n Web\" \/>\n\t<meta name=\"twitter:label2\" content=\"Tiempo de lectura\" \/>\n\t<meta name=\"twitter:data2\" content=\"1 minuto\" \/>\n<script type=\"application\/ld+json\" class=\"yoast-schema-graph\">{\"@context\":\"https:\\\/\\\/schema.org\",\"@graph\":[{\"@type\":\"Article\",\"@id\":\"https:\\\/\\\/canal7slp.tv\\\/2022\\\/nombra-el-papa-a-jorge-cavazos-arizpe-nuevo-arzobispo-de-slp\\\/#article\",\"isPartOf\":{\"@id\":\"https:\\\/\\\/canal7slp.tv\\\/2022\\\/nombra-el-papa-a-jorge-cavazos-arizpe-nuevo-arzobispo-de-slp\\\/\"},\"author\":{\"name\":\"Edici\u00f3n Web\",\"@id\":\"https:\\\/\\\/canal7slp.tv\\\/2022\\\/#\\\/schema\\\/person\\\/429704152a21f5f856ce29aa69a238da\"},\"headline\":\"Nombra el Papa a Jorge Cavazos Arizpe, nuevo Arzobispo de SLP\",\"datePublished\":\"2022-03-27T01:11:09+00:00\",\"mainEntityOfPage\":{\"@id\":\"https:\\\/\\\/canal7slp.tv\\\/2022\\\/nombra-el-papa-a-jorge-cavazos-arizpe-nuevo-arzobispo-de-slp\\\/\"},\"wordCount\":133,\"publisher\":{\"@id\":\"https:\\\/\\\/canal7slp.tv\\\/2022\\\/#organization\"},\"image\":{\"@id\":\"https:\\\/\\\/canal7slp.tv\\\/2022\\\/nombra-el-papa-a-jorge-cavazos-arizpe-nuevo-arzobispo-de-slp\\\/#primaryimage\"},\"thumbnailUrl\":\"https:\\\/\\\/canal7slp.tv\\\/2022\\\/wp-content\\\/uploads\\\/2022\\\/03\\\/arzobispoB.png\",\"articleSection\":[\"LOCALES Y REGIONALES\"],\"inLanguage\":\"es\"},{\"@type\":\"WebPage\",\"@id\":\"https:\\\/\\\/canal7slp.tv\\\/2022\\\/nombra-el-papa-a-jorge-cavazos-arizpe-nuevo-arzobispo-de-slp\\\/\",\"url\":\"https:\\\/\\\/canal7slp.tv\\\/2022\\\/nombra-el-papa-a-jorge-cavazos-arizpe-nuevo-arzobispo-de-slp\\\/\",\"name\":\"Nombra el Papa a Jorge Cavazos Arizpe, nuevo Arzobispo de SLP - Canal 7 SLP - 2022\",\"isPartOf\":{\"@id\":\"https:\\\/\\\/canal7slp.tv\\\/2022\\\/#website\"},\"primaryImageOfPage\":{\"@id\":\"https:\\\/\\\/canal7slp.tv\\\/2022\\\/nombra-el-papa-a-jorge-cavazos-arizpe-nuevo-arzobispo-de-slp\\\/#primaryimage\"},\"image\":{\"@id\":\"https:\\\/\\\/canal7slp.tv\\\/2022\\\/nombra-el-papa-a-jorge-cavazos-arizpe-nuevo-arzobispo-de-slp\\\/#primaryimage\"},\"thumbnailUrl\":\"https:\\\/\\\/canal7slp.tv\\\/2022\\\/wp-content\\\/uploads\\\/2022\\\/03\\\/arzobispoB.png\",\"datePublished\":\"2022-03-27T01:11:09+00:00\",\"breadcrumb\":{\"@id\":\"https:\\\/\\\/canal7slp.tv\\\/2022\\\/nombra-el-papa-a-jorge-cavazos-arizpe-nuevo-arzobispo-de-slp\\\/#breadcrumb\"},\"inLanguage\":\"es\",\"potentialAction\":[{\"@type\":\"ReadAction\",\"target\":[\"https:\\\/\\\/canal7slp.tv\\\/2022\\\/nombra-el-papa-a-jorge-cavazos-arizpe-nuevo-arzobispo-de-slp\\\/\"]}]},{\"@type\":\"ImageObject\",\"inLanguage\":\"es\",\"@id\":\"https:\\\/\\\/canal7slp.tv\\\/2022\\\/nombra-el-papa-a-jorge-cavazos-arizpe-nuevo-arzobispo-de-slp\\\/#primaryimage\",\"url\":\"https:\\\/\\\/canal7slp.tv\\\/2022\\\/wp-content\\\/uploads\\\/2022\\\/03\\\/arzobispoB.png\",\"contentUrl\":\"https:\\\/\\\/canal7slp.tv\\\/2022\\\/wp-content\\\/uploads\\\/2022\\\/03\\\/arzobispoB.png\",\"width\":1380,\"height\":819},{\"@type\":\"BreadcrumbList\",\"@id\":\"https:\\\/\\\/canal7slp.tv\\\/2022\\\/nombra-el-papa-a-jorge-cavazos-arizpe-nuevo-arzobispo-de-slp\\\/#breadcrumb\",\"itemListElement\":[{\"@type\":\"ListItem\",\"position\":1,\"name\":\"Portada\",\"item\":\"https:\\\/\\\/canal7slp.tv\\\/2022\\\/\"},{\"@type\":\"ListItem\",\"position\":2,\"name\":\"Nombra el Papa a Jorge Cavazos Arizpe, nuevo Arzobispo de SLP\"}]},{\"@type\":\"WebSite\",\"@id\":\"https:\\\/\\\/canal7slp.tv\\\/2022\\\/#website\",\"url\":\"https:\\\/\\\/canal7slp.tv\\\/2022\\\/\",\"name\":\"N7 - Noticieros Canal 7\",\"description\":\"Somos Televisi\u00f3n\",\"publisher\":{\"@id\":\"https:\\\/\\\/canal7slp.tv\\\/2022\\\/#organization\"},\"potentialAction\":[{\"@type\":\"SearchAction\",\"target\":{\"@type\":\"EntryPoint\",\"urlTemplate\":\"https:\\\/\\\/canal7slp.tv\\\/2022\\\/?s={search_term_string}\"},\"query-input\":{\"@type\":\"PropertyValueSpecification\",\"valueRequired\":true,\"valueName\":\"search_term_string\"}}],\"inLanguage\":\"es\"},{\"@type\":\"Organization\",\"@id\":\"https:\\\/\\\/canal7slp.tv\\\/2022\\\/#organization\",\"name\":\"Noticieros Canal 7\",\"url\":\"https:\\\/\\\/canal7slp.tv\\\/2022\\\/\",\"logo\":{\"@type\":\"ImageObject\",\"inLanguage\":\"es\",\"@id\":\"https:\\\/\\\/canal7slp.tv\\\/2022\\\/#\\\/schema\\\/logo\\\/image\\\/\",\"url\":\"https:\\\/\\\/canal7slp.tv\\\/2022\\\/wp-content\\\/uploads\\\/2021\\\/01\\\/logo-noticieros@2x.png\",\"contentUrl\":\"https:\\\/\\\/canal7slp.tv\\\/2022\\\/wp-content\\\/uploads\\\/2021\\\/01\\\/logo-noticieros@2x.png\",\"width\":1017,\"height\":268,\"caption\":\"Noticieros Canal 7\"},\"image\":{\"@id\":\"https:\\\/\\\/canal7slp.tv\\\/2022\\\/#\\\/schema\\\/logo\\\/image\\\/\"},\"sameAs\":[\"https:\\\/\\\/www.facebook.com\\\/noticieroscanalsiete\",\"https:\\\/\\\/x.com\\\/NOTICIEROS7\",\"https:\\\/\\\/www.instagram.com\\\/canal7_slp\",\"https:\\\/\\\/www.youtube.com\\\/channel\\\/UCliiYs-gP3JfJeqdPrNdd5A\"]},{\"@type\":\"Person\",\"@id\":\"https:\\\/\\\/canal7slp.tv\\\/2022\\\/#\\\/schema\\\/person\\\/429704152a21f5f856ce29aa69a238da\",\"name\":\"Edici\u00f3n Web\",\"image\":{\"@type\":\"ImageObject\",\"inLanguage\":\"es\",\"@id\":\"https:\\\/\\\/secure.gravatar.com\\\/avatar\\\/eee448fc3f7164808013b816ba91ac7e43bbe82a70bebac296f8bc6f0addaa1a?s=96&d=mm&r=g\",\"url\":\"https:\\\/\\\/secure.gravatar.com\\\/avatar\\\/eee448fc3f7164808013b816ba91ac7e43bbe82a70bebac296f8bc6f0addaa1a?s=96&d=mm&r=g\",\"contentUrl\":\"https:\\\/\\\/secure.gravatar.com\\\/avatar\\\/eee448fc3f7164808013b816ba91ac7e43bbe82a70bebac296f8bc6f0addaa1a?s=96&d=mm&r=g\",\"caption\":\"Edici\u00f3n Web\"},\"url\":\"https:\\\/\\\/canal7slp.tv\\\/2022\\\/author\\\/edicionweb\\\/\"}]}<\/script>\n<!-- \/ Yoast SEO plugin. -->","yoast_head_json":{"title":"Nombra el Papa a Jorge Cavazos Arizpe, nuevo Arzobispo de SLP - Canal 7 SLP - 2022","robots":{"index":"index","follow":"follow","max-snippet":"max-snippet:-1","max-image-preview":"max-image-preview:large","max-video-preview":"max-video-preview:-1"},"canonical":"https:\/\/canal7slp.tv\/2022\/nombra-el-papa-a-jorge-cavazos-arizpe-nuevo-arzobispo-de-slp\/","og_locale":"es_ES","og_type":"article","og_title":"Nombra el Papa a Jorge Cavazos Arizpe, nuevo Arzobispo de SLP - Canal 7 SLP - 2022","og_description":"SLP.-\u00a0El Papa Francisco nombr\u00f3 a Monse\u00f1or Jorge Alberto Cavazos Arizpe como nuevo Arzobispo de San Luis Potos\u00ed. Este fin de semana fue dada a conocer la decisi\u00f3n sobre el Obispo de San Juan de los Lagos, por la Conferencia del Episcopado Mexicano. Monse\u00f1or Jes\u00fas Carlos Cabrero Romero se convierte en Arzobispo Em\u00e9rito. Hab\u00eda presentado su renuncia al cumplir 75 a\u00f1os. El Papa Francisco agradeci\u00f3 el desempe\u00f1o de Jes\u00fas Carlos Cabrero Romero, quien estuvo va en el cargo desde mayo de 2012. Jorge Alberto Cavazos Arizpe naci\u00f3 en Monterrey, Nuevo Le\u00f3n el 31 de julio de 1962. Su ordenaci\u00f3n sacerdotal fue [&hellip;]","og_url":"https:\/\/canal7slp.tv\/2022\/nombra-el-papa-a-jorge-cavazos-arizpe-nuevo-arzobispo-de-slp\/","og_site_name":"Canal 7 SLP - 2022","article_publisher":"https:\/\/www.facebook.com\/noticieroscanalsiete","article_published_time":"2022-03-27T01:11:09+00:00","og_image":[{"width":1380,"height":819,"url":"https:\/\/canal7slp.tv\/2022\/wp-content\/uploads\/2022\/03\/arzobispoB.png","type":"image\/png"}],"author":"Edici\u00f3n Web","twitter_card":"summary_large_image","twitter_creator":"@NOTICIEROS7","twitter_site":"@NOTICIEROS7","twitter_misc":{"Escrito por":"Edici\u00f3n Web","Tiempo de lectura":"1 minuto"},"schema":{"@context":"https:\/\/schema.org","@graph":[{"@type":"Article","@id":"https:\/\/canal7slp.tv\/2022\/nombra-el-papa-a-jorge-cavazos-arizpe-nuevo-arzobispo-de-slp\/#article","isPartOf":{"@id":"https:\/\/canal7slp.tv\/2022\/nombra-el-papa-a-jorge-cavazos-arizpe-nuevo-arzobispo-de-slp\/"},"author":{"name":"Edici\u00f3n Web","@id":"https:\/\/canal7slp.tv\/2022\/#\/schema\/person\/429704152a21f5f856ce29aa69a238da"},"headline":"Nombra el Papa a Jorge Cavazos Arizpe, nuevo Arzobispo de SLP","datePublished":"2022-03-27T01:11:09+00:00","mainEntityOfPage":{"@id":"https:\/\/canal7slp.tv\/2022\/nombra-el-papa-a-jorge-cavazos-arizpe-nuevo-arzobispo-de-slp\/"},"wordCount":133,"publisher":{"@id":"https:\/\/canal7slp.tv\/2022\/#organization"},"image":{"@id":"https:\/\/canal7slp.tv\/2022\/nombra-el-papa-a-jorge-cavazos-arizpe-nuevo-arzobispo-de-slp\/#primaryimage"},"thumbnailUrl":"https:\/\/canal7slp.tv\/2022\/wp-content\/uploads\/2022\/03\/arzobispoB.png","articleSection":["LOCALES Y REGIONALES"],"inLanguage":"es"},{"@type":"WebPage","@id":"https:\/\/canal7slp.tv\/2022\/nombra-el-papa-a-jorge-cavazos-arizpe-nuevo-arzobispo-de-slp\/","url":"https:\/\/canal7slp.tv\/2022\/nombra-el-papa-a-jorge-cavazos-arizpe-nuevo-arzobispo-de-slp\/","name":"Nombra el Papa a Jorge Cavazos Arizpe, nuevo Arzobispo de SLP - Canal 7 SLP - 2022","isPartOf":{"@id":"https:\/\/canal7slp.tv\/2022\/#website"},"primaryImageOfPage":{"@id":"https:\/\/canal7slp.tv\/2022\/nombra-el-papa-a-jorge-cavazos-arizpe-nuevo-arzobispo-de-slp\/#primaryimage"},"image":{"@id":"https:\/\/canal7slp.tv\/2022\/nombra-el-papa-a-jorge-cavazos-arizpe-nuevo-arzobispo-de-slp\/#primaryimage"},"thumbnailUrl":"https:\/\/canal7slp.tv\/2022\/wp-content\/uploads\/2022\/03\/arzobispoB.png","datePublished":"2022-03-27T01:11:09+00:00","breadcrumb":{"@id":"https:\/\/canal7slp.tv\/2022\/nombra-el-papa-a-jorge-cavazos-arizpe-nuevo-arzobispo-de-slp\/#breadcrumb"},"inLanguage":"es","potentialAction":[{"@type":"ReadAction","target":["https:\/\/canal7slp.tv\/2022\/nombra-el-papa-a-jorge-cavazos-arizpe-nuevo-arzobispo-de-slp\/"]}]},{"@type":"ImageObject","inLanguage":"es","@id":"https:\/\/canal7slp.tv\/2022\/nombra-el-papa-a-jorge-cavazos-arizpe-nuevo-arzobispo-de-slp\/#primaryimage","url":"https:\/\/canal7slp.tv\/2022\/wp-content\/uploads\/2022\/03\/arzobispoB.png","contentUrl":"https:\/\/canal7slp.tv\/2022\/wp-content\/uploads\/2022\/03\/arzobispoB.png","width":1380,"height":819},{"@type":"BreadcrumbList","@id":"https:\/\/canal7slp.tv\/2022\/nombra-el-papa-a-jorge-cavazos-arizpe-nuevo-arzobispo-de-slp\/#breadcrumb","itemListElement":[{"@type":"ListItem","position":1,"name":"Portada","item":"https:\/\/canal7slp.tv\/2022\/"},{"@type":"ListItem","position":2,"name":"Nombra el Papa a Jorge Cavazos Arizpe, nuevo Arzobispo de SLP"}]},{"@type":"WebSite","@id":"https:\/\/canal7slp.tv\/2022\/#website","url":"https:\/\/canal7slp.tv\/2022\/","name":"N7 - Noticieros Canal 7","description":"Somos Televisi\u00f3n","publisher":{"@id":"https:\/\/canal7slp.tv\/2022\/#organization"},"potentialAction":[{"@type":"SearchAction","target":{"@type":"EntryPoint","urlTemplate":"https:\/\/canal7slp.tv\/2022\/?s={search_term_string}"},"query-input":{"@type":"PropertyValueSpecification","valueRequired":true,"valueName":"search_term_string"}}],"inLanguage":"es"},{"@type":"Organization","@id":"https:\/\/canal7slp.tv\/2022\/#organization","name":"Noticieros Canal 7","url":"https:\/\/canal7slp.tv\/2022\/","logo":{"@type":"ImageObject","inLanguage":"es","@id":"https:\/\/canal7slp.tv\/2022\/#\/schema\/logo\/image\/","url":"https:\/\/canal7slp.tv\/2022\/wp-content\/uploads\/2021\/01\/logo-noticieros@2x.png","contentUrl":"https:\/\/canal7slp.tv\/2022\/wp-content\/uploads\/2021\/01\/logo-noticieros@2x.png","width":1017,"height":268,"caption":"Noticieros Canal 7"},"image":{"@id":"https:\/\/canal7slp.tv\/2022\/#\/schema\/logo\/image\/"},"sameAs":["https:\/\/www.facebook.com\/noticieroscanalsiete","https:\/\/x.com\/NOTICIEROS7","https:\/\/www.instagram.com\/canal7_slp","https:\/\/www.youtube.com\/channel\/UCliiYs-gP3JfJeqdPrNdd5A"]},{"@type":"Person","@id":"https:\/\/canal7slp.tv\/2022\/#\/schema\/person\/429704152a21f5f856ce29aa69a238da","name":"Edici\u00f3n Web","image":{"@type":"ImageObject","inLanguage":"es","@id":"https:\/\/secure.gravatar.com\/avatar\/eee448fc3f7164808013b816ba91ac7e43bbe82a70bebac296f8bc6f0addaa1a?s=96&d=mm&r=g","url":"https:\/\/secure.gravatar.com\/avatar\/eee448fc3f7164808013b816ba91ac7e43bbe82a70bebac296f8bc6f0addaa1a?s=96&d=mm&r=g","contentUrl":"https:\/\/secure.gravatar.com\/avatar\/eee448fc3f7164808013b816ba91ac7e43bbe82a70bebac296f8bc6f0addaa1a?s=96&d=mm&r=g","caption":"Edici\u00f3n Web"},"url":"https:\/\/canal7slp.tv\/2022\/author\/edicionweb\/"}]}},"amp_enabled":true,"_links":{"self":[{"href":"https:\/\/canal7slp.tv\/2022\/wp-json\/wp\/v2\/posts\/55383","targetHints":{"allow":["GET"]}}],"collection":[{"href":"https:\/\/canal7slp.tv\/2022\/wp-json\/wp\/v2\/posts"}],"about":[{"href":"https:\/\/canal7slp.tv\/2022\/wp-json\/wp\/v2\/types\/post"}],"author":[{"embeddable":true,"href":"https:\/\/canal7slp.tv\/2022\/wp-json\/wp\/v2\/users\/2"}],"replies":[{"embeddable":true,"href":"https:\/\/canal7slp.tv\/2022\/wp-json\/wp\/v2\/comments?post=55383"}],"version-history":[{"count":1,"href":"https:\/\/canal7slp.tv\/2022\/wp-json\/wp\/v2\/posts\/55383\/revisions"}],"predecessor-version":[{"id":55385,"href":"https:\/\/canal7slp.tv\/2022\/wp-json\/wp\/v2\/posts\/55383\/revisions\/55385"}],"wp:featuredmedia":[{"embeddable":true,"href":"https:\/\/canal7slp.tv\/2022\/wp-json\/wp\/v2\/media\/55384"}],"wp:attachment":[{"href":"https:\/\/canal7slp.tv\/2022\/wp-json\/wp\/v2\/media?parent=55383"}],"wp:term":[{"taxonomy":"category","embeddable":true,"href":"https:\/\/canal7slp.tv\/2022\/wp-json\/wp\/v2\/categories?post=55383"},{"taxonomy":"post_tag","embeddable":true,"href":"https:\/\/canal7slp.tv\/2022\/wp-json\/wp\/v2\/tags?post=55383"}],"curies":[{"name":"wp","href":"https:\/\/api.w.org\/{rel}","templated":true}]}}