{"id":55379,"date":"2022-03-26T19:24:30","date_gmt":"2022-03-27T01:24:30","guid":{"rendered":"https:\/\/canal7slp.tv\/2022\/?p=55379"},"modified":"2022-03-28T21:04:40","modified_gmt":"2022-03-29T03:04:40","slug":"en-slp-dirigente-nacional-del-pri-sostuvo-encuentro-con-la-militancia","status":"publish","type":"post","link":"https:\/\/canal7slp.tv\/2022\/en-slp-dirigente-nacional-del-pri-sostuvo-encuentro-con-la-militancia\/","title":{"rendered":"En SLP dirigente nacional del PRI sostuvo encuentro con la militancia."},"content":{"rendered":"<ul>\n<li style=\"text-align: justify;\">\u00abAlito\u00bb calific\u00f3 la consulta de revocaci\u00f3n de mandato como una simulaci\u00f3n.<\/li>\n<li style=\"text-align: justify;\">Sobre Movimiento Ciudadano sostuvo que apenas tiene dos por ciento de presencia en SLP y perdi\u00f3 su registro en al menos ocho estados.<\/li>\n<\/ul>\n<p style=\"text-align: justify;\">SLP.- En una extensa rueda de prensa ante los medios de comunicaci\u00f3n en donde abord\u00f3 diversos temas de la agenda nacional, el presidente del Comit\u00e9 Ejecutivo Nacional del Partido Revolucionario Institucional dijo de la Reforma El\u00e9ctrica, propuesta por el presidente de la Rep\u00fablica, que si esta no garantiza que bajen las tarifas el\u00e9ctricas la bancada de su partido la votar\u00e1 en contra.<\/p>\n<p style=\"text-align: justify;\">El dirigente nacional del PRI dijo tambi\u00e9n que su partido respalda a las instituciones que dijo, ahora ataca L\u00f3pez Obrador al decir que al presidente de la Rep\u00fablica se le olvida que el Instituto Nacional Electoral, fue quien aval\u00f3 su triunfo en las elecciones del 2018.<\/p>\n<p style=\"text-align: justify;\">Moreno C\u00e1rdenas estuvo en San Luis Potos\u00ed el pasado s\u00e1bado para sostener un encuentro con la estructura pri\u00edsta, con las bases, organizaciones y sectores del tricolor.<\/p>\n<p style=\"text-align: justify;\">En su encuentro con los medios de comunicaci\u00f3n lo acompa\u00f1aron entre otros el dirigente estatal de este partido El\u00edas Pesina Rodr\u00edguez, la presidenta de la Directiva del Congreso Yolanda Cepeda Echavarr\u00eda y el alcalde Enrique Galindo Ceballos, de quien destac\u00f3 las acciones impulsadas por el edil capitalino en materia de seguridad.<\/p>\n<p style=\"text-align: justify;\">Alejandro \u201cAlito\u201d Moreno habl\u00f3 tambi\u00e9n del pri\u00edsmo local referirse a la salida de algunos conocidos perfiles que se pasaron a las filas de Movimiento Ciudadano. Esto fue lo que dijo:<\/p>\n<p style=\"text-align: justify;\">Afirm\u00f3 que en San Luis Potos\u00ed el partido naranja tiene solo un 2 por ciento de presencia y que adem\u00e1s, perdi\u00f3 registro en al menos 8 estados.<\/p>\n<p style=\"text-align: justify;\">Sobre la Revocaci\u00f3n de mandato el dirigente nacional del PRI afirm\u00f3 que solo es una simulaci\u00f3n y que su partido no se involucrar\u00e1 en esta consulta, al decir que L\u00f3pez Obrador fue elegido por un periodo de 6 a\u00f1os y que dijo, debe concluirlo porque as\u00ed lo mandata la Constituci\u00f3n.<\/p>\n<p style=\"text-align: justify;\">Asimismo, Moreno C\u00e1rdenas afirm\u00f3 que para las elecciones del 2024 su partido seguir\u00e1 en la coalici\u00f3n partidista \u201cVa Por M\u00e9xico\u201d integrada por el PRI-PAN-PRD para ganar las presidenciales.<\/p>\n<p style=\"text-align: justify;\">Por \u00faltimo, el presidente nacional del PRI afirm\u00f3 que de regresar a la presidencia su partido retomar\u00e1 los programas sociales que L\u00f3pez Obrador desapareci\u00f3, al recordar que \u00e9stos fueron implementados por gobiernos pri\u00edstas.<\/p>\n<p style=\"text-align: justify;\">Por: Claudio Ibarra<\/p>\n","protected":false},"excerpt":{"rendered":"<p>\u00abAlito\u00bb calific\u00f3 la consulta de revocaci\u00f3n de mandato como una simulaci\u00f3n. Sobre Movimiento Ciudadano sostuvo que apenas tiene dos por ciento de presencia en SLP y perdi\u00f3 su registro en al menos ocho estados. SLP.- En una extensa rueda de prensa ante los medios de comunicaci\u00f3n en donde abord\u00f3 diversos temas de la agenda nacional, el presidente del Comit\u00e9 Ejecutivo Nacional del Partido Revolucionario Institucional dijo de la Reforma El\u00e9ctrica, propuesta por el presidente de la Rep\u00fablica, que si esta no garantiza que bajen las tarifas el\u00e9ctricas la bancada de su partido la votar\u00e1 en contra. El dirigente nacional del [&hellip;]<\/p>\n","protected":false},"author":2,"featured_media":55521,"comment_status":"closed","ping_status":"closed","sticky":false,"template":"","format":"video","meta":{"footnotes":""},"categories":[5,45],"tags":[],"class_list":["post-55379","post","type-post","status-publish","format-video","has-post-thumbnail","hentry","category-destacadas","category-localesyregionales","post_format-post-format-video","post--single"],"yoast_head":"<!-- This site is optimized with the Yoast SEO plugin v27.4 - https:\/\/yoast.com\/product\/yoast-seo-wordpress\/ -->\n<title>En SLP dirigente nacional del PRI sostuvo encuentro con la militancia. - Canal 7 SLP - 2022<\/title>\n<meta name=\"robots\" content=\"index, follow, max-snippet:-1, max-image-preview:large, max-video-preview:-1\" \/>\n<link rel=\"canonical\" href=\"https:\/\/canal7slp.tv\/2022\/en-slp-dirigente-nacional-del-pri-sostuvo-encuentro-con-la-militancia\/\" \/>\n<meta property=\"og:locale\" content=\"es_ES\" \/>\n<meta property=\"og:type\" content=\"article\" \/>\n<meta property=\"og:title\" content=\"En SLP dirigente nacional del PRI sostuvo encuentro con la militancia. - Canal 7 SLP - 2022\" \/>\n<meta property=\"og:description\" content=\"\u00abAlito\u00bb calific\u00f3 la consulta de revocaci\u00f3n de mandato como una simulaci\u00f3n. Sobre Movimiento Ciudadano sostuvo que apenas tiene dos por ciento de presencia en SLP y perdi\u00f3 su registro en al menos ocho estados. SLP.- En una extensa rueda de prensa ante los medios de comunicaci\u00f3n en donde abord\u00f3 diversos temas de la agenda nacional, el presidente del Comit\u00e9 Ejecutivo Nacional del Partido Revolucionario Institucional dijo de la Reforma El\u00e9ctrica, propuesta por el presidente de la Rep\u00fablica, que si esta no garantiza que bajen las tarifas el\u00e9ctricas la bancada de su partido la votar\u00e1 en contra. El dirigente nacional del [&hellip;]\" \/>\n<meta property=\"og:url\" content=\"https:\/\/canal7slp.tv\/2022\/en-slp-dirigente-nacional-del-pri-sostuvo-encuentro-con-la-militancia\/\" \/>\n<meta property=\"og:site_name\" content=\"Canal 7 SLP - 2022\" \/>\n<meta property=\"article:publisher\" content=\"https:\/\/www.facebook.com\/noticieroscanalsiete\" \/>\n<meta property=\"article:published_time\" content=\"2022-03-27T01:24:30+00:00\" \/>\n<meta property=\"article:modified_time\" content=\"2022-03-29T03:04:40+00:00\" \/>\n<meta property=\"og:image\" content=\"https:\/\/canal7slp.tv\/2022\/wp-content\/uploads\/2022\/03\/alito.jpg\" \/>\n\t<meta property=\"og:image:width\" content=\"1280\" \/>\n\t<meta property=\"og:image:height\" content=\"720\" \/>\n\t<meta property=\"og:image:type\" content=\"image\/jpeg\" \/>\n<meta name=\"author\" content=\"Edici\u00f3n Web\" \/>\n<meta name=\"twitter:card\" content=\"summary_large_image\" \/>\n<meta name=\"twitter:creator\" content=\"@NOTICIEROS7\" \/>\n<meta name=\"twitter:site\" content=\"@NOTICIEROS7\" \/>\n<meta name=\"twitter:label1\" content=\"Escrito por\" \/>\n\t<meta name=\"twitter:data1\" content=\"Edici\u00f3n Web\" \/>\n\t<meta name=\"twitter:label2\" content=\"Tiempo de lectura\" \/>\n\t<meta name=\"twitter:data2\" content=\"2 minutos\" \/>\n<script type=\"application\/ld+json\" class=\"yoast-schema-graph\">{\"@context\":\"https:\\\/\\\/schema.org\",\"@graph\":[{\"@type\":\"Article\",\"@id\":\"https:\\\/\\\/canal7slp.tv\\\/2022\\\/en-slp-dirigente-nacional-del-pri-sostuvo-encuentro-con-la-militancia\\\/#article\",\"isPartOf\":{\"@id\":\"https:\\\/\\\/canal7slp.tv\\\/2022\\\/en-slp-dirigente-nacional-del-pri-sostuvo-encuentro-con-la-militancia\\\/\"},\"author\":{\"name\":\"Edici\u00f3n Web\",\"@id\":\"https:\\\/\\\/canal7slp.tv\\\/2022\\\/#\\\/schema\\\/person\\\/429704152a21f5f856ce29aa69a238da\"},\"headline\":\"En SLP dirigente nacional del PRI sostuvo encuentro con la militancia.\",\"datePublished\":\"2022-03-27T01:24:30+00:00\",\"dateModified\":\"2022-03-29T03:04:40+00:00\",\"mainEntityOfPage\":{\"@id\":\"https:\\\/\\\/canal7slp.tv\\\/2022\\\/en-slp-dirigente-nacional-del-pri-sostuvo-encuentro-con-la-militancia\\\/\"},\"wordCount\":427,\"publisher\":{\"@id\":\"https:\\\/\\\/canal7slp.tv\\\/2022\\\/#organization\"},\"image\":{\"@id\":\"https:\\\/\\\/canal7slp.tv\\\/2022\\\/en-slp-dirigente-nacional-del-pri-sostuvo-encuentro-con-la-militancia\\\/#primaryimage\"},\"thumbnailUrl\":\"https:\\\/\\\/canal7slp.tv\\\/2022\\\/wp-content\\\/uploads\\\/2022\\\/03\\\/alito.jpg\",\"articleSection\":[\"DESTACADAS\",\"LOCALES Y REGIONALES\"],\"inLanguage\":\"es\"},{\"@type\":\"WebPage\",\"@id\":\"https:\\\/\\\/canal7slp.tv\\\/2022\\\/en-slp-dirigente-nacional-del-pri-sostuvo-encuentro-con-la-militancia\\\/\",\"url\":\"https:\\\/\\\/canal7slp.tv\\\/2022\\\/en-slp-dirigente-nacional-del-pri-sostuvo-encuentro-con-la-militancia\\\/\",\"name\":\"En SLP dirigente nacional del PRI sostuvo encuentro con la militancia. - Canal 7 SLP - 2022\",\"isPartOf\":{\"@id\":\"https:\\\/\\\/canal7slp.tv\\\/2022\\\/#website\"},\"primaryImageOfPage\":{\"@id\":\"https:\\\/\\\/canal7slp.tv\\\/2022\\\/en-slp-dirigente-nacional-del-pri-sostuvo-encuentro-con-la-militancia\\\/#primaryimage\"},\"image\":{\"@id\":\"https:\\\/\\\/canal7slp.tv\\\/2022\\\/en-slp-dirigente-nacional-del-pri-sostuvo-encuentro-con-la-militancia\\\/#primaryimage\"},\"thumbnailUrl\":\"https:\\\/\\\/canal7slp.tv\\\/2022\\\/wp-content\\\/uploads\\\/2022\\\/03\\\/alito.jpg\",\"datePublished\":\"2022-03-27T01:24:30+00:00\",\"dateModified\":\"2022-03-29T03:04:40+00:00\",\"breadcrumb\":{\"@id\":\"https:\\\/\\\/canal7slp.tv\\\/2022\\\/en-slp-dirigente-nacional-del-pri-sostuvo-encuentro-con-la-militancia\\\/#breadcrumb\"},\"inLanguage\":\"es\",\"potentialAction\":[{\"@type\":\"ReadAction\",\"target\":[\"https:\\\/\\\/canal7slp.tv\\\/2022\\\/en-slp-dirigente-nacional-del-pri-sostuvo-encuentro-con-la-militancia\\\/\"]}]},{\"@type\":\"ImageObject\",\"inLanguage\":\"es\",\"@id\":\"https:\\\/\\\/canal7slp.tv\\\/2022\\\/en-slp-dirigente-nacional-del-pri-sostuvo-encuentro-con-la-militancia\\\/#primaryimage\",\"url\":\"https:\\\/\\\/canal7slp.tv\\\/2022\\\/wp-content\\\/uploads\\\/2022\\\/03\\\/alito.jpg\",\"contentUrl\":\"https:\\\/\\\/canal7slp.tv\\\/2022\\\/wp-content\\\/uploads\\\/2022\\\/03\\\/alito.jpg\",\"width\":1280,\"height\":720},{\"@type\":\"BreadcrumbList\",\"@id\":\"https:\\\/\\\/canal7slp.tv\\\/2022\\\/en-slp-dirigente-nacional-del-pri-sostuvo-encuentro-con-la-militancia\\\/#breadcrumb\",\"itemListElement\":[{\"@type\":\"ListItem\",\"position\":1,\"name\":\"Portada\",\"item\":\"https:\\\/\\\/canal7slp.tv\\\/2022\\\/\"},{\"@type\":\"ListItem\",\"position\":2,\"name\":\"En SLP dirigente nacional del PRI sostuvo encuentro con la militancia.\"}]},{\"@type\":\"WebSite\",\"@id\":\"https:\\\/\\\/canal7slp.tv\\\/2022\\\/#website\",\"url\":\"https:\\\/\\\/canal7slp.tv\\\/2022\\\/\",\"name\":\"N7 - Noticieros Canal 7\",\"description\":\"Somos Televisi\u00f3n\",\"publisher\":{\"@id\":\"https:\\\/\\\/canal7slp.tv\\\/2022\\\/#organization\"},\"potentialAction\":[{\"@type\":\"SearchAction\",\"target\":{\"@type\":\"EntryPoint\",\"urlTemplate\":\"https:\\\/\\\/canal7slp.tv\\\/2022\\\/?s={search_term_string}\"},\"query-input\":{\"@type\":\"PropertyValueSpecification\",\"valueRequired\":true,\"valueName\":\"search_term_string\"}}],\"inLanguage\":\"es\"},{\"@type\":\"Organization\",\"@id\":\"https:\\\/\\\/canal7slp.tv\\\/2022\\\/#organization\",\"name\":\"Noticieros Canal 7\",\"url\":\"https:\\\/\\\/canal7slp.tv\\\/2022\\\/\",\"logo\":{\"@type\":\"ImageObject\",\"inLanguage\":\"es\",\"@id\":\"https:\\\/\\\/canal7slp.tv\\\/2022\\\/#\\\/schema\\\/logo\\\/image\\\/\",\"url\":\"https:\\\/\\\/canal7slp.tv\\\/2022\\\/wp-content\\\/uploads\\\/2021\\\/01\\\/logo-noticieros@2x.png\",\"contentUrl\":\"https:\\\/\\\/canal7slp.tv\\\/2022\\\/wp-content\\\/uploads\\\/2021\\\/01\\\/logo-noticieros@2x.png\",\"width\":1017,\"height\":268,\"caption\":\"Noticieros Canal 7\"},\"image\":{\"@id\":\"https:\\\/\\\/canal7slp.tv\\\/2022\\\/#\\\/schema\\\/logo\\\/image\\\/\"},\"sameAs\":[\"https:\\\/\\\/www.facebook.com\\\/noticieroscanalsiete\",\"https:\\\/\\\/x.com\\\/NOTICIEROS7\",\"https:\\\/\\\/www.instagram.com\\\/canal7_slp\",\"https:\\\/\\\/www.youtube.com\\\/channel\\\/UCliiYs-gP3JfJeqdPrNdd5A\"]},{\"@type\":\"Person\",\"@id\":\"https:\\\/\\\/canal7slp.tv\\\/2022\\\/#\\\/schema\\\/person\\\/429704152a21f5f856ce29aa69a238da\",\"name\":\"Edici\u00f3n Web\",\"image\":{\"@type\":\"ImageObject\",\"inLanguage\":\"es\",\"@id\":\"https:\\\/\\\/secure.gravatar.com\\\/avatar\\\/eee448fc3f7164808013b816ba91ac7e43bbe82a70bebac296f8bc6f0addaa1a?s=96&d=mm&r=g\",\"url\":\"https:\\\/\\\/secure.gravatar.com\\\/avatar\\\/eee448fc3f7164808013b816ba91ac7e43bbe82a70bebac296f8bc6f0addaa1a?s=96&d=mm&r=g\",\"contentUrl\":\"https:\\\/\\\/secure.gravatar.com\\\/avatar\\\/eee448fc3f7164808013b816ba91ac7e43bbe82a70bebac296f8bc6f0addaa1a?s=96&d=mm&r=g\",\"caption\":\"Edici\u00f3n Web\"},\"url\":\"https:\\\/\\\/canal7slp.tv\\\/2022\\\/author\\\/edicionweb\\\/\"}]}<\/script>\n<!-- \/ Yoast SEO plugin. -->","yoast_head_json":{"title":"En SLP dirigente nacional del PRI sostuvo encuentro con la militancia. - Canal 7 SLP - 2022","robots":{"index":"index","follow":"follow","max-snippet":"max-snippet:-1","max-image-preview":"max-image-preview:large","max-video-preview":"max-video-preview:-1"},"canonical":"https:\/\/canal7slp.tv\/2022\/en-slp-dirigente-nacional-del-pri-sostuvo-encuentro-con-la-militancia\/","og_locale":"es_ES","og_type":"article","og_title":"En SLP dirigente nacional del PRI sostuvo encuentro con la militancia. - Canal 7 SLP - 2022","og_description":"\u00abAlito\u00bb calific\u00f3 la consulta de revocaci\u00f3n de mandato como una simulaci\u00f3n. Sobre Movimiento Ciudadano sostuvo que apenas tiene dos por ciento de presencia en SLP y perdi\u00f3 su registro en al menos ocho estados. SLP.- En una extensa rueda de prensa ante los medios de comunicaci\u00f3n en donde abord\u00f3 diversos temas de la agenda nacional, el presidente del Comit\u00e9 Ejecutivo Nacional del Partido Revolucionario Institucional dijo de la Reforma El\u00e9ctrica, propuesta por el presidente de la Rep\u00fablica, que si esta no garantiza que bajen las tarifas el\u00e9ctricas la bancada de su partido la votar\u00e1 en contra. El dirigente nacional del [&hellip;]","og_url":"https:\/\/canal7slp.tv\/2022\/en-slp-dirigente-nacional-del-pri-sostuvo-encuentro-con-la-militancia\/","og_site_name":"Canal 7 SLP - 2022","article_publisher":"https:\/\/www.facebook.com\/noticieroscanalsiete","article_published_time":"2022-03-27T01:24:30+00:00","article_modified_time":"2022-03-29T03:04:40+00:00","og_image":[{"width":1280,"height":720,"url":"https:\/\/canal7slp.tv\/2022\/wp-content\/uploads\/2022\/03\/alito.jpg","type":"image\/jpeg"}],"author":"Edici\u00f3n Web","twitter_card":"summary_large_image","twitter_creator":"@NOTICIEROS7","twitter_site":"@NOTICIEROS7","twitter_misc":{"Escrito por":"Edici\u00f3n Web","Tiempo de lectura":"2 minutos"},"schema":{"@context":"https:\/\/schema.org","@graph":[{"@type":"Article","@id":"https:\/\/canal7slp.tv\/2022\/en-slp-dirigente-nacional-del-pri-sostuvo-encuentro-con-la-militancia\/#article","isPartOf":{"@id":"https:\/\/canal7slp.tv\/2022\/en-slp-dirigente-nacional-del-pri-sostuvo-encuentro-con-la-militancia\/"},"author":{"name":"Edici\u00f3n Web","@id":"https:\/\/canal7slp.tv\/2022\/#\/schema\/person\/429704152a21f5f856ce29aa69a238da"},"headline":"En SLP dirigente nacional del PRI sostuvo encuentro con la militancia.","datePublished":"2022-03-27T01:24:30+00:00","dateModified":"2022-03-29T03:04:40+00:00","mainEntityOfPage":{"@id":"https:\/\/canal7slp.tv\/2022\/en-slp-dirigente-nacional-del-pri-sostuvo-encuentro-con-la-militancia\/"},"wordCount":427,"publisher":{"@id":"https:\/\/canal7slp.tv\/2022\/#organization"},"image":{"@id":"https:\/\/canal7slp.tv\/2022\/en-slp-dirigente-nacional-del-pri-sostuvo-encuentro-con-la-militancia\/#primaryimage"},"thumbnailUrl":"https:\/\/canal7slp.tv\/2022\/wp-content\/uploads\/2022\/03\/alito.jpg","articleSection":["DESTACADAS","LOCALES Y REGIONALES"],"inLanguage":"es"},{"@type":"WebPage","@id":"https:\/\/canal7slp.tv\/2022\/en-slp-dirigente-nacional-del-pri-sostuvo-encuentro-con-la-militancia\/","url":"https:\/\/canal7slp.tv\/2022\/en-slp-dirigente-nacional-del-pri-sostuvo-encuentro-con-la-militancia\/","name":"En SLP dirigente nacional del PRI sostuvo encuentro con la militancia. - Canal 7 SLP - 2022","isPartOf":{"@id":"https:\/\/canal7slp.tv\/2022\/#website"},"primaryImageOfPage":{"@id":"https:\/\/canal7slp.tv\/2022\/en-slp-dirigente-nacional-del-pri-sostuvo-encuentro-con-la-militancia\/#primaryimage"},"image":{"@id":"https:\/\/canal7slp.tv\/2022\/en-slp-dirigente-nacional-del-pri-sostuvo-encuentro-con-la-militancia\/#primaryimage"},"thumbnailUrl":"https:\/\/canal7slp.tv\/2022\/wp-content\/uploads\/2022\/03\/alito.jpg","datePublished":"2022-03-27T01:24:30+00:00","dateModified":"2022-03-29T03:04:40+00:00","breadcrumb":{"@id":"https:\/\/canal7slp.tv\/2022\/en-slp-dirigente-nacional-del-pri-sostuvo-encuentro-con-la-militancia\/#breadcrumb"},"inLanguage":"es","potentialAction":[{"@type":"ReadAction","target":["https:\/\/canal7slp.tv\/2022\/en-slp-dirigente-nacional-del-pri-sostuvo-encuentro-con-la-militancia\/"]}]},{"@type":"ImageObject","inLanguage":"es","@id":"https:\/\/canal7slp.tv\/2022\/en-slp-dirigente-nacional-del-pri-sostuvo-encuentro-con-la-militancia\/#primaryimage","url":"https:\/\/canal7slp.tv\/2022\/wp-content\/uploads\/2022\/03\/alito.jpg","contentUrl":"https:\/\/canal7slp.tv\/2022\/wp-content\/uploads\/2022\/03\/alito.jpg","width":1280,"height":720},{"@type":"BreadcrumbList","@id":"https:\/\/canal7slp.tv\/2022\/en-slp-dirigente-nacional-del-pri-sostuvo-encuentro-con-la-militancia\/#breadcrumb","itemListElement":[{"@type":"ListItem","position":1,"name":"Portada","item":"https:\/\/canal7slp.tv\/2022\/"},{"@type":"ListItem","position":2,"name":"En SLP dirigente nacional del PRI sostuvo encuentro con la militancia."}]},{"@type":"WebSite","@id":"https:\/\/canal7slp.tv\/2022\/#website","url":"https:\/\/canal7slp.tv\/2022\/","name":"N7 - Noticieros Canal 7","description":"Somos Televisi\u00f3n","publisher":{"@id":"https:\/\/canal7slp.tv\/2022\/#organization"},"potentialAction":[{"@type":"SearchAction","target":{"@type":"EntryPoint","urlTemplate":"https:\/\/canal7slp.tv\/2022\/?s={search_term_string}"},"query-input":{"@type":"PropertyValueSpecification","valueRequired":true,"valueName":"search_term_string"}}],"inLanguage":"es"},{"@type":"Organization","@id":"https:\/\/canal7slp.tv\/2022\/#organization","name":"Noticieros Canal 7","url":"https:\/\/canal7slp.tv\/2022\/","logo":{"@type":"ImageObject","inLanguage":"es","@id":"https:\/\/canal7slp.tv\/2022\/#\/schema\/logo\/image\/","url":"https:\/\/canal7slp.tv\/2022\/wp-content\/uploads\/2021\/01\/logo-noticieros@2x.png","contentUrl":"https:\/\/canal7slp.tv\/2022\/wp-content\/uploads\/2021\/01\/logo-noticieros@2x.png","width":1017,"height":268,"caption":"Noticieros Canal 7"},"image":{"@id":"https:\/\/canal7slp.tv\/2022\/#\/schema\/logo\/image\/"},"sameAs":["https:\/\/www.facebook.com\/noticieroscanalsiete","https:\/\/x.com\/NOTICIEROS7","https:\/\/www.instagram.com\/canal7_slp","https:\/\/www.youtube.com\/channel\/UCliiYs-gP3JfJeqdPrNdd5A"]},{"@type":"Person","@id":"https:\/\/canal7slp.tv\/2022\/#\/schema\/person\/429704152a21f5f856ce29aa69a238da","name":"Edici\u00f3n Web","image":{"@type":"ImageObject","inLanguage":"es","@id":"https:\/\/secure.gravatar.com\/avatar\/eee448fc3f7164808013b816ba91ac7e43bbe82a70bebac296f8bc6f0addaa1a?s=96&d=mm&r=g","url":"https:\/\/secure.gravatar.com\/avatar\/eee448fc3f7164808013b816ba91ac7e43bbe82a70bebac296f8bc6f0addaa1a?s=96&d=mm&r=g","contentUrl":"https:\/\/secure.gravatar.com\/avatar\/eee448fc3f7164808013b816ba91ac7e43bbe82a70bebac296f8bc6f0addaa1a?s=96&d=mm&r=g","caption":"Edici\u00f3n Web"},"url":"https:\/\/canal7slp.tv\/2022\/author\/edicionweb\/"}]}},"amp_enabled":true,"_links":{"self":[{"href":"https:\/\/canal7slp.tv\/2022\/wp-json\/wp\/v2\/posts\/55379","targetHints":{"allow":["GET"]}}],"collection":[{"href":"https:\/\/canal7slp.tv\/2022\/wp-json\/wp\/v2\/posts"}],"about":[{"href":"https:\/\/canal7slp.tv\/2022\/wp-json\/wp\/v2\/types\/post"}],"author":[{"embeddable":true,"href":"https:\/\/canal7slp.tv\/2022\/wp-json\/wp\/v2\/users\/2"}],"replies":[{"embeddable":true,"href":"https:\/\/canal7slp.tv\/2022\/wp-json\/wp\/v2\/comments?post=55379"}],"version-history":[{"count":4,"href":"https:\/\/canal7slp.tv\/2022\/wp-json\/wp\/v2\/posts\/55379\/revisions"}],"predecessor-version":[{"id":55522,"href":"https:\/\/canal7slp.tv\/2022\/wp-json\/wp\/v2\/posts\/55379\/revisions\/55522"}],"wp:featuredmedia":[{"embeddable":true,"href":"https:\/\/canal7slp.tv\/2022\/wp-json\/wp\/v2\/media\/55521"}],"wp:attachment":[{"href":"https:\/\/canal7slp.tv\/2022\/wp-json\/wp\/v2\/media?parent=55379"}],"wp:term":[{"taxonomy":"category","embeddable":true,"href":"https:\/\/canal7slp.tv\/2022\/wp-json\/wp\/v2\/categories?post=55379"},{"taxonomy":"post_tag","embeddable":true,"href":"https:\/\/canal7slp.tv\/2022\/wp-json\/wp\/v2\/tags?post=55379"}],"curies":[{"name":"wp","href":"https:\/\/api.w.org\/{rel}","templated":true}]}}