{"id":55374,"date":"2022-03-26T16:20:06","date_gmt":"2022-03-26T22:20:06","guid":{"rendered":"https:\/\/canal7slp.tv\/2022\/?p=55374"},"modified":"2022-03-26T16:20:06","modified_gmt":"2022-03-26T22:20:06","slug":"se-interrumpira-el-servicio-de-agua-potable-de-villantigua-al-pedregal-debido-a-linea-de-distribucion-afectada-por-incendio","status":"publish","type":"post","link":"https:\/\/canal7slp.tv\/2022\/se-interrumpira-el-servicio-de-agua-potable-de-villantigua-al-pedregal-debido-a-linea-de-distribucion-afectada-por-incendio\/","title":{"rendered":"Se interrumpir\u00e1 el servicio de agua potable de Villantigua al Pedregal, debido a l\u00ednea de distribuci\u00f3n afectada por incendio."},"content":{"rendered":"<ul>\n<li style=\"text-align: justify;\">Interapas repara l\u00ednea en la zona poniente.<\/li>\n<\/ul>\n<p style=\"text-align: justify;\">SLP.- Derivado de un incendio en un lote bald\u00edo de perif\u00e9rico poniente -a la altura de una agencia de autos-, la l\u00ednea de distribuci\u00f3n de agua potable que abastece colonias en dicha zona sufri\u00f3 afectaciones.<\/p>\n<p style=\"text-align: justify;\">El siniestro fue controlado por el Cuerpo de Bomberos Metropolitanos de San Luis Potos\u00ed y fue as\u00ed como cuadrillas de Interapas intervinieron.<\/p>\n<p style=\"text-align: justify;\">La Direcci\u00f3n de Operaci\u00f3n y Mantenimiento inform\u00f3 que durante la presencia del fuego en el terreno, algunos tramos de la l\u00ednea de impulsi\u00f3n se vieron afectados.<\/p>\n<p style=\"text-align: justify;\">El servicio se suspender\u00e1 para evaluar la tuber\u00eda.<\/p>\n<p style=\"text-align: justify;\">Personal encargado detuvo el bombeo de agua que va hacia la zona poniente, con la finalidad de descargar la red y comenzar la reparaci\u00f3n.<\/p>\n<p style=\"text-align: justify;\">Interapas hizo un llamado a la poblaci\u00f3n de este sector para emplear \u00fanicamente el agua necesaria en actividades b\u00e1sicas.<\/p>\n<p style=\"text-align: justify;\">Se estima que la rehabilitaci\u00f3n en la red dure algunas horas.<\/p>\n<p><img loading=\"lazy\" decoding=\"async\" class=\"alignnone size-medium wp-image-55375\" src=\"https:\/\/canal7slp.tv\/2022\/wp-content\/uploads\/2022\/03\/AguaIncendio01a-300x185.jpg\" alt=\"\" width=\"300\" height=\"185\" srcset=\"https:\/\/canal7slp.tv\/2022\/wp-content\/uploads\/2022\/03\/AguaIncendio01a-300x185.jpg 300w, https:\/\/canal7slp.tv\/2022\/wp-content\/uploads\/2022\/03\/AguaIncendio01a.jpg 630w\" sizes=\"auto, (max-width: 300px) 100vw, 300px\" \/> <img loading=\"lazy\" decoding=\"async\" class=\"alignnone size-medium wp-image-55376\" src=\"https:\/\/canal7slp.tv\/2022\/wp-content\/uploads\/2022\/03\/AguaIncendio01b-300x193.jpg\" alt=\"\" width=\"300\" height=\"193\" srcset=\"https:\/\/canal7slp.tv\/2022\/wp-content\/uploads\/2022\/03\/AguaIncendio01b-300x193.jpg 300w, https:\/\/canal7slp.tv\/2022\/wp-content\/uploads\/2022\/03\/AguaIncendio01b.jpg 595w\" sizes=\"auto, (max-width: 300px) 100vw, 300px\" \/> <img loading=\"lazy\" decoding=\"async\" class=\"alignnone size-medium wp-image-55377\" src=\"https:\/\/canal7slp.tv\/2022\/wp-content\/uploads\/2022\/03\/AguaIncendio01c-300x215.jpg\" alt=\"\" width=\"300\" height=\"215\" srcset=\"https:\/\/canal7slp.tv\/2022\/wp-content\/uploads\/2022\/03\/AguaIncendio01c-300x215.jpg 300w, https:\/\/canal7slp.tv\/2022\/wp-content\/uploads\/2022\/03\/AguaIncendio01c.jpg 541w\" sizes=\"auto, (max-width: 300px) 100vw, 300px\" \/><\/p>\n","protected":false},"excerpt":{"rendered":"<p>Interapas repara l\u00ednea en la zona poniente. SLP.- Derivado de un incendio en un lote bald\u00edo de perif\u00e9rico poniente -a la altura de una agencia de autos-, la l\u00ednea de distribuci\u00f3n de agua potable que abastece colonias en dicha zona sufri\u00f3 afectaciones. El siniestro fue controlado por el Cuerpo de Bomberos Metropolitanos de San Luis Potos\u00ed y fue as\u00ed como cuadrillas de Interapas intervinieron. La Direcci\u00f3n de Operaci\u00f3n y Mantenimiento inform\u00f3 que durante la presencia del fuego en el terreno, algunos tramos de la l\u00ednea de impulsi\u00f3n se vieron afectados. El servicio se suspender\u00e1 para evaluar la tuber\u00eda. Personal encargado [&hellip;]<\/p>\n","protected":false},"author":2,"featured_media":55375,"comment_status":"closed","ping_status":"closed","sticky":false,"template":"","format":"gallery","meta":{"footnotes":""},"categories":[45],"tags":[],"class_list":["post-55374","post","type-post","status-publish","format-gallery","has-post-thumbnail","hentry","category-localesyregionales","post_format-post-format-gallery","post--single"],"yoast_head":"<!-- This site is optimized with the Yoast SEO plugin v27.4 - https:\/\/yoast.com\/product\/yoast-seo-wordpress\/ -->\n<title>Se interrumpir\u00e1 el servicio de agua potable de Villantigua al Pedregal, debido a l\u00ednea de distribuci\u00f3n afectada por incendio. - Canal 7 SLP - 2022<\/title>\n<meta name=\"robots\" content=\"index, follow, max-snippet:-1, max-image-preview:large, max-video-preview:-1\" \/>\n<link rel=\"canonical\" href=\"https:\/\/canal7slp.tv\/2022\/se-interrumpira-el-servicio-de-agua-potable-de-villantigua-al-pedregal-debido-a-linea-de-distribucion-afectada-por-incendio\/\" \/>\n<meta property=\"og:locale\" content=\"es_ES\" \/>\n<meta property=\"og:type\" content=\"article\" \/>\n<meta property=\"og:title\" content=\"Se interrumpir\u00e1 el servicio de agua potable de Villantigua al Pedregal, debido a l\u00ednea de distribuci\u00f3n afectada por incendio. - Canal 7 SLP - 2022\" \/>\n<meta property=\"og:description\" content=\"Interapas repara l\u00ednea en la zona poniente. SLP.- Derivado de un incendio en un lote bald\u00edo de perif\u00e9rico poniente -a la altura de una agencia de autos-, la l\u00ednea de distribuci\u00f3n de agua potable que abastece colonias en dicha zona sufri\u00f3 afectaciones. El siniestro fue controlado por el Cuerpo de Bomberos Metropolitanos de San Luis Potos\u00ed y fue as\u00ed como cuadrillas de Interapas intervinieron. La Direcci\u00f3n de Operaci\u00f3n y Mantenimiento inform\u00f3 que durante la presencia del fuego en el terreno, algunos tramos de la l\u00ednea de impulsi\u00f3n se vieron afectados. El servicio se suspender\u00e1 para evaluar la tuber\u00eda. Personal encargado [&hellip;]\" \/>\n<meta property=\"og:url\" content=\"https:\/\/canal7slp.tv\/2022\/se-interrumpira-el-servicio-de-agua-potable-de-villantigua-al-pedregal-debido-a-linea-de-distribucion-afectada-por-incendio\/\" \/>\n<meta property=\"og:site_name\" content=\"Canal 7 SLP - 2022\" \/>\n<meta property=\"article:publisher\" content=\"https:\/\/www.facebook.com\/noticieroscanalsiete\" \/>\n<meta property=\"article:published_time\" content=\"2022-03-26T22:20:06+00:00\" \/>\n<meta property=\"og:image\" content=\"https:\/\/canal7slp.tv\/2022\/wp-content\/uploads\/2022\/03\/AguaIncendio01a.jpg\" \/>\n\t<meta property=\"og:image:width\" content=\"630\" \/>\n\t<meta property=\"og:image:height\" content=\"388\" \/>\n\t<meta property=\"og:image:type\" content=\"image\/jpeg\" \/>\n<meta name=\"author\" content=\"Edici\u00f3n Web\" \/>\n<meta name=\"twitter:card\" content=\"summary_large_image\" \/>\n<meta name=\"twitter:creator\" content=\"@NOTICIEROS7\" \/>\n<meta name=\"twitter:site\" content=\"@NOTICIEROS7\" \/>\n<meta name=\"twitter:label1\" content=\"Escrito por\" \/>\n\t<meta name=\"twitter:data1\" content=\"Edici\u00f3n Web\" \/>\n\t<meta name=\"twitter:label2\" content=\"Tiempo de lectura\" \/>\n\t<meta name=\"twitter:data2\" content=\"1 minuto\" \/>\n<script type=\"application\/ld+json\" class=\"yoast-schema-graph\">{\"@context\":\"https:\\\/\\\/schema.org\",\"@graph\":[{\"@type\":\"Article\",\"@id\":\"https:\\\/\\\/canal7slp.tv\\\/2022\\\/se-interrumpira-el-servicio-de-agua-potable-de-villantigua-al-pedregal-debido-a-linea-de-distribucion-afectada-por-incendio\\\/#article\",\"isPartOf\":{\"@id\":\"https:\\\/\\\/canal7slp.tv\\\/2022\\\/se-interrumpira-el-servicio-de-agua-potable-de-villantigua-al-pedregal-debido-a-linea-de-distribucion-afectada-por-incendio\\\/\"},\"author\":{\"name\":\"Edici\u00f3n Web\",\"@id\":\"https:\\\/\\\/canal7slp.tv\\\/2022\\\/#\\\/schema\\\/person\\\/429704152a21f5f856ce29aa69a238da\"},\"headline\":\"Se interrumpir\u00e1 el servicio de agua potable de Villantigua al Pedregal, debido a l\u00ednea de distribuci\u00f3n afectada por incendio.\",\"datePublished\":\"2022-03-26T22:20:06+00:00\",\"mainEntityOfPage\":{\"@id\":\"https:\\\/\\\/canal7slp.tv\\\/2022\\\/se-interrumpira-el-servicio-de-agua-potable-de-villantigua-al-pedregal-debido-a-linea-de-distribucion-afectada-por-incendio\\\/\"},\"wordCount\":188,\"publisher\":{\"@id\":\"https:\\\/\\\/canal7slp.tv\\\/2022\\\/#organization\"},\"image\":{\"@id\":\"https:\\\/\\\/canal7slp.tv\\\/2022\\\/se-interrumpira-el-servicio-de-agua-potable-de-villantigua-al-pedregal-debido-a-linea-de-distribucion-afectada-por-incendio\\\/#primaryimage\"},\"thumbnailUrl\":\"https:\\\/\\\/canal7slp.tv\\\/2022\\\/wp-content\\\/uploads\\\/2022\\\/03\\\/AguaIncendio01a.jpg\",\"articleSection\":[\"LOCALES Y REGIONALES\"],\"inLanguage\":\"es\"},{\"@type\":\"WebPage\",\"@id\":\"https:\\\/\\\/canal7slp.tv\\\/2022\\\/se-interrumpira-el-servicio-de-agua-potable-de-villantigua-al-pedregal-debido-a-linea-de-distribucion-afectada-por-incendio\\\/\",\"url\":\"https:\\\/\\\/canal7slp.tv\\\/2022\\\/se-interrumpira-el-servicio-de-agua-potable-de-villantigua-al-pedregal-debido-a-linea-de-distribucion-afectada-por-incendio\\\/\",\"name\":\"Se interrumpir\u00e1 el servicio de agua potable de Villantigua al Pedregal, debido a l\u00ednea de distribuci\u00f3n afectada por incendio. - Canal 7 SLP - 2022\",\"isPartOf\":{\"@id\":\"https:\\\/\\\/canal7slp.tv\\\/2022\\\/#website\"},\"primaryImageOfPage\":{\"@id\":\"https:\\\/\\\/canal7slp.tv\\\/2022\\\/se-interrumpira-el-servicio-de-agua-potable-de-villantigua-al-pedregal-debido-a-linea-de-distribucion-afectada-por-incendio\\\/#primaryimage\"},\"image\":{\"@id\":\"https:\\\/\\\/canal7slp.tv\\\/2022\\\/se-interrumpira-el-servicio-de-agua-potable-de-villantigua-al-pedregal-debido-a-linea-de-distribucion-afectada-por-incendio\\\/#primaryimage\"},\"thumbnailUrl\":\"https:\\\/\\\/canal7slp.tv\\\/2022\\\/wp-content\\\/uploads\\\/2022\\\/03\\\/AguaIncendio01a.jpg\",\"datePublished\":\"2022-03-26T22:20:06+00:00\",\"breadcrumb\":{\"@id\":\"https:\\\/\\\/canal7slp.tv\\\/2022\\\/se-interrumpira-el-servicio-de-agua-potable-de-villantigua-al-pedregal-debido-a-linea-de-distribucion-afectada-por-incendio\\\/#breadcrumb\"},\"inLanguage\":\"es\",\"potentialAction\":[{\"@type\":\"ReadAction\",\"target\":[\"https:\\\/\\\/canal7slp.tv\\\/2022\\\/se-interrumpira-el-servicio-de-agua-potable-de-villantigua-al-pedregal-debido-a-linea-de-distribucion-afectada-por-incendio\\\/\"]}]},{\"@type\":\"ImageObject\",\"inLanguage\":\"es\",\"@id\":\"https:\\\/\\\/canal7slp.tv\\\/2022\\\/se-interrumpira-el-servicio-de-agua-potable-de-villantigua-al-pedregal-debido-a-linea-de-distribucion-afectada-por-incendio\\\/#primaryimage\",\"url\":\"https:\\\/\\\/canal7slp.tv\\\/2022\\\/wp-content\\\/uploads\\\/2022\\\/03\\\/AguaIncendio01a.jpg\",\"contentUrl\":\"https:\\\/\\\/canal7slp.tv\\\/2022\\\/wp-content\\\/uploads\\\/2022\\\/03\\\/AguaIncendio01a.jpg\",\"width\":630,\"height\":388},{\"@type\":\"BreadcrumbList\",\"@id\":\"https:\\\/\\\/canal7slp.tv\\\/2022\\\/se-interrumpira-el-servicio-de-agua-potable-de-villantigua-al-pedregal-debido-a-linea-de-distribucion-afectada-por-incendio\\\/#breadcrumb\",\"itemListElement\":[{\"@type\":\"ListItem\",\"position\":1,\"name\":\"Portada\",\"item\":\"https:\\\/\\\/canal7slp.tv\\\/2022\\\/\"},{\"@type\":\"ListItem\",\"position\":2,\"name\":\"Se interrumpir\u00e1 el servicio de agua potable de Villantigua al Pedregal, debido a l\u00ednea de distribuci\u00f3n afectada por incendio.\"}]},{\"@type\":\"WebSite\",\"@id\":\"https:\\\/\\\/canal7slp.tv\\\/2022\\\/#website\",\"url\":\"https:\\\/\\\/canal7slp.tv\\\/2022\\\/\",\"name\":\"N7 - Noticieros Canal 7\",\"description\":\"Somos Televisi\u00f3n\",\"publisher\":{\"@id\":\"https:\\\/\\\/canal7slp.tv\\\/2022\\\/#organization\"},\"potentialAction\":[{\"@type\":\"SearchAction\",\"target\":{\"@type\":\"EntryPoint\",\"urlTemplate\":\"https:\\\/\\\/canal7slp.tv\\\/2022\\\/?s={search_term_string}\"},\"query-input\":{\"@type\":\"PropertyValueSpecification\",\"valueRequired\":true,\"valueName\":\"search_term_string\"}}],\"inLanguage\":\"es\"},{\"@type\":\"Organization\",\"@id\":\"https:\\\/\\\/canal7slp.tv\\\/2022\\\/#organization\",\"name\":\"Noticieros Canal 7\",\"url\":\"https:\\\/\\\/canal7slp.tv\\\/2022\\\/\",\"logo\":{\"@type\":\"ImageObject\",\"inLanguage\":\"es\",\"@id\":\"https:\\\/\\\/canal7slp.tv\\\/2022\\\/#\\\/schema\\\/logo\\\/image\\\/\",\"url\":\"https:\\\/\\\/canal7slp.tv\\\/2022\\\/wp-content\\\/uploads\\\/2021\\\/01\\\/logo-noticieros@2x.png\",\"contentUrl\":\"https:\\\/\\\/canal7slp.tv\\\/2022\\\/wp-content\\\/uploads\\\/2021\\\/01\\\/logo-noticieros@2x.png\",\"width\":1017,\"height\":268,\"caption\":\"Noticieros Canal 7\"},\"image\":{\"@id\":\"https:\\\/\\\/canal7slp.tv\\\/2022\\\/#\\\/schema\\\/logo\\\/image\\\/\"},\"sameAs\":[\"https:\\\/\\\/www.facebook.com\\\/noticieroscanalsiete\",\"https:\\\/\\\/x.com\\\/NOTICIEROS7\",\"https:\\\/\\\/www.instagram.com\\\/canal7_slp\",\"https:\\\/\\\/www.youtube.com\\\/channel\\\/UCliiYs-gP3JfJeqdPrNdd5A\"]},{\"@type\":\"Person\",\"@id\":\"https:\\\/\\\/canal7slp.tv\\\/2022\\\/#\\\/schema\\\/person\\\/429704152a21f5f856ce29aa69a238da\",\"name\":\"Edici\u00f3n Web\",\"image\":{\"@type\":\"ImageObject\",\"inLanguage\":\"es\",\"@id\":\"https:\\\/\\\/secure.gravatar.com\\\/avatar\\\/eee448fc3f7164808013b816ba91ac7e43bbe82a70bebac296f8bc6f0addaa1a?s=96&d=mm&r=g\",\"url\":\"https:\\\/\\\/secure.gravatar.com\\\/avatar\\\/eee448fc3f7164808013b816ba91ac7e43bbe82a70bebac296f8bc6f0addaa1a?s=96&d=mm&r=g\",\"contentUrl\":\"https:\\\/\\\/secure.gravatar.com\\\/avatar\\\/eee448fc3f7164808013b816ba91ac7e43bbe82a70bebac296f8bc6f0addaa1a?s=96&d=mm&r=g\",\"caption\":\"Edici\u00f3n Web\"},\"url\":\"https:\\\/\\\/canal7slp.tv\\\/2022\\\/author\\\/edicionweb\\\/\"}]}<\/script>\n<!-- \/ Yoast SEO plugin. -->","yoast_head_json":{"title":"Se interrumpir\u00e1 el servicio de agua potable de Villantigua al Pedregal, debido a l\u00ednea de distribuci\u00f3n afectada por incendio. - Canal 7 SLP - 2022","robots":{"index":"index","follow":"follow","max-snippet":"max-snippet:-1","max-image-preview":"max-image-preview:large","max-video-preview":"max-video-preview:-1"},"canonical":"https:\/\/canal7slp.tv\/2022\/se-interrumpira-el-servicio-de-agua-potable-de-villantigua-al-pedregal-debido-a-linea-de-distribucion-afectada-por-incendio\/","og_locale":"es_ES","og_type":"article","og_title":"Se interrumpir\u00e1 el servicio de agua potable de Villantigua al Pedregal, debido a l\u00ednea de distribuci\u00f3n afectada por incendio. - Canal 7 SLP - 2022","og_description":"Interapas repara l\u00ednea en la zona poniente. SLP.- Derivado de un incendio en un lote bald\u00edo de perif\u00e9rico poniente -a la altura de una agencia de autos-, la l\u00ednea de distribuci\u00f3n de agua potable que abastece colonias en dicha zona sufri\u00f3 afectaciones. El siniestro fue controlado por el Cuerpo de Bomberos Metropolitanos de San Luis Potos\u00ed y fue as\u00ed como cuadrillas de Interapas intervinieron. La Direcci\u00f3n de Operaci\u00f3n y Mantenimiento inform\u00f3 que durante la presencia del fuego en el terreno, algunos tramos de la l\u00ednea de impulsi\u00f3n se vieron afectados. El servicio se suspender\u00e1 para evaluar la tuber\u00eda. Personal encargado [&hellip;]","og_url":"https:\/\/canal7slp.tv\/2022\/se-interrumpira-el-servicio-de-agua-potable-de-villantigua-al-pedregal-debido-a-linea-de-distribucion-afectada-por-incendio\/","og_site_name":"Canal 7 SLP - 2022","article_publisher":"https:\/\/www.facebook.com\/noticieroscanalsiete","article_published_time":"2022-03-26T22:20:06+00:00","og_image":[{"width":630,"height":388,"url":"https:\/\/canal7slp.tv\/2022\/wp-content\/uploads\/2022\/03\/AguaIncendio01a.jpg","type":"image\/jpeg"}],"author":"Edici\u00f3n Web","twitter_card":"summary_large_image","twitter_creator":"@NOTICIEROS7","twitter_site":"@NOTICIEROS7","twitter_misc":{"Escrito por":"Edici\u00f3n Web","Tiempo de lectura":"1 minuto"},"schema":{"@context":"https:\/\/schema.org","@graph":[{"@type":"Article","@id":"https:\/\/canal7slp.tv\/2022\/se-interrumpira-el-servicio-de-agua-potable-de-villantigua-al-pedregal-debido-a-linea-de-distribucion-afectada-por-incendio\/#article","isPartOf":{"@id":"https:\/\/canal7slp.tv\/2022\/se-interrumpira-el-servicio-de-agua-potable-de-villantigua-al-pedregal-debido-a-linea-de-distribucion-afectada-por-incendio\/"},"author":{"name":"Edici\u00f3n Web","@id":"https:\/\/canal7slp.tv\/2022\/#\/schema\/person\/429704152a21f5f856ce29aa69a238da"},"headline":"Se interrumpir\u00e1 el servicio de agua potable de Villantigua al Pedregal, debido a l\u00ednea de distribuci\u00f3n afectada por incendio.","datePublished":"2022-03-26T22:20:06+00:00","mainEntityOfPage":{"@id":"https:\/\/canal7slp.tv\/2022\/se-interrumpira-el-servicio-de-agua-potable-de-villantigua-al-pedregal-debido-a-linea-de-distribucion-afectada-por-incendio\/"},"wordCount":188,"publisher":{"@id":"https:\/\/canal7slp.tv\/2022\/#organization"},"image":{"@id":"https:\/\/canal7slp.tv\/2022\/se-interrumpira-el-servicio-de-agua-potable-de-villantigua-al-pedregal-debido-a-linea-de-distribucion-afectada-por-incendio\/#primaryimage"},"thumbnailUrl":"https:\/\/canal7slp.tv\/2022\/wp-content\/uploads\/2022\/03\/AguaIncendio01a.jpg","articleSection":["LOCALES Y REGIONALES"],"inLanguage":"es"},{"@type":"WebPage","@id":"https:\/\/canal7slp.tv\/2022\/se-interrumpira-el-servicio-de-agua-potable-de-villantigua-al-pedregal-debido-a-linea-de-distribucion-afectada-por-incendio\/","url":"https:\/\/canal7slp.tv\/2022\/se-interrumpira-el-servicio-de-agua-potable-de-villantigua-al-pedregal-debido-a-linea-de-distribucion-afectada-por-incendio\/","name":"Se interrumpir\u00e1 el servicio de agua potable de Villantigua al Pedregal, debido a l\u00ednea de distribuci\u00f3n afectada por incendio. - Canal 7 SLP - 2022","isPartOf":{"@id":"https:\/\/canal7slp.tv\/2022\/#website"},"primaryImageOfPage":{"@id":"https:\/\/canal7slp.tv\/2022\/se-interrumpira-el-servicio-de-agua-potable-de-villantigua-al-pedregal-debido-a-linea-de-distribucion-afectada-por-incendio\/#primaryimage"},"image":{"@id":"https:\/\/canal7slp.tv\/2022\/se-interrumpira-el-servicio-de-agua-potable-de-villantigua-al-pedregal-debido-a-linea-de-distribucion-afectada-por-incendio\/#primaryimage"},"thumbnailUrl":"https:\/\/canal7slp.tv\/2022\/wp-content\/uploads\/2022\/03\/AguaIncendio01a.jpg","datePublished":"2022-03-26T22:20:06+00:00","breadcrumb":{"@id":"https:\/\/canal7slp.tv\/2022\/se-interrumpira-el-servicio-de-agua-potable-de-villantigua-al-pedregal-debido-a-linea-de-distribucion-afectada-por-incendio\/#breadcrumb"},"inLanguage":"es","potentialAction":[{"@type":"ReadAction","target":["https:\/\/canal7slp.tv\/2022\/se-interrumpira-el-servicio-de-agua-potable-de-villantigua-al-pedregal-debido-a-linea-de-distribucion-afectada-por-incendio\/"]}]},{"@type":"ImageObject","inLanguage":"es","@id":"https:\/\/canal7slp.tv\/2022\/se-interrumpira-el-servicio-de-agua-potable-de-villantigua-al-pedregal-debido-a-linea-de-distribucion-afectada-por-incendio\/#primaryimage","url":"https:\/\/canal7slp.tv\/2022\/wp-content\/uploads\/2022\/03\/AguaIncendio01a.jpg","contentUrl":"https:\/\/canal7slp.tv\/2022\/wp-content\/uploads\/2022\/03\/AguaIncendio01a.jpg","width":630,"height":388},{"@type":"BreadcrumbList","@id":"https:\/\/canal7slp.tv\/2022\/se-interrumpira-el-servicio-de-agua-potable-de-villantigua-al-pedregal-debido-a-linea-de-distribucion-afectada-por-incendio\/#breadcrumb","itemListElement":[{"@type":"ListItem","position":1,"name":"Portada","item":"https:\/\/canal7slp.tv\/2022\/"},{"@type":"ListItem","position":2,"name":"Se interrumpir\u00e1 el servicio de agua potable de Villantigua al Pedregal, debido a l\u00ednea de distribuci\u00f3n afectada por incendio."}]},{"@type":"WebSite","@id":"https:\/\/canal7slp.tv\/2022\/#website","url":"https:\/\/canal7slp.tv\/2022\/","name":"N7 - Noticieros Canal 7","description":"Somos Televisi\u00f3n","publisher":{"@id":"https:\/\/canal7slp.tv\/2022\/#organization"},"potentialAction":[{"@type":"SearchAction","target":{"@type":"EntryPoint","urlTemplate":"https:\/\/canal7slp.tv\/2022\/?s={search_term_string}"},"query-input":{"@type":"PropertyValueSpecification","valueRequired":true,"valueName":"search_term_string"}}],"inLanguage":"es"},{"@type":"Organization","@id":"https:\/\/canal7slp.tv\/2022\/#organization","name":"Noticieros Canal 7","url":"https:\/\/canal7slp.tv\/2022\/","logo":{"@type":"ImageObject","inLanguage":"es","@id":"https:\/\/canal7slp.tv\/2022\/#\/schema\/logo\/image\/","url":"https:\/\/canal7slp.tv\/2022\/wp-content\/uploads\/2021\/01\/logo-noticieros@2x.png","contentUrl":"https:\/\/canal7slp.tv\/2022\/wp-content\/uploads\/2021\/01\/logo-noticieros@2x.png","width":1017,"height":268,"caption":"Noticieros Canal 7"},"image":{"@id":"https:\/\/canal7slp.tv\/2022\/#\/schema\/logo\/image\/"},"sameAs":["https:\/\/www.facebook.com\/noticieroscanalsiete","https:\/\/x.com\/NOTICIEROS7","https:\/\/www.instagram.com\/canal7_slp","https:\/\/www.youtube.com\/channel\/UCliiYs-gP3JfJeqdPrNdd5A"]},{"@type":"Person","@id":"https:\/\/canal7slp.tv\/2022\/#\/schema\/person\/429704152a21f5f856ce29aa69a238da","name":"Edici\u00f3n Web","image":{"@type":"ImageObject","inLanguage":"es","@id":"https:\/\/secure.gravatar.com\/avatar\/eee448fc3f7164808013b816ba91ac7e43bbe82a70bebac296f8bc6f0addaa1a?s=96&d=mm&r=g","url":"https:\/\/secure.gravatar.com\/avatar\/eee448fc3f7164808013b816ba91ac7e43bbe82a70bebac296f8bc6f0addaa1a?s=96&d=mm&r=g","contentUrl":"https:\/\/secure.gravatar.com\/avatar\/eee448fc3f7164808013b816ba91ac7e43bbe82a70bebac296f8bc6f0addaa1a?s=96&d=mm&r=g","caption":"Edici\u00f3n Web"},"url":"https:\/\/canal7slp.tv\/2022\/author\/edicionweb\/"}]}},"amp_enabled":true,"_links":{"self":[{"href":"https:\/\/canal7slp.tv\/2022\/wp-json\/wp\/v2\/posts\/55374","targetHints":{"allow":["GET"]}}],"collection":[{"href":"https:\/\/canal7slp.tv\/2022\/wp-json\/wp\/v2\/posts"}],"about":[{"href":"https:\/\/canal7slp.tv\/2022\/wp-json\/wp\/v2\/types\/post"}],"author":[{"embeddable":true,"href":"https:\/\/canal7slp.tv\/2022\/wp-json\/wp\/v2\/users\/2"}],"replies":[{"embeddable":true,"href":"https:\/\/canal7slp.tv\/2022\/wp-json\/wp\/v2\/comments?post=55374"}],"version-history":[{"count":1,"href":"https:\/\/canal7slp.tv\/2022\/wp-json\/wp\/v2\/posts\/55374\/revisions"}],"predecessor-version":[{"id":55378,"href":"https:\/\/canal7slp.tv\/2022\/wp-json\/wp\/v2\/posts\/55374\/revisions\/55378"}],"wp:featuredmedia":[{"embeddable":true,"href":"https:\/\/canal7slp.tv\/2022\/wp-json\/wp\/v2\/media\/55375"}],"wp:attachment":[{"href":"https:\/\/canal7slp.tv\/2022\/wp-json\/wp\/v2\/media?parent=55374"}],"wp:term":[{"taxonomy":"category","embeddable":true,"href":"https:\/\/canal7slp.tv\/2022\/wp-json\/wp\/v2\/categories?post=55374"},{"taxonomy":"post_tag","embeddable":true,"href":"https:\/\/canal7slp.tv\/2022\/wp-json\/wp\/v2\/tags?post=55374"}],"curies":[{"name":"wp","href":"https:\/\/api.w.org\/{rel}","templated":true}]}}