{"id":55354,"date":"2022-03-26T16:13:23","date_gmt":"2022-03-26T22:13:23","guid":{"rendered":"https:\/\/canal7slp.tv\/2022\/?p=55354"},"modified":"2022-03-26T16:13:23","modified_gmt":"2022-03-26T22:13:23","slug":"ucrania-eleva-a-136-la-cifra-de-infantes-muertos-durante-invasion-rusa","status":"publish","type":"post","link":"https:\/\/canal7slp.tv\/2022\/ucrania-eleva-a-136-la-cifra-de-infantes-muertos-durante-invasion-rusa\/","title":{"rendered":"Ucrania eleva a 136 la cifra de infantes muertos durante invasi\u00f3n rusa"},"content":{"rendered":"<p style=\"text-align: justify;\">Kiev.- De acuerdo con la Fiscal\u00eda General de Ucrania, ya son 136 los menores de edad que han muerto a consecuencia de la invasi\u00f3n rusa, misma que inicio el 24 de febrero.<\/p>\n<p style=\"text-align: justify;\">Aunado a esta cifra, se revel\u00f3 que al menos 199 menores m\u00e1s han resultado heridos durante el conflicto armado.<\/p>\n<p style=\"text-align: justify;\">Cabe se\u00f1alar que el grueso de las v\u00edctimas se ha producido en Kiev.<\/p>\n<p style=\"text-align: justify;\">Asimismo, la Fiscal\u00eda contabiliza 570 edificios escolares que han sido atacados por parte del ej\u00e9rcito ruso, resultando en 73 que han sido destruidos en su totalidad.<\/p>\n","protected":false},"excerpt":{"rendered":"<p>Kiev.- De acuerdo con la Fiscal\u00eda General de Ucrania, ya son 136 los menores de edad que han muerto a consecuencia de la invasi\u00f3n rusa, misma que inicio el 24 de febrero. Aunado a esta cifra, se revel\u00f3 que al menos 199 menores m\u00e1s han resultado heridos durante el conflicto armado. Cabe se\u00f1alar que el grueso de las v\u00edctimas se ha producido en Kiev. Asimismo, la Fiscal\u00eda contabiliza 570 edificios escolares que han sido atacados por parte del ej\u00e9rcito ruso, resultando en 73 que han sido destruidos en su totalidad.<\/p>\n","protected":false},"author":2,"featured_media":55364,"comment_status":"closed","ping_status":"closed","sticky":false,"template":"","format":"standard","meta":{"footnotes":""},"categories":[44],"tags":[],"class_list":["post-55354","post","type-post","status-publish","format-standard","has-post-thumbnail","hentry","category-internacional","post--single"],"yoast_head":"<!-- This site is optimized with the Yoast SEO plugin v27.4 - https:\/\/yoast.com\/product\/yoast-seo-wordpress\/ -->\n<title>Ucrania eleva a 136 la cifra de infantes muertos durante invasi\u00f3n rusa - Canal 7 SLP - 2022<\/title>\n<meta name=\"robots\" content=\"index, follow, max-snippet:-1, max-image-preview:large, max-video-preview:-1\" \/>\n<link rel=\"canonical\" href=\"https:\/\/canal7slp.tv\/2022\/ucrania-eleva-a-136-la-cifra-de-infantes-muertos-durante-invasion-rusa\/\" \/>\n<meta property=\"og:locale\" content=\"es_ES\" \/>\n<meta property=\"og:type\" content=\"article\" \/>\n<meta property=\"og:title\" content=\"Ucrania eleva a 136 la cifra de infantes muertos durante invasi\u00f3n rusa - Canal 7 SLP - 2022\" \/>\n<meta property=\"og:description\" content=\"Kiev.- De acuerdo con la Fiscal\u00eda General de Ucrania, ya son 136 los menores de edad que han muerto a consecuencia de la invasi\u00f3n rusa, misma que inicio el 24 de febrero. Aunado a esta cifra, se revel\u00f3 que al menos 199 menores m\u00e1s han resultado heridos durante el conflicto armado. Cabe se\u00f1alar que el grueso de las v\u00edctimas se ha producido en Kiev. Asimismo, la Fiscal\u00eda contabiliza 570 edificios escolares que han sido atacados por parte del ej\u00e9rcito ruso, resultando en 73 que han sido destruidos en su totalidad.\" \/>\n<meta property=\"og:url\" content=\"https:\/\/canal7slp.tv\/2022\/ucrania-eleva-a-136-la-cifra-de-infantes-muertos-durante-invasion-rusa\/\" \/>\n<meta property=\"og:site_name\" content=\"Canal 7 SLP - 2022\" \/>\n<meta property=\"article:publisher\" content=\"https:\/\/www.facebook.com\/noticieroscanalsiete\" \/>\n<meta property=\"article:published_time\" content=\"2022-03-26T22:13:23+00:00\" \/>\n<meta property=\"og:image\" content=\"https:\/\/canal7slp.tv\/2022\/wp-content\/uploads\/2022\/03\/03-20.jpg\" \/>\n\t<meta property=\"og:image:width\" content=\"700\" \/>\n\t<meta property=\"og:image:height\" content=\"438\" \/>\n\t<meta property=\"og:image:type\" content=\"image\/jpeg\" \/>\n<meta name=\"author\" content=\"Edici\u00f3n Web\" \/>\n<meta name=\"twitter:card\" content=\"summary_large_image\" \/>\n<meta name=\"twitter:creator\" content=\"@NOTICIEROS7\" \/>\n<meta name=\"twitter:site\" content=\"@NOTICIEROS7\" \/>\n<meta name=\"twitter:label1\" content=\"Escrito por\" \/>\n\t<meta name=\"twitter:data1\" content=\"Edici\u00f3n Web\" \/>\n\t<meta name=\"twitter:label2\" content=\"Tiempo de lectura\" \/>\n\t<meta name=\"twitter:data2\" content=\"1 minuto\" \/>\n<script type=\"application\/ld+json\" class=\"yoast-schema-graph\">{\"@context\":\"https:\\\/\\\/schema.org\",\"@graph\":[{\"@type\":\"Article\",\"@id\":\"https:\\\/\\\/canal7slp.tv\\\/2022\\\/ucrania-eleva-a-136-la-cifra-de-infantes-muertos-durante-invasion-rusa\\\/#article\",\"isPartOf\":{\"@id\":\"https:\\\/\\\/canal7slp.tv\\\/2022\\\/ucrania-eleva-a-136-la-cifra-de-infantes-muertos-durante-invasion-rusa\\\/\"},\"author\":{\"name\":\"Edici\u00f3n Web\",\"@id\":\"https:\\\/\\\/canal7slp.tv\\\/2022\\\/#\\\/schema\\\/person\\\/429704152a21f5f856ce29aa69a238da\"},\"headline\":\"Ucrania eleva a 136 la cifra de infantes muertos durante invasi\u00f3n rusa\",\"datePublished\":\"2022-03-26T22:13:23+00:00\",\"mainEntityOfPage\":{\"@id\":\"https:\\\/\\\/canal7slp.tv\\\/2022\\\/ucrania-eleva-a-136-la-cifra-de-infantes-muertos-durante-invasion-rusa\\\/\"},\"wordCount\":105,\"publisher\":{\"@id\":\"https:\\\/\\\/canal7slp.tv\\\/2022\\\/#organization\"},\"image\":{\"@id\":\"https:\\\/\\\/canal7slp.tv\\\/2022\\\/ucrania-eleva-a-136-la-cifra-de-infantes-muertos-durante-invasion-rusa\\\/#primaryimage\"},\"thumbnailUrl\":\"https:\\\/\\\/canal7slp.tv\\\/2022\\\/wp-content\\\/uploads\\\/2022\\\/03\\\/03-20.jpg\",\"articleSection\":[\"INTERNACIONALES\"],\"inLanguage\":\"es\"},{\"@type\":\"WebPage\",\"@id\":\"https:\\\/\\\/canal7slp.tv\\\/2022\\\/ucrania-eleva-a-136-la-cifra-de-infantes-muertos-durante-invasion-rusa\\\/\",\"url\":\"https:\\\/\\\/canal7slp.tv\\\/2022\\\/ucrania-eleva-a-136-la-cifra-de-infantes-muertos-durante-invasion-rusa\\\/\",\"name\":\"Ucrania eleva a 136 la cifra de infantes muertos durante invasi\u00f3n rusa - Canal 7 SLP - 2022\",\"isPartOf\":{\"@id\":\"https:\\\/\\\/canal7slp.tv\\\/2022\\\/#website\"},\"primaryImageOfPage\":{\"@id\":\"https:\\\/\\\/canal7slp.tv\\\/2022\\\/ucrania-eleva-a-136-la-cifra-de-infantes-muertos-durante-invasion-rusa\\\/#primaryimage\"},\"image\":{\"@id\":\"https:\\\/\\\/canal7slp.tv\\\/2022\\\/ucrania-eleva-a-136-la-cifra-de-infantes-muertos-durante-invasion-rusa\\\/#primaryimage\"},\"thumbnailUrl\":\"https:\\\/\\\/canal7slp.tv\\\/2022\\\/wp-content\\\/uploads\\\/2022\\\/03\\\/03-20.jpg\",\"datePublished\":\"2022-03-26T22:13:23+00:00\",\"breadcrumb\":{\"@id\":\"https:\\\/\\\/canal7slp.tv\\\/2022\\\/ucrania-eleva-a-136-la-cifra-de-infantes-muertos-durante-invasion-rusa\\\/#breadcrumb\"},\"inLanguage\":\"es\",\"potentialAction\":[{\"@type\":\"ReadAction\",\"target\":[\"https:\\\/\\\/canal7slp.tv\\\/2022\\\/ucrania-eleva-a-136-la-cifra-de-infantes-muertos-durante-invasion-rusa\\\/\"]}]},{\"@type\":\"ImageObject\",\"inLanguage\":\"es\",\"@id\":\"https:\\\/\\\/canal7slp.tv\\\/2022\\\/ucrania-eleva-a-136-la-cifra-de-infantes-muertos-durante-invasion-rusa\\\/#primaryimage\",\"url\":\"https:\\\/\\\/canal7slp.tv\\\/2022\\\/wp-content\\\/uploads\\\/2022\\\/03\\\/03-20.jpg\",\"contentUrl\":\"https:\\\/\\\/canal7slp.tv\\\/2022\\\/wp-content\\\/uploads\\\/2022\\\/03\\\/03-20.jpg\",\"width\":700,\"height\":438},{\"@type\":\"BreadcrumbList\",\"@id\":\"https:\\\/\\\/canal7slp.tv\\\/2022\\\/ucrania-eleva-a-136-la-cifra-de-infantes-muertos-durante-invasion-rusa\\\/#breadcrumb\",\"itemListElement\":[{\"@type\":\"ListItem\",\"position\":1,\"name\":\"Portada\",\"item\":\"https:\\\/\\\/canal7slp.tv\\\/2022\\\/\"},{\"@type\":\"ListItem\",\"position\":2,\"name\":\"Ucrania eleva a 136 la cifra de infantes muertos durante invasi\u00f3n rusa\"}]},{\"@type\":\"WebSite\",\"@id\":\"https:\\\/\\\/canal7slp.tv\\\/2022\\\/#website\",\"url\":\"https:\\\/\\\/canal7slp.tv\\\/2022\\\/\",\"name\":\"N7 - Noticieros Canal 7\",\"description\":\"Somos Televisi\u00f3n\",\"publisher\":{\"@id\":\"https:\\\/\\\/canal7slp.tv\\\/2022\\\/#organization\"},\"potentialAction\":[{\"@type\":\"SearchAction\",\"target\":{\"@type\":\"EntryPoint\",\"urlTemplate\":\"https:\\\/\\\/canal7slp.tv\\\/2022\\\/?s={search_term_string}\"},\"query-input\":{\"@type\":\"PropertyValueSpecification\",\"valueRequired\":true,\"valueName\":\"search_term_string\"}}],\"inLanguage\":\"es\"},{\"@type\":\"Organization\",\"@id\":\"https:\\\/\\\/canal7slp.tv\\\/2022\\\/#organization\",\"name\":\"Noticieros Canal 7\",\"url\":\"https:\\\/\\\/canal7slp.tv\\\/2022\\\/\",\"logo\":{\"@type\":\"ImageObject\",\"inLanguage\":\"es\",\"@id\":\"https:\\\/\\\/canal7slp.tv\\\/2022\\\/#\\\/schema\\\/logo\\\/image\\\/\",\"url\":\"https:\\\/\\\/canal7slp.tv\\\/2022\\\/wp-content\\\/uploads\\\/2021\\\/01\\\/logo-noticieros@2x.png\",\"contentUrl\":\"https:\\\/\\\/canal7slp.tv\\\/2022\\\/wp-content\\\/uploads\\\/2021\\\/01\\\/logo-noticieros@2x.png\",\"width\":1017,\"height\":268,\"caption\":\"Noticieros Canal 7\"},\"image\":{\"@id\":\"https:\\\/\\\/canal7slp.tv\\\/2022\\\/#\\\/schema\\\/logo\\\/image\\\/\"},\"sameAs\":[\"https:\\\/\\\/www.facebook.com\\\/noticieroscanalsiete\",\"https:\\\/\\\/x.com\\\/NOTICIEROS7\",\"https:\\\/\\\/www.instagram.com\\\/canal7_slp\",\"https:\\\/\\\/www.youtube.com\\\/channel\\\/UCliiYs-gP3JfJeqdPrNdd5A\"]},{\"@type\":\"Person\",\"@id\":\"https:\\\/\\\/canal7slp.tv\\\/2022\\\/#\\\/schema\\\/person\\\/429704152a21f5f856ce29aa69a238da\",\"name\":\"Edici\u00f3n Web\",\"image\":{\"@type\":\"ImageObject\",\"inLanguage\":\"es\",\"@id\":\"https:\\\/\\\/secure.gravatar.com\\\/avatar\\\/eee448fc3f7164808013b816ba91ac7e43bbe82a70bebac296f8bc6f0addaa1a?s=96&d=mm&r=g\",\"url\":\"https:\\\/\\\/secure.gravatar.com\\\/avatar\\\/eee448fc3f7164808013b816ba91ac7e43bbe82a70bebac296f8bc6f0addaa1a?s=96&d=mm&r=g\",\"contentUrl\":\"https:\\\/\\\/secure.gravatar.com\\\/avatar\\\/eee448fc3f7164808013b816ba91ac7e43bbe82a70bebac296f8bc6f0addaa1a?s=96&d=mm&r=g\",\"caption\":\"Edici\u00f3n Web\"},\"url\":\"https:\\\/\\\/canal7slp.tv\\\/2022\\\/author\\\/edicionweb\\\/\"}]}<\/script>\n<!-- \/ Yoast SEO plugin. -->","yoast_head_json":{"title":"Ucrania eleva a 136 la cifra de infantes muertos durante invasi\u00f3n rusa - Canal 7 SLP - 2022","robots":{"index":"index","follow":"follow","max-snippet":"max-snippet:-1","max-image-preview":"max-image-preview:large","max-video-preview":"max-video-preview:-1"},"canonical":"https:\/\/canal7slp.tv\/2022\/ucrania-eleva-a-136-la-cifra-de-infantes-muertos-durante-invasion-rusa\/","og_locale":"es_ES","og_type":"article","og_title":"Ucrania eleva a 136 la cifra de infantes muertos durante invasi\u00f3n rusa - Canal 7 SLP - 2022","og_description":"Kiev.- De acuerdo con la Fiscal\u00eda General de Ucrania, ya son 136 los menores de edad que han muerto a consecuencia de la invasi\u00f3n rusa, misma que inicio el 24 de febrero. Aunado a esta cifra, se revel\u00f3 que al menos 199 menores m\u00e1s han resultado heridos durante el conflicto armado. Cabe se\u00f1alar que el grueso de las v\u00edctimas se ha producido en Kiev. Asimismo, la Fiscal\u00eda contabiliza 570 edificios escolares que han sido atacados por parte del ej\u00e9rcito ruso, resultando en 73 que han sido destruidos en su totalidad.","og_url":"https:\/\/canal7slp.tv\/2022\/ucrania-eleva-a-136-la-cifra-de-infantes-muertos-durante-invasion-rusa\/","og_site_name":"Canal 7 SLP - 2022","article_publisher":"https:\/\/www.facebook.com\/noticieroscanalsiete","article_published_time":"2022-03-26T22:13:23+00:00","og_image":[{"width":700,"height":438,"url":"https:\/\/canal7slp.tv\/2022\/wp-content\/uploads\/2022\/03\/03-20.jpg","type":"image\/jpeg"}],"author":"Edici\u00f3n Web","twitter_card":"summary_large_image","twitter_creator":"@NOTICIEROS7","twitter_site":"@NOTICIEROS7","twitter_misc":{"Escrito por":"Edici\u00f3n Web","Tiempo de lectura":"1 minuto"},"schema":{"@context":"https:\/\/schema.org","@graph":[{"@type":"Article","@id":"https:\/\/canal7slp.tv\/2022\/ucrania-eleva-a-136-la-cifra-de-infantes-muertos-durante-invasion-rusa\/#article","isPartOf":{"@id":"https:\/\/canal7slp.tv\/2022\/ucrania-eleva-a-136-la-cifra-de-infantes-muertos-durante-invasion-rusa\/"},"author":{"name":"Edici\u00f3n Web","@id":"https:\/\/canal7slp.tv\/2022\/#\/schema\/person\/429704152a21f5f856ce29aa69a238da"},"headline":"Ucrania eleva a 136 la cifra de infantes muertos durante invasi\u00f3n rusa","datePublished":"2022-03-26T22:13:23+00:00","mainEntityOfPage":{"@id":"https:\/\/canal7slp.tv\/2022\/ucrania-eleva-a-136-la-cifra-de-infantes-muertos-durante-invasion-rusa\/"},"wordCount":105,"publisher":{"@id":"https:\/\/canal7slp.tv\/2022\/#organization"},"image":{"@id":"https:\/\/canal7slp.tv\/2022\/ucrania-eleva-a-136-la-cifra-de-infantes-muertos-durante-invasion-rusa\/#primaryimage"},"thumbnailUrl":"https:\/\/canal7slp.tv\/2022\/wp-content\/uploads\/2022\/03\/03-20.jpg","articleSection":["INTERNACIONALES"],"inLanguage":"es"},{"@type":"WebPage","@id":"https:\/\/canal7slp.tv\/2022\/ucrania-eleva-a-136-la-cifra-de-infantes-muertos-durante-invasion-rusa\/","url":"https:\/\/canal7slp.tv\/2022\/ucrania-eleva-a-136-la-cifra-de-infantes-muertos-durante-invasion-rusa\/","name":"Ucrania eleva a 136 la cifra de infantes muertos durante invasi\u00f3n rusa - Canal 7 SLP - 2022","isPartOf":{"@id":"https:\/\/canal7slp.tv\/2022\/#website"},"primaryImageOfPage":{"@id":"https:\/\/canal7slp.tv\/2022\/ucrania-eleva-a-136-la-cifra-de-infantes-muertos-durante-invasion-rusa\/#primaryimage"},"image":{"@id":"https:\/\/canal7slp.tv\/2022\/ucrania-eleva-a-136-la-cifra-de-infantes-muertos-durante-invasion-rusa\/#primaryimage"},"thumbnailUrl":"https:\/\/canal7slp.tv\/2022\/wp-content\/uploads\/2022\/03\/03-20.jpg","datePublished":"2022-03-26T22:13:23+00:00","breadcrumb":{"@id":"https:\/\/canal7slp.tv\/2022\/ucrania-eleva-a-136-la-cifra-de-infantes-muertos-durante-invasion-rusa\/#breadcrumb"},"inLanguage":"es","potentialAction":[{"@type":"ReadAction","target":["https:\/\/canal7slp.tv\/2022\/ucrania-eleva-a-136-la-cifra-de-infantes-muertos-durante-invasion-rusa\/"]}]},{"@type":"ImageObject","inLanguage":"es","@id":"https:\/\/canal7slp.tv\/2022\/ucrania-eleva-a-136-la-cifra-de-infantes-muertos-durante-invasion-rusa\/#primaryimage","url":"https:\/\/canal7slp.tv\/2022\/wp-content\/uploads\/2022\/03\/03-20.jpg","contentUrl":"https:\/\/canal7slp.tv\/2022\/wp-content\/uploads\/2022\/03\/03-20.jpg","width":700,"height":438},{"@type":"BreadcrumbList","@id":"https:\/\/canal7slp.tv\/2022\/ucrania-eleva-a-136-la-cifra-de-infantes-muertos-durante-invasion-rusa\/#breadcrumb","itemListElement":[{"@type":"ListItem","position":1,"name":"Portada","item":"https:\/\/canal7slp.tv\/2022\/"},{"@type":"ListItem","position":2,"name":"Ucrania eleva a 136 la cifra de infantes muertos durante invasi\u00f3n rusa"}]},{"@type":"WebSite","@id":"https:\/\/canal7slp.tv\/2022\/#website","url":"https:\/\/canal7slp.tv\/2022\/","name":"N7 - Noticieros Canal 7","description":"Somos Televisi\u00f3n","publisher":{"@id":"https:\/\/canal7slp.tv\/2022\/#organization"},"potentialAction":[{"@type":"SearchAction","target":{"@type":"EntryPoint","urlTemplate":"https:\/\/canal7slp.tv\/2022\/?s={search_term_string}"},"query-input":{"@type":"PropertyValueSpecification","valueRequired":true,"valueName":"search_term_string"}}],"inLanguage":"es"},{"@type":"Organization","@id":"https:\/\/canal7slp.tv\/2022\/#organization","name":"Noticieros Canal 7","url":"https:\/\/canal7slp.tv\/2022\/","logo":{"@type":"ImageObject","inLanguage":"es","@id":"https:\/\/canal7slp.tv\/2022\/#\/schema\/logo\/image\/","url":"https:\/\/canal7slp.tv\/2022\/wp-content\/uploads\/2021\/01\/logo-noticieros@2x.png","contentUrl":"https:\/\/canal7slp.tv\/2022\/wp-content\/uploads\/2021\/01\/logo-noticieros@2x.png","width":1017,"height":268,"caption":"Noticieros Canal 7"},"image":{"@id":"https:\/\/canal7slp.tv\/2022\/#\/schema\/logo\/image\/"},"sameAs":["https:\/\/www.facebook.com\/noticieroscanalsiete","https:\/\/x.com\/NOTICIEROS7","https:\/\/www.instagram.com\/canal7_slp","https:\/\/www.youtube.com\/channel\/UCliiYs-gP3JfJeqdPrNdd5A"]},{"@type":"Person","@id":"https:\/\/canal7slp.tv\/2022\/#\/schema\/person\/429704152a21f5f856ce29aa69a238da","name":"Edici\u00f3n Web","image":{"@type":"ImageObject","inLanguage":"es","@id":"https:\/\/secure.gravatar.com\/avatar\/eee448fc3f7164808013b816ba91ac7e43bbe82a70bebac296f8bc6f0addaa1a?s=96&d=mm&r=g","url":"https:\/\/secure.gravatar.com\/avatar\/eee448fc3f7164808013b816ba91ac7e43bbe82a70bebac296f8bc6f0addaa1a?s=96&d=mm&r=g","contentUrl":"https:\/\/secure.gravatar.com\/avatar\/eee448fc3f7164808013b816ba91ac7e43bbe82a70bebac296f8bc6f0addaa1a?s=96&d=mm&r=g","caption":"Edici\u00f3n Web"},"url":"https:\/\/canal7slp.tv\/2022\/author\/edicionweb\/"}]}},"amp_enabled":true,"_links":{"self":[{"href":"https:\/\/canal7slp.tv\/2022\/wp-json\/wp\/v2\/posts\/55354","targetHints":{"allow":["GET"]}}],"collection":[{"href":"https:\/\/canal7slp.tv\/2022\/wp-json\/wp\/v2\/posts"}],"about":[{"href":"https:\/\/canal7slp.tv\/2022\/wp-json\/wp\/v2\/types\/post"}],"author":[{"embeddable":true,"href":"https:\/\/canal7slp.tv\/2022\/wp-json\/wp\/v2\/users\/2"}],"replies":[{"embeddable":true,"href":"https:\/\/canal7slp.tv\/2022\/wp-json\/wp\/v2\/comments?post=55354"}],"version-history":[{"count":3,"href":"https:\/\/canal7slp.tv\/2022\/wp-json\/wp\/v2\/posts\/55354\/revisions"}],"predecessor-version":[{"id":55370,"href":"https:\/\/canal7slp.tv\/2022\/wp-json\/wp\/v2\/posts\/55354\/revisions\/55370"}],"wp:featuredmedia":[{"embeddable":true,"href":"https:\/\/canal7slp.tv\/2022\/wp-json\/wp\/v2\/media\/55364"}],"wp:attachment":[{"href":"https:\/\/canal7slp.tv\/2022\/wp-json\/wp\/v2\/media?parent=55354"}],"wp:term":[{"taxonomy":"category","embeddable":true,"href":"https:\/\/canal7slp.tv\/2022\/wp-json\/wp\/v2\/categories?post=55354"},{"taxonomy":"post_tag","embeddable":true,"href":"https:\/\/canal7slp.tv\/2022\/wp-json\/wp\/v2\/tags?post=55354"}],"curies":[{"name":"wp","href":"https:\/\/api.w.org\/{rel}","templated":true}]}}