{"id":55353,"date":"2022-03-26T16:15:37","date_gmt":"2022-03-26T22:15:37","guid":{"rendered":"https:\/\/canal7slp.tv\/2022\/?p=55353"},"modified":"2022-03-26T16:15:37","modified_gmt":"2022-03-26T22:15:37","slug":"defensa-de-el-bronco-analiza-demandar-por-filtracion-de-imagenes-del-exmandatario","status":"publish","type":"post","link":"https:\/\/canal7slp.tv\/2022\/defensa-de-el-bronco-analiza-demandar-por-filtracion-de-imagenes-del-exmandatario\/","title":{"rendered":"Defensa de \u201cEl Bronco\u201d analiza demandar por filtraci\u00f3n de im\u00e1genes del exmandatario"},"content":{"rendered":"<p style=\"text-align: justify;\">Nuevo Le\u00f3n.- La defensa Jaime Rodr\u00edguez Calder\u00f3n, alias \u201cEl Bronco\u201d, analiza presentar una demanda por la filtraci\u00f3n de fotograf\u00edas y videos del exmandatario, las cuales que salieron a la luz tras la detenci\u00f3n de su cliente.<\/p>\n<p style=\"text-align: justify;\">Gabriel Garc\u00eda P\u00e9rez, miembro del equipo legal que defiende a \u201cEl Bronco\u201d, revel\u00f3 que su cliente se habr\u00eda reunido con personal de la Comisi\u00f3n Estatal de Derechos Humanos de Nuevo Le\u00f3n (CNDHNL), a fin de ver la opci\u00f3n de continuar con dicha queja de la cual la dependencia abri\u00f3 de oficio por los hechos antes mencionados.<\/p>\n<p style=\"text-align: justify;\">\u00abEvidentemente aqu\u00ed hay algo bien importante, el derecho de inocencia, no de presunci\u00f3n, sino de inocencia, es un derecho que le asiste a toda persona imputada de un delito; pues debe de prevalecer no solamente en la ley como una presunci\u00f3n legal, sino como un trato procesal que debe d\u00e1rsele a toda persona, no nada m\u00e1s al ingeniero en este caso sino a toda persona imputada y a\u00fan m\u00e1s a una persona que se encuentra privada de su libertad\u00bb, declar\u00f3 el abogado.<\/p>\n","protected":false},"excerpt":{"rendered":"<p>Nuevo Le\u00f3n.- La defensa Jaime Rodr\u00edguez Calder\u00f3n, alias \u201cEl Bronco\u201d, analiza presentar una demanda por la filtraci\u00f3n de fotograf\u00edas y videos del exmandatario, las cuales que salieron a la luz tras la detenci\u00f3n de su cliente. Gabriel Garc\u00eda P\u00e9rez, miembro del equipo legal que defiende a \u201cEl Bronco\u201d, revel\u00f3 que su cliente se habr\u00eda reunido con personal de la Comisi\u00f3n Estatal de Derechos Humanos de Nuevo Le\u00f3n (CNDHNL), a fin de ver la opci\u00f3n de continuar con dicha queja de la cual la dependencia abri\u00f3 de oficio por los hechos antes mencionados. \u00abEvidentemente aqu\u00ed hay algo bien importante, el derecho [&hellip;]<\/p>\n","protected":false},"author":2,"featured_media":55363,"comment_status":"closed","ping_status":"closed","sticky":false,"template":"","format":"standard","meta":{"footnotes":""},"categories":[46],"tags":[],"class_list":["post-55353","post","type-post","status-publish","format-standard","has-post-thumbnail","hentry","category-nacional","post--single"],"yoast_head":"<!-- This site is optimized with the Yoast SEO plugin v27.4 - https:\/\/yoast.com\/product\/yoast-seo-wordpress\/ -->\n<title>Defensa de \u201cEl Bronco\u201d analiza demandar por filtraci\u00f3n de im\u00e1genes del exmandatario - Canal 7 SLP - 2022<\/title>\n<meta name=\"robots\" content=\"index, follow, max-snippet:-1, max-image-preview:large, max-video-preview:-1\" \/>\n<link rel=\"canonical\" href=\"https:\/\/canal7slp.tv\/2022\/defensa-de-el-bronco-analiza-demandar-por-filtracion-de-imagenes-del-exmandatario\/\" \/>\n<meta property=\"og:locale\" content=\"es_ES\" \/>\n<meta property=\"og:type\" content=\"article\" \/>\n<meta property=\"og:title\" content=\"Defensa de \u201cEl Bronco\u201d analiza demandar por filtraci\u00f3n de im\u00e1genes del exmandatario - Canal 7 SLP - 2022\" \/>\n<meta property=\"og:description\" content=\"Nuevo Le\u00f3n.- La defensa Jaime Rodr\u00edguez Calder\u00f3n, alias \u201cEl Bronco\u201d, analiza presentar una demanda por la filtraci\u00f3n de fotograf\u00edas y videos del exmandatario, las cuales que salieron a la luz tras la detenci\u00f3n de su cliente. Gabriel Garc\u00eda P\u00e9rez, miembro del equipo legal que defiende a \u201cEl Bronco\u201d, revel\u00f3 que su cliente se habr\u00eda reunido con personal de la Comisi\u00f3n Estatal de Derechos Humanos de Nuevo Le\u00f3n (CNDHNL), a fin de ver la opci\u00f3n de continuar con dicha queja de la cual la dependencia abri\u00f3 de oficio por los hechos antes mencionados. \u00abEvidentemente aqu\u00ed hay algo bien importante, el derecho [&hellip;]\" \/>\n<meta property=\"og:url\" content=\"https:\/\/canal7slp.tv\/2022\/defensa-de-el-bronco-analiza-demandar-por-filtracion-de-imagenes-del-exmandatario\/\" \/>\n<meta property=\"og:site_name\" content=\"Canal 7 SLP - 2022\" \/>\n<meta property=\"article:publisher\" content=\"https:\/\/www.facebook.com\/noticieroscanalsiete\" \/>\n<meta property=\"article:published_time\" content=\"2022-03-26T22:15:37+00:00\" \/>\n<meta property=\"og:image\" content=\"https:\/\/canal7slp.tv\/2022\/wp-content\/uploads\/2022\/03\/02-19.jpg\" \/>\n\t<meta property=\"og:image:width\" content=\"958\" \/>\n\t<meta property=\"og:image:height\" content=\"596\" \/>\n\t<meta property=\"og:image:type\" content=\"image\/jpeg\" \/>\n<meta name=\"author\" content=\"Edici\u00f3n Web\" \/>\n<meta name=\"twitter:card\" content=\"summary_large_image\" \/>\n<meta name=\"twitter:creator\" content=\"@NOTICIEROS7\" \/>\n<meta name=\"twitter:site\" content=\"@NOTICIEROS7\" \/>\n<meta name=\"twitter:label1\" content=\"Escrito por\" \/>\n\t<meta name=\"twitter:data1\" content=\"Edici\u00f3n Web\" \/>\n\t<meta name=\"twitter:label2\" content=\"Tiempo de lectura\" \/>\n\t<meta name=\"twitter:data2\" content=\"1 minuto\" \/>\n<script type=\"application\/ld+json\" class=\"yoast-schema-graph\">{\"@context\":\"https:\\\/\\\/schema.org\",\"@graph\":[{\"@type\":\"Article\",\"@id\":\"https:\\\/\\\/canal7slp.tv\\\/2022\\\/defensa-de-el-bronco-analiza-demandar-por-filtracion-de-imagenes-del-exmandatario\\\/#article\",\"isPartOf\":{\"@id\":\"https:\\\/\\\/canal7slp.tv\\\/2022\\\/defensa-de-el-bronco-analiza-demandar-por-filtracion-de-imagenes-del-exmandatario\\\/\"},\"author\":{\"name\":\"Edici\u00f3n Web\",\"@id\":\"https:\\\/\\\/canal7slp.tv\\\/2022\\\/#\\\/schema\\\/person\\\/429704152a21f5f856ce29aa69a238da\"},\"headline\":\"Defensa de \u201cEl Bronco\u201d analiza demandar por filtraci\u00f3n de im\u00e1genes del exmandatario\",\"datePublished\":\"2022-03-26T22:15:37+00:00\",\"mainEntityOfPage\":{\"@id\":\"https:\\\/\\\/canal7slp.tv\\\/2022\\\/defensa-de-el-bronco-analiza-demandar-por-filtracion-de-imagenes-del-exmandatario\\\/\"},\"wordCount\":207,\"publisher\":{\"@id\":\"https:\\\/\\\/canal7slp.tv\\\/2022\\\/#organization\"},\"image\":{\"@id\":\"https:\\\/\\\/canal7slp.tv\\\/2022\\\/defensa-de-el-bronco-analiza-demandar-por-filtracion-de-imagenes-del-exmandatario\\\/#primaryimage\"},\"thumbnailUrl\":\"https:\\\/\\\/canal7slp.tv\\\/2022\\\/wp-content\\\/uploads\\\/2022\\\/03\\\/02-19.jpg\",\"articleSection\":[\"NACIONALES\"],\"inLanguage\":\"es\"},{\"@type\":\"WebPage\",\"@id\":\"https:\\\/\\\/canal7slp.tv\\\/2022\\\/defensa-de-el-bronco-analiza-demandar-por-filtracion-de-imagenes-del-exmandatario\\\/\",\"url\":\"https:\\\/\\\/canal7slp.tv\\\/2022\\\/defensa-de-el-bronco-analiza-demandar-por-filtracion-de-imagenes-del-exmandatario\\\/\",\"name\":\"Defensa de \u201cEl Bronco\u201d analiza demandar por filtraci\u00f3n de im\u00e1genes del exmandatario - Canal 7 SLP - 2022\",\"isPartOf\":{\"@id\":\"https:\\\/\\\/canal7slp.tv\\\/2022\\\/#website\"},\"primaryImageOfPage\":{\"@id\":\"https:\\\/\\\/canal7slp.tv\\\/2022\\\/defensa-de-el-bronco-analiza-demandar-por-filtracion-de-imagenes-del-exmandatario\\\/#primaryimage\"},\"image\":{\"@id\":\"https:\\\/\\\/canal7slp.tv\\\/2022\\\/defensa-de-el-bronco-analiza-demandar-por-filtracion-de-imagenes-del-exmandatario\\\/#primaryimage\"},\"thumbnailUrl\":\"https:\\\/\\\/canal7slp.tv\\\/2022\\\/wp-content\\\/uploads\\\/2022\\\/03\\\/02-19.jpg\",\"datePublished\":\"2022-03-26T22:15:37+00:00\",\"breadcrumb\":{\"@id\":\"https:\\\/\\\/canal7slp.tv\\\/2022\\\/defensa-de-el-bronco-analiza-demandar-por-filtracion-de-imagenes-del-exmandatario\\\/#breadcrumb\"},\"inLanguage\":\"es\",\"potentialAction\":[{\"@type\":\"ReadAction\",\"target\":[\"https:\\\/\\\/canal7slp.tv\\\/2022\\\/defensa-de-el-bronco-analiza-demandar-por-filtracion-de-imagenes-del-exmandatario\\\/\"]}]},{\"@type\":\"ImageObject\",\"inLanguage\":\"es\",\"@id\":\"https:\\\/\\\/canal7slp.tv\\\/2022\\\/defensa-de-el-bronco-analiza-demandar-por-filtracion-de-imagenes-del-exmandatario\\\/#primaryimage\",\"url\":\"https:\\\/\\\/canal7slp.tv\\\/2022\\\/wp-content\\\/uploads\\\/2022\\\/03\\\/02-19.jpg\",\"contentUrl\":\"https:\\\/\\\/canal7slp.tv\\\/2022\\\/wp-content\\\/uploads\\\/2022\\\/03\\\/02-19.jpg\",\"width\":958,\"height\":596},{\"@type\":\"BreadcrumbList\",\"@id\":\"https:\\\/\\\/canal7slp.tv\\\/2022\\\/defensa-de-el-bronco-analiza-demandar-por-filtracion-de-imagenes-del-exmandatario\\\/#breadcrumb\",\"itemListElement\":[{\"@type\":\"ListItem\",\"position\":1,\"name\":\"Portada\",\"item\":\"https:\\\/\\\/canal7slp.tv\\\/2022\\\/\"},{\"@type\":\"ListItem\",\"position\":2,\"name\":\"Defensa de \u201cEl Bronco\u201d analiza demandar por filtraci\u00f3n de im\u00e1genes del exmandatario\"}]},{\"@type\":\"WebSite\",\"@id\":\"https:\\\/\\\/canal7slp.tv\\\/2022\\\/#website\",\"url\":\"https:\\\/\\\/canal7slp.tv\\\/2022\\\/\",\"name\":\"N7 - Noticieros Canal 7\",\"description\":\"Somos Televisi\u00f3n\",\"publisher\":{\"@id\":\"https:\\\/\\\/canal7slp.tv\\\/2022\\\/#organization\"},\"potentialAction\":[{\"@type\":\"SearchAction\",\"target\":{\"@type\":\"EntryPoint\",\"urlTemplate\":\"https:\\\/\\\/canal7slp.tv\\\/2022\\\/?s={search_term_string}\"},\"query-input\":{\"@type\":\"PropertyValueSpecification\",\"valueRequired\":true,\"valueName\":\"search_term_string\"}}],\"inLanguage\":\"es\"},{\"@type\":\"Organization\",\"@id\":\"https:\\\/\\\/canal7slp.tv\\\/2022\\\/#organization\",\"name\":\"Noticieros Canal 7\",\"url\":\"https:\\\/\\\/canal7slp.tv\\\/2022\\\/\",\"logo\":{\"@type\":\"ImageObject\",\"inLanguage\":\"es\",\"@id\":\"https:\\\/\\\/canal7slp.tv\\\/2022\\\/#\\\/schema\\\/logo\\\/image\\\/\",\"url\":\"https:\\\/\\\/canal7slp.tv\\\/2022\\\/wp-content\\\/uploads\\\/2021\\\/01\\\/logo-noticieros@2x.png\",\"contentUrl\":\"https:\\\/\\\/canal7slp.tv\\\/2022\\\/wp-content\\\/uploads\\\/2021\\\/01\\\/logo-noticieros@2x.png\",\"width\":1017,\"height\":268,\"caption\":\"Noticieros Canal 7\"},\"image\":{\"@id\":\"https:\\\/\\\/canal7slp.tv\\\/2022\\\/#\\\/schema\\\/logo\\\/image\\\/\"},\"sameAs\":[\"https:\\\/\\\/www.facebook.com\\\/noticieroscanalsiete\",\"https:\\\/\\\/x.com\\\/NOTICIEROS7\",\"https:\\\/\\\/www.instagram.com\\\/canal7_slp\",\"https:\\\/\\\/www.youtube.com\\\/channel\\\/UCliiYs-gP3JfJeqdPrNdd5A\"]},{\"@type\":\"Person\",\"@id\":\"https:\\\/\\\/canal7slp.tv\\\/2022\\\/#\\\/schema\\\/person\\\/429704152a21f5f856ce29aa69a238da\",\"name\":\"Edici\u00f3n Web\",\"image\":{\"@type\":\"ImageObject\",\"inLanguage\":\"es\",\"@id\":\"https:\\\/\\\/secure.gravatar.com\\\/avatar\\\/eee448fc3f7164808013b816ba91ac7e43bbe82a70bebac296f8bc6f0addaa1a?s=96&d=mm&r=g\",\"url\":\"https:\\\/\\\/secure.gravatar.com\\\/avatar\\\/eee448fc3f7164808013b816ba91ac7e43bbe82a70bebac296f8bc6f0addaa1a?s=96&d=mm&r=g\",\"contentUrl\":\"https:\\\/\\\/secure.gravatar.com\\\/avatar\\\/eee448fc3f7164808013b816ba91ac7e43bbe82a70bebac296f8bc6f0addaa1a?s=96&d=mm&r=g\",\"caption\":\"Edici\u00f3n Web\"},\"url\":\"https:\\\/\\\/canal7slp.tv\\\/2022\\\/author\\\/edicionweb\\\/\"}]}<\/script>\n<!-- \/ Yoast SEO plugin. -->","yoast_head_json":{"title":"Defensa de \u201cEl Bronco\u201d analiza demandar por filtraci\u00f3n de im\u00e1genes del exmandatario - Canal 7 SLP - 2022","robots":{"index":"index","follow":"follow","max-snippet":"max-snippet:-1","max-image-preview":"max-image-preview:large","max-video-preview":"max-video-preview:-1"},"canonical":"https:\/\/canal7slp.tv\/2022\/defensa-de-el-bronco-analiza-demandar-por-filtracion-de-imagenes-del-exmandatario\/","og_locale":"es_ES","og_type":"article","og_title":"Defensa de \u201cEl Bronco\u201d analiza demandar por filtraci\u00f3n de im\u00e1genes del exmandatario - Canal 7 SLP - 2022","og_description":"Nuevo Le\u00f3n.- La defensa Jaime Rodr\u00edguez Calder\u00f3n, alias \u201cEl Bronco\u201d, analiza presentar una demanda por la filtraci\u00f3n de fotograf\u00edas y videos del exmandatario, las cuales que salieron a la luz tras la detenci\u00f3n de su cliente. Gabriel Garc\u00eda P\u00e9rez, miembro del equipo legal que defiende a \u201cEl Bronco\u201d, revel\u00f3 que su cliente se habr\u00eda reunido con personal de la Comisi\u00f3n Estatal de Derechos Humanos de Nuevo Le\u00f3n (CNDHNL), a fin de ver la opci\u00f3n de continuar con dicha queja de la cual la dependencia abri\u00f3 de oficio por los hechos antes mencionados. \u00abEvidentemente aqu\u00ed hay algo bien importante, el derecho [&hellip;]","og_url":"https:\/\/canal7slp.tv\/2022\/defensa-de-el-bronco-analiza-demandar-por-filtracion-de-imagenes-del-exmandatario\/","og_site_name":"Canal 7 SLP - 2022","article_publisher":"https:\/\/www.facebook.com\/noticieroscanalsiete","article_published_time":"2022-03-26T22:15:37+00:00","og_image":[{"width":958,"height":596,"url":"https:\/\/canal7slp.tv\/2022\/wp-content\/uploads\/2022\/03\/02-19.jpg","type":"image\/jpeg"}],"author":"Edici\u00f3n Web","twitter_card":"summary_large_image","twitter_creator":"@NOTICIEROS7","twitter_site":"@NOTICIEROS7","twitter_misc":{"Escrito por":"Edici\u00f3n Web","Tiempo de lectura":"1 minuto"},"schema":{"@context":"https:\/\/schema.org","@graph":[{"@type":"Article","@id":"https:\/\/canal7slp.tv\/2022\/defensa-de-el-bronco-analiza-demandar-por-filtracion-de-imagenes-del-exmandatario\/#article","isPartOf":{"@id":"https:\/\/canal7slp.tv\/2022\/defensa-de-el-bronco-analiza-demandar-por-filtracion-de-imagenes-del-exmandatario\/"},"author":{"name":"Edici\u00f3n Web","@id":"https:\/\/canal7slp.tv\/2022\/#\/schema\/person\/429704152a21f5f856ce29aa69a238da"},"headline":"Defensa de \u201cEl Bronco\u201d analiza demandar por filtraci\u00f3n de im\u00e1genes del exmandatario","datePublished":"2022-03-26T22:15:37+00:00","mainEntityOfPage":{"@id":"https:\/\/canal7slp.tv\/2022\/defensa-de-el-bronco-analiza-demandar-por-filtracion-de-imagenes-del-exmandatario\/"},"wordCount":207,"publisher":{"@id":"https:\/\/canal7slp.tv\/2022\/#organization"},"image":{"@id":"https:\/\/canal7slp.tv\/2022\/defensa-de-el-bronco-analiza-demandar-por-filtracion-de-imagenes-del-exmandatario\/#primaryimage"},"thumbnailUrl":"https:\/\/canal7slp.tv\/2022\/wp-content\/uploads\/2022\/03\/02-19.jpg","articleSection":["NACIONALES"],"inLanguage":"es"},{"@type":"WebPage","@id":"https:\/\/canal7slp.tv\/2022\/defensa-de-el-bronco-analiza-demandar-por-filtracion-de-imagenes-del-exmandatario\/","url":"https:\/\/canal7slp.tv\/2022\/defensa-de-el-bronco-analiza-demandar-por-filtracion-de-imagenes-del-exmandatario\/","name":"Defensa de \u201cEl Bronco\u201d analiza demandar por filtraci\u00f3n de im\u00e1genes del exmandatario - Canal 7 SLP - 2022","isPartOf":{"@id":"https:\/\/canal7slp.tv\/2022\/#website"},"primaryImageOfPage":{"@id":"https:\/\/canal7slp.tv\/2022\/defensa-de-el-bronco-analiza-demandar-por-filtracion-de-imagenes-del-exmandatario\/#primaryimage"},"image":{"@id":"https:\/\/canal7slp.tv\/2022\/defensa-de-el-bronco-analiza-demandar-por-filtracion-de-imagenes-del-exmandatario\/#primaryimage"},"thumbnailUrl":"https:\/\/canal7slp.tv\/2022\/wp-content\/uploads\/2022\/03\/02-19.jpg","datePublished":"2022-03-26T22:15:37+00:00","breadcrumb":{"@id":"https:\/\/canal7slp.tv\/2022\/defensa-de-el-bronco-analiza-demandar-por-filtracion-de-imagenes-del-exmandatario\/#breadcrumb"},"inLanguage":"es","potentialAction":[{"@type":"ReadAction","target":["https:\/\/canal7slp.tv\/2022\/defensa-de-el-bronco-analiza-demandar-por-filtracion-de-imagenes-del-exmandatario\/"]}]},{"@type":"ImageObject","inLanguage":"es","@id":"https:\/\/canal7slp.tv\/2022\/defensa-de-el-bronco-analiza-demandar-por-filtracion-de-imagenes-del-exmandatario\/#primaryimage","url":"https:\/\/canal7slp.tv\/2022\/wp-content\/uploads\/2022\/03\/02-19.jpg","contentUrl":"https:\/\/canal7slp.tv\/2022\/wp-content\/uploads\/2022\/03\/02-19.jpg","width":958,"height":596},{"@type":"BreadcrumbList","@id":"https:\/\/canal7slp.tv\/2022\/defensa-de-el-bronco-analiza-demandar-por-filtracion-de-imagenes-del-exmandatario\/#breadcrumb","itemListElement":[{"@type":"ListItem","position":1,"name":"Portada","item":"https:\/\/canal7slp.tv\/2022\/"},{"@type":"ListItem","position":2,"name":"Defensa de \u201cEl Bronco\u201d analiza demandar por filtraci\u00f3n de im\u00e1genes del exmandatario"}]},{"@type":"WebSite","@id":"https:\/\/canal7slp.tv\/2022\/#website","url":"https:\/\/canal7slp.tv\/2022\/","name":"N7 - Noticieros Canal 7","description":"Somos Televisi\u00f3n","publisher":{"@id":"https:\/\/canal7slp.tv\/2022\/#organization"},"potentialAction":[{"@type":"SearchAction","target":{"@type":"EntryPoint","urlTemplate":"https:\/\/canal7slp.tv\/2022\/?s={search_term_string}"},"query-input":{"@type":"PropertyValueSpecification","valueRequired":true,"valueName":"search_term_string"}}],"inLanguage":"es"},{"@type":"Organization","@id":"https:\/\/canal7slp.tv\/2022\/#organization","name":"Noticieros Canal 7","url":"https:\/\/canal7slp.tv\/2022\/","logo":{"@type":"ImageObject","inLanguage":"es","@id":"https:\/\/canal7slp.tv\/2022\/#\/schema\/logo\/image\/","url":"https:\/\/canal7slp.tv\/2022\/wp-content\/uploads\/2021\/01\/logo-noticieros@2x.png","contentUrl":"https:\/\/canal7slp.tv\/2022\/wp-content\/uploads\/2021\/01\/logo-noticieros@2x.png","width":1017,"height":268,"caption":"Noticieros Canal 7"},"image":{"@id":"https:\/\/canal7slp.tv\/2022\/#\/schema\/logo\/image\/"},"sameAs":["https:\/\/www.facebook.com\/noticieroscanalsiete","https:\/\/x.com\/NOTICIEROS7","https:\/\/www.instagram.com\/canal7_slp","https:\/\/www.youtube.com\/channel\/UCliiYs-gP3JfJeqdPrNdd5A"]},{"@type":"Person","@id":"https:\/\/canal7slp.tv\/2022\/#\/schema\/person\/429704152a21f5f856ce29aa69a238da","name":"Edici\u00f3n Web","image":{"@type":"ImageObject","inLanguage":"es","@id":"https:\/\/secure.gravatar.com\/avatar\/eee448fc3f7164808013b816ba91ac7e43bbe82a70bebac296f8bc6f0addaa1a?s=96&d=mm&r=g","url":"https:\/\/secure.gravatar.com\/avatar\/eee448fc3f7164808013b816ba91ac7e43bbe82a70bebac296f8bc6f0addaa1a?s=96&d=mm&r=g","contentUrl":"https:\/\/secure.gravatar.com\/avatar\/eee448fc3f7164808013b816ba91ac7e43bbe82a70bebac296f8bc6f0addaa1a?s=96&d=mm&r=g","caption":"Edici\u00f3n Web"},"url":"https:\/\/canal7slp.tv\/2022\/author\/edicionweb\/"}]}},"amp_enabled":true,"_links":{"self":[{"href":"https:\/\/canal7slp.tv\/2022\/wp-json\/wp\/v2\/posts\/55353","targetHints":{"allow":["GET"]}}],"collection":[{"href":"https:\/\/canal7slp.tv\/2022\/wp-json\/wp\/v2\/posts"}],"about":[{"href":"https:\/\/canal7slp.tv\/2022\/wp-json\/wp\/v2\/types\/post"}],"author":[{"embeddable":true,"href":"https:\/\/canal7slp.tv\/2022\/wp-json\/wp\/v2\/users\/2"}],"replies":[{"embeddable":true,"href":"https:\/\/canal7slp.tv\/2022\/wp-json\/wp\/v2\/comments?post=55353"}],"version-history":[{"count":2,"href":"https:\/\/canal7slp.tv\/2022\/wp-json\/wp\/v2\/posts\/55353\/revisions"}],"predecessor-version":[{"id":55371,"href":"https:\/\/canal7slp.tv\/2022\/wp-json\/wp\/v2\/posts\/55353\/revisions\/55371"}],"wp:featuredmedia":[{"embeddable":true,"href":"https:\/\/canal7slp.tv\/2022\/wp-json\/wp\/v2\/media\/55363"}],"wp:attachment":[{"href":"https:\/\/canal7slp.tv\/2022\/wp-json\/wp\/v2\/media?parent=55353"}],"wp:term":[{"taxonomy":"category","embeddable":true,"href":"https:\/\/canal7slp.tv\/2022\/wp-json\/wp\/v2\/categories?post=55353"},{"taxonomy":"post_tag","embeddable":true,"href":"https:\/\/canal7slp.tv\/2022\/wp-json\/wp\/v2\/tags?post=55353"}],"curies":[{"name":"wp","href":"https:\/\/api.w.org\/{rel}","templated":true}]}}