{"id":55335,"date":"2022-03-26T03:17:44","date_gmt":"2022-03-26T09:17:44","guid":{"rendered":"https:\/\/canal7slp.tv\/2022\/?p=55335"},"modified":"2022-03-26T03:17:44","modified_gmt":"2022-03-26T09:17:44","slug":"atentado-a-la-educacion","status":"publish","type":"post","link":"https:\/\/canal7slp.tv\/2022\/atentado-a-la-educacion\/","title":{"rendered":"Atentado a la Educaci\u00f3n"},"content":{"rendered":"<p style=\"text-align: justify;\">La destrucci\u00f3n emprendida por el grupo en el poder no tiene l\u00edmites. Ahora van contra ni\u00f1as, ni\u00f1os y adolescentes que recib\u00edan no solo m\u00e1s y mejor educaci\u00f3n en las Escuelas de Tiempo Completo, sino tambi\u00e9n la posibilidad de alimentarse sanamente y sustraerse de entornos que pod\u00edan inducirlos a las adicciones, a la violencia y a la delincuencia.<\/p>\n<p style=\"text-align: justify;\">Para el grupo en el poder invertir en la educaci\u00f3n de la ni\u00f1ez es prescindible y prefiere gastar esos recursos en \u201cotras prioridades\u201d, dejando en la indefensi\u00f3n a millones de menores y a sus familias.<\/p>\n<p style=\"text-align: justify;\">La Escuela de Tiempo Completo es una efectiva estrategia educativa encaminada a ampliar las oportunidades de aprendizaje y fortalecer el desarrollo de competencias en Lectura y Escritura, Matem\u00e1ticas, Arte y Cultura, Recreaci\u00f3n y Desarrollo F\u00edsico, procesos de inclusi\u00f3n y convivencia escolar.<\/p>\n<p style=\"text-align: justify;\">Para lograr tal objetivo, se extiende la jornada escolar entre 6 y 8 horas (que incluye a las Escuelas de Tiempo Ampliado) propiciando el logro de aprendizajes con el apoyo decidido del Magisterio, de los Padres y Madres de Familia y del propio gobierno.<\/p>\n<p style=\"text-align: justify;\">En 2018 el gobierno del PRI invert\u00eda 12 mil millones de pesos en esta estrategia; hoy el grupo en el poder no dedica un solo peso y ha decidido desparecer el programa por completo.<\/p>\n<p style=\"text-align: justify;\">La argumentaci\u00f3n central de la secretaria de Educaci\u00f3n P\u00fablica, Delfina G\u00f3mez, ha sido que \u201clas necesidades de las instituciones p\u00fablicas han cambiado\u201d y, por lo tanto, los recursos se destinar\u00e1n a otros temas; es decir, las instituciones p\u00fablicas ya no est\u00e1n para atender a la sociedad y resolver sus problemas, sino que la sociedad est\u00e1 para financiar a instituciones p\u00fablicas que atienden intereses particulares.<\/p>\n<p style=\"text-align: justify;\">Se trata de la reedici\u00f3n de la monarqu\u00eda absoluta representada por el franc\u00e9s Luis XIV y su pedante frase: \u201cEl Estado soy yo\u201d.<\/p>\n<p style=\"text-align: justify;\">Esta misma soberbia e insensibilidad es la que ha desaparecido de tajo miles de estancias infantiles, refugios para mujeres y ni\u00f1os, comedores comunitarios, 85 programas sociales y de protecci\u00f3n para periodistas y defensores de Derechos Humanos, Oportunidades, Seguro Popular, FONDEN, Atenci\u00f3n a Jornaleros Agr\u00edcolas y ProM\u00e9xico, entre muchos otros que han causado severos estragos en la poblaci\u00f3n, particularmente la m\u00e1s vulnerable.<\/p>\n<p style=\"text-align: justify;\">\u00bfQu\u00e9 puede ser m\u00e1s importante que invertir en la educaci\u00f3n de millones de ni\u00f1as, ni\u00f1os y adolescentes, ampliando sus oportunidades de aprendizaje, fortaleciendo el desarrollo de competencias, arrebat\u00e1ndolos de las garras del crimen y garantizando una buena alimentaci\u00f3n? Nada, no hay nada m\u00e1s importante que invertir en nuestra ni\u00f1ez.<\/p>\n<p style=\"text-align: justify;\">M\u00e9xico no es la Francia del siglo XVII y en el PRI no vamos a permitir que se transgredan los derechos de la sociedad.<\/p>\n<p style=\"text-align: justify;\">El gobierno de Morena no solo se equivoca, sino que est\u00e1 cometiendo la peor atrocidad de la que pueda ser objeto el pueblo de M\u00e9xico. \u00c9sa tampoco fue una promesa de campa\u00f1a.<\/p>\n<p style=\"text-align: right;\">Alejandro Moreno, Presidente Nacional del PRI<\/p>\n","protected":false},"excerpt":{"rendered":"<p>La destrucci\u00f3n emprendida por el grupo en el poder no tiene l\u00edmites. Ahora van contra ni\u00f1as, ni\u00f1os y adolescentes que recib\u00edan no solo m\u00e1s y mejor educaci\u00f3n en las Escuelas de Tiempo Completo, sino tambi\u00e9n la posibilidad de alimentarse sanamente y sustraerse de entornos que pod\u00edan inducirlos a las adicciones, a la violencia y a la delincuencia. Para el grupo en el poder invertir en la educaci\u00f3n de la ni\u00f1ez es prescindible y prefiere gastar esos recursos en \u201cotras prioridades\u201d, dejando en la indefensi\u00f3n a millones de menores y a sus familias. La Escuela de Tiempo Completo es una efectiva [&hellip;]<\/p>\n","protected":false},"author":2,"featured_media":0,"comment_status":"closed","ping_status":"closed","sticky":false,"template":"","format":"standard","meta":{"footnotes":""},"categories":[46],"tags":[],"class_list":["post-55335","post","type-post","status-publish","format-standard","hentry","category-nacional","post--single"],"yoast_head":"<!-- This site is optimized with the Yoast SEO plugin v27.4 - https:\/\/yoast.com\/product\/yoast-seo-wordpress\/ -->\n<title>Atentado a la Educaci\u00f3n - Canal 7 SLP - 2022<\/title>\n<meta name=\"robots\" content=\"index, follow, max-snippet:-1, max-image-preview:large, max-video-preview:-1\" \/>\n<link rel=\"canonical\" href=\"https:\/\/canal7slp.tv\/2022\/atentado-a-la-educacion\/\" \/>\n<meta property=\"og:locale\" content=\"es_ES\" \/>\n<meta property=\"og:type\" content=\"article\" \/>\n<meta property=\"og:title\" content=\"Atentado a la Educaci\u00f3n - Canal 7 SLP - 2022\" \/>\n<meta property=\"og:description\" content=\"La destrucci\u00f3n emprendida por el grupo en el poder no tiene l\u00edmites. Ahora van contra ni\u00f1as, ni\u00f1os y adolescentes que recib\u00edan no solo m\u00e1s y mejor educaci\u00f3n en las Escuelas de Tiempo Completo, sino tambi\u00e9n la posibilidad de alimentarse sanamente y sustraerse de entornos que pod\u00edan inducirlos a las adicciones, a la violencia y a la delincuencia. Para el grupo en el poder invertir en la educaci\u00f3n de la ni\u00f1ez es prescindible y prefiere gastar esos recursos en \u201cotras prioridades\u201d, dejando en la indefensi\u00f3n a millones de menores y a sus familias. La Escuela de Tiempo Completo es una efectiva [&hellip;]\" \/>\n<meta property=\"og:url\" content=\"https:\/\/canal7slp.tv\/2022\/atentado-a-la-educacion\/\" \/>\n<meta property=\"og:site_name\" content=\"Canal 7 SLP - 2022\" \/>\n<meta property=\"article:publisher\" content=\"https:\/\/www.facebook.com\/noticieroscanalsiete\" \/>\n<meta property=\"article:published_time\" content=\"2022-03-26T09:17:44+00:00\" \/>\n<meta property=\"og:image\" content=\"https:\/\/canal7slp.tv\/2022\/wp-content\/uploads\/2021\/02\/Alito.jpg\" \/>\n\t<meta property=\"og:image:width\" content=\"656\" \/>\n\t<meta property=\"og:image:height\" content=\"500\" \/>\n\t<meta property=\"og:image:type\" content=\"image\/jpeg\" \/>\n<meta name=\"author\" content=\"Edici\u00f3n Web\" \/>\n<meta name=\"twitter:card\" content=\"summary_large_image\" \/>\n<meta name=\"twitter:creator\" content=\"@NOTICIEROS7\" \/>\n<meta name=\"twitter:site\" content=\"@NOTICIEROS7\" \/>\n<meta name=\"twitter:label1\" content=\"Escrito por\" \/>\n\t<meta name=\"twitter:data1\" content=\"Edici\u00f3n Web\" \/>\n\t<meta name=\"twitter:label2\" content=\"Tiempo de lectura\" \/>\n\t<meta name=\"twitter:data2\" content=\"3 minutos\" \/>\n<script type=\"application\/ld+json\" class=\"yoast-schema-graph\">{\"@context\":\"https:\\\/\\\/schema.org\",\"@graph\":[{\"@type\":\"Article\",\"@id\":\"https:\\\/\\\/canal7slp.tv\\\/2022\\\/atentado-a-la-educacion\\\/#article\",\"isPartOf\":{\"@id\":\"https:\\\/\\\/canal7slp.tv\\\/2022\\\/atentado-a-la-educacion\\\/\"},\"author\":{\"name\":\"Edici\u00f3n Web\",\"@id\":\"https:\\\/\\\/canal7slp.tv\\\/2022\\\/#\\\/schema\\\/person\\\/429704152a21f5f856ce29aa69a238da\"},\"headline\":\"Atentado a la Educaci\u00f3n\",\"datePublished\":\"2022-03-26T09:17:44+00:00\",\"mainEntityOfPage\":{\"@id\":\"https:\\\/\\\/canal7slp.tv\\\/2022\\\/atentado-a-la-educacion\\\/\"},\"wordCount\":517,\"publisher\":{\"@id\":\"https:\\\/\\\/canal7slp.tv\\\/2022\\\/#organization\"},\"articleSection\":[\"NACIONALES\"],\"inLanguage\":\"es\"},{\"@type\":\"WebPage\",\"@id\":\"https:\\\/\\\/canal7slp.tv\\\/2022\\\/atentado-a-la-educacion\\\/\",\"url\":\"https:\\\/\\\/canal7slp.tv\\\/2022\\\/atentado-a-la-educacion\\\/\",\"name\":\"Atentado a la Educaci\u00f3n - Canal 7 SLP - 2022\",\"isPartOf\":{\"@id\":\"https:\\\/\\\/canal7slp.tv\\\/2022\\\/#website\"},\"datePublished\":\"2022-03-26T09:17:44+00:00\",\"breadcrumb\":{\"@id\":\"https:\\\/\\\/canal7slp.tv\\\/2022\\\/atentado-a-la-educacion\\\/#breadcrumb\"},\"inLanguage\":\"es\",\"potentialAction\":[{\"@type\":\"ReadAction\",\"target\":[\"https:\\\/\\\/canal7slp.tv\\\/2022\\\/atentado-a-la-educacion\\\/\"]}]},{\"@type\":\"BreadcrumbList\",\"@id\":\"https:\\\/\\\/canal7slp.tv\\\/2022\\\/atentado-a-la-educacion\\\/#breadcrumb\",\"itemListElement\":[{\"@type\":\"ListItem\",\"position\":1,\"name\":\"Portada\",\"item\":\"https:\\\/\\\/canal7slp.tv\\\/2022\\\/\"},{\"@type\":\"ListItem\",\"position\":2,\"name\":\"Atentado a la Educaci\u00f3n\"}]},{\"@type\":\"WebSite\",\"@id\":\"https:\\\/\\\/canal7slp.tv\\\/2022\\\/#website\",\"url\":\"https:\\\/\\\/canal7slp.tv\\\/2022\\\/\",\"name\":\"N7 - Noticieros Canal 7\",\"description\":\"Somos Televisi\u00f3n\",\"publisher\":{\"@id\":\"https:\\\/\\\/canal7slp.tv\\\/2022\\\/#organization\"},\"potentialAction\":[{\"@type\":\"SearchAction\",\"target\":{\"@type\":\"EntryPoint\",\"urlTemplate\":\"https:\\\/\\\/canal7slp.tv\\\/2022\\\/?s={search_term_string}\"},\"query-input\":{\"@type\":\"PropertyValueSpecification\",\"valueRequired\":true,\"valueName\":\"search_term_string\"}}],\"inLanguage\":\"es\"},{\"@type\":\"Organization\",\"@id\":\"https:\\\/\\\/canal7slp.tv\\\/2022\\\/#organization\",\"name\":\"Noticieros Canal 7\",\"url\":\"https:\\\/\\\/canal7slp.tv\\\/2022\\\/\",\"logo\":{\"@type\":\"ImageObject\",\"inLanguage\":\"es\",\"@id\":\"https:\\\/\\\/canal7slp.tv\\\/2022\\\/#\\\/schema\\\/logo\\\/image\\\/\",\"url\":\"https:\\\/\\\/canal7slp.tv\\\/2022\\\/wp-content\\\/uploads\\\/2021\\\/01\\\/logo-noticieros@2x.png\",\"contentUrl\":\"https:\\\/\\\/canal7slp.tv\\\/2022\\\/wp-content\\\/uploads\\\/2021\\\/01\\\/logo-noticieros@2x.png\",\"width\":1017,\"height\":268,\"caption\":\"Noticieros Canal 7\"},\"image\":{\"@id\":\"https:\\\/\\\/canal7slp.tv\\\/2022\\\/#\\\/schema\\\/logo\\\/image\\\/\"},\"sameAs\":[\"https:\\\/\\\/www.facebook.com\\\/noticieroscanalsiete\",\"https:\\\/\\\/x.com\\\/NOTICIEROS7\",\"https:\\\/\\\/www.instagram.com\\\/canal7_slp\",\"https:\\\/\\\/www.youtube.com\\\/channel\\\/UCliiYs-gP3JfJeqdPrNdd5A\"]},{\"@type\":\"Person\",\"@id\":\"https:\\\/\\\/canal7slp.tv\\\/2022\\\/#\\\/schema\\\/person\\\/429704152a21f5f856ce29aa69a238da\",\"name\":\"Edici\u00f3n Web\",\"image\":{\"@type\":\"ImageObject\",\"inLanguage\":\"es\",\"@id\":\"https:\\\/\\\/secure.gravatar.com\\\/avatar\\\/eee448fc3f7164808013b816ba91ac7e43bbe82a70bebac296f8bc6f0addaa1a?s=96&d=mm&r=g\",\"url\":\"https:\\\/\\\/secure.gravatar.com\\\/avatar\\\/eee448fc3f7164808013b816ba91ac7e43bbe82a70bebac296f8bc6f0addaa1a?s=96&d=mm&r=g\",\"contentUrl\":\"https:\\\/\\\/secure.gravatar.com\\\/avatar\\\/eee448fc3f7164808013b816ba91ac7e43bbe82a70bebac296f8bc6f0addaa1a?s=96&d=mm&r=g\",\"caption\":\"Edici\u00f3n Web\"},\"url\":\"https:\\\/\\\/canal7slp.tv\\\/2022\\\/author\\\/edicionweb\\\/\"}]}<\/script>\n<!-- \/ Yoast SEO plugin. -->","yoast_head_json":{"title":"Atentado a la Educaci\u00f3n - Canal 7 SLP - 2022","robots":{"index":"index","follow":"follow","max-snippet":"max-snippet:-1","max-image-preview":"max-image-preview:large","max-video-preview":"max-video-preview:-1"},"canonical":"https:\/\/canal7slp.tv\/2022\/atentado-a-la-educacion\/","og_locale":"es_ES","og_type":"article","og_title":"Atentado a la Educaci\u00f3n - Canal 7 SLP - 2022","og_description":"La destrucci\u00f3n emprendida por el grupo en el poder no tiene l\u00edmites. Ahora van contra ni\u00f1as, ni\u00f1os y adolescentes que recib\u00edan no solo m\u00e1s y mejor educaci\u00f3n en las Escuelas de Tiempo Completo, sino tambi\u00e9n la posibilidad de alimentarse sanamente y sustraerse de entornos que pod\u00edan inducirlos a las adicciones, a la violencia y a la delincuencia. Para el grupo en el poder invertir en la educaci\u00f3n de la ni\u00f1ez es prescindible y prefiere gastar esos recursos en \u201cotras prioridades\u201d, dejando en la indefensi\u00f3n a millones de menores y a sus familias. La Escuela de Tiempo Completo es una efectiva [&hellip;]","og_url":"https:\/\/canal7slp.tv\/2022\/atentado-a-la-educacion\/","og_site_name":"Canal 7 SLP - 2022","article_publisher":"https:\/\/www.facebook.com\/noticieroscanalsiete","article_published_time":"2022-03-26T09:17:44+00:00","og_image":[{"width":656,"height":500,"url":"https:\/\/canal7slp.tv\/2022\/wp-content\/uploads\/2021\/02\/Alito.jpg","type":"image\/jpeg"}],"author":"Edici\u00f3n Web","twitter_card":"summary_large_image","twitter_creator":"@NOTICIEROS7","twitter_site":"@NOTICIEROS7","twitter_misc":{"Escrito por":"Edici\u00f3n Web","Tiempo de lectura":"3 minutos"},"schema":{"@context":"https:\/\/schema.org","@graph":[{"@type":"Article","@id":"https:\/\/canal7slp.tv\/2022\/atentado-a-la-educacion\/#article","isPartOf":{"@id":"https:\/\/canal7slp.tv\/2022\/atentado-a-la-educacion\/"},"author":{"name":"Edici\u00f3n Web","@id":"https:\/\/canal7slp.tv\/2022\/#\/schema\/person\/429704152a21f5f856ce29aa69a238da"},"headline":"Atentado a la Educaci\u00f3n","datePublished":"2022-03-26T09:17:44+00:00","mainEntityOfPage":{"@id":"https:\/\/canal7slp.tv\/2022\/atentado-a-la-educacion\/"},"wordCount":517,"publisher":{"@id":"https:\/\/canal7slp.tv\/2022\/#organization"},"articleSection":["NACIONALES"],"inLanguage":"es"},{"@type":"WebPage","@id":"https:\/\/canal7slp.tv\/2022\/atentado-a-la-educacion\/","url":"https:\/\/canal7slp.tv\/2022\/atentado-a-la-educacion\/","name":"Atentado a la Educaci\u00f3n - Canal 7 SLP - 2022","isPartOf":{"@id":"https:\/\/canal7slp.tv\/2022\/#website"},"datePublished":"2022-03-26T09:17:44+00:00","breadcrumb":{"@id":"https:\/\/canal7slp.tv\/2022\/atentado-a-la-educacion\/#breadcrumb"},"inLanguage":"es","potentialAction":[{"@type":"ReadAction","target":["https:\/\/canal7slp.tv\/2022\/atentado-a-la-educacion\/"]}]},{"@type":"BreadcrumbList","@id":"https:\/\/canal7slp.tv\/2022\/atentado-a-la-educacion\/#breadcrumb","itemListElement":[{"@type":"ListItem","position":1,"name":"Portada","item":"https:\/\/canal7slp.tv\/2022\/"},{"@type":"ListItem","position":2,"name":"Atentado a la Educaci\u00f3n"}]},{"@type":"WebSite","@id":"https:\/\/canal7slp.tv\/2022\/#website","url":"https:\/\/canal7slp.tv\/2022\/","name":"N7 - Noticieros Canal 7","description":"Somos Televisi\u00f3n","publisher":{"@id":"https:\/\/canal7slp.tv\/2022\/#organization"},"potentialAction":[{"@type":"SearchAction","target":{"@type":"EntryPoint","urlTemplate":"https:\/\/canal7slp.tv\/2022\/?s={search_term_string}"},"query-input":{"@type":"PropertyValueSpecification","valueRequired":true,"valueName":"search_term_string"}}],"inLanguage":"es"},{"@type":"Organization","@id":"https:\/\/canal7slp.tv\/2022\/#organization","name":"Noticieros Canal 7","url":"https:\/\/canal7slp.tv\/2022\/","logo":{"@type":"ImageObject","inLanguage":"es","@id":"https:\/\/canal7slp.tv\/2022\/#\/schema\/logo\/image\/","url":"https:\/\/canal7slp.tv\/2022\/wp-content\/uploads\/2021\/01\/logo-noticieros@2x.png","contentUrl":"https:\/\/canal7slp.tv\/2022\/wp-content\/uploads\/2021\/01\/logo-noticieros@2x.png","width":1017,"height":268,"caption":"Noticieros Canal 7"},"image":{"@id":"https:\/\/canal7slp.tv\/2022\/#\/schema\/logo\/image\/"},"sameAs":["https:\/\/www.facebook.com\/noticieroscanalsiete","https:\/\/x.com\/NOTICIEROS7","https:\/\/www.instagram.com\/canal7_slp","https:\/\/www.youtube.com\/channel\/UCliiYs-gP3JfJeqdPrNdd5A"]},{"@type":"Person","@id":"https:\/\/canal7slp.tv\/2022\/#\/schema\/person\/429704152a21f5f856ce29aa69a238da","name":"Edici\u00f3n Web","image":{"@type":"ImageObject","inLanguage":"es","@id":"https:\/\/secure.gravatar.com\/avatar\/eee448fc3f7164808013b816ba91ac7e43bbe82a70bebac296f8bc6f0addaa1a?s=96&d=mm&r=g","url":"https:\/\/secure.gravatar.com\/avatar\/eee448fc3f7164808013b816ba91ac7e43bbe82a70bebac296f8bc6f0addaa1a?s=96&d=mm&r=g","contentUrl":"https:\/\/secure.gravatar.com\/avatar\/eee448fc3f7164808013b816ba91ac7e43bbe82a70bebac296f8bc6f0addaa1a?s=96&d=mm&r=g","caption":"Edici\u00f3n Web"},"url":"https:\/\/canal7slp.tv\/2022\/author\/edicionweb\/"}]}},"amp_enabled":true,"_links":{"self":[{"href":"https:\/\/canal7slp.tv\/2022\/wp-json\/wp\/v2\/posts\/55335","targetHints":{"allow":["GET"]}}],"collection":[{"href":"https:\/\/canal7slp.tv\/2022\/wp-json\/wp\/v2\/posts"}],"about":[{"href":"https:\/\/canal7slp.tv\/2022\/wp-json\/wp\/v2\/types\/post"}],"author":[{"embeddable":true,"href":"https:\/\/canal7slp.tv\/2022\/wp-json\/wp\/v2\/users\/2"}],"replies":[{"embeddable":true,"href":"https:\/\/canal7slp.tv\/2022\/wp-json\/wp\/v2\/comments?post=55335"}],"version-history":[{"count":1,"href":"https:\/\/canal7slp.tv\/2022\/wp-json\/wp\/v2\/posts\/55335\/revisions"}],"predecessor-version":[{"id":55336,"href":"https:\/\/canal7slp.tv\/2022\/wp-json\/wp\/v2\/posts\/55335\/revisions\/55336"}],"wp:attachment":[{"href":"https:\/\/canal7slp.tv\/2022\/wp-json\/wp\/v2\/media?parent=55335"}],"wp:term":[{"taxonomy":"category","embeddable":true,"href":"https:\/\/canal7slp.tv\/2022\/wp-json\/wp\/v2\/categories?post=55335"},{"taxonomy":"post_tag","embeddable":true,"href":"https:\/\/canal7slp.tv\/2022\/wp-json\/wp\/v2\/tags?post=55335"}],"curies":[{"name":"wp","href":"https:\/\/api.w.org\/{rel}","templated":true}]}}