{"id":55330,"date":"2022-03-25T23:33:48","date_gmt":"2022-03-26T05:33:48","guid":{"rendered":"https:\/\/canal7slp.tv\/2022\/?p=55330"},"modified":"2022-03-25T23:34:44","modified_gmt":"2022-03-26T05:34:44","slug":"actividades-impulsadas-por-la-etnia-pame-son-difundidas-en-ciudad-del-maiz","status":"publish","type":"post","link":"https:\/\/canal7slp.tv\/2022\/actividades-impulsadas-por-la-etnia-pame-son-difundidas-en-ciudad-del-maiz\/","title":{"rendered":"Actividades impulsadas por la etnia Pame son difundidas en Ciudad del Ma\u00edz."},"content":{"rendered":"<p style=\"text-align: justify;\">SLP.- En el marco de la presentaci\u00f3n de actividades tur\u00edsticas, culturales y deportivas de la etnia Pame de Ciudad del Ma\u00edz, fue se\u00f1alado que un proceso de valorizaci\u00f3n es el que atraviesan las culturas de los pueblos originarios en el mercado de captaci\u00f3n de visitantes -el cual es un gran aliado en zonas poco desarrolladas-.<\/p>\n<p style=\"text-align: justify;\">Y puede ser un elemento dinamizador para el patrimonio y las comunidades.<\/p>\n<p style=\"text-align: justify;\">Al respecto coment\u00f3 Oscar Galicia -Director de Culturas Populares de la Secretar\u00eda de Cultura-.<\/p>\n<p style=\"text-align: justify;\">Fue se\u00f1alado que el patrimonio cultural contribuye a fortalecer y afianzar los valores, la memoria hist\u00f3rica y la identidad.<\/p>\n<p style=\"text-align: justify;\">Se hizo \u00e9nfasis en que el turismo implica un proceso de consumo de la cultura.<\/p>\n<p style=\"text-align: justify;\">Por: Paulina Rodr\u00edguez<\/p>\n","protected":false},"excerpt":{"rendered":"<p>SLP.- En el marco de la presentaci\u00f3n de actividades tur\u00edsticas, culturales y deportivas de la etnia Pame de Ciudad del Ma\u00edz, fue se\u00f1alado que un proceso de valorizaci\u00f3n es el que atraviesan las culturas de los pueblos originarios en el mercado de captaci\u00f3n de visitantes -el cual es un gran aliado en zonas poco desarrolladas-. Y puede ser un elemento dinamizador para el patrimonio y las comunidades. Al respecto coment\u00f3 Oscar Galicia -Director de Culturas Populares de la Secretar\u00eda de Cultura-. Fue se\u00f1alado que el patrimonio cultural contribuye a fortalecer y afianzar los valores, la memoria hist\u00f3rica y la identidad. [&hellip;]<\/p>\n","protected":false},"author":2,"featured_media":55334,"comment_status":"closed","ping_status":"closed","sticky":false,"template":"","format":"video","meta":{"footnotes":""},"categories":[5,45],"tags":[],"class_list":["post-55330","post","type-post","status-publish","format-video","has-post-thumbnail","hentry","category-destacadas","category-localesyregionales","post_format-post-format-video","post--single"],"yoast_head":"<!-- This site is optimized with the Yoast SEO plugin v27.4 - https:\/\/yoast.com\/product\/yoast-seo-wordpress\/ -->\n<title>Actividades impulsadas por la etnia Pame son difundidas en Ciudad del Ma\u00edz. - Canal 7 SLP - 2022<\/title>\n<meta name=\"robots\" content=\"index, follow, max-snippet:-1, max-image-preview:large, max-video-preview:-1\" \/>\n<link rel=\"canonical\" href=\"https:\/\/canal7slp.tv\/2022\/actividades-impulsadas-por-la-etnia-pame-son-difundidas-en-ciudad-del-maiz\/\" \/>\n<meta property=\"og:locale\" content=\"es_ES\" \/>\n<meta property=\"og:type\" content=\"article\" \/>\n<meta property=\"og:title\" content=\"Actividades impulsadas por la etnia Pame son difundidas en Ciudad del Ma\u00edz. - Canal 7 SLP - 2022\" \/>\n<meta property=\"og:description\" content=\"SLP.- En el marco de la presentaci\u00f3n de actividades tur\u00edsticas, culturales y deportivas de la etnia Pame de Ciudad del Ma\u00edz, fue se\u00f1alado que un proceso de valorizaci\u00f3n es el que atraviesan las culturas de los pueblos originarios en el mercado de captaci\u00f3n de visitantes -el cual es un gran aliado en zonas poco desarrolladas-. Y puede ser un elemento dinamizador para el patrimonio y las comunidades. Al respecto coment\u00f3 Oscar Galicia -Director de Culturas Populares de la Secretar\u00eda de Cultura-. Fue se\u00f1alado que el patrimonio cultural contribuye a fortalecer y afianzar los valores, la memoria hist\u00f3rica y la identidad. [&hellip;]\" \/>\n<meta property=\"og:url\" content=\"https:\/\/canal7slp.tv\/2022\/actividades-impulsadas-por-la-etnia-pame-son-difundidas-en-ciudad-del-maiz\/\" \/>\n<meta property=\"og:site_name\" content=\"Canal 7 SLP - 2022\" \/>\n<meta property=\"article:publisher\" content=\"https:\/\/www.facebook.com\/noticieroscanalsiete\" \/>\n<meta property=\"article:published_time\" content=\"2022-03-26T05:33:48+00:00\" \/>\n<meta property=\"article:modified_time\" content=\"2022-03-26T05:34:44+00:00\" \/>\n<meta property=\"og:image\" content=\"https:\/\/canal7slp.tv\/2022\/wp-content\/uploads\/2022\/03\/Pau0CdMaiz.jpg\" \/>\n\t<meta property=\"og:image:width\" content=\"888\" \/>\n\t<meta property=\"og:image:height\" content=\"500\" \/>\n\t<meta property=\"og:image:type\" content=\"image\/jpeg\" \/>\n<meta name=\"author\" content=\"Edici\u00f3n Web\" \/>\n<meta name=\"twitter:card\" content=\"summary_large_image\" \/>\n<meta name=\"twitter:creator\" content=\"@NOTICIEROS7\" \/>\n<meta name=\"twitter:site\" content=\"@NOTICIEROS7\" \/>\n<meta name=\"twitter:label1\" content=\"Escrito por\" \/>\n\t<meta name=\"twitter:data1\" content=\"Edici\u00f3n Web\" \/>\n\t<meta name=\"twitter:label2\" content=\"Tiempo de lectura\" \/>\n\t<meta name=\"twitter:data2\" content=\"1 minuto\" \/>\n<script type=\"application\/ld+json\" class=\"yoast-schema-graph\">{\"@context\":\"https:\\\/\\\/schema.org\",\"@graph\":[{\"@type\":\"Article\",\"@id\":\"https:\\\/\\\/canal7slp.tv\\\/2022\\\/actividades-impulsadas-por-la-etnia-pame-son-difundidas-en-ciudad-del-maiz\\\/#article\",\"isPartOf\":{\"@id\":\"https:\\\/\\\/canal7slp.tv\\\/2022\\\/actividades-impulsadas-por-la-etnia-pame-son-difundidas-en-ciudad-del-maiz\\\/\"},\"author\":{\"name\":\"Edici\u00f3n Web\",\"@id\":\"https:\\\/\\\/canal7slp.tv\\\/2022\\\/#\\\/schema\\\/person\\\/429704152a21f5f856ce29aa69a238da\"},\"headline\":\"Actividades impulsadas por la etnia Pame son difundidas en Ciudad del Ma\u00edz.\",\"datePublished\":\"2022-03-26T05:33:48+00:00\",\"dateModified\":\"2022-03-26T05:34:44+00:00\",\"mainEntityOfPage\":{\"@id\":\"https:\\\/\\\/canal7slp.tv\\\/2022\\\/actividades-impulsadas-por-la-etnia-pame-son-difundidas-en-ciudad-del-maiz\\\/\"},\"wordCount\":142,\"publisher\":{\"@id\":\"https:\\\/\\\/canal7slp.tv\\\/2022\\\/#organization\"},\"image\":{\"@id\":\"https:\\\/\\\/canal7slp.tv\\\/2022\\\/actividades-impulsadas-por-la-etnia-pame-son-difundidas-en-ciudad-del-maiz\\\/#primaryimage\"},\"thumbnailUrl\":\"https:\\\/\\\/canal7slp.tv\\\/2022\\\/wp-content\\\/uploads\\\/2022\\\/03\\\/Pau0CdMaiz.jpg\",\"articleSection\":[\"DESTACADAS\",\"LOCALES Y REGIONALES\"],\"inLanguage\":\"es\"},{\"@type\":\"WebPage\",\"@id\":\"https:\\\/\\\/canal7slp.tv\\\/2022\\\/actividades-impulsadas-por-la-etnia-pame-son-difundidas-en-ciudad-del-maiz\\\/\",\"url\":\"https:\\\/\\\/canal7slp.tv\\\/2022\\\/actividades-impulsadas-por-la-etnia-pame-son-difundidas-en-ciudad-del-maiz\\\/\",\"name\":\"Actividades impulsadas por la etnia Pame son difundidas en Ciudad del Ma\u00edz. - Canal 7 SLP - 2022\",\"isPartOf\":{\"@id\":\"https:\\\/\\\/canal7slp.tv\\\/2022\\\/#website\"},\"primaryImageOfPage\":{\"@id\":\"https:\\\/\\\/canal7slp.tv\\\/2022\\\/actividades-impulsadas-por-la-etnia-pame-son-difundidas-en-ciudad-del-maiz\\\/#primaryimage\"},\"image\":{\"@id\":\"https:\\\/\\\/canal7slp.tv\\\/2022\\\/actividades-impulsadas-por-la-etnia-pame-son-difundidas-en-ciudad-del-maiz\\\/#primaryimage\"},\"thumbnailUrl\":\"https:\\\/\\\/canal7slp.tv\\\/2022\\\/wp-content\\\/uploads\\\/2022\\\/03\\\/Pau0CdMaiz.jpg\",\"datePublished\":\"2022-03-26T05:33:48+00:00\",\"dateModified\":\"2022-03-26T05:34:44+00:00\",\"breadcrumb\":{\"@id\":\"https:\\\/\\\/canal7slp.tv\\\/2022\\\/actividades-impulsadas-por-la-etnia-pame-son-difundidas-en-ciudad-del-maiz\\\/#breadcrumb\"},\"inLanguage\":\"es\",\"potentialAction\":[{\"@type\":\"ReadAction\",\"target\":[\"https:\\\/\\\/canal7slp.tv\\\/2022\\\/actividades-impulsadas-por-la-etnia-pame-son-difundidas-en-ciudad-del-maiz\\\/\"]}]},{\"@type\":\"ImageObject\",\"inLanguage\":\"es\",\"@id\":\"https:\\\/\\\/canal7slp.tv\\\/2022\\\/actividades-impulsadas-por-la-etnia-pame-son-difundidas-en-ciudad-del-maiz\\\/#primaryimage\",\"url\":\"https:\\\/\\\/canal7slp.tv\\\/2022\\\/wp-content\\\/uploads\\\/2022\\\/03\\\/Pau0CdMaiz.jpg\",\"contentUrl\":\"https:\\\/\\\/canal7slp.tv\\\/2022\\\/wp-content\\\/uploads\\\/2022\\\/03\\\/Pau0CdMaiz.jpg\",\"width\":888,\"height\":500},{\"@type\":\"BreadcrumbList\",\"@id\":\"https:\\\/\\\/canal7slp.tv\\\/2022\\\/actividades-impulsadas-por-la-etnia-pame-son-difundidas-en-ciudad-del-maiz\\\/#breadcrumb\",\"itemListElement\":[{\"@type\":\"ListItem\",\"position\":1,\"name\":\"Portada\",\"item\":\"https:\\\/\\\/canal7slp.tv\\\/2022\\\/\"},{\"@type\":\"ListItem\",\"position\":2,\"name\":\"Actividades impulsadas por la etnia Pame son difundidas en Ciudad del Ma\u00edz.\"}]},{\"@type\":\"WebSite\",\"@id\":\"https:\\\/\\\/canal7slp.tv\\\/2022\\\/#website\",\"url\":\"https:\\\/\\\/canal7slp.tv\\\/2022\\\/\",\"name\":\"N7 - Noticieros Canal 7\",\"description\":\"Somos Televisi\u00f3n\",\"publisher\":{\"@id\":\"https:\\\/\\\/canal7slp.tv\\\/2022\\\/#organization\"},\"potentialAction\":[{\"@type\":\"SearchAction\",\"target\":{\"@type\":\"EntryPoint\",\"urlTemplate\":\"https:\\\/\\\/canal7slp.tv\\\/2022\\\/?s={search_term_string}\"},\"query-input\":{\"@type\":\"PropertyValueSpecification\",\"valueRequired\":true,\"valueName\":\"search_term_string\"}}],\"inLanguage\":\"es\"},{\"@type\":\"Organization\",\"@id\":\"https:\\\/\\\/canal7slp.tv\\\/2022\\\/#organization\",\"name\":\"Noticieros Canal 7\",\"url\":\"https:\\\/\\\/canal7slp.tv\\\/2022\\\/\",\"logo\":{\"@type\":\"ImageObject\",\"inLanguage\":\"es\",\"@id\":\"https:\\\/\\\/canal7slp.tv\\\/2022\\\/#\\\/schema\\\/logo\\\/image\\\/\",\"url\":\"https:\\\/\\\/canal7slp.tv\\\/2022\\\/wp-content\\\/uploads\\\/2021\\\/01\\\/logo-noticieros@2x.png\",\"contentUrl\":\"https:\\\/\\\/canal7slp.tv\\\/2022\\\/wp-content\\\/uploads\\\/2021\\\/01\\\/logo-noticieros@2x.png\",\"width\":1017,\"height\":268,\"caption\":\"Noticieros Canal 7\"},\"image\":{\"@id\":\"https:\\\/\\\/canal7slp.tv\\\/2022\\\/#\\\/schema\\\/logo\\\/image\\\/\"},\"sameAs\":[\"https:\\\/\\\/www.facebook.com\\\/noticieroscanalsiete\",\"https:\\\/\\\/x.com\\\/NOTICIEROS7\",\"https:\\\/\\\/www.instagram.com\\\/canal7_slp\",\"https:\\\/\\\/www.youtube.com\\\/channel\\\/UCliiYs-gP3JfJeqdPrNdd5A\"]},{\"@type\":\"Person\",\"@id\":\"https:\\\/\\\/canal7slp.tv\\\/2022\\\/#\\\/schema\\\/person\\\/429704152a21f5f856ce29aa69a238da\",\"name\":\"Edici\u00f3n Web\",\"image\":{\"@type\":\"ImageObject\",\"inLanguage\":\"es\",\"@id\":\"https:\\\/\\\/secure.gravatar.com\\\/avatar\\\/eee448fc3f7164808013b816ba91ac7e43bbe82a70bebac296f8bc6f0addaa1a?s=96&d=mm&r=g\",\"url\":\"https:\\\/\\\/secure.gravatar.com\\\/avatar\\\/eee448fc3f7164808013b816ba91ac7e43bbe82a70bebac296f8bc6f0addaa1a?s=96&d=mm&r=g\",\"contentUrl\":\"https:\\\/\\\/secure.gravatar.com\\\/avatar\\\/eee448fc3f7164808013b816ba91ac7e43bbe82a70bebac296f8bc6f0addaa1a?s=96&d=mm&r=g\",\"caption\":\"Edici\u00f3n Web\"},\"url\":\"https:\\\/\\\/canal7slp.tv\\\/2022\\\/author\\\/edicionweb\\\/\"}]}<\/script>\n<!-- \/ Yoast SEO plugin. -->","yoast_head_json":{"title":"Actividades impulsadas por la etnia Pame son difundidas en Ciudad del Ma\u00edz. - Canal 7 SLP - 2022","robots":{"index":"index","follow":"follow","max-snippet":"max-snippet:-1","max-image-preview":"max-image-preview:large","max-video-preview":"max-video-preview:-1"},"canonical":"https:\/\/canal7slp.tv\/2022\/actividades-impulsadas-por-la-etnia-pame-son-difundidas-en-ciudad-del-maiz\/","og_locale":"es_ES","og_type":"article","og_title":"Actividades impulsadas por la etnia Pame son difundidas en Ciudad del Ma\u00edz. - Canal 7 SLP - 2022","og_description":"SLP.- En el marco de la presentaci\u00f3n de actividades tur\u00edsticas, culturales y deportivas de la etnia Pame de Ciudad del Ma\u00edz, fue se\u00f1alado que un proceso de valorizaci\u00f3n es el que atraviesan las culturas de los pueblos originarios en el mercado de captaci\u00f3n de visitantes -el cual es un gran aliado en zonas poco desarrolladas-. Y puede ser un elemento dinamizador para el patrimonio y las comunidades. Al respecto coment\u00f3 Oscar Galicia -Director de Culturas Populares de la Secretar\u00eda de Cultura-. Fue se\u00f1alado que el patrimonio cultural contribuye a fortalecer y afianzar los valores, la memoria hist\u00f3rica y la identidad. [&hellip;]","og_url":"https:\/\/canal7slp.tv\/2022\/actividades-impulsadas-por-la-etnia-pame-son-difundidas-en-ciudad-del-maiz\/","og_site_name":"Canal 7 SLP - 2022","article_publisher":"https:\/\/www.facebook.com\/noticieroscanalsiete","article_published_time":"2022-03-26T05:33:48+00:00","article_modified_time":"2022-03-26T05:34:44+00:00","og_image":[{"width":888,"height":500,"url":"https:\/\/canal7slp.tv\/2022\/wp-content\/uploads\/2022\/03\/Pau0CdMaiz.jpg","type":"image\/jpeg"}],"author":"Edici\u00f3n Web","twitter_card":"summary_large_image","twitter_creator":"@NOTICIEROS7","twitter_site":"@NOTICIEROS7","twitter_misc":{"Escrito por":"Edici\u00f3n Web","Tiempo de lectura":"1 minuto"},"schema":{"@context":"https:\/\/schema.org","@graph":[{"@type":"Article","@id":"https:\/\/canal7slp.tv\/2022\/actividades-impulsadas-por-la-etnia-pame-son-difundidas-en-ciudad-del-maiz\/#article","isPartOf":{"@id":"https:\/\/canal7slp.tv\/2022\/actividades-impulsadas-por-la-etnia-pame-son-difundidas-en-ciudad-del-maiz\/"},"author":{"name":"Edici\u00f3n Web","@id":"https:\/\/canal7slp.tv\/2022\/#\/schema\/person\/429704152a21f5f856ce29aa69a238da"},"headline":"Actividades impulsadas por la etnia Pame son difundidas en Ciudad del Ma\u00edz.","datePublished":"2022-03-26T05:33:48+00:00","dateModified":"2022-03-26T05:34:44+00:00","mainEntityOfPage":{"@id":"https:\/\/canal7slp.tv\/2022\/actividades-impulsadas-por-la-etnia-pame-son-difundidas-en-ciudad-del-maiz\/"},"wordCount":142,"publisher":{"@id":"https:\/\/canal7slp.tv\/2022\/#organization"},"image":{"@id":"https:\/\/canal7slp.tv\/2022\/actividades-impulsadas-por-la-etnia-pame-son-difundidas-en-ciudad-del-maiz\/#primaryimage"},"thumbnailUrl":"https:\/\/canal7slp.tv\/2022\/wp-content\/uploads\/2022\/03\/Pau0CdMaiz.jpg","articleSection":["DESTACADAS","LOCALES Y REGIONALES"],"inLanguage":"es"},{"@type":"WebPage","@id":"https:\/\/canal7slp.tv\/2022\/actividades-impulsadas-por-la-etnia-pame-son-difundidas-en-ciudad-del-maiz\/","url":"https:\/\/canal7slp.tv\/2022\/actividades-impulsadas-por-la-etnia-pame-son-difundidas-en-ciudad-del-maiz\/","name":"Actividades impulsadas por la etnia Pame son difundidas en Ciudad del Ma\u00edz. - Canal 7 SLP - 2022","isPartOf":{"@id":"https:\/\/canal7slp.tv\/2022\/#website"},"primaryImageOfPage":{"@id":"https:\/\/canal7slp.tv\/2022\/actividades-impulsadas-por-la-etnia-pame-son-difundidas-en-ciudad-del-maiz\/#primaryimage"},"image":{"@id":"https:\/\/canal7slp.tv\/2022\/actividades-impulsadas-por-la-etnia-pame-son-difundidas-en-ciudad-del-maiz\/#primaryimage"},"thumbnailUrl":"https:\/\/canal7slp.tv\/2022\/wp-content\/uploads\/2022\/03\/Pau0CdMaiz.jpg","datePublished":"2022-03-26T05:33:48+00:00","dateModified":"2022-03-26T05:34:44+00:00","breadcrumb":{"@id":"https:\/\/canal7slp.tv\/2022\/actividades-impulsadas-por-la-etnia-pame-son-difundidas-en-ciudad-del-maiz\/#breadcrumb"},"inLanguage":"es","potentialAction":[{"@type":"ReadAction","target":["https:\/\/canal7slp.tv\/2022\/actividades-impulsadas-por-la-etnia-pame-son-difundidas-en-ciudad-del-maiz\/"]}]},{"@type":"ImageObject","inLanguage":"es","@id":"https:\/\/canal7slp.tv\/2022\/actividades-impulsadas-por-la-etnia-pame-son-difundidas-en-ciudad-del-maiz\/#primaryimage","url":"https:\/\/canal7slp.tv\/2022\/wp-content\/uploads\/2022\/03\/Pau0CdMaiz.jpg","contentUrl":"https:\/\/canal7slp.tv\/2022\/wp-content\/uploads\/2022\/03\/Pau0CdMaiz.jpg","width":888,"height":500},{"@type":"BreadcrumbList","@id":"https:\/\/canal7slp.tv\/2022\/actividades-impulsadas-por-la-etnia-pame-son-difundidas-en-ciudad-del-maiz\/#breadcrumb","itemListElement":[{"@type":"ListItem","position":1,"name":"Portada","item":"https:\/\/canal7slp.tv\/2022\/"},{"@type":"ListItem","position":2,"name":"Actividades impulsadas por la etnia Pame son difundidas en Ciudad del Ma\u00edz."}]},{"@type":"WebSite","@id":"https:\/\/canal7slp.tv\/2022\/#website","url":"https:\/\/canal7slp.tv\/2022\/","name":"N7 - Noticieros Canal 7","description":"Somos Televisi\u00f3n","publisher":{"@id":"https:\/\/canal7slp.tv\/2022\/#organization"},"potentialAction":[{"@type":"SearchAction","target":{"@type":"EntryPoint","urlTemplate":"https:\/\/canal7slp.tv\/2022\/?s={search_term_string}"},"query-input":{"@type":"PropertyValueSpecification","valueRequired":true,"valueName":"search_term_string"}}],"inLanguage":"es"},{"@type":"Organization","@id":"https:\/\/canal7slp.tv\/2022\/#organization","name":"Noticieros Canal 7","url":"https:\/\/canal7slp.tv\/2022\/","logo":{"@type":"ImageObject","inLanguage":"es","@id":"https:\/\/canal7slp.tv\/2022\/#\/schema\/logo\/image\/","url":"https:\/\/canal7slp.tv\/2022\/wp-content\/uploads\/2021\/01\/logo-noticieros@2x.png","contentUrl":"https:\/\/canal7slp.tv\/2022\/wp-content\/uploads\/2021\/01\/logo-noticieros@2x.png","width":1017,"height":268,"caption":"Noticieros Canal 7"},"image":{"@id":"https:\/\/canal7slp.tv\/2022\/#\/schema\/logo\/image\/"},"sameAs":["https:\/\/www.facebook.com\/noticieroscanalsiete","https:\/\/x.com\/NOTICIEROS7","https:\/\/www.instagram.com\/canal7_slp","https:\/\/www.youtube.com\/channel\/UCliiYs-gP3JfJeqdPrNdd5A"]},{"@type":"Person","@id":"https:\/\/canal7slp.tv\/2022\/#\/schema\/person\/429704152a21f5f856ce29aa69a238da","name":"Edici\u00f3n Web","image":{"@type":"ImageObject","inLanguage":"es","@id":"https:\/\/secure.gravatar.com\/avatar\/eee448fc3f7164808013b816ba91ac7e43bbe82a70bebac296f8bc6f0addaa1a?s=96&d=mm&r=g","url":"https:\/\/secure.gravatar.com\/avatar\/eee448fc3f7164808013b816ba91ac7e43bbe82a70bebac296f8bc6f0addaa1a?s=96&d=mm&r=g","contentUrl":"https:\/\/secure.gravatar.com\/avatar\/eee448fc3f7164808013b816ba91ac7e43bbe82a70bebac296f8bc6f0addaa1a?s=96&d=mm&r=g","caption":"Edici\u00f3n Web"},"url":"https:\/\/canal7slp.tv\/2022\/author\/edicionweb\/"}]}},"amp_enabled":true,"_links":{"self":[{"href":"https:\/\/canal7slp.tv\/2022\/wp-json\/wp\/v2\/posts\/55330","targetHints":{"allow":["GET"]}}],"collection":[{"href":"https:\/\/canal7slp.tv\/2022\/wp-json\/wp\/v2\/posts"}],"about":[{"href":"https:\/\/canal7slp.tv\/2022\/wp-json\/wp\/v2\/types\/post"}],"author":[{"embeddable":true,"href":"https:\/\/canal7slp.tv\/2022\/wp-json\/wp\/v2\/users\/2"}],"replies":[{"embeddable":true,"href":"https:\/\/canal7slp.tv\/2022\/wp-json\/wp\/v2\/comments?post=55330"}],"version-history":[{"count":1,"href":"https:\/\/canal7slp.tv\/2022\/wp-json\/wp\/v2\/posts\/55330\/revisions"}],"predecessor-version":[{"id":55332,"href":"https:\/\/canal7slp.tv\/2022\/wp-json\/wp\/v2\/posts\/55330\/revisions\/55332"}],"wp:featuredmedia":[{"embeddable":true,"href":"https:\/\/canal7slp.tv\/2022\/wp-json\/wp\/v2\/media\/55334"}],"wp:attachment":[{"href":"https:\/\/canal7slp.tv\/2022\/wp-json\/wp\/v2\/media?parent=55330"}],"wp:term":[{"taxonomy":"category","embeddable":true,"href":"https:\/\/canal7slp.tv\/2022\/wp-json\/wp\/v2\/categories?post=55330"},{"taxonomy":"post_tag","embeddable":true,"href":"https:\/\/canal7slp.tv\/2022\/wp-json\/wp\/v2\/tags?post=55330"}],"curies":[{"name":"wp","href":"https:\/\/api.w.org\/{rel}","templated":true}]}}