{"id":55327,"date":"2022-03-25T23:21:10","date_gmt":"2022-03-26T05:21:10","guid":{"rendered":"https:\/\/canal7slp.tv\/2022\/?p=55327"},"modified":"2022-03-25T23:21:10","modified_gmt":"2022-03-26T05:21:10","slug":"francisco-torres-ocejo-asumio-la-presidencia-de-la-canadevi-en-slp","status":"publish","type":"post","link":"https:\/\/canal7slp.tv\/2022\/francisco-torres-ocejo-asumio-la-presidencia-de-la-canadevi-en-slp\/","title":{"rendered":"Francisco Torres Ocejo asumi\u00f3 la presidencia de la CANADEVI en SLP."},"content":{"rendered":"<p style=\"text-align: justify;\">SLP.- Por medio de un acto protocolario, se llev\u00f3 a cabo la renovaci\u00f3n de la dirigencia de la C\u00e1mara Nacional de la Industria de Desarrollo y Promoci\u00f3n de Vivienda (CANADEVI) en San Luis Potos\u00ed, con Francisco Torres Ocejo como nuevo presidente.<\/p>\n<p style=\"text-align: justify;\">El dirigente saliente, Juli\u00e1n Ram\u00edrez Abella expuso que como estado se contin\u00faa en deuda con los potosinos, cuando de generaci\u00f3n de vivienda se trata.<\/p>\n<p style=\"text-align: justify;\">El presidente nacional de la CANADEVI, Luis Alberto Moreno G\u00f3mez Monroy entreg\u00f3 un reconocimiento a Juli\u00e1n Ram\u00edrez Abella -cuyo trabajo calific\u00f3 de espl\u00e9ndido- y dio un mensaje.<\/p>\n<p style=\"text-align: justify;\">En tanto, el nuevo presidente, Francisco Torres Ocejo record\u00f3 que el 16 de octubre de 1986 se firm\u00f3 un pergamino y tom\u00f3 protesta al primer Consejo Directivo de PROVIVAC -con su padre, Alejandro Torres Corzo al frente-.<\/p>\n<p style=\"text-align: justify;\">Se dijo convencido de que la coordinaci\u00f3n entre iniciativa privada y autoridades; institutos de vivienda y rubro hipotecario ser\u00e1 posible impulsar proyectos de gran alcance.<\/p>\n<p style=\"text-align: justify;\">Por: Paulina Rodr\u00edguez<\/p>\n","protected":false},"excerpt":{"rendered":"<p>SLP.- Por medio de un acto protocolario, se llev\u00f3 a cabo la renovaci\u00f3n de la dirigencia de la C\u00e1mara Nacional de la Industria de Desarrollo y Promoci\u00f3n de Vivienda (CANADEVI) en San Luis Potos\u00ed, con Francisco Torres Ocejo como nuevo presidente. El dirigente saliente, Juli\u00e1n Ram\u00edrez Abella expuso que como estado se contin\u00faa en deuda con los potosinos, cuando de generaci\u00f3n de vivienda se trata. El presidente nacional de la CANADEVI, Luis Alberto Moreno G\u00f3mez Monroy entreg\u00f3 un reconocimiento a Juli\u00e1n Ram\u00edrez Abella -cuyo trabajo calific\u00f3 de espl\u00e9ndido- y dio un mensaje. En tanto, el nuevo presidente, Francisco Torres Ocejo [&hellip;]<\/p>\n","protected":false},"author":2,"featured_media":55328,"comment_status":"closed","ping_status":"closed","sticky":false,"template":"","format":"video","meta":{"footnotes":""},"categories":[5,45],"tags":[],"class_list":["post-55327","post","type-post","status-publish","format-video","has-post-thumbnail","hentry","category-destacadas","category-localesyregionales","post_format-post-format-video","post--single"],"yoast_head":"<!-- This site is optimized with the Yoast SEO plugin v27.4 - https:\/\/yoast.com\/product\/yoast-seo-wordpress\/ -->\n<title>Francisco Torres Ocejo asumi\u00f3 la presidencia de la CANADEVI en SLP. - Canal 7 SLP - 2022<\/title>\n<meta name=\"robots\" content=\"index, follow, max-snippet:-1, max-image-preview:large, max-video-preview:-1\" \/>\n<link rel=\"canonical\" href=\"https:\/\/canal7slp.tv\/2022\/francisco-torres-ocejo-asumio-la-presidencia-de-la-canadevi-en-slp\/\" \/>\n<meta property=\"og:locale\" content=\"es_ES\" \/>\n<meta property=\"og:type\" content=\"article\" \/>\n<meta property=\"og:title\" content=\"Francisco Torres Ocejo asumi\u00f3 la presidencia de la CANADEVI en SLP. - Canal 7 SLP - 2022\" \/>\n<meta property=\"og:description\" content=\"SLP.- Por medio de un acto protocolario, se llev\u00f3 a cabo la renovaci\u00f3n de la dirigencia de la C\u00e1mara Nacional de la Industria de Desarrollo y Promoci\u00f3n de Vivienda (CANADEVI) en San Luis Potos\u00ed, con Francisco Torres Ocejo como nuevo presidente. El dirigente saliente, Juli\u00e1n Ram\u00edrez Abella expuso que como estado se contin\u00faa en deuda con los potosinos, cuando de generaci\u00f3n de vivienda se trata. El presidente nacional de la CANADEVI, Luis Alberto Moreno G\u00f3mez Monroy entreg\u00f3 un reconocimiento a Juli\u00e1n Ram\u00edrez Abella -cuyo trabajo calific\u00f3 de espl\u00e9ndido- y dio un mensaje. En tanto, el nuevo presidente, Francisco Torres Ocejo [&hellip;]\" \/>\n<meta property=\"og:url\" content=\"https:\/\/canal7slp.tv\/2022\/francisco-torres-ocejo-asumio-la-presidencia-de-la-canadevi-en-slp\/\" \/>\n<meta property=\"og:site_name\" content=\"Canal 7 SLP - 2022\" \/>\n<meta property=\"article:publisher\" content=\"https:\/\/www.facebook.com\/noticieroscanalsiete\" \/>\n<meta property=\"article:published_time\" content=\"2022-03-26T05:21:10+00:00\" \/>\n<meta property=\"og:image\" content=\"https:\/\/canal7slp.tv\/2022\/wp-content\/uploads\/2022\/03\/Pau01CANADEVI.jpg\" \/>\n\t<meta property=\"og:image:width\" content=\"888\" \/>\n\t<meta property=\"og:image:height\" content=\"500\" \/>\n\t<meta property=\"og:image:type\" content=\"image\/jpeg\" \/>\n<meta name=\"author\" content=\"Edici\u00f3n Web\" \/>\n<meta name=\"twitter:card\" content=\"summary_large_image\" \/>\n<meta name=\"twitter:creator\" content=\"@NOTICIEROS7\" \/>\n<meta name=\"twitter:site\" content=\"@NOTICIEROS7\" \/>\n<meta name=\"twitter:label1\" content=\"Escrito por\" \/>\n\t<meta name=\"twitter:data1\" content=\"Edici\u00f3n Web\" \/>\n\t<meta name=\"twitter:label2\" content=\"Tiempo de lectura\" \/>\n\t<meta name=\"twitter:data2\" content=\"1 minuto\" \/>\n<script type=\"application\/ld+json\" class=\"yoast-schema-graph\">{\"@context\":\"https:\\\/\\\/schema.org\",\"@graph\":[{\"@type\":\"Article\",\"@id\":\"https:\\\/\\\/canal7slp.tv\\\/2022\\\/francisco-torres-ocejo-asumio-la-presidencia-de-la-canadevi-en-slp\\\/#article\",\"isPartOf\":{\"@id\":\"https:\\\/\\\/canal7slp.tv\\\/2022\\\/francisco-torres-ocejo-asumio-la-presidencia-de-la-canadevi-en-slp\\\/\"},\"author\":{\"name\":\"Edici\u00f3n Web\",\"@id\":\"https:\\\/\\\/canal7slp.tv\\\/2022\\\/#\\\/schema\\\/person\\\/429704152a21f5f856ce29aa69a238da\"},\"headline\":\"Francisco Torres Ocejo asumi\u00f3 la presidencia de la CANADEVI en SLP.\",\"datePublished\":\"2022-03-26T05:21:10+00:00\",\"mainEntityOfPage\":{\"@id\":\"https:\\\/\\\/canal7slp.tv\\\/2022\\\/francisco-torres-ocejo-asumio-la-presidencia-de-la-canadevi-en-slp\\\/\"},\"wordCount\":180,\"publisher\":{\"@id\":\"https:\\\/\\\/canal7slp.tv\\\/2022\\\/#organization\"},\"image\":{\"@id\":\"https:\\\/\\\/canal7slp.tv\\\/2022\\\/francisco-torres-ocejo-asumio-la-presidencia-de-la-canadevi-en-slp\\\/#primaryimage\"},\"thumbnailUrl\":\"https:\\\/\\\/canal7slp.tv\\\/2022\\\/wp-content\\\/uploads\\\/2022\\\/03\\\/Pau01CANADEVI.jpg\",\"articleSection\":[\"DESTACADAS\",\"LOCALES Y REGIONALES\"],\"inLanguage\":\"es\"},{\"@type\":\"WebPage\",\"@id\":\"https:\\\/\\\/canal7slp.tv\\\/2022\\\/francisco-torres-ocejo-asumio-la-presidencia-de-la-canadevi-en-slp\\\/\",\"url\":\"https:\\\/\\\/canal7slp.tv\\\/2022\\\/francisco-torres-ocejo-asumio-la-presidencia-de-la-canadevi-en-slp\\\/\",\"name\":\"Francisco Torres Ocejo asumi\u00f3 la presidencia de la CANADEVI en SLP. - Canal 7 SLP - 2022\",\"isPartOf\":{\"@id\":\"https:\\\/\\\/canal7slp.tv\\\/2022\\\/#website\"},\"primaryImageOfPage\":{\"@id\":\"https:\\\/\\\/canal7slp.tv\\\/2022\\\/francisco-torres-ocejo-asumio-la-presidencia-de-la-canadevi-en-slp\\\/#primaryimage\"},\"image\":{\"@id\":\"https:\\\/\\\/canal7slp.tv\\\/2022\\\/francisco-torres-ocejo-asumio-la-presidencia-de-la-canadevi-en-slp\\\/#primaryimage\"},\"thumbnailUrl\":\"https:\\\/\\\/canal7slp.tv\\\/2022\\\/wp-content\\\/uploads\\\/2022\\\/03\\\/Pau01CANADEVI.jpg\",\"datePublished\":\"2022-03-26T05:21:10+00:00\",\"breadcrumb\":{\"@id\":\"https:\\\/\\\/canal7slp.tv\\\/2022\\\/francisco-torres-ocejo-asumio-la-presidencia-de-la-canadevi-en-slp\\\/#breadcrumb\"},\"inLanguage\":\"es\",\"potentialAction\":[{\"@type\":\"ReadAction\",\"target\":[\"https:\\\/\\\/canal7slp.tv\\\/2022\\\/francisco-torres-ocejo-asumio-la-presidencia-de-la-canadevi-en-slp\\\/\"]}]},{\"@type\":\"ImageObject\",\"inLanguage\":\"es\",\"@id\":\"https:\\\/\\\/canal7slp.tv\\\/2022\\\/francisco-torres-ocejo-asumio-la-presidencia-de-la-canadevi-en-slp\\\/#primaryimage\",\"url\":\"https:\\\/\\\/canal7slp.tv\\\/2022\\\/wp-content\\\/uploads\\\/2022\\\/03\\\/Pau01CANADEVI.jpg\",\"contentUrl\":\"https:\\\/\\\/canal7slp.tv\\\/2022\\\/wp-content\\\/uploads\\\/2022\\\/03\\\/Pau01CANADEVI.jpg\",\"width\":888,\"height\":500},{\"@type\":\"BreadcrumbList\",\"@id\":\"https:\\\/\\\/canal7slp.tv\\\/2022\\\/francisco-torres-ocejo-asumio-la-presidencia-de-la-canadevi-en-slp\\\/#breadcrumb\",\"itemListElement\":[{\"@type\":\"ListItem\",\"position\":1,\"name\":\"Portada\",\"item\":\"https:\\\/\\\/canal7slp.tv\\\/2022\\\/\"},{\"@type\":\"ListItem\",\"position\":2,\"name\":\"Francisco Torres Ocejo asumi\u00f3 la presidencia de la CANADEVI en SLP.\"}]},{\"@type\":\"WebSite\",\"@id\":\"https:\\\/\\\/canal7slp.tv\\\/2022\\\/#website\",\"url\":\"https:\\\/\\\/canal7slp.tv\\\/2022\\\/\",\"name\":\"N7 - Noticieros Canal 7\",\"description\":\"Somos Televisi\u00f3n\",\"publisher\":{\"@id\":\"https:\\\/\\\/canal7slp.tv\\\/2022\\\/#organization\"},\"potentialAction\":[{\"@type\":\"SearchAction\",\"target\":{\"@type\":\"EntryPoint\",\"urlTemplate\":\"https:\\\/\\\/canal7slp.tv\\\/2022\\\/?s={search_term_string}\"},\"query-input\":{\"@type\":\"PropertyValueSpecification\",\"valueRequired\":true,\"valueName\":\"search_term_string\"}}],\"inLanguage\":\"es\"},{\"@type\":\"Organization\",\"@id\":\"https:\\\/\\\/canal7slp.tv\\\/2022\\\/#organization\",\"name\":\"Noticieros Canal 7\",\"url\":\"https:\\\/\\\/canal7slp.tv\\\/2022\\\/\",\"logo\":{\"@type\":\"ImageObject\",\"inLanguage\":\"es\",\"@id\":\"https:\\\/\\\/canal7slp.tv\\\/2022\\\/#\\\/schema\\\/logo\\\/image\\\/\",\"url\":\"https:\\\/\\\/canal7slp.tv\\\/2022\\\/wp-content\\\/uploads\\\/2021\\\/01\\\/logo-noticieros@2x.png\",\"contentUrl\":\"https:\\\/\\\/canal7slp.tv\\\/2022\\\/wp-content\\\/uploads\\\/2021\\\/01\\\/logo-noticieros@2x.png\",\"width\":1017,\"height\":268,\"caption\":\"Noticieros Canal 7\"},\"image\":{\"@id\":\"https:\\\/\\\/canal7slp.tv\\\/2022\\\/#\\\/schema\\\/logo\\\/image\\\/\"},\"sameAs\":[\"https:\\\/\\\/www.facebook.com\\\/noticieroscanalsiete\",\"https:\\\/\\\/x.com\\\/NOTICIEROS7\",\"https:\\\/\\\/www.instagram.com\\\/canal7_slp\",\"https:\\\/\\\/www.youtube.com\\\/channel\\\/UCliiYs-gP3JfJeqdPrNdd5A\"]},{\"@type\":\"Person\",\"@id\":\"https:\\\/\\\/canal7slp.tv\\\/2022\\\/#\\\/schema\\\/person\\\/429704152a21f5f856ce29aa69a238da\",\"name\":\"Edici\u00f3n Web\",\"image\":{\"@type\":\"ImageObject\",\"inLanguage\":\"es\",\"@id\":\"https:\\\/\\\/secure.gravatar.com\\\/avatar\\\/eee448fc3f7164808013b816ba91ac7e43bbe82a70bebac296f8bc6f0addaa1a?s=96&d=mm&r=g\",\"url\":\"https:\\\/\\\/secure.gravatar.com\\\/avatar\\\/eee448fc3f7164808013b816ba91ac7e43bbe82a70bebac296f8bc6f0addaa1a?s=96&d=mm&r=g\",\"contentUrl\":\"https:\\\/\\\/secure.gravatar.com\\\/avatar\\\/eee448fc3f7164808013b816ba91ac7e43bbe82a70bebac296f8bc6f0addaa1a?s=96&d=mm&r=g\",\"caption\":\"Edici\u00f3n Web\"},\"url\":\"https:\\\/\\\/canal7slp.tv\\\/2022\\\/author\\\/edicionweb\\\/\"}]}<\/script>\n<!-- \/ Yoast SEO plugin. -->","yoast_head_json":{"title":"Francisco Torres Ocejo asumi\u00f3 la presidencia de la CANADEVI en SLP. - Canal 7 SLP - 2022","robots":{"index":"index","follow":"follow","max-snippet":"max-snippet:-1","max-image-preview":"max-image-preview:large","max-video-preview":"max-video-preview:-1"},"canonical":"https:\/\/canal7slp.tv\/2022\/francisco-torres-ocejo-asumio-la-presidencia-de-la-canadevi-en-slp\/","og_locale":"es_ES","og_type":"article","og_title":"Francisco Torres Ocejo asumi\u00f3 la presidencia de la CANADEVI en SLP. - Canal 7 SLP - 2022","og_description":"SLP.- Por medio de un acto protocolario, se llev\u00f3 a cabo la renovaci\u00f3n de la dirigencia de la C\u00e1mara Nacional de la Industria de Desarrollo y Promoci\u00f3n de Vivienda (CANADEVI) en San Luis Potos\u00ed, con Francisco Torres Ocejo como nuevo presidente. El dirigente saliente, Juli\u00e1n Ram\u00edrez Abella expuso que como estado se contin\u00faa en deuda con los potosinos, cuando de generaci\u00f3n de vivienda se trata. El presidente nacional de la CANADEVI, Luis Alberto Moreno G\u00f3mez Monroy entreg\u00f3 un reconocimiento a Juli\u00e1n Ram\u00edrez Abella -cuyo trabajo calific\u00f3 de espl\u00e9ndido- y dio un mensaje. En tanto, el nuevo presidente, Francisco Torres Ocejo [&hellip;]","og_url":"https:\/\/canal7slp.tv\/2022\/francisco-torres-ocejo-asumio-la-presidencia-de-la-canadevi-en-slp\/","og_site_name":"Canal 7 SLP - 2022","article_publisher":"https:\/\/www.facebook.com\/noticieroscanalsiete","article_published_time":"2022-03-26T05:21:10+00:00","og_image":[{"width":888,"height":500,"url":"https:\/\/canal7slp.tv\/2022\/wp-content\/uploads\/2022\/03\/Pau01CANADEVI.jpg","type":"image\/jpeg"}],"author":"Edici\u00f3n Web","twitter_card":"summary_large_image","twitter_creator":"@NOTICIEROS7","twitter_site":"@NOTICIEROS7","twitter_misc":{"Escrito por":"Edici\u00f3n Web","Tiempo de lectura":"1 minuto"},"schema":{"@context":"https:\/\/schema.org","@graph":[{"@type":"Article","@id":"https:\/\/canal7slp.tv\/2022\/francisco-torres-ocejo-asumio-la-presidencia-de-la-canadevi-en-slp\/#article","isPartOf":{"@id":"https:\/\/canal7slp.tv\/2022\/francisco-torres-ocejo-asumio-la-presidencia-de-la-canadevi-en-slp\/"},"author":{"name":"Edici\u00f3n Web","@id":"https:\/\/canal7slp.tv\/2022\/#\/schema\/person\/429704152a21f5f856ce29aa69a238da"},"headline":"Francisco Torres Ocejo asumi\u00f3 la presidencia de la CANADEVI en SLP.","datePublished":"2022-03-26T05:21:10+00:00","mainEntityOfPage":{"@id":"https:\/\/canal7slp.tv\/2022\/francisco-torres-ocejo-asumio-la-presidencia-de-la-canadevi-en-slp\/"},"wordCount":180,"publisher":{"@id":"https:\/\/canal7slp.tv\/2022\/#organization"},"image":{"@id":"https:\/\/canal7slp.tv\/2022\/francisco-torres-ocejo-asumio-la-presidencia-de-la-canadevi-en-slp\/#primaryimage"},"thumbnailUrl":"https:\/\/canal7slp.tv\/2022\/wp-content\/uploads\/2022\/03\/Pau01CANADEVI.jpg","articleSection":["DESTACADAS","LOCALES Y REGIONALES"],"inLanguage":"es"},{"@type":"WebPage","@id":"https:\/\/canal7slp.tv\/2022\/francisco-torres-ocejo-asumio-la-presidencia-de-la-canadevi-en-slp\/","url":"https:\/\/canal7slp.tv\/2022\/francisco-torres-ocejo-asumio-la-presidencia-de-la-canadevi-en-slp\/","name":"Francisco Torres Ocejo asumi\u00f3 la presidencia de la CANADEVI en SLP. - Canal 7 SLP - 2022","isPartOf":{"@id":"https:\/\/canal7slp.tv\/2022\/#website"},"primaryImageOfPage":{"@id":"https:\/\/canal7slp.tv\/2022\/francisco-torres-ocejo-asumio-la-presidencia-de-la-canadevi-en-slp\/#primaryimage"},"image":{"@id":"https:\/\/canal7slp.tv\/2022\/francisco-torres-ocejo-asumio-la-presidencia-de-la-canadevi-en-slp\/#primaryimage"},"thumbnailUrl":"https:\/\/canal7slp.tv\/2022\/wp-content\/uploads\/2022\/03\/Pau01CANADEVI.jpg","datePublished":"2022-03-26T05:21:10+00:00","breadcrumb":{"@id":"https:\/\/canal7slp.tv\/2022\/francisco-torres-ocejo-asumio-la-presidencia-de-la-canadevi-en-slp\/#breadcrumb"},"inLanguage":"es","potentialAction":[{"@type":"ReadAction","target":["https:\/\/canal7slp.tv\/2022\/francisco-torres-ocejo-asumio-la-presidencia-de-la-canadevi-en-slp\/"]}]},{"@type":"ImageObject","inLanguage":"es","@id":"https:\/\/canal7slp.tv\/2022\/francisco-torres-ocejo-asumio-la-presidencia-de-la-canadevi-en-slp\/#primaryimage","url":"https:\/\/canal7slp.tv\/2022\/wp-content\/uploads\/2022\/03\/Pau01CANADEVI.jpg","contentUrl":"https:\/\/canal7slp.tv\/2022\/wp-content\/uploads\/2022\/03\/Pau01CANADEVI.jpg","width":888,"height":500},{"@type":"BreadcrumbList","@id":"https:\/\/canal7slp.tv\/2022\/francisco-torres-ocejo-asumio-la-presidencia-de-la-canadevi-en-slp\/#breadcrumb","itemListElement":[{"@type":"ListItem","position":1,"name":"Portada","item":"https:\/\/canal7slp.tv\/2022\/"},{"@type":"ListItem","position":2,"name":"Francisco Torres Ocejo asumi\u00f3 la presidencia de la CANADEVI en SLP."}]},{"@type":"WebSite","@id":"https:\/\/canal7slp.tv\/2022\/#website","url":"https:\/\/canal7slp.tv\/2022\/","name":"N7 - Noticieros Canal 7","description":"Somos Televisi\u00f3n","publisher":{"@id":"https:\/\/canal7slp.tv\/2022\/#organization"},"potentialAction":[{"@type":"SearchAction","target":{"@type":"EntryPoint","urlTemplate":"https:\/\/canal7slp.tv\/2022\/?s={search_term_string}"},"query-input":{"@type":"PropertyValueSpecification","valueRequired":true,"valueName":"search_term_string"}}],"inLanguage":"es"},{"@type":"Organization","@id":"https:\/\/canal7slp.tv\/2022\/#organization","name":"Noticieros Canal 7","url":"https:\/\/canal7slp.tv\/2022\/","logo":{"@type":"ImageObject","inLanguage":"es","@id":"https:\/\/canal7slp.tv\/2022\/#\/schema\/logo\/image\/","url":"https:\/\/canal7slp.tv\/2022\/wp-content\/uploads\/2021\/01\/logo-noticieros@2x.png","contentUrl":"https:\/\/canal7slp.tv\/2022\/wp-content\/uploads\/2021\/01\/logo-noticieros@2x.png","width":1017,"height":268,"caption":"Noticieros Canal 7"},"image":{"@id":"https:\/\/canal7slp.tv\/2022\/#\/schema\/logo\/image\/"},"sameAs":["https:\/\/www.facebook.com\/noticieroscanalsiete","https:\/\/x.com\/NOTICIEROS7","https:\/\/www.instagram.com\/canal7_slp","https:\/\/www.youtube.com\/channel\/UCliiYs-gP3JfJeqdPrNdd5A"]},{"@type":"Person","@id":"https:\/\/canal7slp.tv\/2022\/#\/schema\/person\/429704152a21f5f856ce29aa69a238da","name":"Edici\u00f3n Web","image":{"@type":"ImageObject","inLanguage":"es","@id":"https:\/\/secure.gravatar.com\/avatar\/eee448fc3f7164808013b816ba91ac7e43bbe82a70bebac296f8bc6f0addaa1a?s=96&d=mm&r=g","url":"https:\/\/secure.gravatar.com\/avatar\/eee448fc3f7164808013b816ba91ac7e43bbe82a70bebac296f8bc6f0addaa1a?s=96&d=mm&r=g","contentUrl":"https:\/\/secure.gravatar.com\/avatar\/eee448fc3f7164808013b816ba91ac7e43bbe82a70bebac296f8bc6f0addaa1a?s=96&d=mm&r=g","caption":"Edici\u00f3n Web"},"url":"https:\/\/canal7slp.tv\/2022\/author\/edicionweb\/"}]}},"amp_enabled":true,"_links":{"self":[{"href":"https:\/\/canal7slp.tv\/2022\/wp-json\/wp\/v2\/posts\/55327","targetHints":{"allow":["GET"]}}],"collection":[{"href":"https:\/\/canal7slp.tv\/2022\/wp-json\/wp\/v2\/posts"}],"about":[{"href":"https:\/\/canal7slp.tv\/2022\/wp-json\/wp\/v2\/types\/post"}],"author":[{"embeddable":true,"href":"https:\/\/canal7slp.tv\/2022\/wp-json\/wp\/v2\/users\/2"}],"replies":[{"embeddable":true,"href":"https:\/\/canal7slp.tv\/2022\/wp-json\/wp\/v2\/comments?post=55327"}],"version-history":[{"count":1,"href":"https:\/\/canal7slp.tv\/2022\/wp-json\/wp\/v2\/posts\/55327\/revisions"}],"predecessor-version":[{"id":55329,"href":"https:\/\/canal7slp.tv\/2022\/wp-json\/wp\/v2\/posts\/55327\/revisions\/55329"}],"wp:featuredmedia":[{"embeddable":true,"href":"https:\/\/canal7slp.tv\/2022\/wp-json\/wp\/v2\/media\/55328"}],"wp:attachment":[{"href":"https:\/\/canal7slp.tv\/2022\/wp-json\/wp\/v2\/media?parent=55327"}],"wp:term":[{"taxonomy":"category","embeddable":true,"href":"https:\/\/canal7slp.tv\/2022\/wp-json\/wp\/v2\/categories?post=55327"},{"taxonomy":"post_tag","embeddable":true,"href":"https:\/\/canal7slp.tv\/2022\/wp-json\/wp\/v2\/tags?post=55327"}],"curies":[{"name":"wp","href":"https:\/\/api.w.org\/{rel}","templated":true}]}}