{"id":55319,"date":"2022-03-25T22:21:46","date_gmt":"2022-03-26T04:21:46","guid":{"rendered":"https:\/\/canal7slp.tv\/2022\/?p=55319"},"modified":"2022-03-25T22:21:46","modified_gmt":"2022-03-26T04:21:46","slug":"pc-advierte-que-descuidos-han-provocado-incendios-forestales","status":"publish","type":"post","link":"https:\/\/canal7slp.tv\/2022\/pc-advierte-que-descuidos-han-provocado-incendios-forestales\/","title":{"rendered":"PC advierte que descuidos han provocado incendios forestales."},"content":{"rendered":"<p style=\"text-align: justify;\">Matehuala.- En entrevista para Noticieros Canal Siete, el director de Protecci\u00f3n Civil de Matehuala, Manuel Alejandro Medell\u00edn Torres, se\u00f1al\u00f3 a las irresponsabilidades humanas, como principal factor de los primeros incendios forestales en el Altiplano.<\/p>\n<p style=\"text-align: justify;\">\u201cAqu\u00ed es el descuido que se ha tenido porque algunos de ellos han sido por colillas de cigarros y algunos otros por dejar fogatas encendidas, muchas de las veces salen las personas a pastar con los animales que tengan y para calentar el lonche hacen la fogatita y esas son las que nos dan poquito de gorro y pues s\u00ed invitarlos a que si realizan este tipo de acci\u00f3n que se aseguren de que realmente qued\u00f3 completamente extinguido\u201d, dijo.<\/p>\n<p style=\"text-align: justify;\">Al ser cuestionado sobre el inicio de la temporada de estiaje y los primeros reportes de incidentes en las sierras, coment\u00f3 al respecto, \u201ces una situaci\u00f3n que se est\u00e1 viviendo, hemos tenido algunos reportes ya en el municipio de Real de Catorce ya con algunos incendios forestales, actualmente aqu\u00ed en el municipio hemos tenido algunos, afortunadamente se han detectado a tiempo y se han controlado\u201d.<\/p>\n<p style=\"text-align: justify;\">Medell\u00edn Torres pidi\u00f3 a la poblaci\u00f3n extremar precauciones, \u201cinvitarlos a las personas que realicen alg\u00fan tipo de quema parcelaria, que lo hagan en la ma\u00f1ana o ya tarde noche, con el fin de disminuir que hubiera propagaci\u00f3n en el caso de que hubiera vientos fuertes y lo m\u00e1s importante es que tenemos m\u00e1s humedad en esos horarios, entonces ser\u00eda m\u00e1s complicado que se pudiera propagar\u201d.<\/p>\n<p style=\"text-align: justify;\">Por: Jes\u00fas Valencia<\/p>\n","protected":false},"excerpt":{"rendered":"<p>Matehuala.- En entrevista para Noticieros Canal Siete, el director de Protecci\u00f3n Civil de Matehuala, Manuel Alejandro Medell\u00edn Torres, se\u00f1al\u00f3 a las irresponsabilidades humanas, como principal factor de los primeros incendios forestales en el Altiplano. \u201cAqu\u00ed es el descuido que se ha tenido porque algunos de ellos han sido por colillas de cigarros y algunos otros por dejar fogatas encendidas, muchas de las veces salen las personas a pastar con los animales que tengan y para calentar el lonche hacen la fogatita y esas son las que nos dan poquito de gorro y pues s\u00ed invitarlos a que si realizan este [&hellip;]<\/p>\n","protected":false},"author":2,"featured_media":55323,"comment_status":"closed","ping_status":"closed","sticky":false,"template":"","format":"video","meta":{"footnotes":""},"categories":[5,43],"tags":[],"class_list":["post-55319","post","type-post","status-publish","format-video","has-post-thumbnail","hentry","category-destacadas","category-interior","post_format-post-format-video","post--single"],"yoast_head":"<!-- This site is optimized with the Yoast SEO plugin v27.4 - https:\/\/yoast.com\/product\/yoast-seo-wordpress\/ -->\n<title>PC advierte que descuidos han provocado incendios forestales. - Canal 7 SLP - 2022<\/title>\n<meta name=\"robots\" content=\"index, follow, max-snippet:-1, max-image-preview:large, max-video-preview:-1\" \/>\n<link rel=\"canonical\" href=\"https:\/\/canal7slp.tv\/2022\/pc-advierte-que-descuidos-han-provocado-incendios-forestales\/\" \/>\n<meta property=\"og:locale\" content=\"es_ES\" \/>\n<meta property=\"og:type\" content=\"article\" \/>\n<meta property=\"og:title\" content=\"PC advierte que descuidos han provocado incendios forestales. - Canal 7 SLP - 2022\" \/>\n<meta property=\"og:description\" content=\"Matehuala.- En entrevista para Noticieros Canal Siete, el director de Protecci\u00f3n Civil de Matehuala, Manuel Alejandro Medell\u00edn Torres, se\u00f1al\u00f3 a las irresponsabilidades humanas, como principal factor de los primeros incendios forestales en el Altiplano. \u201cAqu\u00ed es el descuido que se ha tenido porque algunos de ellos han sido por colillas de cigarros y algunos otros por dejar fogatas encendidas, muchas de las veces salen las personas a pastar con los animales que tengan y para calentar el lonche hacen la fogatita y esas son las que nos dan poquito de gorro y pues s\u00ed invitarlos a que si realizan este [&hellip;]\" \/>\n<meta property=\"og:url\" content=\"https:\/\/canal7slp.tv\/2022\/pc-advierte-que-descuidos-han-provocado-incendios-forestales\/\" \/>\n<meta property=\"og:site_name\" content=\"Canal 7 SLP - 2022\" \/>\n<meta property=\"article:publisher\" content=\"https:\/\/www.facebook.com\/noticieroscanalsiete\" \/>\n<meta property=\"article:published_time\" content=\"2022-03-26T04:21:46+00:00\" \/>\n<meta property=\"og:image\" content=\"https:\/\/canal7slp.tv\/2022\/wp-content\/uploads\/2022\/03\/Valencia0Incendio.jpg\" \/>\n\t<meta property=\"og:image:width\" content=\"888\" \/>\n\t<meta property=\"og:image:height\" content=\"500\" \/>\n\t<meta property=\"og:image:type\" content=\"image\/jpeg\" \/>\n<meta name=\"author\" content=\"Edici\u00f3n Web\" \/>\n<meta name=\"twitter:card\" content=\"summary_large_image\" \/>\n<meta name=\"twitter:creator\" content=\"@NOTICIEROS7\" \/>\n<meta name=\"twitter:site\" content=\"@NOTICIEROS7\" \/>\n<meta name=\"twitter:label1\" content=\"Escrito por\" \/>\n\t<meta name=\"twitter:data1\" content=\"Edici\u00f3n Web\" \/>\n\t<meta name=\"twitter:label2\" content=\"Tiempo de lectura\" \/>\n\t<meta name=\"twitter:data2\" content=\"2 minutos\" \/>\n<script type=\"application\/ld+json\" class=\"yoast-schema-graph\">{\"@context\":\"https:\\\/\\\/schema.org\",\"@graph\":[{\"@type\":\"Article\",\"@id\":\"https:\\\/\\\/canal7slp.tv\\\/2022\\\/pc-advierte-que-descuidos-han-provocado-incendios-forestales\\\/#article\",\"isPartOf\":{\"@id\":\"https:\\\/\\\/canal7slp.tv\\\/2022\\\/pc-advierte-que-descuidos-han-provocado-incendios-forestales\\\/\"},\"author\":{\"name\":\"Edici\u00f3n Web\",\"@id\":\"https:\\\/\\\/canal7slp.tv\\\/2022\\\/#\\\/schema\\\/person\\\/429704152a21f5f856ce29aa69a238da\"},\"headline\":\"PC advierte que descuidos han provocado incendios forestales.\",\"datePublished\":\"2022-03-26T04:21:46+00:00\",\"mainEntityOfPage\":{\"@id\":\"https:\\\/\\\/canal7slp.tv\\\/2022\\\/pc-advierte-que-descuidos-han-provocado-incendios-forestales\\\/\"},\"wordCount\":270,\"publisher\":{\"@id\":\"https:\\\/\\\/canal7slp.tv\\\/2022\\\/#organization\"},\"image\":{\"@id\":\"https:\\\/\\\/canal7slp.tv\\\/2022\\\/pc-advierte-que-descuidos-han-provocado-incendios-forestales\\\/#primaryimage\"},\"thumbnailUrl\":\"https:\\\/\\\/canal7slp.tv\\\/2022\\\/wp-content\\\/uploads\\\/2022\\\/03\\\/Valencia0Incendio.jpg\",\"articleSection\":[\"DESTACADAS\",\"INTERIOR DEL ESTADO\"],\"inLanguage\":\"es\"},{\"@type\":\"WebPage\",\"@id\":\"https:\\\/\\\/canal7slp.tv\\\/2022\\\/pc-advierte-que-descuidos-han-provocado-incendios-forestales\\\/\",\"url\":\"https:\\\/\\\/canal7slp.tv\\\/2022\\\/pc-advierte-que-descuidos-han-provocado-incendios-forestales\\\/\",\"name\":\"PC advierte que descuidos han provocado incendios forestales. - Canal 7 SLP - 2022\",\"isPartOf\":{\"@id\":\"https:\\\/\\\/canal7slp.tv\\\/2022\\\/#website\"},\"primaryImageOfPage\":{\"@id\":\"https:\\\/\\\/canal7slp.tv\\\/2022\\\/pc-advierte-que-descuidos-han-provocado-incendios-forestales\\\/#primaryimage\"},\"image\":{\"@id\":\"https:\\\/\\\/canal7slp.tv\\\/2022\\\/pc-advierte-que-descuidos-han-provocado-incendios-forestales\\\/#primaryimage\"},\"thumbnailUrl\":\"https:\\\/\\\/canal7slp.tv\\\/2022\\\/wp-content\\\/uploads\\\/2022\\\/03\\\/Valencia0Incendio.jpg\",\"datePublished\":\"2022-03-26T04:21:46+00:00\",\"breadcrumb\":{\"@id\":\"https:\\\/\\\/canal7slp.tv\\\/2022\\\/pc-advierte-que-descuidos-han-provocado-incendios-forestales\\\/#breadcrumb\"},\"inLanguage\":\"es\",\"potentialAction\":[{\"@type\":\"ReadAction\",\"target\":[\"https:\\\/\\\/canal7slp.tv\\\/2022\\\/pc-advierte-que-descuidos-han-provocado-incendios-forestales\\\/\"]}]},{\"@type\":\"ImageObject\",\"inLanguage\":\"es\",\"@id\":\"https:\\\/\\\/canal7slp.tv\\\/2022\\\/pc-advierte-que-descuidos-han-provocado-incendios-forestales\\\/#primaryimage\",\"url\":\"https:\\\/\\\/canal7slp.tv\\\/2022\\\/wp-content\\\/uploads\\\/2022\\\/03\\\/Valencia0Incendio.jpg\",\"contentUrl\":\"https:\\\/\\\/canal7slp.tv\\\/2022\\\/wp-content\\\/uploads\\\/2022\\\/03\\\/Valencia0Incendio.jpg\",\"width\":888,\"height\":500},{\"@type\":\"BreadcrumbList\",\"@id\":\"https:\\\/\\\/canal7slp.tv\\\/2022\\\/pc-advierte-que-descuidos-han-provocado-incendios-forestales\\\/#breadcrumb\",\"itemListElement\":[{\"@type\":\"ListItem\",\"position\":1,\"name\":\"Portada\",\"item\":\"https:\\\/\\\/canal7slp.tv\\\/2022\\\/\"},{\"@type\":\"ListItem\",\"position\":2,\"name\":\"PC advierte que descuidos han provocado incendios forestales.\"}]},{\"@type\":\"WebSite\",\"@id\":\"https:\\\/\\\/canal7slp.tv\\\/2022\\\/#website\",\"url\":\"https:\\\/\\\/canal7slp.tv\\\/2022\\\/\",\"name\":\"N7 - Noticieros Canal 7\",\"description\":\"Somos Televisi\u00f3n\",\"publisher\":{\"@id\":\"https:\\\/\\\/canal7slp.tv\\\/2022\\\/#organization\"},\"potentialAction\":[{\"@type\":\"SearchAction\",\"target\":{\"@type\":\"EntryPoint\",\"urlTemplate\":\"https:\\\/\\\/canal7slp.tv\\\/2022\\\/?s={search_term_string}\"},\"query-input\":{\"@type\":\"PropertyValueSpecification\",\"valueRequired\":true,\"valueName\":\"search_term_string\"}}],\"inLanguage\":\"es\"},{\"@type\":\"Organization\",\"@id\":\"https:\\\/\\\/canal7slp.tv\\\/2022\\\/#organization\",\"name\":\"Noticieros Canal 7\",\"url\":\"https:\\\/\\\/canal7slp.tv\\\/2022\\\/\",\"logo\":{\"@type\":\"ImageObject\",\"inLanguage\":\"es\",\"@id\":\"https:\\\/\\\/canal7slp.tv\\\/2022\\\/#\\\/schema\\\/logo\\\/image\\\/\",\"url\":\"https:\\\/\\\/canal7slp.tv\\\/2022\\\/wp-content\\\/uploads\\\/2021\\\/01\\\/logo-noticieros@2x.png\",\"contentUrl\":\"https:\\\/\\\/canal7slp.tv\\\/2022\\\/wp-content\\\/uploads\\\/2021\\\/01\\\/logo-noticieros@2x.png\",\"width\":1017,\"height\":268,\"caption\":\"Noticieros Canal 7\"},\"image\":{\"@id\":\"https:\\\/\\\/canal7slp.tv\\\/2022\\\/#\\\/schema\\\/logo\\\/image\\\/\"},\"sameAs\":[\"https:\\\/\\\/www.facebook.com\\\/noticieroscanalsiete\",\"https:\\\/\\\/x.com\\\/NOTICIEROS7\",\"https:\\\/\\\/www.instagram.com\\\/canal7_slp\",\"https:\\\/\\\/www.youtube.com\\\/channel\\\/UCliiYs-gP3JfJeqdPrNdd5A\"]},{\"@type\":\"Person\",\"@id\":\"https:\\\/\\\/canal7slp.tv\\\/2022\\\/#\\\/schema\\\/person\\\/429704152a21f5f856ce29aa69a238da\",\"name\":\"Edici\u00f3n Web\",\"image\":{\"@type\":\"ImageObject\",\"inLanguage\":\"es\",\"@id\":\"https:\\\/\\\/secure.gravatar.com\\\/avatar\\\/eee448fc3f7164808013b816ba91ac7e43bbe82a70bebac296f8bc6f0addaa1a?s=96&d=mm&r=g\",\"url\":\"https:\\\/\\\/secure.gravatar.com\\\/avatar\\\/eee448fc3f7164808013b816ba91ac7e43bbe82a70bebac296f8bc6f0addaa1a?s=96&d=mm&r=g\",\"contentUrl\":\"https:\\\/\\\/secure.gravatar.com\\\/avatar\\\/eee448fc3f7164808013b816ba91ac7e43bbe82a70bebac296f8bc6f0addaa1a?s=96&d=mm&r=g\",\"caption\":\"Edici\u00f3n Web\"},\"url\":\"https:\\\/\\\/canal7slp.tv\\\/2022\\\/author\\\/edicionweb\\\/\"}]}<\/script>\n<!-- \/ Yoast SEO plugin. -->","yoast_head_json":{"title":"PC advierte que descuidos han provocado incendios forestales. - Canal 7 SLP - 2022","robots":{"index":"index","follow":"follow","max-snippet":"max-snippet:-1","max-image-preview":"max-image-preview:large","max-video-preview":"max-video-preview:-1"},"canonical":"https:\/\/canal7slp.tv\/2022\/pc-advierte-que-descuidos-han-provocado-incendios-forestales\/","og_locale":"es_ES","og_type":"article","og_title":"PC advierte que descuidos han provocado incendios forestales. - Canal 7 SLP - 2022","og_description":"Matehuala.- En entrevista para Noticieros Canal Siete, el director de Protecci\u00f3n Civil de Matehuala, Manuel Alejandro Medell\u00edn Torres, se\u00f1al\u00f3 a las irresponsabilidades humanas, como principal factor de los primeros incendios forestales en el Altiplano. \u201cAqu\u00ed es el descuido que se ha tenido porque algunos de ellos han sido por colillas de cigarros y algunos otros por dejar fogatas encendidas, muchas de las veces salen las personas a pastar con los animales que tengan y para calentar el lonche hacen la fogatita y esas son las que nos dan poquito de gorro y pues s\u00ed invitarlos a que si realizan este [&hellip;]","og_url":"https:\/\/canal7slp.tv\/2022\/pc-advierte-que-descuidos-han-provocado-incendios-forestales\/","og_site_name":"Canal 7 SLP - 2022","article_publisher":"https:\/\/www.facebook.com\/noticieroscanalsiete","article_published_time":"2022-03-26T04:21:46+00:00","og_image":[{"width":888,"height":500,"url":"https:\/\/canal7slp.tv\/2022\/wp-content\/uploads\/2022\/03\/Valencia0Incendio.jpg","type":"image\/jpeg"}],"author":"Edici\u00f3n Web","twitter_card":"summary_large_image","twitter_creator":"@NOTICIEROS7","twitter_site":"@NOTICIEROS7","twitter_misc":{"Escrito por":"Edici\u00f3n Web","Tiempo de lectura":"2 minutos"},"schema":{"@context":"https:\/\/schema.org","@graph":[{"@type":"Article","@id":"https:\/\/canal7slp.tv\/2022\/pc-advierte-que-descuidos-han-provocado-incendios-forestales\/#article","isPartOf":{"@id":"https:\/\/canal7slp.tv\/2022\/pc-advierte-que-descuidos-han-provocado-incendios-forestales\/"},"author":{"name":"Edici\u00f3n Web","@id":"https:\/\/canal7slp.tv\/2022\/#\/schema\/person\/429704152a21f5f856ce29aa69a238da"},"headline":"PC advierte que descuidos han provocado incendios forestales.","datePublished":"2022-03-26T04:21:46+00:00","mainEntityOfPage":{"@id":"https:\/\/canal7slp.tv\/2022\/pc-advierte-que-descuidos-han-provocado-incendios-forestales\/"},"wordCount":270,"publisher":{"@id":"https:\/\/canal7slp.tv\/2022\/#organization"},"image":{"@id":"https:\/\/canal7slp.tv\/2022\/pc-advierte-que-descuidos-han-provocado-incendios-forestales\/#primaryimage"},"thumbnailUrl":"https:\/\/canal7slp.tv\/2022\/wp-content\/uploads\/2022\/03\/Valencia0Incendio.jpg","articleSection":["DESTACADAS","INTERIOR DEL ESTADO"],"inLanguage":"es"},{"@type":"WebPage","@id":"https:\/\/canal7slp.tv\/2022\/pc-advierte-que-descuidos-han-provocado-incendios-forestales\/","url":"https:\/\/canal7slp.tv\/2022\/pc-advierte-que-descuidos-han-provocado-incendios-forestales\/","name":"PC advierte que descuidos han provocado incendios forestales. - Canal 7 SLP - 2022","isPartOf":{"@id":"https:\/\/canal7slp.tv\/2022\/#website"},"primaryImageOfPage":{"@id":"https:\/\/canal7slp.tv\/2022\/pc-advierte-que-descuidos-han-provocado-incendios-forestales\/#primaryimage"},"image":{"@id":"https:\/\/canal7slp.tv\/2022\/pc-advierte-que-descuidos-han-provocado-incendios-forestales\/#primaryimage"},"thumbnailUrl":"https:\/\/canal7slp.tv\/2022\/wp-content\/uploads\/2022\/03\/Valencia0Incendio.jpg","datePublished":"2022-03-26T04:21:46+00:00","breadcrumb":{"@id":"https:\/\/canal7slp.tv\/2022\/pc-advierte-que-descuidos-han-provocado-incendios-forestales\/#breadcrumb"},"inLanguage":"es","potentialAction":[{"@type":"ReadAction","target":["https:\/\/canal7slp.tv\/2022\/pc-advierte-que-descuidos-han-provocado-incendios-forestales\/"]}]},{"@type":"ImageObject","inLanguage":"es","@id":"https:\/\/canal7slp.tv\/2022\/pc-advierte-que-descuidos-han-provocado-incendios-forestales\/#primaryimage","url":"https:\/\/canal7slp.tv\/2022\/wp-content\/uploads\/2022\/03\/Valencia0Incendio.jpg","contentUrl":"https:\/\/canal7slp.tv\/2022\/wp-content\/uploads\/2022\/03\/Valencia0Incendio.jpg","width":888,"height":500},{"@type":"BreadcrumbList","@id":"https:\/\/canal7slp.tv\/2022\/pc-advierte-que-descuidos-han-provocado-incendios-forestales\/#breadcrumb","itemListElement":[{"@type":"ListItem","position":1,"name":"Portada","item":"https:\/\/canal7slp.tv\/2022\/"},{"@type":"ListItem","position":2,"name":"PC advierte que descuidos han provocado incendios forestales."}]},{"@type":"WebSite","@id":"https:\/\/canal7slp.tv\/2022\/#website","url":"https:\/\/canal7slp.tv\/2022\/","name":"N7 - Noticieros Canal 7","description":"Somos Televisi\u00f3n","publisher":{"@id":"https:\/\/canal7slp.tv\/2022\/#organization"},"potentialAction":[{"@type":"SearchAction","target":{"@type":"EntryPoint","urlTemplate":"https:\/\/canal7slp.tv\/2022\/?s={search_term_string}"},"query-input":{"@type":"PropertyValueSpecification","valueRequired":true,"valueName":"search_term_string"}}],"inLanguage":"es"},{"@type":"Organization","@id":"https:\/\/canal7slp.tv\/2022\/#organization","name":"Noticieros Canal 7","url":"https:\/\/canal7slp.tv\/2022\/","logo":{"@type":"ImageObject","inLanguage":"es","@id":"https:\/\/canal7slp.tv\/2022\/#\/schema\/logo\/image\/","url":"https:\/\/canal7slp.tv\/2022\/wp-content\/uploads\/2021\/01\/logo-noticieros@2x.png","contentUrl":"https:\/\/canal7slp.tv\/2022\/wp-content\/uploads\/2021\/01\/logo-noticieros@2x.png","width":1017,"height":268,"caption":"Noticieros Canal 7"},"image":{"@id":"https:\/\/canal7slp.tv\/2022\/#\/schema\/logo\/image\/"},"sameAs":["https:\/\/www.facebook.com\/noticieroscanalsiete","https:\/\/x.com\/NOTICIEROS7","https:\/\/www.instagram.com\/canal7_slp","https:\/\/www.youtube.com\/channel\/UCliiYs-gP3JfJeqdPrNdd5A"]},{"@type":"Person","@id":"https:\/\/canal7slp.tv\/2022\/#\/schema\/person\/429704152a21f5f856ce29aa69a238da","name":"Edici\u00f3n Web","image":{"@type":"ImageObject","inLanguage":"es","@id":"https:\/\/secure.gravatar.com\/avatar\/eee448fc3f7164808013b816ba91ac7e43bbe82a70bebac296f8bc6f0addaa1a?s=96&d=mm&r=g","url":"https:\/\/secure.gravatar.com\/avatar\/eee448fc3f7164808013b816ba91ac7e43bbe82a70bebac296f8bc6f0addaa1a?s=96&d=mm&r=g","contentUrl":"https:\/\/secure.gravatar.com\/avatar\/eee448fc3f7164808013b816ba91ac7e43bbe82a70bebac296f8bc6f0addaa1a?s=96&d=mm&r=g","caption":"Edici\u00f3n Web"},"url":"https:\/\/canal7slp.tv\/2022\/author\/edicionweb\/"}]}},"amp_enabled":true,"_links":{"self":[{"href":"https:\/\/canal7slp.tv\/2022\/wp-json\/wp\/v2\/posts\/55319","targetHints":{"allow":["GET"]}}],"collection":[{"href":"https:\/\/canal7slp.tv\/2022\/wp-json\/wp\/v2\/posts"}],"about":[{"href":"https:\/\/canal7slp.tv\/2022\/wp-json\/wp\/v2\/types\/post"}],"author":[{"embeddable":true,"href":"https:\/\/canal7slp.tv\/2022\/wp-json\/wp\/v2\/users\/2"}],"replies":[{"embeddable":true,"href":"https:\/\/canal7slp.tv\/2022\/wp-json\/wp\/v2\/comments?post=55319"}],"version-history":[{"count":2,"href":"https:\/\/canal7slp.tv\/2022\/wp-json\/wp\/v2\/posts\/55319\/revisions"}],"predecessor-version":[{"id":55324,"href":"https:\/\/canal7slp.tv\/2022\/wp-json\/wp\/v2\/posts\/55319\/revisions\/55324"}],"wp:featuredmedia":[{"embeddable":true,"href":"https:\/\/canal7slp.tv\/2022\/wp-json\/wp\/v2\/media\/55323"}],"wp:attachment":[{"href":"https:\/\/canal7slp.tv\/2022\/wp-json\/wp\/v2\/media?parent=55319"}],"wp:term":[{"taxonomy":"category","embeddable":true,"href":"https:\/\/canal7slp.tv\/2022\/wp-json\/wp\/v2\/categories?post=55319"},{"taxonomy":"post_tag","embeddable":true,"href":"https:\/\/canal7slp.tv\/2022\/wp-json\/wp\/v2\/tags?post=55319"}],"curies":[{"name":"wp","href":"https:\/\/api.w.org\/{rel}","templated":true}]}}