{"id":55310,"date":"2022-03-26T13:44:46","date_gmt":"2022-03-26T19:44:46","guid":{"rendered":"https:\/\/canal7slp.tv\/2022\/?p=55310"},"modified":"2022-03-26T13:44:46","modified_gmt":"2022-03-26T19:44:46","slug":"proyectan-que-800-mil-personas-participen-en-consulta-de-revocacion-de-mandato-en-slp","status":"publish","type":"post","link":"https:\/\/canal7slp.tv\/2022\/proyectan-que-800-mil-personas-participen-en-consulta-de-revocacion-de-mandato-en-slp\/","title":{"rendered":"Proyectan que 800 mil personas participen en consulta de revocaci\u00f3n de mandato en SLP."},"content":{"rendered":"<p style=\"text-align: justify;\">SLP.- La asociaci\u00f3n civil \u00abQue Siga la Democracia\u00bb vaticin\u00f3 que la participaci\u00f3n ciudadana durante el proceso de consulta para la Revocaci\u00f3n de Mandato, podr\u00eda llegar a los ochocientos mil votantes, al decir que de una cantidad de 78 mil firmas iniciales al momento se han recabado casi trescientas mil.<\/p>\n<p style=\"text-align: justify;\">Al hacer uso de la palabra el diputado con licencia Cuauhtli Badillo Moreno, quien en d\u00edas pasados sostuviera un airado encuentro con el consejero presidente del INE Lorenzo C\u00f3rdova Vianello, insisti\u00f3 en que este \u00f3rgano electoral adem\u00e1s de inflar el costo de la instalaci\u00f3n de casillas su titular act\u00faa como \u00e1rbitro faccioso.<\/p>\n<p style=\"text-align: justify;\">En esta reuni\u00f3n de informaci\u00f3n de los integrantes de la organizaci\u00f3n \u201cQue Siga la Democracia\u201d para la consulta de Revocaci\u00f3n de Mandato que se llevar\u00e1 cabo el pr\u00f3ximo domingo 10 de Abril, habr\u00e1 una aplicaci\u00f3n para dispositivos m\u00f3viles en donde se podr\u00e1 consultar la ubicaci\u00f3n de las casillas.<\/p>\n<p style=\"text-align: justify;\">Al proponer que los congresos estatales modifiquen las leyes locales para que la Revocaci\u00f3n de Mandato aplique tambi\u00e9n para los gobernadores, el delegado nacional de MORENA por la segunda circunscripci\u00f3n Ramiro Gonz\u00e1lez Guti\u00e9rrez, destac\u00f3 la importancia de esta propuesta.<\/p>\n<p style=\"text-align: justify;\">Por: Claudio Ibarra<\/p>\n","protected":false},"excerpt":{"rendered":"<p>SLP.- La asociaci\u00f3n civil \u00abQue Siga la Democracia\u00bb vaticin\u00f3 que la participaci\u00f3n ciudadana durante el proceso de consulta para la Revocaci\u00f3n de Mandato, podr\u00eda llegar a los ochocientos mil votantes, al decir que de una cantidad de 78 mil firmas iniciales al momento se han recabado casi trescientas mil. Al hacer uso de la palabra el diputado con licencia Cuauhtli Badillo Moreno, quien en d\u00edas pasados sostuviera un airado encuentro con el consejero presidente del INE Lorenzo C\u00f3rdova Vianello, insisti\u00f3 en que este \u00f3rgano electoral adem\u00e1s de inflar el costo de la instalaci\u00f3n de casillas su titular act\u00faa como \u00e1rbitro [&hellip;]<\/p>\n","protected":false},"author":2,"featured_media":55342,"comment_status":"closed","ping_status":"closed","sticky":false,"template":"","format":"video","meta":{"footnotes":""},"categories":[5,45],"tags":[],"class_list":["post-55310","post","type-post","status-publish","format-video","has-post-thumbnail","hentry","category-destacadas","category-localesyregionales","post_format-post-format-video","post--single"],"yoast_head":"<!-- This site is optimized with the Yoast SEO plugin v27.4 - https:\/\/yoast.com\/product\/yoast-seo-wordpress\/ -->\n<title>Proyectan que 800 mil personas participen en consulta de revocaci\u00f3n de mandato en SLP. - Canal 7 SLP - 2022<\/title>\n<meta name=\"robots\" content=\"index, follow, max-snippet:-1, max-image-preview:large, max-video-preview:-1\" \/>\n<link rel=\"canonical\" href=\"https:\/\/canal7slp.tv\/2022\/proyectan-que-800-mil-personas-participen-en-consulta-de-revocacion-de-mandato-en-slp\/\" \/>\n<meta property=\"og:locale\" content=\"es_ES\" \/>\n<meta property=\"og:type\" content=\"article\" \/>\n<meta property=\"og:title\" content=\"Proyectan que 800 mil personas participen en consulta de revocaci\u00f3n de mandato en SLP. - Canal 7 SLP - 2022\" \/>\n<meta property=\"og:description\" content=\"SLP.- La asociaci\u00f3n civil \u00abQue Siga la Democracia\u00bb vaticin\u00f3 que la participaci\u00f3n ciudadana durante el proceso de consulta para la Revocaci\u00f3n de Mandato, podr\u00eda llegar a los ochocientos mil votantes, al decir que de una cantidad de 78 mil firmas iniciales al momento se han recabado casi trescientas mil. Al hacer uso de la palabra el diputado con licencia Cuauhtli Badillo Moreno, quien en d\u00edas pasados sostuviera un airado encuentro con el consejero presidente del INE Lorenzo C\u00f3rdova Vianello, insisti\u00f3 en que este \u00f3rgano electoral adem\u00e1s de inflar el costo de la instalaci\u00f3n de casillas su titular act\u00faa como \u00e1rbitro [&hellip;]\" \/>\n<meta property=\"og:url\" content=\"https:\/\/canal7slp.tv\/2022\/proyectan-que-800-mil-personas-participen-en-consulta-de-revocacion-de-mandato-en-slp\/\" \/>\n<meta property=\"og:site_name\" content=\"Canal 7 SLP - 2022\" \/>\n<meta property=\"article:publisher\" content=\"https:\/\/www.facebook.com\/noticieroscanalsiete\" \/>\n<meta property=\"article:published_time\" content=\"2022-03-26T19:44:46+00:00\" \/>\n<meta property=\"og:image\" content=\"https:\/\/canal7slp.tv\/2022\/wp-content\/uploads\/2022\/03\/Claudio01Revocacion.jpg\" \/>\n\t<meta property=\"og:image:width\" content=\"888\" \/>\n\t<meta property=\"og:image:height\" content=\"500\" \/>\n\t<meta property=\"og:image:type\" content=\"image\/jpeg\" \/>\n<meta name=\"author\" content=\"Edici\u00f3n Web\" \/>\n<meta name=\"twitter:card\" content=\"summary_large_image\" \/>\n<meta name=\"twitter:creator\" content=\"@NOTICIEROS7\" \/>\n<meta name=\"twitter:site\" content=\"@NOTICIEROS7\" \/>\n<meta name=\"twitter:label1\" content=\"Escrito por\" \/>\n\t<meta name=\"twitter:data1\" content=\"Edici\u00f3n Web\" \/>\n\t<meta name=\"twitter:label2\" content=\"Tiempo de lectura\" \/>\n\t<meta name=\"twitter:data2\" content=\"1 minuto\" \/>\n<script type=\"application\/ld+json\" class=\"yoast-schema-graph\">{\"@context\":\"https:\\\/\\\/schema.org\",\"@graph\":[{\"@type\":\"Article\",\"@id\":\"https:\\\/\\\/canal7slp.tv\\\/2022\\\/proyectan-que-800-mil-personas-participen-en-consulta-de-revocacion-de-mandato-en-slp\\\/#article\",\"isPartOf\":{\"@id\":\"https:\\\/\\\/canal7slp.tv\\\/2022\\\/proyectan-que-800-mil-personas-participen-en-consulta-de-revocacion-de-mandato-en-slp\\\/\"},\"author\":{\"name\":\"Edici\u00f3n Web\",\"@id\":\"https:\\\/\\\/canal7slp.tv\\\/2022\\\/#\\\/schema\\\/person\\\/429704152a21f5f856ce29aa69a238da\"},\"headline\":\"Proyectan que 800 mil personas participen en consulta de revocaci\u00f3n de mandato en SLP.\",\"datePublished\":\"2022-03-26T19:44:46+00:00\",\"mainEntityOfPage\":{\"@id\":\"https:\\\/\\\/canal7slp.tv\\\/2022\\\/proyectan-que-800-mil-personas-participen-en-consulta-de-revocacion-de-mandato-en-slp\\\/\"},\"wordCount\":226,\"publisher\":{\"@id\":\"https:\\\/\\\/canal7slp.tv\\\/2022\\\/#organization\"},\"image\":{\"@id\":\"https:\\\/\\\/canal7slp.tv\\\/2022\\\/proyectan-que-800-mil-personas-participen-en-consulta-de-revocacion-de-mandato-en-slp\\\/#primaryimage\"},\"thumbnailUrl\":\"https:\\\/\\\/canal7slp.tv\\\/2022\\\/wp-content\\\/uploads\\\/2022\\\/03\\\/Claudio01Revocacion.jpg\",\"articleSection\":[\"DESTACADAS\",\"LOCALES Y REGIONALES\"],\"inLanguage\":\"es\"},{\"@type\":\"WebPage\",\"@id\":\"https:\\\/\\\/canal7slp.tv\\\/2022\\\/proyectan-que-800-mil-personas-participen-en-consulta-de-revocacion-de-mandato-en-slp\\\/\",\"url\":\"https:\\\/\\\/canal7slp.tv\\\/2022\\\/proyectan-que-800-mil-personas-participen-en-consulta-de-revocacion-de-mandato-en-slp\\\/\",\"name\":\"Proyectan que 800 mil personas participen en consulta de revocaci\u00f3n de mandato en SLP. - Canal 7 SLP - 2022\",\"isPartOf\":{\"@id\":\"https:\\\/\\\/canal7slp.tv\\\/2022\\\/#website\"},\"primaryImageOfPage\":{\"@id\":\"https:\\\/\\\/canal7slp.tv\\\/2022\\\/proyectan-que-800-mil-personas-participen-en-consulta-de-revocacion-de-mandato-en-slp\\\/#primaryimage\"},\"image\":{\"@id\":\"https:\\\/\\\/canal7slp.tv\\\/2022\\\/proyectan-que-800-mil-personas-participen-en-consulta-de-revocacion-de-mandato-en-slp\\\/#primaryimage\"},\"thumbnailUrl\":\"https:\\\/\\\/canal7slp.tv\\\/2022\\\/wp-content\\\/uploads\\\/2022\\\/03\\\/Claudio01Revocacion.jpg\",\"datePublished\":\"2022-03-26T19:44:46+00:00\",\"breadcrumb\":{\"@id\":\"https:\\\/\\\/canal7slp.tv\\\/2022\\\/proyectan-que-800-mil-personas-participen-en-consulta-de-revocacion-de-mandato-en-slp\\\/#breadcrumb\"},\"inLanguage\":\"es\",\"potentialAction\":[{\"@type\":\"ReadAction\",\"target\":[\"https:\\\/\\\/canal7slp.tv\\\/2022\\\/proyectan-que-800-mil-personas-participen-en-consulta-de-revocacion-de-mandato-en-slp\\\/\"]}]},{\"@type\":\"ImageObject\",\"inLanguage\":\"es\",\"@id\":\"https:\\\/\\\/canal7slp.tv\\\/2022\\\/proyectan-que-800-mil-personas-participen-en-consulta-de-revocacion-de-mandato-en-slp\\\/#primaryimage\",\"url\":\"https:\\\/\\\/canal7slp.tv\\\/2022\\\/wp-content\\\/uploads\\\/2022\\\/03\\\/Claudio01Revocacion.jpg\",\"contentUrl\":\"https:\\\/\\\/canal7slp.tv\\\/2022\\\/wp-content\\\/uploads\\\/2022\\\/03\\\/Claudio01Revocacion.jpg\",\"width\":888,\"height\":500},{\"@type\":\"BreadcrumbList\",\"@id\":\"https:\\\/\\\/canal7slp.tv\\\/2022\\\/proyectan-que-800-mil-personas-participen-en-consulta-de-revocacion-de-mandato-en-slp\\\/#breadcrumb\",\"itemListElement\":[{\"@type\":\"ListItem\",\"position\":1,\"name\":\"Portada\",\"item\":\"https:\\\/\\\/canal7slp.tv\\\/2022\\\/\"},{\"@type\":\"ListItem\",\"position\":2,\"name\":\"Proyectan que 800 mil personas participen en consulta de revocaci\u00f3n de mandato en SLP.\"}]},{\"@type\":\"WebSite\",\"@id\":\"https:\\\/\\\/canal7slp.tv\\\/2022\\\/#website\",\"url\":\"https:\\\/\\\/canal7slp.tv\\\/2022\\\/\",\"name\":\"N7 - Noticieros Canal 7\",\"description\":\"Somos Televisi\u00f3n\",\"publisher\":{\"@id\":\"https:\\\/\\\/canal7slp.tv\\\/2022\\\/#organization\"},\"potentialAction\":[{\"@type\":\"SearchAction\",\"target\":{\"@type\":\"EntryPoint\",\"urlTemplate\":\"https:\\\/\\\/canal7slp.tv\\\/2022\\\/?s={search_term_string}\"},\"query-input\":{\"@type\":\"PropertyValueSpecification\",\"valueRequired\":true,\"valueName\":\"search_term_string\"}}],\"inLanguage\":\"es\"},{\"@type\":\"Organization\",\"@id\":\"https:\\\/\\\/canal7slp.tv\\\/2022\\\/#organization\",\"name\":\"Noticieros Canal 7\",\"url\":\"https:\\\/\\\/canal7slp.tv\\\/2022\\\/\",\"logo\":{\"@type\":\"ImageObject\",\"inLanguage\":\"es\",\"@id\":\"https:\\\/\\\/canal7slp.tv\\\/2022\\\/#\\\/schema\\\/logo\\\/image\\\/\",\"url\":\"https:\\\/\\\/canal7slp.tv\\\/2022\\\/wp-content\\\/uploads\\\/2021\\\/01\\\/logo-noticieros@2x.png\",\"contentUrl\":\"https:\\\/\\\/canal7slp.tv\\\/2022\\\/wp-content\\\/uploads\\\/2021\\\/01\\\/logo-noticieros@2x.png\",\"width\":1017,\"height\":268,\"caption\":\"Noticieros Canal 7\"},\"image\":{\"@id\":\"https:\\\/\\\/canal7slp.tv\\\/2022\\\/#\\\/schema\\\/logo\\\/image\\\/\"},\"sameAs\":[\"https:\\\/\\\/www.facebook.com\\\/noticieroscanalsiete\",\"https:\\\/\\\/x.com\\\/NOTICIEROS7\",\"https:\\\/\\\/www.instagram.com\\\/canal7_slp\",\"https:\\\/\\\/www.youtube.com\\\/channel\\\/UCliiYs-gP3JfJeqdPrNdd5A\"]},{\"@type\":\"Person\",\"@id\":\"https:\\\/\\\/canal7slp.tv\\\/2022\\\/#\\\/schema\\\/person\\\/429704152a21f5f856ce29aa69a238da\",\"name\":\"Edici\u00f3n Web\",\"image\":{\"@type\":\"ImageObject\",\"inLanguage\":\"es\",\"@id\":\"https:\\\/\\\/secure.gravatar.com\\\/avatar\\\/eee448fc3f7164808013b816ba91ac7e43bbe82a70bebac296f8bc6f0addaa1a?s=96&d=mm&r=g\",\"url\":\"https:\\\/\\\/secure.gravatar.com\\\/avatar\\\/eee448fc3f7164808013b816ba91ac7e43bbe82a70bebac296f8bc6f0addaa1a?s=96&d=mm&r=g\",\"contentUrl\":\"https:\\\/\\\/secure.gravatar.com\\\/avatar\\\/eee448fc3f7164808013b816ba91ac7e43bbe82a70bebac296f8bc6f0addaa1a?s=96&d=mm&r=g\",\"caption\":\"Edici\u00f3n Web\"},\"url\":\"https:\\\/\\\/canal7slp.tv\\\/2022\\\/author\\\/edicionweb\\\/\"}]}<\/script>\n<!-- \/ Yoast SEO plugin. -->","yoast_head_json":{"title":"Proyectan que 800 mil personas participen en consulta de revocaci\u00f3n de mandato en SLP. - Canal 7 SLP - 2022","robots":{"index":"index","follow":"follow","max-snippet":"max-snippet:-1","max-image-preview":"max-image-preview:large","max-video-preview":"max-video-preview:-1"},"canonical":"https:\/\/canal7slp.tv\/2022\/proyectan-que-800-mil-personas-participen-en-consulta-de-revocacion-de-mandato-en-slp\/","og_locale":"es_ES","og_type":"article","og_title":"Proyectan que 800 mil personas participen en consulta de revocaci\u00f3n de mandato en SLP. - Canal 7 SLP - 2022","og_description":"SLP.- La asociaci\u00f3n civil \u00abQue Siga la Democracia\u00bb vaticin\u00f3 que la participaci\u00f3n ciudadana durante el proceso de consulta para la Revocaci\u00f3n de Mandato, podr\u00eda llegar a los ochocientos mil votantes, al decir que de una cantidad de 78 mil firmas iniciales al momento se han recabado casi trescientas mil. Al hacer uso de la palabra el diputado con licencia Cuauhtli Badillo Moreno, quien en d\u00edas pasados sostuviera un airado encuentro con el consejero presidente del INE Lorenzo C\u00f3rdova Vianello, insisti\u00f3 en que este \u00f3rgano electoral adem\u00e1s de inflar el costo de la instalaci\u00f3n de casillas su titular act\u00faa como \u00e1rbitro [&hellip;]","og_url":"https:\/\/canal7slp.tv\/2022\/proyectan-que-800-mil-personas-participen-en-consulta-de-revocacion-de-mandato-en-slp\/","og_site_name":"Canal 7 SLP - 2022","article_publisher":"https:\/\/www.facebook.com\/noticieroscanalsiete","article_published_time":"2022-03-26T19:44:46+00:00","og_image":[{"width":888,"height":500,"url":"https:\/\/canal7slp.tv\/2022\/wp-content\/uploads\/2022\/03\/Claudio01Revocacion.jpg","type":"image\/jpeg"}],"author":"Edici\u00f3n Web","twitter_card":"summary_large_image","twitter_creator":"@NOTICIEROS7","twitter_site":"@NOTICIEROS7","twitter_misc":{"Escrito por":"Edici\u00f3n Web","Tiempo de lectura":"1 minuto"},"schema":{"@context":"https:\/\/schema.org","@graph":[{"@type":"Article","@id":"https:\/\/canal7slp.tv\/2022\/proyectan-que-800-mil-personas-participen-en-consulta-de-revocacion-de-mandato-en-slp\/#article","isPartOf":{"@id":"https:\/\/canal7slp.tv\/2022\/proyectan-que-800-mil-personas-participen-en-consulta-de-revocacion-de-mandato-en-slp\/"},"author":{"name":"Edici\u00f3n Web","@id":"https:\/\/canal7slp.tv\/2022\/#\/schema\/person\/429704152a21f5f856ce29aa69a238da"},"headline":"Proyectan que 800 mil personas participen en consulta de revocaci\u00f3n de mandato en SLP.","datePublished":"2022-03-26T19:44:46+00:00","mainEntityOfPage":{"@id":"https:\/\/canal7slp.tv\/2022\/proyectan-que-800-mil-personas-participen-en-consulta-de-revocacion-de-mandato-en-slp\/"},"wordCount":226,"publisher":{"@id":"https:\/\/canal7slp.tv\/2022\/#organization"},"image":{"@id":"https:\/\/canal7slp.tv\/2022\/proyectan-que-800-mil-personas-participen-en-consulta-de-revocacion-de-mandato-en-slp\/#primaryimage"},"thumbnailUrl":"https:\/\/canal7slp.tv\/2022\/wp-content\/uploads\/2022\/03\/Claudio01Revocacion.jpg","articleSection":["DESTACADAS","LOCALES Y REGIONALES"],"inLanguage":"es"},{"@type":"WebPage","@id":"https:\/\/canal7slp.tv\/2022\/proyectan-que-800-mil-personas-participen-en-consulta-de-revocacion-de-mandato-en-slp\/","url":"https:\/\/canal7slp.tv\/2022\/proyectan-que-800-mil-personas-participen-en-consulta-de-revocacion-de-mandato-en-slp\/","name":"Proyectan que 800 mil personas participen en consulta de revocaci\u00f3n de mandato en SLP. - Canal 7 SLP - 2022","isPartOf":{"@id":"https:\/\/canal7slp.tv\/2022\/#website"},"primaryImageOfPage":{"@id":"https:\/\/canal7slp.tv\/2022\/proyectan-que-800-mil-personas-participen-en-consulta-de-revocacion-de-mandato-en-slp\/#primaryimage"},"image":{"@id":"https:\/\/canal7slp.tv\/2022\/proyectan-que-800-mil-personas-participen-en-consulta-de-revocacion-de-mandato-en-slp\/#primaryimage"},"thumbnailUrl":"https:\/\/canal7slp.tv\/2022\/wp-content\/uploads\/2022\/03\/Claudio01Revocacion.jpg","datePublished":"2022-03-26T19:44:46+00:00","breadcrumb":{"@id":"https:\/\/canal7slp.tv\/2022\/proyectan-que-800-mil-personas-participen-en-consulta-de-revocacion-de-mandato-en-slp\/#breadcrumb"},"inLanguage":"es","potentialAction":[{"@type":"ReadAction","target":["https:\/\/canal7slp.tv\/2022\/proyectan-que-800-mil-personas-participen-en-consulta-de-revocacion-de-mandato-en-slp\/"]}]},{"@type":"ImageObject","inLanguage":"es","@id":"https:\/\/canal7slp.tv\/2022\/proyectan-que-800-mil-personas-participen-en-consulta-de-revocacion-de-mandato-en-slp\/#primaryimage","url":"https:\/\/canal7slp.tv\/2022\/wp-content\/uploads\/2022\/03\/Claudio01Revocacion.jpg","contentUrl":"https:\/\/canal7slp.tv\/2022\/wp-content\/uploads\/2022\/03\/Claudio01Revocacion.jpg","width":888,"height":500},{"@type":"BreadcrumbList","@id":"https:\/\/canal7slp.tv\/2022\/proyectan-que-800-mil-personas-participen-en-consulta-de-revocacion-de-mandato-en-slp\/#breadcrumb","itemListElement":[{"@type":"ListItem","position":1,"name":"Portada","item":"https:\/\/canal7slp.tv\/2022\/"},{"@type":"ListItem","position":2,"name":"Proyectan que 800 mil personas participen en consulta de revocaci\u00f3n de mandato en SLP."}]},{"@type":"WebSite","@id":"https:\/\/canal7slp.tv\/2022\/#website","url":"https:\/\/canal7slp.tv\/2022\/","name":"N7 - Noticieros Canal 7","description":"Somos Televisi\u00f3n","publisher":{"@id":"https:\/\/canal7slp.tv\/2022\/#organization"},"potentialAction":[{"@type":"SearchAction","target":{"@type":"EntryPoint","urlTemplate":"https:\/\/canal7slp.tv\/2022\/?s={search_term_string}"},"query-input":{"@type":"PropertyValueSpecification","valueRequired":true,"valueName":"search_term_string"}}],"inLanguage":"es"},{"@type":"Organization","@id":"https:\/\/canal7slp.tv\/2022\/#organization","name":"Noticieros Canal 7","url":"https:\/\/canal7slp.tv\/2022\/","logo":{"@type":"ImageObject","inLanguage":"es","@id":"https:\/\/canal7slp.tv\/2022\/#\/schema\/logo\/image\/","url":"https:\/\/canal7slp.tv\/2022\/wp-content\/uploads\/2021\/01\/logo-noticieros@2x.png","contentUrl":"https:\/\/canal7slp.tv\/2022\/wp-content\/uploads\/2021\/01\/logo-noticieros@2x.png","width":1017,"height":268,"caption":"Noticieros Canal 7"},"image":{"@id":"https:\/\/canal7slp.tv\/2022\/#\/schema\/logo\/image\/"},"sameAs":["https:\/\/www.facebook.com\/noticieroscanalsiete","https:\/\/x.com\/NOTICIEROS7","https:\/\/www.instagram.com\/canal7_slp","https:\/\/www.youtube.com\/channel\/UCliiYs-gP3JfJeqdPrNdd5A"]},{"@type":"Person","@id":"https:\/\/canal7slp.tv\/2022\/#\/schema\/person\/429704152a21f5f856ce29aa69a238da","name":"Edici\u00f3n Web","image":{"@type":"ImageObject","inLanguage":"es","@id":"https:\/\/secure.gravatar.com\/avatar\/eee448fc3f7164808013b816ba91ac7e43bbe82a70bebac296f8bc6f0addaa1a?s=96&d=mm&r=g","url":"https:\/\/secure.gravatar.com\/avatar\/eee448fc3f7164808013b816ba91ac7e43bbe82a70bebac296f8bc6f0addaa1a?s=96&d=mm&r=g","contentUrl":"https:\/\/secure.gravatar.com\/avatar\/eee448fc3f7164808013b816ba91ac7e43bbe82a70bebac296f8bc6f0addaa1a?s=96&d=mm&r=g","caption":"Edici\u00f3n Web"},"url":"https:\/\/canal7slp.tv\/2022\/author\/edicionweb\/"}]}},"amp_enabled":true,"_links":{"self":[{"href":"https:\/\/canal7slp.tv\/2022\/wp-json\/wp\/v2\/posts\/55310","targetHints":{"allow":["GET"]}}],"collection":[{"href":"https:\/\/canal7slp.tv\/2022\/wp-json\/wp\/v2\/posts"}],"about":[{"href":"https:\/\/canal7slp.tv\/2022\/wp-json\/wp\/v2\/types\/post"}],"author":[{"embeddable":true,"href":"https:\/\/canal7slp.tv\/2022\/wp-json\/wp\/v2\/users\/2"}],"replies":[{"embeddable":true,"href":"https:\/\/canal7slp.tv\/2022\/wp-json\/wp\/v2\/comments?post=55310"}],"version-history":[{"count":2,"href":"https:\/\/canal7slp.tv\/2022\/wp-json\/wp\/v2\/posts\/55310\/revisions"}],"predecessor-version":[{"id":55343,"href":"https:\/\/canal7slp.tv\/2022\/wp-json\/wp\/v2\/posts\/55310\/revisions\/55343"}],"wp:featuredmedia":[{"embeddable":true,"href":"https:\/\/canal7slp.tv\/2022\/wp-json\/wp\/v2\/media\/55342"}],"wp:attachment":[{"href":"https:\/\/canal7slp.tv\/2022\/wp-json\/wp\/v2\/media?parent=55310"}],"wp:term":[{"taxonomy":"category","embeddable":true,"href":"https:\/\/canal7slp.tv\/2022\/wp-json\/wp\/v2\/categories?post=55310"},{"taxonomy":"post_tag","embeddable":true,"href":"https:\/\/canal7slp.tv\/2022\/wp-json\/wp\/v2\/tags?post=55310"}],"curies":[{"name":"wp","href":"https:\/\/api.w.org\/{rel}","templated":true}]}}