{"id":55291,"date":"2022-03-25T17:48:34","date_gmt":"2022-03-25T23:48:34","guid":{"rendered":"https:\/\/canal7slp.tv\/2022\/?p=55291"},"modified":"2022-03-25T17:50:23","modified_gmt":"2022-03-25T23:50:23","slug":"autoridades-estatales-inician-obras-de-remodelacion-de-la-av-fray-diego-de-la-magdalena","status":"publish","type":"post","link":"https:\/\/canal7slp.tv\/2022\/autoridades-estatales-inician-obras-de-remodelacion-de-la-av-fray-diego-de-la-magdalena\/","title":{"rendered":"Autoridades estatales inician obras de remodelaci\u00f3n de la Av. Fray Diego de la Magdalena."},"content":{"rendered":"<p style=\"text-align: justify;\">SLP.- Con una inversi\u00f3n de 120 millones de pesos, el Gobierno del Estado de San Luis Potos\u00ed inici\u00f3 con la primera etapa de las obras de remodelaci\u00f3n en la Avenida Fray Diego de la Magdalena que beneficiar\u00e1 de manera directa e indirecta a m\u00e1s de 100 mil habitantes.<\/p>\n<p style=\"text-align: justify;\">Seg\u00fan se refiere, el proyecto comenzar\u00e1 con la con la lateral sur que comprende desde la Avenida Vasco de Quiroga hasta la Avenida Hern\u00e1n Cort\u00e9s, d\u00f3nde en un 60% ser\u00e1 reconstruida en su totalidad trabajando terracer\u00edas y carpetas y en un 40% se colocar\u00e1 nueva carpeta asf\u00e1ltica; fue el gobernador del estado, Ricardo Gallardo Cardona, quien encabez\u00f3 el arranque de obras.<\/p>\n<p style=\"text-align: justify;\">\u00abToda esa zona se va a reconstruir nueva junto con todo Fray Diego, los cuatro carriles hasta Dami\u00e1n Carmona y luego nos vamos a ir toda la Aviaci\u00f3n completa que son m\u00e1s de 100 calles que van a hacer avenidas grandes totalmente reconstruidas junto con la Colonia Aeropuerto y e Industrial Aviaci\u00f3n 2a secci\u00f3n\u00bb, detall\u00f3.<\/p>\n<p style=\"text-align: justify;\">El funcionario adelant\u00f3 que posteriormene, se continuar\u00e1 con la colonia Retornos y Jacarandas, adem\u00e1s de la Avenida de Morales Saucito, donde se planean contar con nuevo pavimento y mejorar el alumbrado p\u00fablico.<\/p>\n<p style=\"text-align: justify;\">\u00abLa alcald\u00eda de San Luis Potos\u00ed no cuenta con esos recursos para poder lograr este tipo de obras tan grandes, por eso nunca se hab\u00edan hecho y los gobernadores anteriores se hac\u00edan tontos por no decir pend.. y nunca le met\u00edan dinero las colonias que de verdad son necesitadas de este tipo de servicios escud\u00e1ndose y echando culpa qu\u00e9 eran problemas del municipio\u00bb, culmin\u00f3.<\/p>\n<p style=\"text-align: justify;\">Por: Jos\u00e9 Luis V\u00e1zquez<\/p>\n","protected":false},"excerpt":{"rendered":"<p>SLP.- Con una inversi\u00f3n de 120 millones de pesos, el Gobierno del Estado de San Luis Potos\u00ed inici\u00f3 con la primera etapa de las obras de remodelaci\u00f3n en la Avenida Fray Diego de la Magdalena que beneficiar\u00e1 de manera directa e indirecta a m\u00e1s de 100 mil habitantes. Seg\u00fan se refiere, el proyecto comenzar\u00e1 con la con la lateral sur que comprende desde la Avenida Vasco de Quiroga hasta la Avenida Hern\u00e1n Cort\u00e9s, d\u00f3nde en un 60% ser\u00e1 reconstruida en su totalidad trabajando terracer\u00edas y carpetas y en un 40% se colocar\u00e1 nueva carpeta asf\u00e1ltica; fue el gobernador del estado, [&hellip;]<\/p>\n","protected":false},"author":2,"featured_media":55306,"comment_status":"closed","ping_status":"closed","sticky":false,"template":"","format":"video","meta":{"footnotes":""},"categories":[5,510,45],"tags":[],"class_list":["post-55291","post","type-post","status-publish","format-video","has-post-thumbnail","hentry","category-destacadas","category-gobedoslp","category-localesyregionales","post_format-post-format-video","post--single"],"yoast_head":"<!-- This site is optimized with the Yoast SEO plugin v27.4 - https:\/\/yoast.com\/product\/yoast-seo-wordpress\/ -->\n<title>Autoridades estatales inician obras de remodelaci\u00f3n de la Av. Fray Diego de la Magdalena. - Canal 7 SLP - 2022<\/title>\n<meta name=\"robots\" content=\"index, follow, max-snippet:-1, max-image-preview:large, max-video-preview:-1\" \/>\n<link rel=\"canonical\" href=\"https:\/\/canal7slp.tv\/2022\/autoridades-estatales-inician-obras-de-remodelacion-de-la-av-fray-diego-de-la-magdalena\/\" \/>\n<meta property=\"og:locale\" content=\"es_ES\" \/>\n<meta property=\"og:type\" content=\"article\" \/>\n<meta property=\"og:title\" content=\"Autoridades estatales inician obras de remodelaci\u00f3n de la Av. Fray Diego de la Magdalena. - Canal 7 SLP - 2022\" \/>\n<meta property=\"og:description\" content=\"SLP.- Con una inversi\u00f3n de 120 millones de pesos, el Gobierno del Estado de San Luis Potos\u00ed inici\u00f3 con la primera etapa de las obras de remodelaci\u00f3n en la Avenida Fray Diego de la Magdalena que beneficiar\u00e1 de manera directa e indirecta a m\u00e1s de 100 mil habitantes. Seg\u00fan se refiere, el proyecto comenzar\u00e1 con la con la lateral sur que comprende desde la Avenida Vasco de Quiroga hasta la Avenida Hern\u00e1n Cort\u00e9s, d\u00f3nde en un 60% ser\u00e1 reconstruida en su totalidad trabajando terracer\u00edas y carpetas y en un 40% se colocar\u00e1 nueva carpeta asf\u00e1ltica; fue el gobernador del estado, [&hellip;]\" \/>\n<meta property=\"og:url\" content=\"https:\/\/canal7slp.tv\/2022\/autoridades-estatales-inician-obras-de-remodelacion-de-la-av-fray-diego-de-la-magdalena\/\" \/>\n<meta property=\"og:site_name\" content=\"Canal 7 SLP - 2022\" \/>\n<meta property=\"article:publisher\" content=\"https:\/\/www.facebook.com\/noticieroscanalsiete\" \/>\n<meta property=\"article:published_time\" content=\"2022-03-25T23:48:34+00:00\" \/>\n<meta property=\"article:modified_time\" content=\"2022-03-25T23:50:23+00:00\" \/>\n<meta property=\"og:image\" content=\"https:\/\/canal7slp.tv\/2022\/wp-content\/uploads\/2022\/03\/Vazquez04FrayDiego.jpg\" \/>\n\t<meta property=\"og:image:width\" content=\"888\" \/>\n\t<meta property=\"og:image:height\" content=\"500\" \/>\n\t<meta property=\"og:image:type\" content=\"image\/jpeg\" \/>\n<meta name=\"author\" content=\"Edici\u00f3n Web\" \/>\n<meta name=\"twitter:card\" content=\"summary_large_image\" \/>\n<meta name=\"twitter:creator\" content=\"@NOTICIEROS7\" \/>\n<meta name=\"twitter:site\" content=\"@NOTICIEROS7\" \/>\n<meta name=\"twitter:label1\" content=\"Escrito por\" \/>\n\t<meta name=\"twitter:data1\" content=\"Edici\u00f3n Web\" \/>\n\t<meta name=\"twitter:label2\" content=\"Tiempo de lectura\" \/>\n\t<meta name=\"twitter:data2\" content=\"1 minuto\" \/>\n<script type=\"application\/ld+json\" class=\"yoast-schema-graph\">{\"@context\":\"https:\\\/\\\/schema.org\",\"@graph\":[{\"@type\":\"Article\",\"@id\":\"https:\\\/\\\/canal7slp.tv\\\/2022\\\/autoridades-estatales-inician-obras-de-remodelacion-de-la-av-fray-diego-de-la-magdalena\\\/#article\",\"isPartOf\":{\"@id\":\"https:\\\/\\\/canal7slp.tv\\\/2022\\\/autoridades-estatales-inician-obras-de-remodelacion-de-la-av-fray-diego-de-la-magdalena\\\/\"},\"author\":{\"name\":\"Edici\u00f3n Web\",\"@id\":\"https:\\\/\\\/canal7slp.tv\\\/2022\\\/#\\\/schema\\\/person\\\/429704152a21f5f856ce29aa69a238da\"},\"headline\":\"Autoridades estatales inician obras de remodelaci\u00f3n de la Av. Fray Diego de la Magdalena.\",\"datePublished\":\"2022-03-25T23:48:34+00:00\",\"dateModified\":\"2022-03-25T23:50:23+00:00\",\"mainEntityOfPage\":{\"@id\":\"https:\\\/\\\/canal7slp.tv\\\/2022\\\/autoridades-estatales-inician-obras-de-remodelacion-de-la-av-fray-diego-de-la-magdalena\\\/\"},\"wordCount\":297,\"publisher\":{\"@id\":\"https:\\\/\\\/canal7slp.tv\\\/2022\\\/#organization\"},\"image\":{\"@id\":\"https:\\\/\\\/canal7slp.tv\\\/2022\\\/autoridades-estatales-inician-obras-de-remodelacion-de-la-av-fray-diego-de-la-magdalena\\\/#primaryimage\"},\"thumbnailUrl\":\"https:\\\/\\\/canal7slp.tv\\\/2022\\\/wp-content\\\/uploads\\\/2022\\\/03\\\/Vazquez04FrayDiego.jpg\",\"articleSection\":[\"DESTACADAS\",\"GOBEDOSLP\",\"LOCALES Y REGIONALES\"],\"inLanguage\":\"es\"},{\"@type\":\"WebPage\",\"@id\":\"https:\\\/\\\/canal7slp.tv\\\/2022\\\/autoridades-estatales-inician-obras-de-remodelacion-de-la-av-fray-diego-de-la-magdalena\\\/\",\"url\":\"https:\\\/\\\/canal7slp.tv\\\/2022\\\/autoridades-estatales-inician-obras-de-remodelacion-de-la-av-fray-diego-de-la-magdalena\\\/\",\"name\":\"Autoridades estatales inician obras de remodelaci\u00f3n de la Av. Fray Diego de la Magdalena. - Canal 7 SLP - 2022\",\"isPartOf\":{\"@id\":\"https:\\\/\\\/canal7slp.tv\\\/2022\\\/#website\"},\"primaryImageOfPage\":{\"@id\":\"https:\\\/\\\/canal7slp.tv\\\/2022\\\/autoridades-estatales-inician-obras-de-remodelacion-de-la-av-fray-diego-de-la-magdalena\\\/#primaryimage\"},\"image\":{\"@id\":\"https:\\\/\\\/canal7slp.tv\\\/2022\\\/autoridades-estatales-inician-obras-de-remodelacion-de-la-av-fray-diego-de-la-magdalena\\\/#primaryimage\"},\"thumbnailUrl\":\"https:\\\/\\\/canal7slp.tv\\\/2022\\\/wp-content\\\/uploads\\\/2022\\\/03\\\/Vazquez04FrayDiego.jpg\",\"datePublished\":\"2022-03-25T23:48:34+00:00\",\"dateModified\":\"2022-03-25T23:50:23+00:00\",\"breadcrumb\":{\"@id\":\"https:\\\/\\\/canal7slp.tv\\\/2022\\\/autoridades-estatales-inician-obras-de-remodelacion-de-la-av-fray-diego-de-la-magdalena\\\/#breadcrumb\"},\"inLanguage\":\"es\",\"potentialAction\":[{\"@type\":\"ReadAction\",\"target\":[\"https:\\\/\\\/canal7slp.tv\\\/2022\\\/autoridades-estatales-inician-obras-de-remodelacion-de-la-av-fray-diego-de-la-magdalena\\\/\"]}]},{\"@type\":\"ImageObject\",\"inLanguage\":\"es\",\"@id\":\"https:\\\/\\\/canal7slp.tv\\\/2022\\\/autoridades-estatales-inician-obras-de-remodelacion-de-la-av-fray-diego-de-la-magdalena\\\/#primaryimage\",\"url\":\"https:\\\/\\\/canal7slp.tv\\\/2022\\\/wp-content\\\/uploads\\\/2022\\\/03\\\/Vazquez04FrayDiego.jpg\",\"contentUrl\":\"https:\\\/\\\/canal7slp.tv\\\/2022\\\/wp-content\\\/uploads\\\/2022\\\/03\\\/Vazquez04FrayDiego.jpg\",\"width\":888,\"height\":500},{\"@type\":\"BreadcrumbList\",\"@id\":\"https:\\\/\\\/canal7slp.tv\\\/2022\\\/autoridades-estatales-inician-obras-de-remodelacion-de-la-av-fray-diego-de-la-magdalena\\\/#breadcrumb\",\"itemListElement\":[{\"@type\":\"ListItem\",\"position\":1,\"name\":\"Portada\",\"item\":\"https:\\\/\\\/canal7slp.tv\\\/2022\\\/\"},{\"@type\":\"ListItem\",\"position\":2,\"name\":\"Autoridades estatales inician obras de remodelaci\u00f3n de la Av. Fray Diego de la Magdalena.\"}]},{\"@type\":\"WebSite\",\"@id\":\"https:\\\/\\\/canal7slp.tv\\\/2022\\\/#website\",\"url\":\"https:\\\/\\\/canal7slp.tv\\\/2022\\\/\",\"name\":\"N7 - Noticieros Canal 7\",\"description\":\"Somos Televisi\u00f3n\",\"publisher\":{\"@id\":\"https:\\\/\\\/canal7slp.tv\\\/2022\\\/#organization\"},\"potentialAction\":[{\"@type\":\"SearchAction\",\"target\":{\"@type\":\"EntryPoint\",\"urlTemplate\":\"https:\\\/\\\/canal7slp.tv\\\/2022\\\/?s={search_term_string}\"},\"query-input\":{\"@type\":\"PropertyValueSpecification\",\"valueRequired\":true,\"valueName\":\"search_term_string\"}}],\"inLanguage\":\"es\"},{\"@type\":\"Organization\",\"@id\":\"https:\\\/\\\/canal7slp.tv\\\/2022\\\/#organization\",\"name\":\"Noticieros Canal 7\",\"url\":\"https:\\\/\\\/canal7slp.tv\\\/2022\\\/\",\"logo\":{\"@type\":\"ImageObject\",\"inLanguage\":\"es\",\"@id\":\"https:\\\/\\\/canal7slp.tv\\\/2022\\\/#\\\/schema\\\/logo\\\/image\\\/\",\"url\":\"https:\\\/\\\/canal7slp.tv\\\/2022\\\/wp-content\\\/uploads\\\/2021\\\/01\\\/logo-noticieros@2x.png\",\"contentUrl\":\"https:\\\/\\\/canal7slp.tv\\\/2022\\\/wp-content\\\/uploads\\\/2021\\\/01\\\/logo-noticieros@2x.png\",\"width\":1017,\"height\":268,\"caption\":\"Noticieros Canal 7\"},\"image\":{\"@id\":\"https:\\\/\\\/canal7slp.tv\\\/2022\\\/#\\\/schema\\\/logo\\\/image\\\/\"},\"sameAs\":[\"https:\\\/\\\/www.facebook.com\\\/noticieroscanalsiete\",\"https:\\\/\\\/x.com\\\/NOTICIEROS7\",\"https:\\\/\\\/www.instagram.com\\\/canal7_slp\",\"https:\\\/\\\/www.youtube.com\\\/channel\\\/UCliiYs-gP3JfJeqdPrNdd5A\"]},{\"@type\":\"Person\",\"@id\":\"https:\\\/\\\/canal7slp.tv\\\/2022\\\/#\\\/schema\\\/person\\\/429704152a21f5f856ce29aa69a238da\",\"name\":\"Edici\u00f3n Web\",\"image\":{\"@type\":\"ImageObject\",\"inLanguage\":\"es\",\"@id\":\"https:\\\/\\\/secure.gravatar.com\\\/avatar\\\/eee448fc3f7164808013b816ba91ac7e43bbe82a70bebac296f8bc6f0addaa1a?s=96&d=mm&r=g\",\"url\":\"https:\\\/\\\/secure.gravatar.com\\\/avatar\\\/eee448fc3f7164808013b816ba91ac7e43bbe82a70bebac296f8bc6f0addaa1a?s=96&d=mm&r=g\",\"contentUrl\":\"https:\\\/\\\/secure.gravatar.com\\\/avatar\\\/eee448fc3f7164808013b816ba91ac7e43bbe82a70bebac296f8bc6f0addaa1a?s=96&d=mm&r=g\",\"caption\":\"Edici\u00f3n Web\"},\"url\":\"https:\\\/\\\/canal7slp.tv\\\/2022\\\/author\\\/edicionweb\\\/\"}]}<\/script>\n<!-- \/ Yoast SEO plugin. -->","yoast_head_json":{"title":"Autoridades estatales inician obras de remodelaci\u00f3n de la Av. Fray Diego de la Magdalena. - Canal 7 SLP - 2022","robots":{"index":"index","follow":"follow","max-snippet":"max-snippet:-1","max-image-preview":"max-image-preview:large","max-video-preview":"max-video-preview:-1"},"canonical":"https:\/\/canal7slp.tv\/2022\/autoridades-estatales-inician-obras-de-remodelacion-de-la-av-fray-diego-de-la-magdalena\/","og_locale":"es_ES","og_type":"article","og_title":"Autoridades estatales inician obras de remodelaci\u00f3n de la Av. Fray Diego de la Magdalena. - Canal 7 SLP - 2022","og_description":"SLP.- Con una inversi\u00f3n de 120 millones de pesos, el Gobierno del Estado de San Luis Potos\u00ed inici\u00f3 con la primera etapa de las obras de remodelaci\u00f3n en la Avenida Fray Diego de la Magdalena que beneficiar\u00e1 de manera directa e indirecta a m\u00e1s de 100 mil habitantes. Seg\u00fan se refiere, el proyecto comenzar\u00e1 con la con la lateral sur que comprende desde la Avenida Vasco de Quiroga hasta la Avenida Hern\u00e1n Cort\u00e9s, d\u00f3nde en un 60% ser\u00e1 reconstruida en su totalidad trabajando terracer\u00edas y carpetas y en un 40% se colocar\u00e1 nueva carpeta asf\u00e1ltica; fue el gobernador del estado, [&hellip;]","og_url":"https:\/\/canal7slp.tv\/2022\/autoridades-estatales-inician-obras-de-remodelacion-de-la-av-fray-diego-de-la-magdalena\/","og_site_name":"Canal 7 SLP - 2022","article_publisher":"https:\/\/www.facebook.com\/noticieroscanalsiete","article_published_time":"2022-03-25T23:48:34+00:00","article_modified_time":"2022-03-25T23:50:23+00:00","og_image":[{"width":888,"height":500,"url":"https:\/\/canal7slp.tv\/2022\/wp-content\/uploads\/2022\/03\/Vazquez04FrayDiego.jpg","type":"image\/jpeg"}],"author":"Edici\u00f3n Web","twitter_card":"summary_large_image","twitter_creator":"@NOTICIEROS7","twitter_site":"@NOTICIEROS7","twitter_misc":{"Escrito por":"Edici\u00f3n Web","Tiempo de lectura":"1 minuto"},"schema":{"@context":"https:\/\/schema.org","@graph":[{"@type":"Article","@id":"https:\/\/canal7slp.tv\/2022\/autoridades-estatales-inician-obras-de-remodelacion-de-la-av-fray-diego-de-la-magdalena\/#article","isPartOf":{"@id":"https:\/\/canal7slp.tv\/2022\/autoridades-estatales-inician-obras-de-remodelacion-de-la-av-fray-diego-de-la-magdalena\/"},"author":{"name":"Edici\u00f3n Web","@id":"https:\/\/canal7slp.tv\/2022\/#\/schema\/person\/429704152a21f5f856ce29aa69a238da"},"headline":"Autoridades estatales inician obras de remodelaci\u00f3n de la Av. Fray Diego de la Magdalena.","datePublished":"2022-03-25T23:48:34+00:00","dateModified":"2022-03-25T23:50:23+00:00","mainEntityOfPage":{"@id":"https:\/\/canal7slp.tv\/2022\/autoridades-estatales-inician-obras-de-remodelacion-de-la-av-fray-diego-de-la-magdalena\/"},"wordCount":297,"publisher":{"@id":"https:\/\/canal7slp.tv\/2022\/#organization"},"image":{"@id":"https:\/\/canal7slp.tv\/2022\/autoridades-estatales-inician-obras-de-remodelacion-de-la-av-fray-diego-de-la-magdalena\/#primaryimage"},"thumbnailUrl":"https:\/\/canal7slp.tv\/2022\/wp-content\/uploads\/2022\/03\/Vazquez04FrayDiego.jpg","articleSection":["DESTACADAS","GOBEDOSLP","LOCALES Y REGIONALES"],"inLanguage":"es"},{"@type":"WebPage","@id":"https:\/\/canal7slp.tv\/2022\/autoridades-estatales-inician-obras-de-remodelacion-de-la-av-fray-diego-de-la-magdalena\/","url":"https:\/\/canal7slp.tv\/2022\/autoridades-estatales-inician-obras-de-remodelacion-de-la-av-fray-diego-de-la-magdalena\/","name":"Autoridades estatales inician obras de remodelaci\u00f3n de la Av. Fray Diego de la Magdalena. - Canal 7 SLP - 2022","isPartOf":{"@id":"https:\/\/canal7slp.tv\/2022\/#website"},"primaryImageOfPage":{"@id":"https:\/\/canal7slp.tv\/2022\/autoridades-estatales-inician-obras-de-remodelacion-de-la-av-fray-diego-de-la-magdalena\/#primaryimage"},"image":{"@id":"https:\/\/canal7slp.tv\/2022\/autoridades-estatales-inician-obras-de-remodelacion-de-la-av-fray-diego-de-la-magdalena\/#primaryimage"},"thumbnailUrl":"https:\/\/canal7slp.tv\/2022\/wp-content\/uploads\/2022\/03\/Vazquez04FrayDiego.jpg","datePublished":"2022-03-25T23:48:34+00:00","dateModified":"2022-03-25T23:50:23+00:00","breadcrumb":{"@id":"https:\/\/canal7slp.tv\/2022\/autoridades-estatales-inician-obras-de-remodelacion-de-la-av-fray-diego-de-la-magdalena\/#breadcrumb"},"inLanguage":"es","potentialAction":[{"@type":"ReadAction","target":["https:\/\/canal7slp.tv\/2022\/autoridades-estatales-inician-obras-de-remodelacion-de-la-av-fray-diego-de-la-magdalena\/"]}]},{"@type":"ImageObject","inLanguage":"es","@id":"https:\/\/canal7slp.tv\/2022\/autoridades-estatales-inician-obras-de-remodelacion-de-la-av-fray-diego-de-la-magdalena\/#primaryimage","url":"https:\/\/canal7slp.tv\/2022\/wp-content\/uploads\/2022\/03\/Vazquez04FrayDiego.jpg","contentUrl":"https:\/\/canal7slp.tv\/2022\/wp-content\/uploads\/2022\/03\/Vazquez04FrayDiego.jpg","width":888,"height":500},{"@type":"BreadcrumbList","@id":"https:\/\/canal7slp.tv\/2022\/autoridades-estatales-inician-obras-de-remodelacion-de-la-av-fray-diego-de-la-magdalena\/#breadcrumb","itemListElement":[{"@type":"ListItem","position":1,"name":"Portada","item":"https:\/\/canal7slp.tv\/2022\/"},{"@type":"ListItem","position":2,"name":"Autoridades estatales inician obras de remodelaci\u00f3n de la Av. Fray Diego de la Magdalena."}]},{"@type":"WebSite","@id":"https:\/\/canal7slp.tv\/2022\/#website","url":"https:\/\/canal7slp.tv\/2022\/","name":"N7 - Noticieros Canal 7","description":"Somos Televisi\u00f3n","publisher":{"@id":"https:\/\/canal7slp.tv\/2022\/#organization"},"potentialAction":[{"@type":"SearchAction","target":{"@type":"EntryPoint","urlTemplate":"https:\/\/canal7slp.tv\/2022\/?s={search_term_string}"},"query-input":{"@type":"PropertyValueSpecification","valueRequired":true,"valueName":"search_term_string"}}],"inLanguage":"es"},{"@type":"Organization","@id":"https:\/\/canal7slp.tv\/2022\/#organization","name":"Noticieros Canal 7","url":"https:\/\/canal7slp.tv\/2022\/","logo":{"@type":"ImageObject","inLanguage":"es","@id":"https:\/\/canal7slp.tv\/2022\/#\/schema\/logo\/image\/","url":"https:\/\/canal7slp.tv\/2022\/wp-content\/uploads\/2021\/01\/logo-noticieros@2x.png","contentUrl":"https:\/\/canal7slp.tv\/2022\/wp-content\/uploads\/2021\/01\/logo-noticieros@2x.png","width":1017,"height":268,"caption":"Noticieros Canal 7"},"image":{"@id":"https:\/\/canal7slp.tv\/2022\/#\/schema\/logo\/image\/"},"sameAs":["https:\/\/www.facebook.com\/noticieroscanalsiete","https:\/\/x.com\/NOTICIEROS7","https:\/\/www.instagram.com\/canal7_slp","https:\/\/www.youtube.com\/channel\/UCliiYs-gP3JfJeqdPrNdd5A"]},{"@type":"Person","@id":"https:\/\/canal7slp.tv\/2022\/#\/schema\/person\/429704152a21f5f856ce29aa69a238da","name":"Edici\u00f3n Web","image":{"@type":"ImageObject","inLanguage":"es","@id":"https:\/\/secure.gravatar.com\/avatar\/eee448fc3f7164808013b816ba91ac7e43bbe82a70bebac296f8bc6f0addaa1a?s=96&d=mm&r=g","url":"https:\/\/secure.gravatar.com\/avatar\/eee448fc3f7164808013b816ba91ac7e43bbe82a70bebac296f8bc6f0addaa1a?s=96&d=mm&r=g","contentUrl":"https:\/\/secure.gravatar.com\/avatar\/eee448fc3f7164808013b816ba91ac7e43bbe82a70bebac296f8bc6f0addaa1a?s=96&d=mm&r=g","caption":"Edici\u00f3n Web"},"url":"https:\/\/canal7slp.tv\/2022\/author\/edicionweb\/"}]}},"amp_enabled":true,"_links":{"self":[{"href":"https:\/\/canal7slp.tv\/2022\/wp-json\/wp\/v2\/posts\/55291","targetHints":{"allow":["GET"]}}],"collection":[{"href":"https:\/\/canal7slp.tv\/2022\/wp-json\/wp\/v2\/posts"}],"about":[{"href":"https:\/\/canal7slp.tv\/2022\/wp-json\/wp\/v2\/types\/post"}],"author":[{"embeddable":true,"href":"https:\/\/canal7slp.tv\/2022\/wp-json\/wp\/v2\/users\/2"}],"replies":[{"embeddable":true,"href":"https:\/\/canal7slp.tv\/2022\/wp-json\/wp\/v2\/comments?post=55291"}],"version-history":[{"count":5,"href":"https:\/\/canal7slp.tv\/2022\/wp-json\/wp\/v2\/posts\/55291\/revisions"}],"predecessor-version":[{"id":55309,"href":"https:\/\/canal7slp.tv\/2022\/wp-json\/wp\/v2\/posts\/55291\/revisions\/55309"}],"wp:featuredmedia":[{"embeddable":true,"href":"https:\/\/canal7slp.tv\/2022\/wp-json\/wp\/v2\/media\/55306"}],"wp:attachment":[{"href":"https:\/\/canal7slp.tv\/2022\/wp-json\/wp\/v2\/media?parent=55291"}],"wp:term":[{"taxonomy":"category","embeddable":true,"href":"https:\/\/canal7slp.tv\/2022\/wp-json\/wp\/v2\/categories?post=55291"},{"taxonomy":"post_tag","embeddable":true,"href":"https:\/\/canal7slp.tv\/2022\/wp-json\/wp\/v2\/tags?post=55291"}],"curies":[{"name":"wp","href":"https:\/\/api.w.org\/{rel}","templated":true}]}}