{"id":55289,"date":"2022-03-25T17:41:35","date_gmt":"2022-03-25T23:41:35","guid":{"rendered":"https:\/\/canal7slp.tv\/2022\/?p=55289"},"modified":"2022-03-25T17:41:35","modified_gmt":"2022-03-25T23:41:35","slug":"soledad-de-graciano-sanchez-tendra-su-parque-tangamanga-afirma-alcaldesa","status":"publish","type":"post","link":"https:\/\/canal7slp.tv\/2022\/soledad-de-graciano-sanchez-tendra-su-parque-tangamanga-afirma-alcaldesa\/","title":{"rendered":"Soledad de Graciano S\u00e1nchez tendr\u00e1 su Parque Tangamanga, afirma alcaldesa."},"content":{"rendered":"<p style=\"text-align: justify;\">SGS.- En entrevista, la alcaldesa de Soledad de Graciano S\u00e1nchez, Leonor Noyola Cervantes, declar\u00f3 que el municipio contar\u00e1 con un Parque Tangamanga que de primera instancia estar\u00eda ubicado en la Zona Oriente de la ciudad.<\/p>\n<p style=\"text-align: justify;\">El anuncio sobre este nuevo espacio recreativo, se dio por parte del mandatario estatal, Ricardo Gallardo Cardona, quien asegur\u00f3 se invertir\u00e1n los recursos necesarios para ello.<\/p>\n<p style=\"text-align: justify;\">\u00abEn este tema tenemos mucho tiempo que la ciudadan\u00eda misma lo pide, y pues bueno aqu\u00ed cerca de la cabecera no encontramos un terreno, pero ya andamos en la zona oriente donde hay la posibilidad de conseguir las 200 hect\u00e1reas para precisamente poner ese Parque Tangamanga que tanta falta nos hace\u00bb, dijo.<\/p>\n<p style=\"text-align: justify;\">La funcionaria se\u00f1al\u00f3 que se brindar\u00e1n las condiciones que garanticen un acceso r\u00e1pido, adem\u00e1s de una experiencia y estancia positiva.<\/p>\n<p style=\"text-align: justify;\">\u00abTenemos que proporcionarles las mejores condiciones a todas las familias y que su estancia ah\u00ed sea placentera, que realmente se utilice como lo que se busca, una distracci\u00f3n para las familias\u00bb, apunt\u00f3.<\/p>\n<p style=\"text-align: justify;\">Aunque la presidenta municipal no mencion\u00f3 cu\u00e1ndo iniciar\u00edan las obras de este proyecto, s\u00ed asegur\u00f3 que las mismas se llevar\u00e1n de manera pronta.<\/p>\n<p style=\"text-align: justify;\">\u00abYa nada m\u00e1s que tengamos bien definido el espacio y arrancamos r\u00e1pido, esto es r\u00e1pido, ustedes se dan cuenta como d\u00eda tras d\u00eda se est\u00e1n llevando obras y obras y r\u00e1pido se terminan para continuarle, esto es en poco tiempo\u00bb, a\u00f1adi\u00f3.<\/p>\n<p style=\"text-align: justify;\">Noyola Cervantes mencion\u00f3 que el objetivo es incrementar el turismo y la econom\u00eda de la ciudad.<\/p>\n<p style=\"text-align: justify;\">\u00abEs lo que se busca, incrementar, que la econom\u00eda repunte, eso es lo que buscamos, que con el Gabilondo Soler, con Parque Tangamanga, con estas obras, con esta movilidad nos va a ayudar mucho a que nos sigan visitando y a impulsar la econom\u00eda de nuestro municipio\u00bb, termin\u00f3.<\/p>\n<p style=\"text-align: justify;\">Por: Jos\u00e9 Luis V\u00e1zquez<\/p>\n","protected":false},"excerpt":{"rendered":"<p>SGS.- En entrevista, la alcaldesa de Soledad de Graciano S\u00e1nchez, Leonor Noyola Cervantes, declar\u00f3 que el municipio contar\u00e1 con un Parque Tangamanga que de primera instancia estar\u00eda ubicado en la Zona Oriente de la ciudad. El anuncio sobre este nuevo espacio recreativo, se dio por parte del mandatario estatal, Ricardo Gallardo Cardona, quien asegur\u00f3 se invertir\u00e1n los recursos necesarios para ello. \u00abEn este tema tenemos mucho tiempo que la ciudadan\u00eda misma lo pide, y pues bueno aqu\u00ed cerca de la cabecera no encontramos un terreno, pero ya andamos en la zona oriente donde hay la posibilidad de conseguir las 200 [&hellip;]<\/p>\n","protected":false},"author":2,"featured_media":55302,"comment_status":"closed","ping_status":"closed","sticky":false,"template":"","format":"video","meta":{"footnotes":""},"categories":[512,5,45],"tags":[],"class_list":["post-55289","post","type-post","status-publish","format-video","has-post-thumbnail","hentry","category-ayosgs","category-destacadas","category-localesyregionales","post_format-post-format-video","post--single"],"yoast_head":"<!-- This site is optimized with the Yoast SEO plugin v27.4 - https:\/\/yoast.com\/product\/yoast-seo-wordpress\/ -->\n<title>Soledad de Graciano S\u00e1nchez tendr\u00e1 su Parque Tangamanga, afirma alcaldesa. - Canal 7 SLP - 2022<\/title>\n<meta name=\"robots\" content=\"index, follow, max-snippet:-1, max-image-preview:large, max-video-preview:-1\" \/>\n<link rel=\"canonical\" href=\"https:\/\/canal7slp.tv\/2022\/soledad-de-graciano-sanchez-tendra-su-parque-tangamanga-afirma-alcaldesa\/\" \/>\n<meta property=\"og:locale\" content=\"es_ES\" \/>\n<meta property=\"og:type\" content=\"article\" \/>\n<meta property=\"og:title\" content=\"Soledad de Graciano S\u00e1nchez tendr\u00e1 su Parque Tangamanga, afirma alcaldesa. - Canal 7 SLP - 2022\" \/>\n<meta property=\"og:description\" content=\"SGS.- En entrevista, la alcaldesa de Soledad de Graciano S\u00e1nchez, Leonor Noyola Cervantes, declar\u00f3 que el municipio contar\u00e1 con un Parque Tangamanga que de primera instancia estar\u00eda ubicado en la Zona Oriente de la ciudad. El anuncio sobre este nuevo espacio recreativo, se dio por parte del mandatario estatal, Ricardo Gallardo Cardona, quien asegur\u00f3 se invertir\u00e1n los recursos necesarios para ello. \u00abEn este tema tenemos mucho tiempo que la ciudadan\u00eda misma lo pide, y pues bueno aqu\u00ed cerca de la cabecera no encontramos un terreno, pero ya andamos en la zona oriente donde hay la posibilidad de conseguir las 200 [&hellip;]\" \/>\n<meta property=\"og:url\" content=\"https:\/\/canal7slp.tv\/2022\/soledad-de-graciano-sanchez-tendra-su-parque-tangamanga-afirma-alcaldesa\/\" \/>\n<meta property=\"og:site_name\" content=\"Canal 7 SLP - 2022\" \/>\n<meta property=\"article:publisher\" content=\"https:\/\/www.facebook.com\/noticieroscanalsiete\" \/>\n<meta property=\"article:published_time\" content=\"2022-03-25T23:41:35+00:00\" \/>\n<meta property=\"og:image\" content=\"https:\/\/canal7slp.tv\/2022\/wp-content\/uploads\/2022\/03\/Vazquez02TangamangaSGS.jpg\" \/>\n\t<meta property=\"og:image:width\" content=\"888\" \/>\n\t<meta property=\"og:image:height\" content=\"500\" \/>\n\t<meta property=\"og:image:type\" content=\"image\/jpeg\" \/>\n<meta name=\"author\" content=\"Edici\u00f3n Web\" \/>\n<meta name=\"twitter:card\" content=\"summary_large_image\" \/>\n<meta name=\"twitter:creator\" content=\"@NOTICIEROS7\" \/>\n<meta name=\"twitter:site\" content=\"@NOTICIEROS7\" \/>\n<meta name=\"twitter:label1\" content=\"Escrito por\" \/>\n\t<meta name=\"twitter:data1\" content=\"Edici\u00f3n Web\" \/>\n\t<meta name=\"twitter:label2\" content=\"Tiempo de lectura\" \/>\n\t<meta name=\"twitter:data2\" content=\"2 minutos\" \/>\n<script type=\"application\/ld+json\" class=\"yoast-schema-graph\">{\"@context\":\"https:\\\/\\\/schema.org\",\"@graph\":[{\"@type\":\"Article\",\"@id\":\"https:\\\/\\\/canal7slp.tv\\\/2022\\\/soledad-de-graciano-sanchez-tendra-su-parque-tangamanga-afirma-alcaldesa\\\/#article\",\"isPartOf\":{\"@id\":\"https:\\\/\\\/canal7slp.tv\\\/2022\\\/soledad-de-graciano-sanchez-tendra-su-parque-tangamanga-afirma-alcaldesa\\\/\"},\"author\":{\"name\":\"Edici\u00f3n Web\",\"@id\":\"https:\\\/\\\/canal7slp.tv\\\/2022\\\/#\\\/schema\\\/person\\\/429704152a21f5f856ce29aa69a238da\"},\"headline\":\"Soledad de Graciano S\u00e1nchez tendr\u00e1 su Parque Tangamanga, afirma alcaldesa.\",\"datePublished\":\"2022-03-25T23:41:35+00:00\",\"mainEntityOfPage\":{\"@id\":\"https:\\\/\\\/canal7slp.tv\\\/2022\\\/soledad-de-graciano-sanchez-tendra-su-parque-tangamanga-afirma-alcaldesa\\\/\"},\"wordCount\":333,\"publisher\":{\"@id\":\"https:\\\/\\\/canal7slp.tv\\\/2022\\\/#organization\"},\"image\":{\"@id\":\"https:\\\/\\\/canal7slp.tv\\\/2022\\\/soledad-de-graciano-sanchez-tendra-su-parque-tangamanga-afirma-alcaldesa\\\/#primaryimage\"},\"thumbnailUrl\":\"https:\\\/\\\/canal7slp.tv\\\/2022\\\/wp-content\\\/uploads\\\/2022\\\/03\\\/Vazquez02TangamangaSGS.jpg\",\"articleSection\":[\"AYOSGS\",\"DESTACADAS\",\"LOCALES Y REGIONALES\"],\"inLanguage\":\"es\"},{\"@type\":\"WebPage\",\"@id\":\"https:\\\/\\\/canal7slp.tv\\\/2022\\\/soledad-de-graciano-sanchez-tendra-su-parque-tangamanga-afirma-alcaldesa\\\/\",\"url\":\"https:\\\/\\\/canal7slp.tv\\\/2022\\\/soledad-de-graciano-sanchez-tendra-su-parque-tangamanga-afirma-alcaldesa\\\/\",\"name\":\"Soledad de Graciano S\u00e1nchez tendr\u00e1 su Parque Tangamanga, afirma alcaldesa. - Canal 7 SLP - 2022\",\"isPartOf\":{\"@id\":\"https:\\\/\\\/canal7slp.tv\\\/2022\\\/#website\"},\"primaryImageOfPage\":{\"@id\":\"https:\\\/\\\/canal7slp.tv\\\/2022\\\/soledad-de-graciano-sanchez-tendra-su-parque-tangamanga-afirma-alcaldesa\\\/#primaryimage\"},\"image\":{\"@id\":\"https:\\\/\\\/canal7slp.tv\\\/2022\\\/soledad-de-graciano-sanchez-tendra-su-parque-tangamanga-afirma-alcaldesa\\\/#primaryimage\"},\"thumbnailUrl\":\"https:\\\/\\\/canal7slp.tv\\\/2022\\\/wp-content\\\/uploads\\\/2022\\\/03\\\/Vazquez02TangamangaSGS.jpg\",\"datePublished\":\"2022-03-25T23:41:35+00:00\",\"breadcrumb\":{\"@id\":\"https:\\\/\\\/canal7slp.tv\\\/2022\\\/soledad-de-graciano-sanchez-tendra-su-parque-tangamanga-afirma-alcaldesa\\\/#breadcrumb\"},\"inLanguage\":\"es\",\"potentialAction\":[{\"@type\":\"ReadAction\",\"target\":[\"https:\\\/\\\/canal7slp.tv\\\/2022\\\/soledad-de-graciano-sanchez-tendra-su-parque-tangamanga-afirma-alcaldesa\\\/\"]}]},{\"@type\":\"ImageObject\",\"inLanguage\":\"es\",\"@id\":\"https:\\\/\\\/canal7slp.tv\\\/2022\\\/soledad-de-graciano-sanchez-tendra-su-parque-tangamanga-afirma-alcaldesa\\\/#primaryimage\",\"url\":\"https:\\\/\\\/canal7slp.tv\\\/2022\\\/wp-content\\\/uploads\\\/2022\\\/03\\\/Vazquez02TangamangaSGS.jpg\",\"contentUrl\":\"https:\\\/\\\/canal7slp.tv\\\/2022\\\/wp-content\\\/uploads\\\/2022\\\/03\\\/Vazquez02TangamangaSGS.jpg\",\"width\":888,\"height\":500},{\"@type\":\"BreadcrumbList\",\"@id\":\"https:\\\/\\\/canal7slp.tv\\\/2022\\\/soledad-de-graciano-sanchez-tendra-su-parque-tangamanga-afirma-alcaldesa\\\/#breadcrumb\",\"itemListElement\":[{\"@type\":\"ListItem\",\"position\":1,\"name\":\"Portada\",\"item\":\"https:\\\/\\\/canal7slp.tv\\\/2022\\\/\"},{\"@type\":\"ListItem\",\"position\":2,\"name\":\"Soledad de Graciano S\u00e1nchez tendr\u00e1 su Parque Tangamanga, afirma alcaldesa.\"}]},{\"@type\":\"WebSite\",\"@id\":\"https:\\\/\\\/canal7slp.tv\\\/2022\\\/#website\",\"url\":\"https:\\\/\\\/canal7slp.tv\\\/2022\\\/\",\"name\":\"N7 - Noticieros Canal 7\",\"description\":\"Somos Televisi\u00f3n\",\"publisher\":{\"@id\":\"https:\\\/\\\/canal7slp.tv\\\/2022\\\/#organization\"},\"potentialAction\":[{\"@type\":\"SearchAction\",\"target\":{\"@type\":\"EntryPoint\",\"urlTemplate\":\"https:\\\/\\\/canal7slp.tv\\\/2022\\\/?s={search_term_string}\"},\"query-input\":{\"@type\":\"PropertyValueSpecification\",\"valueRequired\":true,\"valueName\":\"search_term_string\"}}],\"inLanguage\":\"es\"},{\"@type\":\"Organization\",\"@id\":\"https:\\\/\\\/canal7slp.tv\\\/2022\\\/#organization\",\"name\":\"Noticieros Canal 7\",\"url\":\"https:\\\/\\\/canal7slp.tv\\\/2022\\\/\",\"logo\":{\"@type\":\"ImageObject\",\"inLanguage\":\"es\",\"@id\":\"https:\\\/\\\/canal7slp.tv\\\/2022\\\/#\\\/schema\\\/logo\\\/image\\\/\",\"url\":\"https:\\\/\\\/canal7slp.tv\\\/2022\\\/wp-content\\\/uploads\\\/2021\\\/01\\\/logo-noticieros@2x.png\",\"contentUrl\":\"https:\\\/\\\/canal7slp.tv\\\/2022\\\/wp-content\\\/uploads\\\/2021\\\/01\\\/logo-noticieros@2x.png\",\"width\":1017,\"height\":268,\"caption\":\"Noticieros Canal 7\"},\"image\":{\"@id\":\"https:\\\/\\\/canal7slp.tv\\\/2022\\\/#\\\/schema\\\/logo\\\/image\\\/\"},\"sameAs\":[\"https:\\\/\\\/www.facebook.com\\\/noticieroscanalsiete\",\"https:\\\/\\\/x.com\\\/NOTICIEROS7\",\"https:\\\/\\\/www.instagram.com\\\/canal7_slp\",\"https:\\\/\\\/www.youtube.com\\\/channel\\\/UCliiYs-gP3JfJeqdPrNdd5A\"]},{\"@type\":\"Person\",\"@id\":\"https:\\\/\\\/canal7slp.tv\\\/2022\\\/#\\\/schema\\\/person\\\/429704152a21f5f856ce29aa69a238da\",\"name\":\"Edici\u00f3n Web\",\"image\":{\"@type\":\"ImageObject\",\"inLanguage\":\"es\",\"@id\":\"https:\\\/\\\/secure.gravatar.com\\\/avatar\\\/eee448fc3f7164808013b816ba91ac7e43bbe82a70bebac296f8bc6f0addaa1a?s=96&d=mm&r=g\",\"url\":\"https:\\\/\\\/secure.gravatar.com\\\/avatar\\\/eee448fc3f7164808013b816ba91ac7e43bbe82a70bebac296f8bc6f0addaa1a?s=96&d=mm&r=g\",\"contentUrl\":\"https:\\\/\\\/secure.gravatar.com\\\/avatar\\\/eee448fc3f7164808013b816ba91ac7e43bbe82a70bebac296f8bc6f0addaa1a?s=96&d=mm&r=g\",\"caption\":\"Edici\u00f3n Web\"},\"url\":\"https:\\\/\\\/canal7slp.tv\\\/2022\\\/author\\\/edicionweb\\\/\"}]}<\/script>\n<!-- \/ Yoast SEO plugin. -->","yoast_head_json":{"title":"Soledad de Graciano S\u00e1nchez tendr\u00e1 su Parque Tangamanga, afirma alcaldesa. - Canal 7 SLP - 2022","robots":{"index":"index","follow":"follow","max-snippet":"max-snippet:-1","max-image-preview":"max-image-preview:large","max-video-preview":"max-video-preview:-1"},"canonical":"https:\/\/canal7slp.tv\/2022\/soledad-de-graciano-sanchez-tendra-su-parque-tangamanga-afirma-alcaldesa\/","og_locale":"es_ES","og_type":"article","og_title":"Soledad de Graciano S\u00e1nchez tendr\u00e1 su Parque Tangamanga, afirma alcaldesa. - Canal 7 SLP - 2022","og_description":"SGS.- En entrevista, la alcaldesa de Soledad de Graciano S\u00e1nchez, Leonor Noyola Cervantes, declar\u00f3 que el municipio contar\u00e1 con un Parque Tangamanga que de primera instancia estar\u00eda ubicado en la Zona Oriente de la ciudad. El anuncio sobre este nuevo espacio recreativo, se dio por parte del mandatario estatal, Ricardo Gallardo Cardona, quien asegur\u00f3 se invertir\u00e1n los recursos necesarios para ello. \u00abEn este tema tenemos mucho tiempo que la ciudadan\u00eda misma lo pide, y pues bueno aqu\u00ed cerca de la cabecera no encontramos un terreno, pero ya andamos en la zona oriente donde hay la posibilidad de conseguir las 200 [&hellip;]","og_url":"https:\/\/canal7slp.tv\/2022\/soledad-de-graciano-sanchez-tendra-su-parque-tangamanga-afirma-alcaldesa\/","og_site_name":"Canal 7 SLP - 2022","article_publisher":"https:\/\/www.facebook.com\/noticieroscanalsiete","article_published_time":"2022-03-25T23:41:35+00:00","og_image":[{"width":888,"height":500,"url":"https:\/\/canal7slp.tv\/2022\/wp-content\/uploads\/2022\/03\/Vazquez02TangamangaSGS.jpg","type":"image\/jpeg"}],"author":"Edici\u00f3n Web","twitter_card":"summary_large_image","twitter_creator":"@NOTICIEROS7","twitter_site":"@NOTICIEROS7","twitter_misc":{"Escrito por":"Edici\u00f3n Web","Tiempo de lectura":"2 minutos"},"schema":{"@context":"https:\/\/schema.org","@graph":[{"@type":"Article","@id":"https:\/\/canal7slp.tv\/2022\/soledad-de-graciano-sanchez-tendra-su-parque-tangamanga-afirma-alcaldesa\/#article","isPartOf":{"@id":"https:\/\/canal7slp.tv\/2022\/soledad-de-graciano-sanchez-tendra-su-parque-tangamanga-afirma-alcaldesa\/"},"author":{"name":"Edici\u00f3n Web","@id":"https:\/\/canal7slp.tv\/2022\/#\/schema\/person\/429704152a21f5f856ce29aa69a238da"},"headline":"Soledad de Graciano S\u00e1nchez tendr\u00e1 su Parque Tangamanga, afirma alcaldesa.","datePublished":"2022-03-25T23:41:35+00:00","mainEntityOfPage":{"@id":"https:\/\/canal7slp.tv\/2022\/soledad-de-graciano-sanchez-tendra-su-parque-tangamanga-afirma-alcaldesa\/"},"wordCount":333,"publisher":{"@id":"https:\/\/canal7slp.tv\/2022\/#organization"},"image":{"@id":"https:\/\/canal7slp.tv\/2022\/soledad-de-graciano-sanchez-tendra-su-parque-tangamanga-afirma-alcaldesa\/#primaryimage"},"thumbnailUrl":"https:\/\/canal7slp.tv\/2022\/wp-content\/uploads\/2022\/03\/Vazquez02TangamangaSGS.jpg","articleSection":["AYOSGS","DESTACADAS","LOCALES Y REGIONALES"],"inLanguage":"es"},{"@type":"WebPage","@id":"https:\/\/canal7slp.tv\/2022\/soledad-de-graciano-sanchez-tendra-su-parque-tangamanga-afirma-alcaldesa\/","url":"https:\/\/canal7slp.tv\/2022\/soledad-de-graciano-sanchez-tendra-su-parque-tangamanga-afirma-alcaldesa\/","name":"Soledad de Graciano S\u00e1nchez tendr\u00e1 su Parque Tangamanga, afirma alcaldesa. - Canal 7 SLP - 2022","isPartOf":{"@id":"https:\/\/canal7slp.tv\/2022\/#website"},"primaryImageOfPage":{"@id":"https:\/\/canal7slp.tv\/2022\/soledad-de-graciano-sanchez-tendra-su-parque-tangamanga-afirma-alcaldesa\/#primaryimage"},"image":{"@id":"https:\/\/canal7slp.tv\/2022\/soledad-de-graciano-sanchez-tendra-su-parque-tangamanga-afirma-alcaldesa\/#primaryimage"},"thumbnailUrl":"https:\/\/canal7slp.tv\/2022\/wp-content\/uploads\/2022\/03\/Vazquez02TangamangaSGS.jpg","datePublished":"2022-03-25T23:41:35+00:00","breadcrumb":{"@id":"https:\/\/canal7slp.tv\/2022\/soledad-de-graciano-sanchez-tendra-su-parque-tangamanga-afirma-alcaldesa\/#breadcrumb"},"inLanguage":"es","potentialAction":[{"@type":"ReadAction","target":["https:\/\/canal7slp.tv\/2022\/soledad-de-graciano-sanchez-tendra-su-parque-tangamanga-afirma-alcaldesa\/"]}]},{"@type":"ImageObject","inLanguage":"es","@id":"https:\/\/canal7slp.tv\/2022\/soledad-de-graciano-sanchez-tendra-su-parque-tangamanga-afirma-alcaldesa\/#primaryimage","url":"https:\/\/canal7slp.tv\/2022\/wp-content\/uploads\/2022\/03\/Vazquez02TangamangaSGS.jpg","contentUrl":"https:\/\/canal7slp.tv\/2022\/wp-content\/uploads\/2022\/03\/Vazquez02TangamangaSGS.jpg","width":888,"height":500},{"@type":"BreadcrumbList","@id":"https:\/\/canal7slp.tv\/2022\/soledad-de-graciano-sanchez-tendra-su-parque-tangamanga-afirma-alcaldesa\/#breadcrumb","itemListElement":[{"@type":"ListItem","position":1,"name":"Portada","item":"https:\/\/canal7slp.tv\/2022\/"},{"@type":"ListItem","position":2,"name":"Soledad de Graciano S\u00e1nchez tendr\u00e1 su Parque Tangamanga, afirma alcaldesa."}]},{"@type":"WebSite","@id":"https:\/\/canal7slp.tv\/2022\/#website","url":"https:\/\/canal7slp.tv\/2022\/","name":"N7 - Noticieros Canal 7","description":"Somos Televisi\u00f3n","publisher":{"@id":"https:\/\/canal7slp.tv\/2022\/#organization"},"potentialAction":[{"@type":"SearchAction","target":{"@type":"EntryPoint","urlTemplate":"https:\/\/canal7slp.tv\/2022\/?s={search_term_string}"},"query-input":{"@type":"PropertyValueSpecification","valueRequired":true,"valueName":"search_term_string"}}],"inLanguage":"es"},{"@type":"Organization","@id":"https:\/\/canal7slp.tv\/2022\/#organization","name":"Noticieros Canal 7","url":"https:\/\/canal7slp.tv\/2022\/","logo":{"@type":"ImageObject","inLanguage":"es","@id":"https:\/\/canal7slp.tv\/2022\/#\/schema\/logo\/image\/","url":"https:\/\/canal7slp.tv\/2022\/wp-content\/uploads\/2021\/01\/logo-noticieros@2x.png","contentUrl":"https:\/\/canal7slp.tv\/2022\/wp-content\/uploads\/2021\/01\/logo-noticieros@2x.png","width":1017,"height":268,"caption":"Noticieros Canal 7"},"image":{"@id":"https:\/\/canal7slp.tv\/2022\/#\/schema\/logo\/image\/"},"sameAs":["https:\/\/www.facebook.com\/noticieroscanalsiete","https:\/\/x.com\/NOTICIEROS7","https:\/\/www.instagram.com\/canal7_slp","https:\/\/www.youtube.com\/channel\/UCliiYs-gP3JfJeqdPrNdd5A"]},{"@type":"Person","@id":"https:\/\/canal7slp.tv\/2022\/#\/schema\/person\/429704152a21f5f856ce29aa69a238da","name":"Edici\u00f3n Web","image":{"@type":"ImageObject","inLanguage":"es","@id":"https:\/\/secure.gravatar.com\/avatar\/eee448fc3f7164808013b816ba91ac7e43bbe82a70bebac296f8bc6f0addaa1a?s=96&d=mm&r=g","url":"https:\/\/secure.gravatar.com\/avatar\/eee448fc3f7164808013b816ba91ac7e43bbe82a70bebac296f8bc6f0addaa1a?s=96&d=mm&r=g","contentUrl":"https:\/\/secure.gravatar.com\/avatar\/eee448fc3f7164808013b816ba91ac7e43bbe82a70bebac296f8bc6f0addaa1a?s=96&d=mm&r=g","caption":"Edici\u00f3n Web"},"url":"https:\/\/canal7slp.tv\/2022\/author\/edicionweb\/"}]}},"amp_enabled":true,"_links":{"self":[{"href":"https:\/\/canal7slp.tv\/2022\/wp-json\/wp\/v2\/posts\/55289","targetHints":{"allow":["GET"]}}],"collection":[{"href":"https:\/\/canal7slp.tv\/2022\/wp-json\/wp\/v2\/posts"}],"about":[{"href":"https:\/\/canal7slp.tv\/2022\/wp-json\/wp\/v2\/types\/post"}],"author":[{"embeddable":true,"href":"https:\/\/canal7slp.tv\/2022\/wp-json\/wp\/v2\/users\/2"}],"replies":[{"embeddable":true,"href":"https:\/\/canal7slp.tv\/2022\/wp-json\/wp\/v2\/comments?post=55289"}],"version-history":[{"count":3,"href":"https:\/\/canal7slp.tv\/2022\/wp-json\/wp\/v2\/posts\/55289\/revisions"}],"predecessor-version":[{"id":55303,"href":"https:\/\/canal7slp.tv\/2022\/wp-json\/wp\/v2\/posts\/55289\/revisions\/55303"}],"wp:featuredmedia":[{"embeddable":true,"href":"https:\/\/canal7slp.tv\/2022\/wp-json\/wp\/v2\/media\/55302"}],"wp:attachment":[{"href":"https:\/\/canal7slp.tv\/2022\/wp-json\/wp\/v2\/media?parent=55289"}],"wp:term":[{"taxonomy":"category","embeddable":true,"href":"https:\/\/canal7slp.tv\/2022\/wp-json\/wp\/v2\/categories?post=55289"},{"taxonomy":"post_tag","embeddable":true,"href":"https:\/\/canal7slp.tv\/2022\/wp-json\/wp\/v2\/tags?post=55289"}],"curies":[{"name":"wp","href":"https:\/\/api.w.org\/{rel}","templated":true}]}}