{"id":55275,"date":"2022-03-25T16:39:37","date_gmt":"2022-03-25T22:39:37","guid":{"rendered":"https:\/\/canal7slp.tv\/2022\/?p=55275"},"modified":"2022-03-25T16:42:23","modified_gmt":"2022-03-25T22:42:23","slug":"copa-soledad-infantil-se-llevara-a-cabo-del-11-al-16-de-abril","status":"publish","type":"post","link":"https:\/\/canal7slp.tv\/2022\/copa-soledad-infantil-se-llevara-a-cabo-del-11-al-16-de-abril\/","title":{"rendered":"Copa Soledad Infantil se llevar\u00e1 a cabo del 11 al 16 de abril."},"content":{"rendered":"<p style=\"text-align: justify;\">SGS.- Se llevar\u00e1 a cabo La Copa Soledad Infantil del 11 al 16 de abril teniendo la Unidad Deportiva 21 de marzo como escenario dentro del marco de actividades de la Feria Nacional de la Enchilada.<\/p>\n<p style=\"text-align: justify;\">La Direcci\u00f3n de Deportes dio arranque a las inscripciones del torneo infantil, que en esta edici\u00f3n tendr\u00e1 las categor\u00edas 2010-2011 y 2012-2013, siendo un torneo de invitaci\u00f3n, tendr\u00e1 un cupo limitado a 16 equipos por categor\u00eda, el sistema de competencia ser\u00e1 Fase de Grupos, pasando los dos primeros lugares de cada grupo y posteriormente ser\u00e1 a eliminaci\u00f3n directa.<\/p>\n<p style=\"text-align: justify;\">Se premiar\u00e1 al campe\u00f3n y subcampe\u00f3n con trofeo y medalla, as\u00ed como a los campeones de goleo y mejores porteros de cada categor\u00eda.<\/p>\n","protected":false},"excerpt":{"rendered":"<p>SGS.- Se llevar\u00e1 a cabo La Copa Soledad Infantil del 11 al 16 de abril teniendo la Unidad Deportiva 21 de marzo como escenario dentro del marco de actividades de la Feria Nacional de la Enchilada. La Direcci\u00f3n de Deportes dio arranque a las inscripciones del torneo infantil, que en esta edici\u00f3n tendr\u00e1 las categor\u00edas 2010-2011 y 2012-2013, siendo un torneo de invitaci\u00f3n, tendr\u00e1 un cupo limitado a 16 equipos por categor\u00eda, el sistema de competencia ser\u00e1 Fase de Grupos, pasando los dos primeros lugares de cada grupo y posteriormente ser\u00e1 a eliminaci\u00f3n directa. Se premiar\u00e1 al campe\u00f3n y subcampe\u00f3n [&hellip;]<\/p>\n","protected":false},"author":2,"featured_media":55281,"comment_status":"closed","ping_status":"closed","sticky":false,"template":"","format":"video","meta":{"footnotes":""},"categories":[7,5],"tags":[],"class_list":["post-55275","post","type-post","status-publish","format-video","has-post-thumbnail","hentry","category-deportes","category-destacadas","post_format-post-format-video","post--single"],"yoast_head":"<!-- This site is optimized with the Yoast SEO plugin v27.4 - https:\/\/yoast.com\/product\/yoast-seo-wordpress\/ -->\n<title>Copa Soledad Infantil se llevar\u00e1 a cabo del 11 al 16 de abril. - Canal 7 SLP - 2022<\/title>\n<meta name=\"robots\" content=\"index, follow, max-snippet:-1, max-image-preview:large, max-video-preview:-1\" \/>\n<link rel=\"canonical\" href=\"https:\/\/canal7slp.tv\/2022\/copa-soledad-infantil-se-llevara-a-cabo-del-11-al-16-de-abril\/\" \/>\n<meta property=\"og:locale\" content=\"es_ES\" \/>\n<meta property=\"og:type\" content=\"article\" \/>\n<meta property=\"og:title\" content=\"Copa Soledad Infantil se llevar\u00e1 a cabo del 11 al 16 de abril. - Canal 7 SLP - 2022\" \/>\n<meta property=\"og:description\" content=\"SGS.- Se llevar\u00e1 a cabo La Copa Soledad Infantil del 11 al 16 de abril teniendo la Unidad Deportiva 21 de marzo como escenario dentro del marco de actividades de la Feria Nacional de la Enchilada. La Direcci\u00f3n de Deportes dio arranque a las inscripciones del torneo infantil, que en esta edici\u00f3n tendr\u00e1 las categor\u00edas 2010-2011 y 2012-2013, siendo un torneo de invitaci\u00f3n, tendr\u00e1 un cupo limitado a 16 equipos por categor\u00eda, el sistema de competencia ser\u00e1 Fase de Grupos, pasando los dos primeros lugares de cada grupo y posteriormente ser\u00e1 a eliminaci\u00f3n directa. Se premiar\u00e1 al campe\u00f3n y subcampe\u00f3n [&hellip;]\" \/>\n<meta property=\"og:url\" content=\"https:\/\/canal7slp.tv\/2022\/copa-soledad-infantil-se-llevara-a-cabo-del-11-al-16-de-abril\/\" \/>\n<meta property=\"og:site_name\" content=\"Canal 7 SLP - 2022\" \/>\n<meta property=\"article:publisher\" content=\"https:\/\/www.facebook.com\/noticieroscanalsiete\" \/>\n<meta property=\"article:published_time\" content=\"2022-03-25T22:39:37+00:00\" \/>\n<meta property=\"article:modified_time\" content=\"2022-03-25T22:42:23+00:00\" \/>\n<meta property=\"og:image\" content=\"https:\/\/canal7slp.tv\/2022\/wp-content\/uploads\/2022\/03\/Froi01Copa-1.jpg\" \/>\n\t<meta property=\"og:image:width\" content=\"888\" \/>\n\t<meta property=\"og:image:height\" content=\"500\" \/>\n\t<meta property=\"og:image:type\" content=\"image\/jpeg\" \/>\n<meta name=\"author\" content=\"Edici\u00f3n Web\" \/>\n<meta name=\"twitter:card\" content=\"summary_large_image\" \/>\n<meta name=\"twitter:creator\" content=\"@NOTICIEROS7\" \/>\n<meta name=\"twitter:site\" content=\"@NOTICIEROS7\" \/>\n<meta name=\"twitter:label1\" content=\"Escrito por\" \/>\n\t<meta name=\"twitter:data1\" content=\"Edici\u00f3n Web\" \/>\n\t<meta name=\"twitter:label2\" content=\"Tiempo de lectura\" \/>\n\t<meta name=\"twitter:data2\" content=\"1 minuto\" \/>\n<script type=\"application\/ld+json\" class=\"yoast-schema-graph\">{\"@context\":\"https:\\\/\\\/schema.org\",\"@graph\":[{\"@type\":\"Article\",\"@id\":\"https:\\\/\\\/canal7slp.tv\\\/2022\\\/copa-soledad-infantil-se-llevara-a-cabo-del-11-al-16-de-abril\\\/#article\",\"isPartOf\":{\"@id\":\"https:\\\/\\\/canal7slp.tv\\\/2022\\\/copa-soledad-infantil-se-llevara-a-cabo-del-11-al-16-de-abril\\\/\"},\"author\":{\"name\":\"Edici\u00f3n Web\",\"@id\":\"https:\\\/\\\/canal7slp.tv\\\/2022\\\/#\\\/schema\\\/person\\\/429704152a21f5f856ce29aa69a238da\"},\"headline\":\"Copa Soledad Infantil se llevar\u00e1 a cabo del 11 al 16 de abril.\",\"datePublished\":\"2022-03-25T22:39:37+00:00\",\"dateModified\":\"2022-03-25T22:42:23+00:00\",\"mainEntityOfPage\":{\"@id\":\"https:\\\/\\\/canal7slp.tv\\\/2022\\\/copa-soledad-infantil-se-llevara-a-cabo-del-11-al-16-de-abril\\\/\"},\"wordCount\":134,\"publisher\":{\"@id\":\"https:\\\/\\\/canal7slp.tv\\\/2022\\\/#organization\"},\"image\":{\"@id\":\"https:\\\/\\\/canal7slp.tv\\\/2022\\\/copa-soledad-infantil-se-llevara-a-cabo-del-11-al-16-de-abril\\\/#primaryimage\"},\"thumbnailUrl\":\"https:\\\/\\\/canal7slp.tv\\\/2022\\\/wp-content\\\/uploads\\\/2022\\\/03\\\/Froi01Copa-1.jpg\",\"articleSection\":[\"DEPORTES\",\"DESTACADAS\"],\"inLanguage\":\"es\"},{\"@type\":\"WebPage\",\"@id\":\"https:\\\/\\\/canal7slp.tv\\\/2022\\\/copa-soledad-infantil-se-llevara-a-cabo-del-11-al-16-de-abril\\\/\",\"url\":\"https:\\\/\\\/canal7slp.tv\\\/2022\\\/copa-soledad-infantil-se-llevara-a-cabo-del-11-al-16-de-abril\\\/\",\"name\":\"Copa Soledad Infantil se llevar\u00e1 a cabo del 11 al 16 de abril. - Canal 7 SLP - 2022\",\"isPartOf\":{\"@id\":\"https:\\\/\\\/canal7slp.tv\\\/2022\\\/#website\"},\"primaryImageOfPage\":{\"@id\":\"https:\\\/\\\/canal7slp.tv\\\/2022\\\/copa-soledad-infantil-se-llevara-a-cabo-del-11-al-16-de-abril\\\/#primaryimage\"},\"image\":{\"@id\":\"https:\\\/\\\/canal7slp.tv\\\/2022\\\/copa-soledad-infantil-se-llevara-a-cabo-del-11-al-16-de-abril\\\/#primaryimage\"},\"thumbnailUrl\":\"https:\\\/\\\/canal7slp.tv\\\/2022\\\/wp-content\\\/uploads\\\/2022\\\/03\\\/Froi01Copa-1.jpg\",\"datePublished\":\"2022-03-25T22:39:37+00:00\",\"dateModified\":\"2022-03-25T22:42:23+00:00\",\"breadcrumb\":{\"@id\":\"https:\\\/\\\/canal7slp.tv\\\/2022\\\/copa-soledad-infantil-se-llevara-a-cabo-del-11-al-16-de-abril\\\/#breadcrumb\"},\"inLanguage\":\"es\",\"potentialAction\":[{\"@type\":\"ReadAction\",\"target\":[\"https:\\\/\\\/canal7slp.tv\\\/2022\\\/copa-soledad-infantil-se-llevara-a-cabo-del-11-al-16-de-abril\\\/\"]}]},{\"@type\":\"ImageObject\",\"inLanguage\":\"es\",\"@id\":\"https:\\\/\\\/canal7slp.tv\\\/2022\\\/copa-soledad-infantil-se-llevara-a-cabo-del-11-al-16-de-abril\\\/#primaryimage\",\"url\":\"https:\\\/\\\/canal7slp.tv\\\/2022\\\/wp-content\\\/uploads\\\/2022\\\/03\\\/Froi01Copa-1.jpg\",\"contentUrl\":\"https:\\\/\\\/canal7slp.tv\\\/2022\\\/wp-content\\\/uploads\\\/2022\\\/03\\\/Froi01Copa-1.jpg\",\"width\":888,\"height\":500},{\"@type\":\"BreadcrumbList\",\"@id\":\"https:\\\/\\\/canal7slp.tv\\\/2022\\\/copa-soledad-infantil-se-llevara-a-cabo-del-11-al-16-de-abril\\\/#breadcrumb\",\"itemListElement\":[{\"@type\":\"ListItem\",\"position\":1,\"name\":\"Portada\",\"item\":\"https:\\\/\\\/canal7slp.tv\\\/2022\\\/\"},{\"@type\":\"ListItem\",\"position\":2,\"name\":\"Copa Soledad Infantil se llevar\u00e1 a cabo del 11 al 16 de abril.\"}]},{\"@type\":\"WebSite\",\"@id\":\"https:\\\/\\\/canal7slp.tv\\\/2022\\\/#website\",\"url\":\"https:\\\/\\\/canal7slp.tv\\\/2022\\\/\",\"name\":\"N7 - Noticieros Canal 7\",\"description\":\"Somos Televisi\u00f3n\",\"publisher\":{\"@id\":\"https:\\\/\\\/canal7slp.tv\\\/2022\\\/#organization\"},\"potentialAction\":[{\"@type\":\"SearchAction\",\"target\":{\"@type\":\"EntryPoint\",\"urlTemplate\":\"https:\\\/\\\/canal7slp.tv\\\/2022\\\/?s={search_term_string}\"},\"query-input\":{\"@type\":\"PropertyValueSpecification\",\"valueRequired\":true,\"valueName\":\"search_term_string\"}}],\"inLanguage\":\"es\"},{\"@type\":\"Organization\",\"@id\":\"https:\\\/\\\/canal7slp.tv\\\/2022\\\/#organization\",\"name\":\"Noticieros Canal 7\",\"url\":\"https:\\\/\\\/canal7slp.tv\\\/2022\\\/\",\"logo\":{\"@type\":\"ImageObject\",\"inLanguage\":\"es\",\"@id\":\"https:\\\/\\\/canal7slp.tv\\\/2022\\\/#\\\/schema\\\/logo\\\/image\\\/\",\"url\":\"https:\\\/\\\/canal7slp.tv\\\/2022\\\/wp-content\\\/uploads\\\/2021\\\/01\\\/logo-noticieros@2x.png\",\"contentUrl\":\"https:\\\/\\\/canal7slp.tv\\\/2022\\\/wp-content\\\/uploads\\\/2021\\\/01\\\/logo-noticieros@2x.png\",\"width\":1017,\"height\":268,\"caption\":\"Noticieros Canal 7\"},\"image\":{\"@id\":\"https:\\\/\\\/canal7slp.tv\\\/2022\\\/#\\\/schema\\\/logo\\\/image\\\/\"},\"sameAs\":[\"https:\\\/\\\/www.facebook.com\\\/noticieroscanalsiete\",\"https:\\\/\\\/x.com\\\/NOTICIEROS7\",\"https:\\\/\\\/www.instagram.com\\\/canal7_slp\",\"https:\\\/\\\/www.youtube.com\\\/channel\\\/UCliiYs-gP3JfJeqdPrNdd5A\"]},{\"@type\":\"Person\",\"@id\":\"https:\\\/\\\/canal7slp.tv\\\/2022\\\/#\\\/schema\\\/person\\\/429704152a21f5f856ce29aa69a238da\",\"name\":\"Edici\u00f3n Web\",\"image\":{\"@type\":\"ImageObject\",\"inLanguage\":\"es\",\"@id\":\"https:\\\/\\\/secure.gravatar.com\\\/avatar\\\/eee448fc3f7164808013b816ba91ac7e43bbe82a70bebac296f8bc6f0addaa1a?s=96&d=mm&r=g\",\"url\":\"https:\\\/\\\/secure.gravatar.com\\\/avatar\\\/eee448fc3f7164808013b816ba91ac7e43bbe82a70bebac296f8bc6f0addaa1a?s=96&d=mm&r=g\",\"contentUrl\":\"https:\\\/\\\/secure.gravatar.com\\\/avatar\\\/eee448fc3f7164808013b816ba91ac7e43bbe82a70bebac296f8bc6f0addaa1a?s=96&d=mm&r=g\",\"caption\":\"Edici\u00f3n Web\"},\"url\":\"https:\\\/\\\/canal7slp.tv\\\/2022\\\/author\\\/edicionweb\\\/\"}]}<\/script>\n<!-- \/ Yoast SEO plugin. -->","yoast_head_json":{"title":"Copa Soledad Infantil se llevar\u00e1 a cabo del 11 al 16 de abril. - Canal 7 SLP - 2022","robots":{"index":"index","follow":"follow","max-snippet":"max-snippet:-1","max-image-preview":"max-image-preview:large","max-video-preview":"max-video-preview:-1"},"canonical":"https:\/\/canal7slp.tv\/2022\/copa-soledad-infantil-se-llevara-a-cabo-del-11-al-16-de-abril\/","og_locale":"es_ES","og_type":"article","og_title":"Copa Soledad Infantil se llevar\u00e1 a cabo del 11 al 16 de abril. - Canal 7 SLP - 2022","og_description":"SGS.- Se llevar\u00e1 a cabo La Copa Soledad Infantil del 11 al 16 de abril teniendo la Unidad Deportiva 21 de marzo como escenario dentro del marco de actividades de la Feria Nacional de la Enchilada. La Direcci\u00f3n de Deportes dio arranque a las inscripciones del torneo infantil, que en esta edici\u00f3n tendr\u00e1 las categor\u00edas 2010-2011 y 2012-2013, siendo un torneo de invitaci\u00f3n, tendr\u00e1 un cupo limitado a 16 equipos por categor\u00eda, el sistema de competencia ser\u00e1 Fase de Grupos, pasando los dos primeros lugares de cada grupo y posteriormente ser\u00e1 a eliminaci\u00f3n directa. Se premiar\u00e1 al campe\u00f3n y subcampe\u00f3n [&hellip;]","og_url":"https:\/\/canal7slp.tv\/2022\/copa-soledad-infantil-se-llevara-a-cabo-del-11-al-16-de-abril\/","og_site_name":"Canal 7 SLP - 2022","article_publisher":"https:\/\/www.facebook.com\/noticieroscanalsiete","article_published_time":"2022-03-25T22:39:37+00:00","article_modified_time":"2022-03-25T22:42:23+00:00","og_image":[{"width":888,"height":500,"url":"https:\/\/canal7slp.tv\/2022\/wp-content\/uploads\/2022\/03\/Froi01Copa-1.jpg","type":"image\/jpeg"}],"author":"Edici\u00f3n Web","twitter_card":"summary_large_image","twitter_creator":"@NOTICIEROS7","twitter_site":"@NOTICIEROS7","twitter_misc":{"Escrito por":"Edici\u00f3n Web","Tiempo de lectura":"1 minuto"},"schema":{"@context":"https:\/\/schema.org","@graph":[{"@type":"Article","@id":"https:\/\/canal7slp.tv\/2022\/copa-soledad-infantil-se-llevara-a-cabo-del-11-al-16-de-abril\/#article","isPartOf":{"@id":"https:\/\/canal7slp.tv\/2022\/copa-soledad-infantil-se-llevara-a-cabo-del-11-al-16-de-abril\/"},"author":{"name":"Edici\u00f3n Web","@id":"https:\/\/canal7slp.tv\/2022\/#\/schema\/person\/429704152a21f5f856ce29aa69a238da"},"headline":"Copa Soledad Infantil se llevar\u00e1 a cabo del 11 al 16 de abril.","datePublished":"2022-03-25T22:39:37+00:00","dateModified":"2022-03-25T22:42:23+00:00","mainEntityOfPage":{"@id":"https:\/\/canal7slp.tv\/2022\/copa-soledad-infantil-se-llevara-a-cabo-del-11-al-16-de-abril\/"},"wordCount":134,"publisher":{"@id":"https:\/\/canal7slp.tv\/2022\/#organization"},"image":{"@id":"https:\/\/canal7slp.tv\/2022\/copa-soledad-infantil-se-llevara-a-cabo-del-11-al-16-de-abril\/#primaryimage"},"thumbnailUrl":"https:\/\/canal7slp.tv\/2022\/wp-content\/uploads\/2022\/03\/Froi01Copa-1.jpg","articleSection":["DEPORTES","DESTACADAS"],"inLanguage":"es"},{"@type":"WebPage","@id":"https:\/\/canal7slp.tv\/2022\/copa-soledad-infantil-se-llevara-a-cabo-del-11-al-16-de-abril\/","url":"https:\/\/canal7slp.tv\/2022\/copa-soledad-infantil-se-llevara-a-cabo-del-11-al-16-de-abril\/","name":"Copa Soledad Infantil se llevar\u00e1 a cabo del 11 al 16 de abril. - Canal 7 SLP - 2022","isPartOf":{"@id":"https:\/\/canal7slp.tv\/2022\/#website"},"primaryImageOfPage":{"@id":"https:\/\/canal7slp.tv\/2022\/copa-soledad-infantil-se-llevara-a-cabo-del-11-al-16-de-abril\/#primaryimage"},"image":{"@id":"https:\/\/canal7slp.tv\/2022\/copa-soledad-infantil-se-llevara-a-cabo-del-11-al-16-de-abril\/#primaryimage"},"thumbnailUrl":"https:\/\/canal7slp.tv\/2022\/wp-content\/uploads\/2022\/03\/Froi01Copa-1.jpg","datePublished":"2022-03-25T22:39:37+00:00","dateModified":"2022-03-25T22:42:23+00:00","breadcrumb":{"@id":"https:\/\/canal7slp.tv\/2022\/copa-soledad-infantil-se-llevara-a-cabo-del-11-al-16-de-abril\/#breadcrumb"},"inLanguage":"es","potentialAction":[{"@type":"ReadAction","target":["https:\/\/canal7slp.tv\/2022\/copa-soledad-infantil-se-llevara-a-cabo-del-11-al-16-de-abril\/"]}]},{"@type":"ImageObject","inLanguage":"es","@id":"https:\/\/canal7slp.tv\/2022\/copa-soledad-infantil-se-llevara-a-cabo-del-11-al-16-de-abril\/#primaryimage","url":"https:\/\/canal7slp.tv\/2022\/wp-content\/uploads\/2022\/03\/Froi01Copa-1.jpg","contentUrl":"https:\/\/canal7slp.tv\/2022\/wp-content\/uploads\/2022\/03\/Froi01Copa-1.jpg","width":888,"height":500},{"@type":"BreadcrumbList","@id":"https:\/\/canal7slp.tv\/2022\/copa-soledad-infantil-se-llevara-a-cabo-del-11-al-16-de-abril\/#breadcrumb","itemListElement":[{"@type":"ListItem","position":1,"name":"Portada","item":"https:\/\/canal7slp.tv\/2022\/"},{"@type":"ListItem","position":2,"name":"Copa Soledad Infantil se llevar\u00e1 a cabo del 11 al 16 de abril."}]},{"@type":"WebSite","@id":"https:\/\/canal7slp.tv\/2022\/#website","url":"https:\/\/canal7slp.tv\/2022\/","name":"N7 - Noticieros Canal 7","description":"Somos Televisi\u00f3n","publisher":{"@id":"https:\/\/canal7slp.tv\/2022\/#organization"},"potentialAction":[{"@type":"SearchAction","target":{"@type":"EntryPoint","urlTemplate":"https:\/\/canal7slp.tv\/2022\/?s={search_term_string}"},"query-input":{"@type":"PropertyValueSpecification","valueRequired":true,"valueName":"search_term_string"}}],"inLanguage":"es"},{"@type":"Organization","@id":"https:\/\/canal7slp.tv\/2022\/#organization","name":"Noticieros Canal 7","url":"https:\/\/canal7slp.tv\/2022\/","logo":{"@type":"ImageObject","inLanguage":"es","@id":"https:\/\/canal7slp.tv\/2022\/#\/schema\/logo\/image\/","url":"https:\/\/canal7slp.tv\/2022\/wp-content\/uploads\/2021\/01\/logo-noticieros@2x.png","contentUrl":"https:\/\/canal7slp.tv\/2022\/wp-content\/uploads\/2021\/01\/logo-noticieros@2x.png","width":1017,"height":268,"caption":"Noticieros Canal 7"},"image":{"@id":"https:\/\/canal7slp.tv\/2022\/#\/schema\/logo\/image\/"},"sameAs":["https:\/\/www.facebook.com\/noticieroscanalsiete","https:\/\/x.com\/NOTICIEROS7","https:\/\/www.instagram.com\/canal7_slp","https:\/\/www.youtube.com\/channel\/UCliiYs-gP3JfJeqdPrNdd5A"]},{"@type":"Person","@id":"https:\/\/canal7slp.tv\/2022\/#\/schema\/person\/429704152a21f5f856ce29aa69a238da","name":"Edici\u00f3n Web","image":{"@type":"ImageObject","inLanguage":"es","@id":"https:\/\/secure.gravatar.com\/avatar\/eee448fc3f7164808013b816ba91ac7e43bbe82a70bebac296f8bc6f0addaa1a?s=96&d=mm&r=g","url":"https:\/\/secure.gravatar.com\/avatar\/eee448fc3f7164808013b816ba91ac7e43bbe82a70bebac296f8bc6f0addaa1a?s=96&d=mm&r=g","contentUrl":"https:\/\/secure.gravatar.com\/avatar\/eee448fc3f7164808013b816ba91ac7e43bbe82a70bebac296f8bc6f0addaa1a?s=96&d=mm&r=g","caption":"Edici\u00f3n Web"},"url":"https:\/\/canal7slp.tv\/2022\/author\/edicionweb\/"}]}},"amp_enabled":true,"_links":{"self":[{"href":"https:\/\/canal7slp.tv\/2022\/wp-json\/wp\/v2\/posts\/55275","targetHints":{"allow":["GET"]}}],"collection":[{"href":"https:\/\/canal7slp.tv\/2022\/wp-json\/wp\/v2\/posts"}],"about":[{"href":"https:\/\/canal7slp.tv\/2022\/wp-json\/wp\/v2\/types\/post"}],"author":[{"embeddable":true,"href":"https:\/\/canal7slp.tv\/2022\/wp-json\/wp\/v2\/users\/2"}],"replies":[{"embeddable":true,"href":"https:\/\/canal7slp.tv\/2022\/wp-json\/wp\/v2\/comments?post=55275"}],"version-history":[{"count":3,"href":"https:\/\/canal7slp.tv\/2022\/wp-json\/wp\/v2\/posts\/55275\/revisions"}],"predecessor-version":[{"id":55287,"href":"https:\/\/canal7slp.tv\/2022\/wp-json\/wp\/v2\/posts\/55275\/revisions\/55287"}],"wp:featuredmedia":[{"embeddable":true,"href":"https:\/\/canal7slp.tv\/2022\/wp-json\/wp\/v2\/media\/55281"}],"wp:attachment":[{"href":"https:\/\/canal7slp.tv\/2022\/wp-json\/wp\/v2\/media?parent=55275"}],"wp:term":[{"taxonomy":"category","embeddable":true,"href":"https:\/\/canal7slp.tv\/2022\/wp-json\/wp\/v2\/categories?post=55275"},{"taxonomy":"post_tag","embeddable":true,"href":"https:\/\/canal7slp.tv\/2022\/wp-json\/wp\/v2\/tags?post=55275"}],"curies":[{"name":"wp","href":"https:\/\/api.w.org\/{rel}","templated":true}]}}