{"id":55259,"date":"2022-03-25T17:22:39","date_gmt":"2022-03-25T23:22:39","guid":{"rendered":"https:\/\/canal7slp.tv\/2022\/?p=55259"},"modified":"2022-03-25T17:22:39","modified_gmt":"2022-03-25T23:22:39","slug":"equipos-de-rescate-localizan-caja-negra-del-boeing-737-que-se-estrello-al-sur-de-china","status":"publish","type":"post","link":"https:\/\/canal7slp.tv\/2022\/equipos-de-rescate-localizan-caja-negra-del-boeing-737-que-se-estrello-al-sur-de-china\/","title":{"rendered":"Equipos de rescate localizan caja negra del Boeing 737 que se estrell\u00f3 al sur de China"},"content":{"rendered":"<p style=\"text-align: justify;\">Pek\u00edn.- Equipos de rescate localizaron la segunda caja negra del Boeing 737 que se estrell\u00f3 el 21 de marzo en la regi\u00f3n de Guangxi.<\/p>\n<p style=\"text-align: justify;\">Al momento, siguen sin encontrarse sobreviviente alguno de este accidente.<\/p>\n<p style=\"text-align: justify;\">Cabe se\u00f1alar que el 23 de marzo se localizo la primera caja negra, la cual registr\u00f3 las voces de la cabina de mando, misma que ya fue enviada a Pek\u00edn para especialistas la inspeccionen.<\/p>\n<p style=\"text-align: justify;\">Zhu Tao, jefe de seguridad de la Administraci\u00f3n de Aviaci\u00f3n Civil de China (CACC), declar\u00f3 que la unidad de memoria y el receptor sufrieron da\u00f1os.<\/p>\n<p style=\"text-align: justify;\">Asimismo, advirti\u00f3 que la descarga y an\u00e1lisis de datos tomar\u00e1 tiempo.<\/p>\n","protected":false},"excerpt":{"rendered":"<p>Pek\u00edn.- Equipos de rescate localizaron la segunda caja negra del Boeing 737 que se estrell\u00f3 el 21 de marzo en la regi\u00f3n de Guangxi. Al momento, siguen sin encontrarse sobreviviente alguno de este accidente. Cabe se\u00f1alar que el 23 de marzo se localizo la primera caja negra, la cual registr\u00f3 las voces de la cabina de mando, misma que ya fue enviada a Pek\u00edn para especialistas la inspeccionen. Zhu Tao, jefe de seguridad de la Administraci\u00f3n de Aviaci\u00f3n Civil de China (CACC), declar\u00f3 que la unidad de memoria y el receptor sufrieron da\u00f1os. Asimismo, advirti\u00f3 que la descarga y an\u00e1lisis [&hellip;]<\/p>\n","protected":false},"author":2,"featured_media":55269,"comment_status":"closed","ping_status":"closed","sticky":false,"template":"","format":"standard","meta":{"footnotes":""},"categories":[44],"tags":[],"class_list":["post-55259","post","type-post","status-publish","format-standard","has-post-thumbnail","hentry","category-internacional","post--single"],"yoast_head":"<!-- This site is optimized with the Yoast SEO plugin v27.4 - https:\/\/yoast.com\/product\/yoast-seo-wordpress\/ -->\n<title>Equipos de rescate localizan caja negra del Boeing 737 que se estrell\u00f3 al sur de China - Canal 7 SLP - 2022<\/title>\n<meta name=\"robots\" content=\"index, follow, max-snippet:-1, max-image-preview:large, max-video-preview:-1\" \/>\n<link rel=\"canonical\" href=\"https:\/\/canal7slp.tv\/2022\/equipos-de-rescate-localizan-caja-negra-del-boeing-737-que-se-estrello-al-sur-de-china\/\" \/>\n<meta property=\"og:locale\" content=\"es_ES\" \/>\n<meta property=\"og:type\" content=\"article\" \/>\n<meta property=\"og:title\" content=\"Equipos de rescate localizan caja negra del Boeing 737 que se estrell\u00f3 al sur de China - Canal 7 SLP - 2022\" \/>\n<meta property=\"og:description\" content=\"Pek\u00edn.- Equipos de rescate localizaron la segunda caja negra del Boeing 737 que se estrell\u00f3 el 21 de marzo en la regi\u00f3n de Guangxi. Al momento, siguen sin encontrarse sobreviviente alguno de este accidente. Cabe se\u00f1alar que el 23 de marzo se localizo la primera caja negra, la cual registr\u00f3 las voces de la cabina de mando, misma que ya fue enviada a Pek\u00edn para especialistas la inspeccionen. Zhu Tao, jefe de seguridad de la Administraci\u00f3n de Aviaci\u00f3n Civil de China (CACC), declar\u00f3 que la unidad de memoria y el receptor sufrieron da\u00f1os. Asimismo, advirti\u00f3 que la descarga y an\u00e1lisis [&hellip;]\" \/>\n<meta property=\"og:url\" content=\"https:\/\/canal7slp.tv\/2022\/equipos-de-rescate-localizan-caja-negra-del-boeing-737-que-se-estrello-al-sur-de-china\/\" \/>\n<meta property=\"og:site_name\" content=\"Canal 7 SLP - 2022\" \/>\n<meta property=\"article:publisher\" content=\"https:\/\/www.facebook.com\/noticieroscanalsiete\" \/>\n<meta property=\"article:published_time\" content=\"2022-03-25T23:22:39+00:00\" \/>\n<meta property=\"og:image\" content=\"https:\/\/canal7slp.tv\/2022\/wp-content\/uploads\/2022\/03\/05-20.jpg\" \/>\n\t<meta property=\"og:image:width\" content=\"1280\" \/>\n\t<meta property=\"og:image:height\" content=\"720\" \/>\n\t<meta property=\"og:image:type\" content=\"image\/jpeg\" \/>\n<meta name=\"author\" content=\"Edici\u00f3n Web\" \/>\n<meta name=\"twitter:card\" content=\"summary_large_image\" \/>\n<meta name=\"twitter:creator\" content=\"@NOTICIEROS7\" \/>\n<meta name=\"twitter:site\" content=\"@NOTICIEROS7\" \/>\n<meta name=\"twitter:label1\" content=\"Escrito por\" \/>\n\t<meta name=\"twitter:data1\" content=\"Edici\u00f3n Web\" \/>\n\t<meta name=\"twitter:label2\" content=\"Tiempo de lectura\" \/>\n\t<meta name=\"twitter:data2\" content=\"1 minuto\" \/>\n<script type=\"application\/ld+json\" class=\"yoast-schema-graph\">{\"@context\":\"https:\\\/\\\/schema.org\",\"@graph\":[{\"@type\":\"Article\",\"@id\":\"https:\\\/\\\/canal7slp.tv\\\/2022\\\/equipos-de-rescate-localizan-caja-negra-del-boeing-737-que-se-estrello-al-sur-de-china\\\/#article\",\"isPartOf\":{\"@id\":\"https:\\\/\\\/canal7slp.tv\\\/2022\\\/equipos-de-rescate-localizan-caja-negra-del-boeing-737-que-se-estrello-al-sur-de-china\\\/\"},\"author\":{\"name\":\"Edici\u00f3n Web\",\"@id\":\"https:\\\/\\\/canal7slp.tv\\\/2022\\\/#\\\/schema\\\/person\\\/429704152a21f5f856ce29aa69a238da\"},\"headline\":\"Equipos de rescate localizan caja negra del Boeing 737 que se estrell\u00f3 al sur de China\",\"datePublished\":\"2022-03-25T23:22:39+00:00\",\"mainEntityOfPage\":{\"@id\":\"https:\\\/\\\/canal7slp.tv\\\/2022\\\/equipos-de-rescate-localizan-caja-negra-del-boeing-737-que-se-estrello-al-sur-de-china\\\/\"},\"wordCount\":125,\"publisher\":{\"@id\":\"https:\\\/\\\/canal7slp.tv\\\/2022\\\/#organization\"},\"image\":{\"@id\":\"https:\\\/\\\/canal7slp.tv\\\/2022\\\/equipos-de-rescate-localizan-caja-negra-del-boeing-737-que-se-estrello-al-sur-de-china\\\/#primaryimage\"},\"thumbnailUrl\":\"https:\\\/\\\/canal7slp.tv\\\/2022\\\/wp-content\\\/uploads\\\/2022\\\/03\\\/05-20.jpg\",\"articleSection\":[\"INTERNACIONALES\"],\"inLanguage\":\"es\"},{\"@type\":\"WebPage\",\"@id\":\"https:\\\/\\\/canal7slp.tv\\\/2022\\\/equipos-de-rescate-localizan-caja-negra-del-boeing-737-que-se-estrello-al-sur-de-china\\\/\",\"url\":\"https:\\\/\\\/canal7slp.tv\\\/2022\\\/equipos-de-rescate-localizan-caja-negra-del-boeing-737-que-se-estrello-al-sur-de-china\\\/\",\"name\":\"Equipos de rescate localizan caja negra del Boeing 737 que se estrell\u00f3 al sur de China - Canal 7 SLP - 2022\",\"isPartOf\":{\"@id\":\"https:\\\/\\\/canal7slp.tv\\\/2022\\\/#website\"},\"primaryImageOfPage\":{\"@id\":\"https:\\\/\\\/canal7slp.tv\\\/2022\\\/equipos-de-rescate-localizan-caja-negra-del-boeing-737-que-se-estrello-al-sur-de-china\\\/#primaryimage\"},\"image\":{\"@id\":\"https:\\\/\\\/canal7slp.tv\\\/2022\\\/equipos-de-rescate-localizan-caja-negra-del-boeing-737-que-se-estrello-al-sur-de-china\\\/#primaryimage\"},\"thumbnailUrl\":\"https:\\\/\\\/canal7slp.tv\\\/2022\\\/wp-content\\\/uploads\\\/2022\\\/03\\\/05-20.jpg\",\"datePublished\":\"2022-03-25T23:22:39+00:00\",\"breadcrumb\":{\"@id\":\"https:\\\/\\\/canal7slp.tv\\\/2022\\\/equipos-de-rescate-localizan-caja-negra-del-boeing-737-que-se-estrello-al-sur-de-china\\\/#breadcrumb\"},\"inLanguage\":\"es\",\"potentialAction\":[{\"@type\":\"ReadAction\",\"target\":[\"https:\\\/\\\/canal7slp.tv\\\/2022\\\/equipos-de-rescate-localizan-caja-negra-del-boeing-737-que-se-estrello-al-sur-de-china\\\/\"]}]},{\"@type\":\"ImageObject\",\"inLanguage\":\"es\",\"@id\":\"https:\\\/\\\/canal7slp.tv\\\/2022\\\/equipos-de-rescate-localizan-caja-negra-del-boeing-737-que-se-estrello-al-sur-de-china\\\/#primaryimage\",\"url\":\"https:\\\/\\\/canal7slp.tv\\\/2022\\\/wp-content\\\/uploads\\\/2022\\\/03\\\/05-20.jpg\",\"contentUrl\":\"https:\\\/\\\/canal7slp.tv\\\/2022\\\/wp-content\\\/uploads\\\/2022\\\/03\\\/05-20.jpg\",\"width\":1280,\"height\":720},{\"@type\":\"BreadcrumbList\",\"@id\":\"https:\\\/\\\/canal7slp.tv\\\/2022\\\/equipos-de-rescate-localizan-caja-negra-del-boeing-737-que-se-estrello-al-sur-de-china\\\/#breadcrumb\",\"itemListElement\":[{\"@type\":\"ListItem\",\"position\":1,\"name\":\"Portada\",\"item\":\"https:\\\/\\\/canal7slp.tv\\\/2022\\\/\"},{\"@type\":\"ListItem\",\"position\":2,\"name\":\"Equipos de rescate localizan caja negra del Boeing 737 que se estrell\u00f3 al sur de China\"}]},{\"@type\":\"WebSite\",\"@id\":\"https:\\\/\\\/canal7slp.tv\\\/2022\\\/#website\",\"url\":\"https:\\\/\\\/canal7slp.tv\\\/2022\\\/\",\"name\":\"N7 - Noticieros Canal 7\",\"description\":\"Somos Televisi\u00f3n\",\"publisher\":{\"@id\":\"https:\\\/\\\/canal7slp.tv\\\/2022\\\/#organization\"},\"potentialAction\":[{\"@type\":\"SearchAction\",\"target\":{\"@type\":\"EntryPoint\",\"urlTemplate\":\"https:\\\/\\\/canal7slp.tv\\\/2022\\\/?s={search_term_string}\"},\"query-input\":{\"@type\":\"PropertyValueSpecification\",\"valueRequired\":true,\"valueName\":\"search_term_string\"}}],\"inLanguage\":\"es\"},{\"@type\":\"Organization\",\"@id\":\"https:\\\/\\\/canal7slp.tv\\\/2022\\\/#organization\",\"name\":\"Noticieros Canal 7\",\"url\":\"https:\\\/\\\/canal7slp.tv\\\/2022\\\/\",\"logo\":{\"@type\":\"ImageObject\",\"inLanguage\":\"es\",\"@id\":\"https:\\\/\\\/canal7slp.tv\\\/2022\\\/#\\\/schema\\\/logo\\\/image\\\/\",\"url\":\"https:\\\/\\\/canal7slp.tv\\\/2022\\\/wp-content\\\/uploads\\\/2021\\\/01\\\/logo-noticieros@2x.png\",\"contentUrl\":\"https:\\\/\\\/canal7slp.tv\\\/2022\\\/wp-content\\\/uploads\\\/2021\\\/01\\\/logo-noticieros@2x.png\",\"width\":1017,\"height\":268,\"caption\":\"Noticieros Canal 7\"},\"image\":{\"@id\":\"https:\\\/\\\/canal7slp.tv\\\/2022\\\/#\\\/schema\\\/logo\\\/image\\\/\"},\"sameAs\":[\"https:\\\/\\\/www.facebook.com\\\/noticieroscanalsiete\",\"https:\\\/\\\/x.com\\\/NOTICIEROS7\",\"https:\\\/\\\/www.instagram.com\\\/canal7_slp\",\"https:\\\/\\\/www.youtube.com\\\/channel\\\/UCliiYs-gP3JfJeqdPrNdd5A\"]},{\"@type\":\"Person\",\"@id\":\"https:\\\/\\\/canal7slp.tv\\\/2022\\\/#\\\/schema\\\/person\\\/429704152a21f5f856ce29aa69a238da\",\"name\":\"Edici\u00f3n Web\",\"image\":{\"@type\":\"ImageObject\",\"inLanguage\":\"es\",\"@id\":\"https:\\\/\\\/secure.gravatar.com\\\/avatar\\\/eee448fc3f7164808013b816ba91ac7e43bbe82a70bebac296f8bc6f0addaa1a?s=96&d=mm&r=g\",\"url\":\"https:\\\/\\\/secure.gravatar.com\\\/avatar\\\/eee448fc3f7164808013b816ba91ac7e43bbe82a70bebac296f8bc6f0addaa1a?s=96&d=mm&r=g\",\"contentUrl\":\"https:\\\/\\\/secure.gravatar.com\\\/avatar\\\/eee448fc3f7164808013b816ba91ac7e43bbe82a70bebac296f8bc6f0addaa1a?s=96&d=mm&r=g\",\"caption\":\"Edici\u00f3n Web\"},\"url\":\"https:\\\/\\\/canal7slp.tv\\\/2022\\\/author\\\/edicionweb\\\/\"}]}<\/script>\n<!-- \/ Yoast SEO plugin. -->","yoast_head_json":{"title":"Equipos de rescate localizan caja negra del Boeing 737 que se estrell\u00f3 al sur de China - Canal 7 SLP - 2022","robots":{"index":"index","follow":"follow","max-snippet":"max-snippet:-1","max-image-preview":"max-image-preview:large","max-video-preview":"max-video-preview:-1"},"canonical":"https:\/\/canal7slp.tv\/2022\/equipos-de-rescate-localizan-caja-negra-del-boeing-737-que-se-estrello-al-sur-de-china\/","og_locale":"es_ES","og_type":"article","og_title":"Equipos de rescate localizan caja negra del Boeing 737 que se estrell\u00f3 al sur de China - Canal 7 SLP - 2022","og_description":"Pek\u00edn.- Equipos de rescate localizaron la segunda caja negra del Boeing 737 que se estrell\u00f3 el 21 de marzo en la regi\u00f3n de Guangxi. Al momento, siguen sin encontrarse sobreviviente alguno de este accidente. Cabe se\u00f1alar que el 23 de marzo se localizo la primera caja negra, la cual registr\u00f3 las voces de la cabina de mando, misma que ya fue enviada a Pek\u00edn para especialistas la inspeccionen. Zhu Tao, jefe de seguridad de la Administraci\u00f3n de Aviaci\u00f3n Civil de China (CACC), declar\u00f3 que la unidad de memoria y el receptor sufrieron da\u00f1os. Asimismo, advirti\u00f3 que la descarga y an\u00e1lisis [&hellip;]","og_url":"https:\/\/canal7slp.tv\/2022\/equipos-de-rescate-localizan-caja-negra-del-boeing-737-que-se-estrello-al-sur-de-china\/","og_site_name":"Canal 7 SLP - 2022","article_publisher":"https:\/\/www.facebook.com\/noticieroscanalsiete","article_published_time":"2022-03-25T23:22:39+00:00","og_image":[{"width":1280,"height":720,"url":"https:\/\/canal7slp.tv\/2022\/wp-content\/uploads\/2022\/03\/05-20.jpg","type":"image\/jpeg"}],"author":"Edici\u00f3n Web","twitter_card":"summary_large_image","twitter_creator":"@NOTICIEROS7","twitter_site":"@NOTICIEROS7","twitter_misc":{"Escrito por":"Edici\u00f3n Web","Tiempo de lectura":"1 minuto"},"schema":{"@context":"https:\/\/schema.org","@graph":[{"@type":"Article","@id":"https:\/\/canal7slp.tv\/2022\/equipos-de-rescate-localizan-caja-negra-del-boeing-737-que-se-estrello-al-sur-de-china\/#article","isPartOf":{"@id":"https:\/\/canal7slp.tv\/2022\/equipos-de-rescate-localizan-caja-negra-del-boeing-737-que-se-estrello-al-sur-de-china\/"},"author":{"name":"Edici\u00f3n Web","@id":"https:\/\/canal7slp.tv\/2022\/#\/schema\/person\/429704152a21f5f856ce29aa69a238da"},"headline":"Equipos de rescate localizan caja negra del Boeing 737 que se estrell\u00f3 al sur de China","datePublished":"2022-03-25T23:22:39+00:00","mainEntityOfPage":{"@id":"https:\/\/canal7slp.tv\/2022\/equipos-de-rescate-localizan-caja-negra-del-boeing-737-que-se-estrello-al-sur-de-china\/"},"wordCount":125,"publisher":{"@id":"https:\/\/canal7slp.tv\/2022\/#organization"},"image":{"@id":"https:\/\/canal7slp.tv\/2022\/equipos-de-rescate-localizan-caja-negra-del-boeing-737-que-se-estrello-al-sur-de-china\/#primaryimage"},"thumbnailUrl":"https:\/\/canal7slp.tv\/2022\/wp-content\/uploads\/2022\/03\/05-20.jpg","articleSection":["INTERNACIONALES"],"inLanguage":"es"},{"@type":"WebPage","@id":"https:\/\/canal7slp.tv\/2022\/equipos-de-rescate-localizan-caja-negra-del-boeing-737-que-se-estrello-al-sur-de-china\/","url":"https:\/\/canal7slp.tv\/2022\/equipos-de-rescate-localizan-caja-negra-del-boeing-737-que-se-estrello-al-sur-de-china\/","name":"Equipos de rescate localizan caja negra del Boeing 737 que se estrell\u00f3 al sur de China - Canal 7 SLP - 2022","isPartOf":{"@id":"https:\/\/canal7slp.tv\/2022\/#website"},"primaryImageOfPage":{"@id":"https:\/\/canal7slp.tv\/2022\/equipos-de-rescate-localizan-caja-negra-del-boeing-737-que-se-estrello-al-sur-de-china\/#primaryimage"},"image":{"@id":"https:\/\/canal7slp.tv\/2022\/equipos-de-rescate-localizan-caja-negra-del-boeing-737-que-se-estrello-al-sur-de-china\/#primaryimage"},"thumbnailUrl":"https:\/\/canal7slp.tv\/2022\/wp-content\/uploads\/2022\/03\/05-20.jpg","datePublished":"2022-03-25T23:22:39+00:00","breadcrumb":{"@id":"https:\/\/canal7slp.tv\/2022\/equipos-de-rescate-localizan-caja-negra-del-boeing-737-que-se-estrello-al-sur-de-china\/#breadcrumb"},"inLanguage":"es","potentialAction":[{"@type":"ReadAction","target":["https:\/\/canal7slp.tv\/2022\/equipos-de-rescate-localizan-caja-negra-del-boeing-737-que-se-estrello-al-sur-de-china\/"]}]},{"@type":"ImageObject","inLanguage":"es","@id":"https:\/\/canal7slp.tv\/2022\/equipos-de-rescate-localizan-caja-negra-del-boeing-737-que-se-estrello-al-sur-de-china\/#primaryimage","url":"https:\/\/canal7slp.tv\/2022\/wp-content\/uploads\/2022\/03\/05-20.jpg","contentUrl":"https:\/\/canal7slp.tv\/2022\/wp-content\/uploads\/2022\/03\/05-20.jpg","width":1280,"height":720},{"@type":"BreadcrumbList","@id":"https:\/\/canal7slp.tv\/2022\/equipos-de-rescate-localizan-caja-negra-del-boeing-737-que-se-estrello-al-sur-de-china\/#breadcrumb","itemListElement":[{"@type":"ListItem","position":1,"name":"Portada","item":"https:\/\/canal7slp.tv\/2022\/"},{"@type":"ListItem","position":2,"name":"Equipos de rescate localizan caja negra del Boeing 737 que se estrell\u00f3 al sur de China"}]},{"@type":"WebSite","@id":"https:\/\/canal7slp.tv\/2022\/#website","url":"https:\/\/canal7slp.tv\/2022\/","name":"N7 - Noticieros Canal 7","description":"Somos Televisi\u00f3n","publisher":{"@id":"https:\/\/canal7slp.tv\/2022\/#organization"},"potentialAction":[{"@type":"SearchAction","target":{"@type":"EntryPoint","urlTemplate":"https:\/\/canal7slp.tv\/2022\/?s={search_term_string}"},"query-input":{"@type":"PropertyValueSpecification","valueRequired":true,"valueName":"search_term_string"}}],"inLanguage":"es"},{"@type":"Organization","@id":"https:\/\/canal7slp.tv\/2022\/#organization","name":"Noticieros Canal 7","url":"https:\/\/canal7slp.tv\/2022\/","logo":{"@type":"ImageObject","inLanguage":"es","@id":"https:\/\/canal7slp.tv\/2022\/#\/schema\/logo\/image\/","url":"https:\/\/canal7slp.tv\/2022\/wp-content\/uploads\/2021\/01\/logo-noticieros@2x.png","contentUrl":"https:\/\/canal7slp.tv\/2022\/wp-content\/uploads\/2021\/01\/logo-noticieros@2x.png","width":1017,"height":268,"caption":"Noticieros Canal 7"},"image":{"@id":"https:\/\/canal7slp.tv\/2022\/#\/schema\/logo\/image\/"},"sameAs":["https:\/\/www.facebook.com\/noticieroscanalsiete","https:\/\/x.com\/NOTICIEROS7","https:\/\/www.instagram.com\/canal7_slp","https:\/\/www.youtube.com\/channel\/UCliiYs-gP3JfJeqdPrNdd5A"]},{"@type":"Person","@id":"https:\/\/canal7slp.tv\/2022\/#\/schema\/person\/429704152a21f5f856ce29aa69a238da","name":"Edici\u00f3n Web","image":{"@type":"ImageObject","inLanguage":"es","@id":"https:\/\/secure.gravatar.com\/avatar\/eee448fc3f7164808013b816ba91ac7e43bbe82a70bebac296f8bc6f0addaa1a?s=96&d=mm&r=g","url":"https:\/\/secure.gravatar.com\/avatar\/eee448fc3f7164808013b816ba91ac7e43bbe82a70bebac296f8bc6f0addaa1a?s=96&d=mm&r=g","contentUrl":"https:\/\/secure.gravatar.com\/avatar\/eee448fc3f7164808013b816ba91ac7e43bbe82a70bebac296f8bc6f0addaa1a?s=96&d=mm&r=g","caption":"Edici\u00f3n Web"},"url":"https:\/\/canal7slp.tv\/2022\/author\/edicionweb\/"}]}},"amp_enabled":true,"_links":{"self":[{"href":"https:\/\/canal7slp.tv\/2022\/wp-json\/wp\/v2\/posts\/55259","targetHints":{"allow":["GET"]}}],"collection":[{"href":"https:\/\/canal7slp.tv\/2022\/wp-json\/wp\/v2\/posts"}],"about":[{"href":"https:\/\/canal7slp.tv\/2022\/wp-json\/wp\/v2\/types\/post"}],"author":[{"embeddable":true,"href":"https:\/\/canal7slp.tv\/2022\/wp-json\/wp\/v2\/users\/2"}],"replies":[{"embeddable":true,"href":"https:\/\/canal7slp.tv\/2022\/wp-json\/wp\/v2\/comments?post=55259"}],"version-history":[{"count":2,"href":"https:\/\/canal7slp.tv\/2022\/wp-json\/wp\/v2\/posts\/55259\/revisions"}],"predecessor-version":[{"id":55274,"href":"https:\/\/canal7slp.tv\/2022\/wp-json\/wp\/v2\/posts\/55259\/revisions\/55274"}],"wp:featuredmedia":[{"embeddable":true,"href":"https:\/\/canal7slp.tv\/2022\/wp-json\/wp\/v2\/media\/55269"}],"wp:attachment":[{"href":"https:\/\/canal7slp.tv\/2022\/wp-json\/wp\/v2\/media?parent=55259"}],"wp:term":[{"taxonomy":"category","embeddable":true,"href":"https:\/\/canal7slp.tv\/2022\/wp-json\/wp\/v2\/categories?post=55259"},{"taxonomy":"post_tag","embeddable":true,"href":"https:\/\/canal7slp.tv\/2022\/wp-json\/wp\/v2\/tags?post=55259"}],"curies":[{"name":"wp","href":"https:\/\/api.w.org\/{rel}","templated":true}]}}